{"id":9892,"date":"2023-12-21T13:09:58","date_gmt":"2023-12-21T12:09:58","guid":{"rendered":"https:\/\/ifeelonline.com\/fr\/?p=9892"},"modified":"2024-02-05T17:12:38","modified_gmt":"2024-02-05T16:12:38","slug":"interview-ifeel-leader-du-bien-etre-mental-des-collaborateurs","status":"publish","type":"post","link":"https:\/\/ifeelonline.com\/fr\/interview-ifeel-leader-du-bien-etre-mental-des-collaborateurs\/","title":{"rendered":"Ifeel : leader du bien-\u00eatre mental des collaborateurs"},"content":{"rendered":"\n<p>Fond\u00e9e en 2017, <strong>ifeel <\/strong>propose <strong>une solution de bien-\u00eatre mental pour les entreprises <\/strong>et leurs collaborateurs. Explications de<strong> <a href=\"https:\/\/www.linkedin.com\/today\/author\/jean-kramarz-307b581\" data-type=\"link\" data-id=\"https:\/\/www.linkedin.com\/today\/author\/jean-kramarz-307b581\" target=\"_blank\" rel=\"noreferrer noopener\">Jean Kramarz<\/a>, Directeur D\u00e9veloppement France<\/strong>, et <strong>d\u2019<a href=\"https:\/\/es.linkedin.com\/in\/maria-angelica-barrero-guinand\" data-type=\"link\" data-id=\"https:\/\/es.linkedin.com\/in\/maria-angelica-barrero-guinand\" target=\"_blank\" rel=\"noopener\">Ang\u00e9lica Barrero Guinand<\/a>, Directrice D\u00e9partement Clinique Corporatif <\/strong>pour <strong>ANDRH &#8211; suppl\u00e9ment Sant\u00e9 et QVCT<\/strong>.<\/p>\n\n\n\n<h3 class=\"wp-block-heading\">Quelques mots sur ifeel et sa cr\u00e9ation<\/h3>\n\n\n\n<p><strong>Jean Kramarz&nbsp;:<\/strong> ifeel est n\u00e9e du constat que <strong>la <a href=\"https:\/\/ifeelonline.com\/fr\/sante-mentale-en-entreprise\/\" data-type=\"link\" data-id=\"https:\/\/ifeelonline.com\/fr\/sante-mentale-en-entreprise\/\">sant\u00e9 mentale<\/a> repr\u00e9sente un co\u00fbt colossal pour les entreprises <\/strong>et de la volont\u00e9 d&rsquo;apporter des solutions pour le r\u00e9duire . Il faut savoir que<strong> la sant\u00e9 mentale est la premi\u00e8re cause d&rsquo;arr\u00eat de travail longue dur\u00e9e en France.<\/strong> Sous forme d\u2019application, ifeel s&rsquo;appuie sur la technologie et<strong><a href=\"https:\/\/ifeelonline.com\/fr\/notre-equipe-de-psychologues\/\" data-type=\"link\" data-id=\"https:\/\/ifeelonline.com\/fr\/notre-equipe-de-psychologues\/\"> l\u2019expertise de ses psychologues cliniciens<\/a><\/strong> pour pr\u00e9venir <strong>et r\u00e9soudre les RPS en intervenant au plus pr\u00e8s du besoin.<\/strong><\/p>\n\n\n\n<p><strong>Ang\u00e9lica Barrero&nbsp;Guinand : <\/strong>Nous sommes <strong>une entreprise globale avec un r\u00e9seau de plus de 600 psychologues cliniciens qui accompagnent les utilisateurs dans plus de <a href=\"https:\/\/ifeelonline.com\/fr\/domaines-damelioration-psychologiques\/\" data-type=\"link\" data-id=\"https:\/\/ifeelonline.com\/fr\/domaines-damelioration-psychologiques\/\">30 sp\u00e9cialit\u00e9s<\/a>, <\/strong>en 25 langues et dans plus de 30 pays. ifeel compte <strong>plus d&rsquo;un million d&rsquo;utilisateurs <\/strong>\u00e0 travers le monde et conna\u00eet l\u2019un <strong>des taux d&rsquo;engagement les plus \u00e9lev\u00e9s du march\u00e9.&nbsp;<\/strong><\/p>\n\n\n\n<h3 class=\"wp-block-heading\">Que proposez-vous aux entreprises, DRH et collaborateurs\u00a0?<\/h3>\n\n\n\n<p><strong>A. B&nbsp;: <\/strong>Nous offrons <strong>une couverture globale \u00e0 360\u00ba<\/strong> en couvrant l\u2019ensemble des besoins en <strong><a href=\"https:\/\/ifeelonline.com\/fr\/le-bien-etre-au-travail\/\" data-type=\"post\" data-id=\"8862\">bien-\u00eatre mental<\/a><\/strong> :<strong> de la pr\u00e9vention \u00e0 l&rsquo;intervention<\/strong>. Nous apportons une r\u00e9ponse gradu\u00e9e selon les besoins<strong>. <\/strong>Les utilisateurs de l\u2019application ont acc\u00e8s \u00e0 un espace personnel et confidentiel de <em><a href=\"https:\/\/ifeelonline.com\/fr\/selfcare-au-travail\/\" data-type=\"link\" data-id=\"https:\/\/ifeelonline.com\/fr\/selfcare-au-travail\/\">selfcare<\/a><\/em> (vid\u00e9os, <strong>m\u00e9ditation<\/strong>, exercices, journal \u00e9motionnel, <strong>test de bien-\u00eatre mensuel<\/strong>),<strong> \u00e0 un chat de soutien \u00e9motionnel 24\/7 avec un syst\u00e8me unique de triage<\/strong>, et si besoin, \u00e0 <a href=\"https:\/\/app.ifeelonline.com\/users\/sign_in?_gl=1*19ns72r*_ga*NDg0MTA4MTcyLjE2OTk4OTMxODU.*_ga_N0ZJR1GVLZ*MTcwMzE1Njc2MS45Ny4xLjE3MDMxNTk0OTIuNTkuMC4w\" data-type=\"link\" data-id=\"https:\/\/app.ifeelonline.com\/users\/sign_in?_gl=1*19ns72r*_ga*NDg0MTA4MTcyLjE2OTk4OTMxODU.*_ga_N0ZJR1GVLZ*MTcwMzE1Njc2MS45Ny4xLjE3MDMxNTk0OTIuNTkuMC4w\">une th\u00e9rapie en ligne avec des psychologues<\/a>. On travaille aussi avec et pour les DRH en analysant <strong>les donn\u00e9es de sant\u00e9 mentale<\/strong>, en proposant des actions visant \u00e0 am\u00e9liorer le<strong><a href=\"https:\/\/ifeelonline.com\/fr\/sante-mentale-en-entreprise\/\" data-type=\"post\" data-id=\"8138\"> bien-\u00eatre mental des salari\u00e9s<\/a><\/strong> sur une <strong>base de psychologie clinique<\/strong>, toujours en <strong>respectant la confidentialit\u00e9<\/strong>. Les entreprises, <strong><a href=\"https:\/\/ifeelonline.com\/fr\/responsable-ressources-humaines\/\" data-type=\"post\" data-id=\"9392\">et leurs services RH<\/a><\/strong>, acc\u00e8dent \u00e0 un outil de veille et de gestion du <strong>bien-\u00eatre et de la sant\u00e9 mentale de leurs \u00e9quipes<\/strong>, un v\u00e9ritable barom\u00e8tre.&nbsp;<\/p>\n\n\n\n<h3 class=\"wp-block-heading\">La <strong><a href=\"https:\/\/ifeelonline.com\/fr\/semaine-qualite-de-vie-et-conditions-de-travail\/\" data-type=\"post\" data-id=\"9204\">QVCT<\/a><\/strong> et <a href=\"https:\/\/ifeelonline.com\/fr\/engagement-des-collaborateurs\/\" data-type=\"post\" data-id=\"9153\">l\u2019engagement des collaborateurs<\/a> sont au c\u0153ur des enjeux des DRH. Comment int\u00e9grez-vous ces sujets dans votre offre&nbsp;?<\/h3>\n\n\n\n<p><strong>A. B&nbsp;:<\/strong> Nous accompagnons les fonctions RH et de management dans la mise en place d\u2019un plan de bien-\u00eatre mental et \u00e9motionnel, d\u2019une strat\u00e9gie d&rsquo;engagement, des formations, des ateliers&#8230; Nous les aidons \u00e0 mieux g\u00e9rer <strong><a href=\"https:\/\/ifeelonline.com\/fr\/stress-au-travail-arret-maladie\/\" data-type=\"post\" data-id=\"9054\">les situations de stress<\/a><\/strong>, <strong>de baisse de <a href=\"https:\/\/ifeelonline.com\/fr\/motivation-au-travail\/\" data-type=\"post\" data-id=\"7290\">motivation<\/a><\/strong>, de <em><a href=\"https:\/\/ifeelonline.com\/fr\/boite-a-outils-rh\/manuel-comment-prevenir-le-burnout-au-travail\/\" data-type=\"link\" data-id=\"https:\/\/ifeelonline.com\/fr\/boite-a-outils-rh\/manuel-comment-prevenir-le-burnout-au-travail\/\">burnout<\/a><\/em> et nous pr\u00e9venons et g\u00e9rons les crises \u00e9ventuelles. En parall\u00e8le, l<strong>es salari\u00e9s b\u00e9n\u00e9ficient de workshops sur mesure pr\u00e9par\u00e9s par nos \u00e9quipes cliniques selon le retour des RH.<\/strong><\/p>\n\n\n\n<h3 class=\"wp-block-heading\">Qu\u2019est-ce que vos clients appr\u00e9cient dans votre solution&nbsp;?<\/h3>\n\n\n\n<p><strong>J. K\u00a0: <\/strong>Les<strong> DRH <\/strong>appr\u00e9cient <strong>la scalabilit\u00e9 de la solution<\/strong>, <strong>la proposition sur-mesure<\/strong>, ainsi que <strong>la rapidit\u00e9 de d\u00e9ploiement du service<\/strong> (une semaine) et <strong>surtout l\u2019adh\u00e9sion de leurs collaborateurs<\/strong> \u00e0 notre application qui <strong>am\u00e9liore leur bien-\u00eatre et r\u00e9duit les arr\u00eats de travail<\/strong>. Ils valorisent aussi <strong>le soutien et l\u2019accompagnement clinique personnalis\u00e9 <\/strong>avec<strong> une gestion de crise imm\u00e9diate adapt\u00e9e aux besoins.<\/strong><\/p>\n\n\n\n<h2 class=\"wp-block-heading\">Bien-\u00eatre \u00e9motionnel et mental pour les entreprises<\/h2>\n\n\n\n<p>Chez <strong>ifeel<\/strong>, nous travaillons en partenariat avec des entreprises du monde entier pour inspirer la croissance humaine et guider les organisations dans l&rsquo;instauration d&rsquo;une <strong>culture positive du bien-\u00eatre menta<\/strong>l. Une approche sur mesure et centr\u00e9e sur les personnes qui place<strong> la sant\u00e9 de vos collaborateurs au centre<\/strong>, en tant que pilier fondamental pour <strong>attirer et retenir les talents<\/strong> ainsi que pour renforcer leur sentiment d&rsquo;appartenance.&nbsp;<\/p>\n\n\n\n<p><strong>Une solution unique, compl\u00e8te et \u00e9volutive<\/strong> qui utilise la puissance des donn\u00e9es pour fournir une compr\u00e9hension holistique du bien-\u00eatre psychologique de vos employ\u00e9s, tout en garantissant la qualit\u00e9 du service et la confidentialit\u00e9 pour votre \u00e9quipe.<br><br>Si vous souhaitez obtenir<a href=\"https:\/\/ifeelonline.com\/fr\/demander-une-demo\/\"> plus d&rsquo;informations<\/a> sur les solutions d&rsquo;ifeel en mati\u00e8re de bien-\u00eatre mental pour les entreprises, il vous suffit de demander et nous contacterons votre \u00e9quipe dans les plus brefs d\u00e9lais.<\/p>\n\n    <div class=\"xs_social_share_widget xs_share_url after_content \t\tmain_content  wslu-style-1 wslu-share-box-shaped wslu-fill-colored wslu-none wslu-share-horizontal wslu-theme-font-no wslu-main_content\">\n\n\t\t\n        <ul>\n\t\t\t        <\/ul>\n    <\/div> \n","protected":false},"excerpt":{"rendered":"<p>Fond\u00e9e en 2017, ifeel propose une solution de bien-\u00eatre mental pour les entreprises et leurs collaborateurs.<\/p>\n","protected":false},"author":53,"featured_media":9918,"comment_status":"closed","ping_status":"open","sticky":false,"template":"","format":"standard","meta":{"content-type":"","postBodyCss":"","postBodyMargin":[],"postBodyPadding":[],"postBodyBackground":{"backgroundType":"classic","gradient":""},"footnotes":""},"categories":[33],"tags":[],"class_list":["post-9892","post","type-post","status-publish","format-standard","has-post-thumbnail","hentry","category-interviews"],"_links":{"self":[{"href":"https:\/\/ifeelonline.com\/fr\/wp-json\/wp\/v2\/posts\/9892","targetHints":{"allow":["GET"]}}],"collection":[{"href":"https:\/\/ifeelonline.com\/fr\/wp-json\/wp\/v2\/posts"}],"about":[{"href":"https:\/\/ifeelonline.com\/fr\/wp-json\/wp\/v2\/types\/post"}],"author":[{"embeddable":true,"href":"https:\/\/ifeelonline.com\/fr\/wp-json\/wp\/v2\/users\/53"}],"replies":[{"embeddable":true,"href":"https:\/\/ifeelonline.com\/fr\/wp-json\/wp\/v2\/comments?post=9892"}],"version-history":[{"count":0,"href":"https:\/\/ifeelonline.com\/fr\/wp-json\/wp\/v2\/posts\/9892\/revisions"}],"wp:featuredmedia":[{"embeddable":true,"href":"https:\/\/ifeelonline.com\/fr\/wp-json\/wp\/v2\/media\/9918"}],"wp:attachment":[{"href":"https:\/\/ifeelonline.com\/fr\/wp-json\/wp\/v2\/media?parent=9892"}],"wp:term":[{"taxonomy":"category","embeddable":true,"href":"https:\/\/ifeelonline.com\/fr\/wp-json\/wp\/v2\/categories?post=9892"},{"taxonomy":"post_tag","embeddable":true,"href":"https:\/\/ifeelonline.com\/fr\/wp-json\/wp\/v2\/tags?post=9892"}],"curies":[{"name":"wp","href":"https:\/\/api.w.org\/{rel}","templated":true}]}}