{"id":9762,"date":"2023-11-22T09:58:17","date_gmt":"2023-11-22T08:58:17","guid":{"rendered":"https:\/\/ifeelonline.com\/fr\/?p=9762"},"modified":"2024-11-05T13:34:32","modified_gmt":"2024-11-05T12:34:32","slug":"sante-mentale-des-hommes","status":"publish","type":"post","link":"https:\/\/ifeelonline.com\/fr\/sante-mentale-des-hommes\/","title":{"rendered":"Sant\u00e9 mentale des hommes : lutter contre les stigmates"},"content":{"rendered":"\n<p>Ces derni\u00e8res ann\u00e9es, <strong>le d\u00e9bat sur la sant\u00e9 mentale des hommes a pris de l&rsquo;ampleur<\/strong> avec une soci\u00e9t\u00e9 qui tend enfin vers une compr\u00e9hension plus nuanc\u00e9e et inclusive du <a href=\"https:\/\/ifeelonline.com\/fr\/bien-etre-en-entreprise\/\">bien-\u00eatre<\/a>. Pourtant,<strong> les st\u00e9r\u00e9otypes et les pr\u00e9jug\u00e9s<\/strong> continuent de peser lourdement sur ce sujet, rendant essentiel de questionner les stigmates culturellement enracin\u00e9s pour <strong>ouvrir la voie vers un v\u00e9ritable bien-\u00eatre<\/strong> \u00e0 mesure que la recherche et les mouvements sociaux progressent.<\/p>\n\n\n\n<p>En r\u00e9alit\u00e9, nous traversons tous des jours o\u00f9 notre humeur est en baisse ou o\u00f9 nous nous sentons tout simplement \u00ab d\u00e9prim\u00e9s \u00bb. Ces moments peuvent survenir pour mille raisons : <strong>la pression au travail, des bouleversements dans nos relations, ou encore des pertes importantes<\/strong>. Reconna\u00eetre que ces <strong><a href=\"https:\/\/ifeelonline.com\/fr\/la-fatigue-et-la-flemme\/\">fluctuations \u00e9motionnelles<\/a><\/strong> sont normales et attendues est crucial. Admettre que ces phases font partie int\u00e9grante de la vie peut, dans bien des cas, nous aider \u00e0 mieux les surmonter.<br><br>Toutefois, lorsque le fardeau que nous ressentons ou le malaise nous submerge, il est peut-\u00eatre temps de <strong><a href=\"https:\/\/ifeelonline.com\/fr\/notre-equipe-de-psychologues\/\">faire appel \u00e0 un sp\u00e9cialiste<\/a> pour nous aider dans ce processus<\/strong>. Cela ne doit pas \u00eatre un motif de honte ou de peur. Au contraire, savoir demander de l&rsquo;aide \u00e0 temps <strong>repr\u00e9sente une force et une capacit\u00e9 \u00e0 prendre en charge ce qui nous pr\u00e9occupe<\/strong>, afin d&rsquo;\u00e9viter que le malaise ne s&rsquo;aggrave.&nbsp;<br><br>Cet article explore les d\u00e9fis uniques auxquels les hommes font face et <strong>propose des<a href=\"https:\/\/ifeelonline.com\/fr\/tendances-bien-etre-travail\/\"> strat\u00e9gies pour am\u00e9liorer leur bien-\u00eatre mental<\/a>.<\/strong><\/p>\n\n\n\n<figure class=\"wp-block-image size-large\"><img fetchpriority=\"high\" decoding=\"async\" width=\"1024\" height=\"683\" src=\"https:\/\/ifeelonline.com\/fr\/wp-content\/uploads\/sites\/3\/2023\/11\/sante-mentale-homme-2-1024x683.png\" alt=\"la sant\u00e9 mentale des hommes\" class=\"wp-image-9765\" srcset=\"https:\/\/ifeelonline.com\/fr\/wp-content\/uploads\/sites\/3\/2023\/11\/sante-mentale-homme-2-1024x683.png 1024w, https:\/\/ifeelonline.com\/fr\/wp-content\/uploads\/sites\/3\/2023\/11\/sante-mentale-homme-2-300x200.png 300w, https:\/\/ifeelonline.com\/fr\/wp-content\/uploads\/sites\/3\/2023\/11\/sante-mentale-homme-2-768x512.png 768w, https:\/\/ifeelonline.com\/fr\/wp-content\/uploads\/sites\/3\/2023\/11\/sante-mentale-homme-2.png 1536w\" sizes=\"(max-width: 1024px) 100vw, 1024px\" \/><\/figure>\n\n\n\n<h2 class=\"wp-block-heading\">\u00c9tat des lieux de la sant\u00e9 mentale en France<\/h2>\n\n\n\n<p>Le probl\u00e8me est que, bien que cela semble logique &#8211; en th\u00e9orie &#8211; de nombreuses personnes \u00e9prouvent des difficult\u00e9s \u00e0 demander de l&rsquo;aide lorsqu&rsquo;elles en ont besoin. En fait, <a href=\"https:\/\/ifeelonline.com\/fr\/les-tendances-du-bien-etre-mental-2023-devoilees-la-prevention-comme-fondement\/\" data-type=\"link\" data-id=\"https:\/\/ifeelonline.com\/fr\/les-tendances-du-bien-etre-mental-2023-devoilees-la-prevention-comme-fondement\/\">notre rapport sur les tendances en mati\u00e8re de bien-\u00eatre mental 2023<\/a> a r\u00e9v\u00e9l\u00e9 que<strong> 57 % des personnes qui consultent un psychologue le font apr\u00e8s avoir ressenti ces sympt\u00f4mes pendant un an ou plus. <\/strong>Cette attente a pour effet d&rsquo;aggraver les sympt\u00f4mes, et<strong> 40 % des utilisateurs qualifient leurs sympt\u00f4mes de \u00ab\u00a0tr\u00e8s graves\u00a0\u00bb.\u00a0<\/strong><br><\/p>\n\n\n\n<blockquote class=\"wp-block-quote is-layout-flow wp-block-quote-is-layout-flow\">\n<blockquote class=\"wp-block-quote is-layout-flow wp-block-quote-is-layout-flow\">\n<p class=\"has-text-align-center\"><strong>45 % des salari\u00e9s fran\u00e7ais en demande de soutien mental<\/strong><\/p>\n<\/blockquote>\n<\/blockquote>\n\n\n\n<p>En 2024, le bien-\u00eatre mental en France n\u2019est plus un sujet en marge :&nbsp;<strong>c\u2019est LA priorit\u00e9 des entreprises fran\u00e7aises et europ\u00e9ennes<\/strong>. Alors que 45 % des salari\u00e9s fran\u00e7ais r\u00e9clament un soutien en&nbsp;<a href=\"https:\/\/ifeelonline.com\/fr\/sante-mentale-des-collaborateurs\/\">sant\u00e9 mentale<\/a>, soit bien au-del\u00e0 de la moyenne europ\u00e9enne, les entreprises doivent aujourd\u2019hui r\u00e9pondre \u00e0 un besoin urgent et croissant. Ces chiffres nous r\u00e9v\u00e8lent que le dialogue autour de la sant\u00e9 mentale s\u2019est ouvert, mais il reste encore beaucoup \u00e0 faire pour am\u00e9liorer le quotidien des employ\u00e9s et leur&nbsp;<a href=\"https:\/\/ifeelonline.com\/fr\/augmenter-la-productivite\/\">productivit\u00e9<\/a>.<\/p>\n\n\n\n<p>Chez&nbsp;<em>ifeel<\/em>, nous avons scrut\u00e9&nbsp;<strong><a href=\"https:\/\/ifeelonline.com\/fr\/boite-a-outils-rh\/rapport-sur-la-sante-mentale-2024\/\">les tendances du bien-\u00eatre mental \u00e0 travers l\u2019Europe<\/a><\/strong>&nbsp;pour vous offrir des solutions concr\u00e8tes et des insights pr\u00e9cieux. En s\u2019appuyant sur les donn\u00e9es collect\u00e9es par&nbsp;<strong><a href=\"https:\/\/ifeelonline.com\/fr\/notre-departement-de-recherche-clinique\/\">notre \u00e9quipe de recherche clinique<\/a><\/strong>, nous vous aidons \u00e0 comprendre les attentes sp\u00e9cifiques des salari\u00e9s, par pays et par cat\u00e9gorie de besoins. En tant que leaders en bien-\u00eatre mental, nous savons qu\u2019une intervention cibl\u00e9e peut transformer non seulement<a href=\"https:\/\/ifeelonline.com\/fr\/climat-de-travail\/\">&nbsp;l\u2019atmosph\u00e8re de travail<\/a>, mais aussi les r\u00e9sultats de votre entreprise.<\/p>\n\n\n\n<h2 class=\"wp-block-heading\">La stigmatisation de la sant\u00e9 mentale des hommes<\/h2>\n\n\n\n<p>Il y a quelques ann\u00e9es, <strong>parler de sant\u00e9 mentale \u00e9tait consid\u00e9r\u00e9 comme un sujet tabou<\/strong>, faute d&rsquo;informations suffisantes. Heureusement, les choses \u00e9voluent et il est d\u00e9sormais plus facile de parler de ce qui compte vraiment : <strong><a href=\"https:\/\/ifeelonline.com\/fr\/bien-etre-en-entreprise\/\" data-type=\"post\" data-id=\"9504\">le bien-\u00eatre mental.<\/a><\/strong> Cependant, il reste encore beaucoup de chemin \u00e0 parcourir.&nbsp;<\/p>\n\n\n\n<p>Historiquement, en tant que soci\u00e9t\u00e9, nous avons d\u00fb faire face \u00e0<strong> une id\u00e9e n\u00e9faste qui stigmatise en particulier les hommes qui montrent une quelconque vuln\u00e9rabilit\u00e9, <\/strong>qu&rsquo;elle<strong> <\/strong>soit mentale, \u00e9motionnelle ou physique. Ce st\u00e9r\u00e9otype consiste \u00e0 qualifier de <strong>\u00ab\u00a0faibles\u00a0\u00bb, voire \u00ab\u00a0d&rsquo;inf\u00e9rieurs\u00a0\u00bb<\/strong>, les hommes qui expriment une quelconque \u00e9motivit\u00e9 et renforce la fausse croyance selon laquelle<strong> les hommes devraient toujours \u00eatre \u00ab\u00a0forts, ind\u00e9pendants<\/strong> et capables de surmonter seuls n&rsquo;importe quel obstacle\u00a0\u00bb.\u00a0<\/p>\n\n\n\n<p><strong>Il n&rsquo;est donc pas difficile de d\u00e9duire que certains hommes refusent de consulter<\/strong>, voire \u00e9vitent de montrer qu&rsquo;ils traversent une p\u00e9riode difficile, de peur que cela ne soit per\u00e7u comme un signe de faiblesse. <strong>Cette crainte accro\u00eet \u00e0 son tour <a href=\"https:\/\/ifeelonline.com\/fr\/prevention-risques-psychosociaux-rps\/\">le risque<\/a> <\/strong>que les probl\u00e8mes ne soient pas trait\u00e9s \u00e0 temps, ce qui les aggrave et entra\u00eene des comportements suicidaires, des maladies physiques ou des troubles psychologiques.\u00a0<\/p>\n\n\n\n<figure class=\"wp-block-image size-large\"><img decoding=\"async\" width=\"1024\" height=\"668\" src=\"https:\/\/ifeelonline.com\/fr\/wp-content\/uploads\/sites\/3\/2023\/11\/sante-mentale-homme-3-1024x668.png\" alt=\"la sant\u00e9 mentale des hommes\" class=\"wp-image-9764\" srcset=\"https:\/\/ifeelonline.com\/fr\/wp-content\/uploads\/sites\/3\/2023\/11\/sante-mentale-homme-3-1024x668.png 1024w, https:\/\/ifeelonline.com\/fr\/wp-content\/uploads\/sites\/3\/2023\/11\/sante-mentale-homme-3-300x196.png 300w, https:\/\/ifeelonline.com\/fr\/wp-content\/uploads\/sites\/3\/2023\/11\/sante-mentale-homme-3-768x501.png 768w, https:\/\/ifeelonline.com\/fr\/wp-content\/uploads\/sites\/3\/2023\/11\/sante-mentale-homme-3.png 1536w\" sizes=\"(max-width: 1024px) 100vw, 1024px\" \/><\/figure>\n\n\n\n<p>Compte tenu de ce contexte social,<strong> il n&rsquo;est pas surprenant que la sant\u00e9 mentale des hommes continue d&rsquo;\u00eatre un sujet largement \u00e9vit\u00e9<\/strong>. En m\u00eame temps, c&rsquo;est la raison pour laquelle il est important de lutter contre ces stigmates et d&rsquo;intensifier les discussions \u00e0 ce sujet.\u00a0<\/p>\n\n\n\n<p>Nous savons aujourd&rsquo;hui que ces croyances impos\u00e9es par la soci\u00e9t\u00e9 sont non seulement fausses, mais qu&rsquo;elles repr\u00e9sentent un risque pour la sant\u00e9 mentale des hommes. <br><\/p>\n\n\n\n<blockquote class=\"wp-block-quote is-layout-flow wp-block-quote-is-layout-flow\">\n<p class=\"has-text-align-center\"><strong>Reconna\u00eetre et accepter sa vuln\u00e9rabilit\u00e9 n&rsquo;est pas seulement un signe de courage, c&rsquo;est aussi le premier pas vers un \u00e9tat de bien-\u00eatre g\u00e9n\u00e9ral.<\/strong><\/p>\n<\/blockquote>\n\n\n\n<h2 class=\"wp-block-heading\">Comprendre l&rsquo;importance de la sant\u00e9 mentale des hommes&nbsp;<\/h2>\n\n\n\n<figure class=\"wp-block-table\"><table class=\"has-fixed-layout\"><thead><tr><th><strong>Concept<\/strong><\/th><th><strong>Description<\/strong><\/th><\/tr><\/thead><tbody><tr><td><strong>Importance des \u00e9motions<\/strong><\/td><td>En tant qu\u2019\u00eatres humains, nous avons tous la capacit\u00e9 de ressentir un large \u00e9ventail d\u2019\u00e9motions. Ces \u00e9motions sont des adaptations \u00e9volutives qui nous aident \u00e0 interpr\u00e9ter notre environnement et \u00e0 r\u00e9agir aux situations de mani\u00e8re constructive.<\/td><\/tr><tr><td><strong>G\u00e9rer ses \u00e9motions<\/strong><\/td><td>Il est essentiel d\u2019apprendre \u00e0 identifier et \u00e0 g\u00e9rer nos \u00e9motions pour maintenir notre bien-\u00eatre g\u00e9n\u00e9ral. Comprendre et accepter ses ressentis contribue directement \u00e0 notre \u00e9quilibre mental et physique.<\/td><\/tr><tr><td><strong>Pression sociale et masculinit\u00e9<\/strong><\/td><td>Les attentes soci\u00e9tales, particuli\u00e8rement pour les hommes, imposent souvent l\u2019id\u00e9al de la masculinit\u00e9 traditionnelle, o\u00f9 exprimer ses \u00e9motions est per\u00e7u comme une faiblesse. Cela pousse de nombreux hommes \u00e0 ignorer leurs \u00e9motions et \u00e0 dissimuler leurs luttes int\u00e9rieures, emp\u00eachant ainsi une gestion saine de leur bien-\u00eatre mental.<\/td><\/tr><tr><td><strong>Cons\u00e9quences du d\u00e9ni \u00e9motionnel<\/strong><\/td><td>Lorsque nous n\u2019\u00e9coutons pas nos \u00e9motions, nous risquons de freiner notre cheminement vers le bien-\u00eatre. Les \u00e9motions sont des signaux qui nous avertissent de besoins non satisfaits ou de probl\u00e8mes \u00e0 r\u00e9soudre. Les nier ou les r\u00e9primer entra\u00eene une accumulation de sentiments n\u00e9gatifs, comme le stress, l\u2019anxi\u00e9t\u00e9 ou la tristesse, qui finissent par d\u00e9t\u00e9riorer notre sant\u00e9 mentale et nos relations interpersonnelles.<\/td><\/tr><tr><td><strong>Effets sur le bien-\u00eatre<\/strong><\/td><td>Ignorer ou minimiser ses \u00e9motions peut mener \u00e0 une accumulation de stress et de sentiments n\u00e9gatifs qui impactent notre quotidien et nos relations. En cons\u00e9quence, cette non-satisfaction de nos besoins \u00e9motionnels contribue \u00e0 un cercle vicieux qui nuit \u00e0 notre bien-\u00eatre g\u00e9n\u00e9ral.<\/td><\/tr><tr><td><strong>L&rsquo;importance de briser les stigmates<\/strong><\/td><td>Aborder la sant\u00e9 mentale des hommes de mani\u00e8re ouverte est crucial pour construire une soci\u00e9t\u00e9 plus compr\u00e9hensive et empathique. Encourager les hommes \u00e0 parler de leurs \u00e9motions et \u00e0 demander de l\u2019aide brise les stigmates li\u00e9s aux questions de sant\u00e9 mentale, offrant ainsi un mod\u00e8le de comportement sain et lib\u00e9rateur pour les autres hommes.<\/td><\/tr><\/tbody><\/table><\/figure>\n\n\n\n<h2 class=\"wp-block-heading\">Le soutien des entreprises<\/h2>\n\n\n\n<p>En tant qu&rsquo;espaces d&rsquo;interaction constante,<strong> les lieux de travail n&rsquo;\u00e9chappent pas \u00e0 la stigmatisation de la sant\u00e9 mentale<\/strong>. Il est donc essentiel que les organisations se joignent aux initiatives qui proposent de parler davantage de <strong><a href=\"https:\/\/ifeelonline.com\/fr\/detecter-les-problemes-de-sante-mentale\/\">la sant\u00e9 mentale des travailleurs<\/a><\/strong>. Non seulement parce que cela augmentera la productivit\u00e9 du personnel, mais aussi parce qu&rsquo;il a \u00e9t\u00e9 prouv\u00e9 que la cr\u00e9ation d&rsquo;espaces s\u00fbrs et la fourniture d&rsquo;un soutien dans les entreprises am\u00e9liorent le niveau de bien-\u00eatre des \u00e9quipes au travail.&nbsp;<\/p>\n\n\n\n<p>Les d\u00e9partements des ressources humaines ont la responsabilit\u00e9 de <a href=\"https:\/\/ifeelonline.com\/fr\/sante-mentale-en-entreprise\/\">fournir des outils d&rsquo;aide<\/a> et de sensibilisation aux diff\u00e9rents probl\u00e8mes qui repr\u00e9sentent <strong>un risque pour la sant\u00e9 mentale et physique des employ\u00e9s<\/strong>. Cela permet aux travailleurs de d\u00e9tecter les probl\u00e8mes \u00e0 un stade pr\u00e9coce, de surmonter les pr\u00e9jug\u00e9s et de demander de l&rsquo;aide en cas de besoin.<\/p>\n\n\n\n<p><strong>Les entreprises peuvent ainsi prendre diff\u00e9rentes mesures pour soutenir la lutte contre la stigmatisation de la sant\u00e9 mentale des hommes<\/strong>. Elles peuvent notamment s&rsquo;associer \u00e0 des initiatives telles que <strong><a href=\"https:\/\/ifeelonline.com\/fr\/movember-sante-masculine\/\">Movember<\/a><\/strong>, offrir des <a href=\"https:\/\/ifeelonline.com\/fr\/avantages-sociaux-pour-les-collaborateurs\/\" data-type=\"post\" data-id=\"8102\">avantages aux employ\u00e9s <\/a>et <a href=\"https:\/\/ifeelonline.com\/fr\/le-bien-etre-au-travail\/\" data-type=\"post\" data-id=\"8862\">promouvoir des programmes de bien-\u00eatre au sein de l&rsquo;entreprise afin de favoriser un environnement de travail <\/a>positif dans lequel les employ\u00e9s se sentent en s\u00e9curit\u00e9 et soutenus.&nbsp;<\/p>\n\n\n\n<figure class=\"wp-block-image size-large\"><img decoding=\"async\" width=\"1024\" height=\"683\" src=\"https:\/\/ifeelonline.com\/fr\/wp-content\/uploads\/sites\/3\/2023\/11\/sante-mentale-4-1024x683.png\" alt=\"la sant\u00e9 mentale des hommes\" class=\"wp-image-9763\" srcset=\"https:\/\/ifeelonline.com\/fr\/wp-content\/uploads\/sites\/3\/2023\/11\/sante-mentale-4-1024x683.png 1024w, https:\/\/ifeelonline.com\/fr\/wp-content\/uploads\/sites\/3\/2023\/11\/sante-mentale-4-300x200.png 300w, https:\/\/ifeelonline.com\/fr\/wp-content\/uploads\/sites\/3\/2023\/11\/sante-mentale-4-768x512.png 768w, https:\/\/ifeelonline.com\/fr\/wp-content\/uploads\/sites\/3\/2023\/11\/sante-mentale-4.png 1536w\" sizes=\"(max-width: 1024px) 100vw, 1024px\" \/><\/figure>\n\n\n\n<h2 class=\"wp-block-heading\">Le leader europ\u00e9en des solutions de bien-\u00eatre mental pour les grandes organisations<\/h2>\n\n\n\n<p>Chez&nbsp;<a href=\"https:\/\/ifeelonline.com\/fr\">ifeel<\/a><strong>,<\/strong>&nbsp;nous savons que la cr\u00e9ation d\u2019un environnement de travail sain par la direction n\u2019est pas seulement une responsabilit\u00e9, mais un&nbsp;<strong>investissement dans le succ\u00e8s \u00e0 long terme de l\u2019organisation.<\/strong><br><br>Pour vous aider notre \u00e9quipe de&nbsp;<a href=\"https:\/\/ifeelonline.com\/fr\/notre-departement-de-recherche-clinique\/\">psychologues<\/a>, experts en bien-\u00eatre au travail, a cr\u00e9\u00e9<strong>&nbsp;un programme de bien-\u00eatre mental pour les travailleurs&nbsp;<\/strong>qui a un impact positif sur&nbsp;<strong><a href=\"https:\/\/ifeelonline.com\/fr\/boite-a-outils-rh\/manuel-comment-prevenir-le-burnout-au-travail\/?partner=ifeel_internLinkPost\">la pr\u00e9vention du burnout<\/a><\/strong>,&nbsp;<strong><a href=\"https:\/\/ifeelonline.com\/fr\/comment-reduire-l-absenteisme\/\">la r\u00e9duction de l\u2019absent\u00e9isme<\/a><\/strong>&nbsp;et la lutte contre&nbsp;<strong><a href=\"https:\/\/ifeelonline.com\/fr\/outils\/identifier-le-stress-parmi-vos-employes\/?partner=ifeel_internLinkPost\">le stress des collaborateurs<\/a><\/strong>.<\/p>\n\n\n\n<p>Nous travaillons en partenariat avec des entreprises du monde entier pour&nbsp;<strong>inspirer la croissance humaine et guider les organisations<\/strong>&nbsp;dans l\u2019instauration d\u2019une&nbsp;<strong><a href=\"https:\/\/ifeelonline.com\/fr\/culture-positive\/?partner=ifeel_internLinkPost\">culture positive du bien-\u00eatre mental<\/a><\/strong>. Une approche sur mesure et centr\u00e9e sur les personnes qui place la sant\u00e9 de vos collaborateurs au centre, en tant que pilier fondamental pour<strong><a href=\"https:\/\/ifeelonline.com\/fr\/guide-pour-renforcer-votre-strategie-en-matiere-de-talents\/?partner=ifeel_internLinkPost\">&nbsp;attirer et retenir les talents<\/a><\/strong>&nbsp;ainsi que pour renforcer leur sentiment d\u2019appartenance.<\/p>\n\n\n\n<p><strong>Une solution unique, compl\u00e8te et \u00e9volutive&nbsp;<\/strong>qui utilise la puissance des donn\u00e9es pour fournir une compr\u00e9hension holistique du&nbsp;<strong><a href=\"https:\/\/ifeelonline.com\/fr\/soutien-psychologique-en-entreprise-un-atout-pour-vos-colloborateurs\/\">bien-\u00eatre psychologique de vos employ\u00e9s<\/a><\/strong>, tout en garantissant la qualit\u00e9 du service et la confidentialit\u00e9 pour votre \u00e9quipe.<\/p>\n\n\n\n<p>Nous esp\u00e9rons que cet article sur<strong> la sant\u00e9 mentale des hommes<\/strong> vous a int\u00e9ress\u00e9. Si vous souhaitez obtenir<a href=\"https:\/\/ifeelonline.com\/fr\/demander-une-demo\/\"> plus d&rsquo;informations<\/a> sur les solutions d&rsquo;ifeel en mati\u00e8re de bien-\u00eatre mental pour les entreprises, contactez-nous.<\/p>\n\n    <div class=\"xs_social_share_widget xs_share_url after_content \t\tmain_content  wslu-style-1 wslu-share-box-shaped wslu-fill-colored wslu-none wslu-share-horizontal wslu-theme-font-no wslu-main_content\">\n\n\t\t\n        <ul>\n\t\t\t        <\/ul>\n    <\/div> \n","protected":false},"excerpt":{"rendered":"<p>Le d\u00e9bat sur la sant\u00e9 mentale des hommes s&rsquo;est intensifi\u00e9. C&rsquo;est essentiel de remettre en question les stigmates et les pr\u00e9jug\u00e9s enracin\u00e9s pour parvenir au bien-\u00eatre.<\/p>\n","protected":false},"author":62,"featured_media":9766,"comment_status":"closed","ping_status":"open","sticky":false,"template":"","format":"standard","meta":{"content-type":"","postBodyCss":"","postBodyMargin":[],"postBodyPadding":[],"postBodyBackground":{"backgroundType":"classic","gradient":""},"footnotes":""},"categories":[27,39],"tags":[],"class_list":["post-9762","post","type-post","status-publish","format-standard","has-post-thumbnail","hentry","category-bien-etre-au-travail","category-psychologie-pour-les-entreprises"],"_links":{"self":[{"href":"https:\/\/ifeelonline.com\/fr\/wp-json\/wp\/v2\/posts\/9762","targetHints":{"allow":["GET"]}}],"collection":[{"href":"https:\/\/ifeelonline.com\/fr\/wp-json\/wp\/v2\/posts"}],"about":[{"href":"https:\/\/ifeelonline.com\/fr\/wp-json\/wp\/v2\/types\/post"}],"author":[{"embeddable":true,"href":"https:\/\/ifeelonline.com\/fr\/wp-json\/wp\/v2\/users\/62"}],"replies":[{"embeddable":true,"href":"https:\/\/ifeelonline.com\/fr\/wp-json\/wp\/v2\/comments?post=9762"}],"version-history":[{"count":0,"href":"https:\/\/ifeelonline.com\/fr\/wp-json\/wp\/v2\/posts\/9762\/revisions"}],"wp:featuredmedia":[{"embeddable":true,"href":"https:\/\/ifeelonline.com\/fr\/wp-json\/wp\/v2\/media\/9766"}],"wp:attachment":[{"href":"https:\/\/ifeelonline.com\/fr\/wp-json\/wp\/v2\/media?parent=9762"}],"wp:term":[{"taxonomy":"category","embeddable":true,"href":"https:\/\/ifeelonline.com\/fr\/wp-json\/wp\/v2\/categories?post=9762"},{"taxonomy":"post_tag","embeddable":true,"href":"https:\/\/ifeelonline.com\/fr\/wp-json\/wp\/v2\/tags?post=9762"}],"curies":[{"name":"wp","href":"https:\/\/api.w.org\/{rel}","templated":true}]}}