{"id":9745,"date":"2024-01-17T11:45:46","date_gmt":"2024-01-17T10:45:46","guid":{"rendered":"https:\/\/ifeelonline.com\/fr\/?p=9745"},"modified":"2024-01-17T11:45:47","modified_gmt":"2024-01-17T10:45:47","slug":"arret-maladie-pour-depression","status":"publish","type":"post","link":"https:\/\/ifeelonline.com\/fr\/arret-maladie-pour-depression\/","title":{"rendered":"L&rsquo;arr\u00eat maladie pour d\u00e9pression : le plus grand nombre de journ\u00e9es d&rsquo;arr\u00eat"},"content":{"rendered":"\n<p><strong>L\u2019arr\u00eat maladie pour d\u00e9pression<\/strong> est un recours pour les travailleurs lorsque leur <a href=\"https:\/\/ifeelonline.com\/fr\/arrets-maladie-sante-mentale\/\">sant\u00e9 mentale<\/a> est affect\u00e9e et qu&rsquo;ils doivent interrompre temporairement leur activit\u00e9 professionnelle afin de suivre correctement leur traitement et de se r\u00e9tablir autant que possible.\u00a0<\/p>\n\n\n\n<figure class=\"wp-block-pullquote\"><blockquote><p><\/p><cite><strong>D\u2019apr\u00e8s Sant\u00e9 Publique France, les troubles d\u00e9pressifs seraient \u00e0 l\u2019origine de 35% \u00e0 45 % des arr\u00eats de travail.<\/strong><\/cite><\/blockquote><\/figure>\n\n\n\n<p>Il est important de garder \u00e0 l&rsquo;esprit que<strong> la d\u00e9pression est un trouble mental qui peut se manifester \u00e0 diff\u00e9rents niveaux<\/strong>. Lorsqu&rsquo;elle est tr\u00e8s intense, elle doit \u00eatre consid\u00e9r\u00e9e comme un probl\u00e8me de sant\u00e9 grave et <strong>peut entra\u00eener un degr\u00e9 d&rsquo;incapacit\u00e9 important pour la personne qui en souffre<\/strong>.\u00a0<\/p>\n\n\n\n<p>Habituellement, <strong>ce trouble de l&rsquo;humeur tend \u00e0 \u00eatre confondu avec un sentiment de tristesse intense <\/strong>dans lequel la personne est plong\u00e9e dans une m\u00e9lancolie permanente. En r\u00e9alit\u00e9, outre cet \u00e9tat m\u00e9lancolique,<strong> la d\u00e9pression doit \u00eatre rapproch\u00e9e d&rsquo;un \u00e9tat d&rsquo;apathie<\/strong>, <strong>de d\u00e9sespoir face \u00e0 l&rsquo;avenir<\/strong>, de difficult\u00e9 \u00e0 appr\u00e9cier et \u00e0 s&rsquo;impliquer dans les diff\u00e9rentes facettes de la vie et de<strong> d\u00e9connexion affective par rapport \u00e0 l&rsquo;environnement<\/strong>.\u00a0<\/p>\n\n\n\n<figure class=\"wp-block-image size-full\"><img fetchpriority=\"high\" decoding=\"async\" width=\"1530\" height=\"1005\" src=\"https:\/\/ifeelonline.com\/fr\/wp-content\/uploads\/sites\/3\/2023\/11\/1.png\" alt=\"d\u00e9pression\" class=\"wp-image-9752\" srcset=\"https:\/\/ifeelonline.com\/fr\/wp-content\/uploads\/sites\/3\/2023\/11\/1.png 1530w, https:\/\/ifeelonline.com\/fr\/wp-content\/uploads\/sites\/3\/2023\/11\/1-300x197.png 300w, https:\/\/ifeelonline.com\/fr\/wp-content\/uploads\/sites\/3\/2023\/11\/1-1024x673.png 1024w, https:\/\/ifeelonline.com\/fr\/wp-content\/uploads\/sites\/3\/2023\/11\/1-768x504.png 768w\" sizes=\"(max-width: 1530px) 100vw, 1530px\" \/><\/figure>\n\n\n\n<h2 class=\"wp-block-heading\">L&rsquo;utilit\u00e9 d&rsquo;un arr\u00eat de travail pour d\u00e9pression<\/h2>\n\n\n\n<p>Comme nous l&rsquo;avons dit, une personne qui souffre de d\u00e9pression n&rsquo;est pas simplement quelqu&rsquo;un de tr\u00e8s triste, mais quelqu&rsquo;un de tellement \u00ab\u00a0\u00e9teint\u00a0\u00bb que <strong>sa responsabilit\u00e9 et son attachement \u00e0 la vie et aux gens s&rsquo;affaiblissent progressivement<\/strong>.\u00a0<\/p>\n\n\n\n<p>C&rsquo;est pourquoi<strong> il est important de diagnostiquer correctement la pr\u00e9sence d&rsquo;une d\u00e9pression<\/strong>, d&rsquo;appliquer le traitement psychologique et, le cas \u00e9ch\u00e9ant, psychiatrique n\u00e9cessaire et d&rsquo;offrir \u00e0 la personne les conditions requises pour qu&rsquo;elle se r\u00e9tablisse le plus rapidement possible.\u00a0<\/p>\n\n\n\n<p>Cela prend du temps et c&rsquo;est dans ce contexte qu&rsquo;appara\u00eet le concept d&rsquo;arr\u00eat maladie pour d\u00e9pression. Nous devons garder \u00e0 l&rsquo;esprit qu&rsquo;\u00e0 un certain moment,<strong> la personne souffrant de d\u00e9pression n&rsquo;est ni psychologiquement ni physiquement disponible pour remplir de mani\u00e8re ad\u00e9quate les t\u00e2ches<\/strong> qui lui sont assign\u00e9es par son travail et qu&rsquo;elle a besoin de faire une pause pour essayer de se r\u00e9tablir sans n\u00e9cessairement perdre son emploi.\u00a0<\/p>\n\n\n\n<h2 class=\"wp-block-heading\">Aspects du travail influenc\u00e9s par la d\u00e9pression<\/h2>\n\n\n\n<p>Il est \u00e9vident que nous ne sommes pas au sommet de nos capacit\u00e9s et de nos performances tous les jours ou \u00e0 tout moment de notre carri\u00e8re. Cependant, il y a des moments o\u00f9 <strong>notre bien-\u00eatre psychologique<\/strong>, que ce soit au travail ou dans notre vie priv\u00e9e, <strong>peut \u00eatre particuli\u00e8rement affect\u00e9 par certains sympt\u00f4mes d\u00e9pressifs<\/strong>. Ces sympt\u00f4mes peuvent s&rsquo;aggraver au point de n\u00e9cessiter un arr\u00eat de travail pour d\u00e9pression. Voici quelques-uns des domaines qui peuvent \u00eatre affect\u00e9s :\u00a0<\/p>\n\n\n\n<h3 class=\"wp-block-heading\">La motivation au travail<\/h3>\n\n\n\n<p>Comme nous l&rsquo;avons mentionn\u00e9 plus haut, <strong>la d\u00e9pression nous met en veilleuse<\/strong> : elle r\u00e9duit \u00e9galement notre envie de travailler, l&rsquo;inspiration, la cr\u00e9ativit\u00e9 et le sens que nous sommes capables de trouver dans nos t\u00e2ches ou nos responsabilit\u00e9s.\u00a0<\/p>\n\n\n\n<h3 class=\"wp-block-heading\">Les relations interpersonnelles<\/h3>\n\n\n\n<p>Les personnes qui pr\u00e9sentent certains syndrome d\u00e9pressif plus ou moins intenses se caract\u00e9risent souvent par une indisponibilit\u00e9 affective \u00e0 l&rsquo;\u00e9gard des autres.<strong> La d\u00e9pression entrave notre capacit\u00e9 \u00e0 entrer en contact avec ceux qui nous entourent<\/strong> et nous \u00e9loigne souvent d&rsquo;eux.\u00a0<\/p>\n\n\n\n<h3 class=\"wp-block-heading\">Performance au travail<\/h3>\n\n\n\n<p>Il est \u00e9vident que si nous ne sommes pas motiv\u00e9s, si nous manquons d&rsquo;\u00e9nergie, si nos relations ne fonctionnent pas bien et si nous ne trouvons pas de sens \u00e0 ce que nous faisons, <strong>nos performances se d\u00e9t\u00e9rioreront<\/strong> si nous ne trouvons pas une solution \u00e0 court terme, que ce soit par le biais d&rsquo;un arr\u00eat de travail ou non.<\/p>\n\n\n\n<figure class=\"wp-block-image size-full\"><img decoding=\"async\" width=\"708\" height=\"380\" src=\"https:\/\/ifeelonline.com\/fr\/wp-content\/uploads\/sites\/3\/2023\/11\/depression-2.jpg\" alt=\"d\u00e9pression\" class=\"wp-image-9749\" srcset=\"https:\/\/ifeelonline.com\/fr\/wp-content\/uploads\/sites\/3\/2023\/11\/depression-2.jpg 708w, https:\/\/ifeelonline.com\/fr\/wp-content\/uploads\/sites\/3\/2023\/11\/depression-2-300x161.jpg 300w\" sizes=\"(max-width: 708px) 100vw, 708px\" \/><\/figure>\n\n\n\n<h2 class=\"wp-block-heading\">Comment envisager un arr\u00eat maladie pour d\u00e9pression<\/h2>\n\n\n\n<p>Au niveau bureaucratique, il est \u00e9tabli qu&rsquo;un travailleur peut s&rsquo;absenter du travail pour cause de d\u00e9pression pour les raisons suivantes :<\/p>\n\n\n\n<h3 class=\"wp-block-heading\">Les contingences communes<\/h3>\n\n\n\n<p>D&rsquo;une part, il y a les raisons personnelles, c&rsquo;est-\u00e0-dire celles qui d\u00e9clenchent une d\u00e9pression sans lien avec le travail. Ces causes sont consid\u00e9r\u00e9es comme des \u00e9ventualit\u00e9s communes et c&rsquo;est le m\u00e9decin de famille qui est charg\u00e9 de g\u00e9rer l&rsquo;arr\u00eat de travail pour d\u00e9pression lorsqu&rsquo;il s&rsquo;agit de la cause du probl\u00e8me.&nbsp;<\/p>\n\n\n\n<h3 class=\"wp-block-heading\">Les al\u00e9as professionnels<\/h3>\n\n\n\n<p>En revanche, il convient d&rsquo;examiner les raisons qui sont directement li\u00e9es au travail (par exemple, une situation continue d&rsquo;<a href=\"https:\/\/ifeelonline.com\/fr\/epuisement-professionnel\/\">\u00e9puisement professionnel\/burnout<\/a>, des <a href=\"https:\/\/ifeelonline.com\/fr\/resolution-des-conflits-au-travail\/\">conflits avec les coll\u00e8gues <\/a>ou m\u00eame le <a href=\"https:\/\/ifeelonline.com\/fr\/harcelement-sexuel-au-travail\/\">harc\u00e8lement sexuel <\/a>de la part d&rsquo;un membre de l&rsquo;\u00e9quipe). Dans ce cas, il s&rsquo;agit de risques professionnels et, contrairement \u00e0 l&rsquo;autre cas, c&rsquo;est la mutuelle qui est charg\u00e9e de les accr\u00e9diter.\u00a0<\/p>\n\n\n\n<p>Malheureusement, il n&rsquo;est pas toujours possible pour les entreprises d&#8217;emp\u00eacher leurs collaborateurs d&rsquo;\u00eatre en arr\u00eat maladie pour cause de d\u00e9pression. Cependant, chaque organisation doit faire de son mieux pour la pr\u00e9venir, en sachant quelles sont les \u00e9ventualit\u00e9s professionnelles qui peuvent la provoquer et en prenant les mesures n\u00e9cessaires pour <strong>veiller \u00e0 la sant\u00e9 mental et au bien-\u00eatre des membres de son personnel<\/strong>.\u00a0<\/p>\n\n\n\n<figure class=\"wp-block-image size-full\"><img decoding=\"async\" width=\"708\" height=\"380\" src=\"https:\/\/ifeelonline.com\/fr\/wp-content\/uploads\/sites\/3\/2023\/11\/depression-3.jpg\" alt=\"d\u00e9pression\" class=\"wp-image-9748\" srcset=\"https:\/\/ifeelonline.com\/fr\/wp-content\/uploads\/sites\/3\/2023\/11\/depression-3.jpg 708w, https:\/\/ifeelonline.com\/fr\/wp-content\/uploads\/sites\/3\/2023\/11\/depression-3-300x161.jpg 300w\" sizes=\"(max-width: 708px) 100vw, 708px\" \/><\/figure>\n\n\n\n<h2 class=\"wp-block-heading\">Engagement en faveur du bien-\u00eatre \u00e9motionnel dans les organisations<\/h2>\n\n\n\n<p>Chez <strong>ifeel<\/strong>, nous travaillons en partenariat avec des entreprises du monde entier pour inspirer la croissance humaine et guider les organisations dans l&rsquo;instauration d&rsquo;une <strong>culture positive du bien-\u00eatre menta<\/strong>l. Une approche sur mesure et centr\u00e9e sur les personnes qui place<strong> la sant\u00e9 de vos collaborateurs au centre<\/strong>, en tant que pilier fondamental pour <strong>attirer et retenir les talents<\/strong> ainsi que pour renforcer leur sentiment d&rsquo;appartenance.&nbsp;<\/p>\n\n\n\n<p><strong>Une solution unique, compl\u00e8te et \u00e9volutive<\/strong> qui utilise la puissance des donn\u00e9es pour fournir une compr\u00e9hension holistique du bien-\u00eatre psychologique de vos employ\u00e9s, tout en garantissant la qualit\u00e9 du service et la confidentialit\u00e9 pour votre \u00e9quipe.<\/p>\n\n\n\n<p>Nous esp\u00e9rons que cet article sur <strong>l&rsquo;arr\u00eat maladie pour d\u00e9pression <\/strong>vous a int\u00e9ress\u00e9. Si vous souhaitez obtenir<a href=\"https:\/\/ifeelonline.com\/fr\/demander-une-demo\/\"> plus d&rsquo;informations<\/a> sur les solutions d&rsquo;ifeel en mati\u00e8re de bien-\u00eatre mental pour les entreprises, il vous suffit de demander et nous contacterons votre \u00e9quipe dans les plus brefs d\u00e9lais.<\/p>\n\n\n<div id=\"rank-math-faq\" class=\"rank-math-block\">\n<div class=\"rank-math-list \">\n<div id=\"faq-question-1699880087324\" class=\"rank-math-list-item\">\n<h3 class=\"rank-math-question \">Comment savoir si je dois m&rsquo;absenter du travail pour cause de d\u00e9pression ?<\/h3>\n<div class=\"rank-math-answer \">\n\n<p>Selon les causes du probl\u00e8me, c&rsquo;est le m\u00e9decin de famille ou le m\u00e9decin d&rsquo;une mutuelle qui est charg\u00e9 de g\u00e9rer cette mesure. Ils le feront lorsqu&rsquo;ils d\u00e9termineront que les sympt\u00f4mes de la personne sont actuellement incompatibles avec son travail et qu&rsquo;une pause est n\u00e9cessaire pour traiter le probl\u00e8me afin que son \u00e9tat de sant\u00e9 ne continue pas \u00e0 se d\u00e9t\u00e9riorer.\u00a0<\/p>\n\n<\/div>\n<\/div>\n<div id=\"faq-question-1699880098389\" class=\"rank-math-list-item\">\n<h3 class=\"rank-math-question \">Comment un arr\u00eat maladie pour d\u00e9pression peut-il m&rsquo;aider ?<\/h3>\n<div class=\"rank-math-answer \">\n\n<p>En fonction des causes et des sympt\u00f4mes de la d\u00e9pression, la personne peut en profiter pour se concentrer sur son r\u00e9tablissement et, avec un peu de chance, reprendre le travail un peu plus tard dans de meilleures conditions.<\/p>\n\n<\/div>\n<\/div>\n<div id=\"faq-question-1699880114308\" class=\"rank-math-list-item\">\n<h3 class=\"rank-math-question \">Pourquoi la d\u00e9pression nuit-elle aux performances professionnelles ?<\/h3>\n<div class=\"rank-math-answer \">\n\n<p>La d\u00e9pression plonge la personne dans un \u00e9tat d&rsquo;esprit n\u00e9gatif et profond\u00e9ment apathique, ce qui nuit \u00e0 sa motivation, \u00e0 ses relations et \u00e0 l&rsquo;attention qu&rsquo;elle est capable d&rsquo;accorder \u00e0 ses t\u00e2ches, en plus d&rsquo;autres effets.<\/p>\n\n<\/div>\n<\/div>\n<div id=\"faq-question-1699880137318\" class=\"rank-math-list-item\">\n<h3 class=\"rank-math-question \">Existe-t-il diff\u00e9rents types d&rsquo;arr\u00eats de travail pour cause de d\u00e9pression ?<\/h3>\n<div class=\"rank-math-answer \">\n\n<p>Oui, selon que les causes de la d\u00e9pression sont li\u00e9es ou non au contexte professionnel, on trouve des arr\u00eats de travail pour d\u00e9pression dus \u00e0 des \u00ab\u00a0contingences communes\u00a0\u00bb et des arr\u00eats de travail pour d\u00e9pression dus \u00e0 des \u00ab\u00a0contingences professionnelles\u00a0\u00bb.<\/p>\n\n<\/div>\n<\/div>\n<\/div>\n<\/div>\n    <div class=\"xs_social_share_widget xs_share_url after_content \t\tmain_content  wslu-style-1 wslu-share-box-shaped wslu-fill-colored wslu-none wslu-share-horizontal wslu-theme-font-no wslu-main_content\">\n\n\t\t\n        <ul>\n\t\t\t        <\/ul>\n    <\/div> \n","protected":false},"excerpt":{"rendered":"<p>L\u2019arr\u00eat maladie pour d\u00e9pression est un recours pour les travailleurs lorsque leur sant\u00e9 mentale est affect\u00e9e.<\/p>\n","protected":false},"author":8,"featured_media":9750,"comment_status":"closed","ping_status":"open","sticky":false,"template":"","format":"standard","meta":{"content-type":"","postBodyCss":"","postBodyMargin":[],"postBodyPadding":[],"postBodyBackground":{"backgroundType":"classic","gradient":""},"footnotes":""},"categories":[27,39],"tags":[],"class_list":["post-9745","post","type-post","status-publish","format-standard","has-post-thumbnail","hentry","category-bien-etre-au-travail","category-psychologie-pour-les-entreprises"],"_links":{"self":[{"href":"https:\/\/ifeelonline.com\/fr\/wp-json\/wp\/v2\/posts\/9745","targetHints":{"allow":["GET"]}}],"collection":[{"href":"https:\/\/ifeelonline.com\/fr\/wp-json\/wp\/v2\/posts"}],"about":[{"href":"https:\/\/ifeelonline.com\/fr\/wp-json\/wp\/v2\/types\/post"}],"author":[{"embeddable":true,"href":"https:\/\/ifeelonline.com\/fr\/wp-json\/wp\/v2\/users\/8"}],"replies":[{"embeddable":true,"href":"https:\/\/ifeelonline.com\/fr\/wp-json\/wp\/v2\/comments?post=9745"}],"version-history":[{"count":0,"href":"https:\/\/ifeelonline.com\/fr\/wp-json\/wp\/v2\/posts\/9745\/revisions"}],"wp:featuredmedia":[{"embeddable":true,"href":"https:\/\/ifeelonline.com\/fr\/wp-json\/wp\/v2\/media\/9750"}],"wp:attachment":[{"href":"https:\/\/ifeelonline.com\/fr\/wp-json\/wp\/v2\/media?parent=9745"}],"wp:term":[{"taxonomy":"category","embeddable":true,"href":"https:\/\/ifeelonline.com\/fr\/wp-json\/wp\/v2\/categories?post=9745"},{"taxonomy":"post_tag","embeddable":true,"href":"https:\/\/ifeelonline.com\/fr\/wp-json\/wp\/v2\/tags?post=9745"}],"curies":[{"name":"wp","href":"https:\/\/api.w.org\/{rel}","templated":true}]}}