{"id":9675,"date":"2023-10-19T16:06:53","date_gmt":"2023-10-19T15:06:53","guid":{"rendered":"https:\/\/ifeelonline.com\/fr\/?p=9675"},"modified":"2024-11-15T19:43:40","modified_gmt":"2024-11-15T18:43:40","slug":"securite-psychologique-au-travail","status":"publish","type":"post","link":"https:\/\/ifeelonline.com\/fr\/securite-psychologique-au-travail\/","title":{"rendered":"La s\u00e9curit\u00e9 psychologique au travail : un atout incontournable pour r\u00e9ussir"},"content":{"rendered":"\n<p><strong>La s\u00e9curit\u00e9 psychologique en entreprise <\/strong>n&rsquo;est plus une option, mais une n\u00e9cessit\u00e9 pour<strong> <\/strong>favoriser un environnement de travail o\u00f9<strong> les employ\u00e9s se sentent valoris\u00e9s, entendus, et libres de s&rsquo;exprimer sans crainte de r\u00e9percussions. <\/strong>Imaginez une \u00e9quipe o\u00f9 chacun peut partager des id\u00e9es novatrices, poser des questions difficiles, et apprendre de ses erreurs en toute confiance. C&rsquo;est ce type de <a href=\"https:\/\/ifeelonline.com\/fr\/culture-dentreprise-positive-en-france\/\">culture<\/a> qui propulse les entreprises vers le succ\u00e8s.<\/p>\n\n\n\n<p>Des recherches men\u00e9es par <a href=\"https:\/\/www.hbs.edu\/faculty\/Pages\/profile.aspx?facId=6451\" target=\"_blank\" rel=\"noopener\">Amy Edmondson<\/a>, professeure \u00e0 la Harvard Business School, montrent que la <strong>s\u00e9curit\u00e9 psychologique est un facteur cl\u00e9 de la performance collective<\/strong>. Les organisations qui priorisent ce concept constatent des avantages consid\u00e9rables : <a href=\"https:\/\/ifeelonline.com\/fr\/c-level-stimulent-linnovation-technologique\/\">une innovation accrue<\/a>, une meilleure collaboration, une r\u00e9duction du stress, et une productivit\u00e9 en hausse.<\/p>\n\n\n\n<p><strong>Mais comment cr\u00e9er un tel environnement ?<\/strong> Cela commence par <strong><a href=\"https:\/\/ifeelonline.com\/fr\/leadership-inclusif-6-avantages\/\">un leadership qui valorise l&rsquo;ouverture<\/a><\/strong>, encourage les discussions honn\u00eates, et <a href=\"https:\/\/ifeelonline.com\/fr\/soutenir-les-collaborateurs-en-temps-de-crise\/\">soutient les collaborateurs, m\u00eame dans l&rsquo;incertitude<\/a>. Les leaders doivent \u00eatre les premiers \u00e0 montrer l&rsquo;exemple, en admettant leurs propres erreurs et en cr\u00e9ant un espace o\u00f9 le dialogue est non seulement accept\u00e9, mais encourag\u00e9. Avec la s\u00e9curit\u00e9 psychologique, les entreprises peuvent<strong> transformer leur culture de travail<\/strong> et donner \u00e0 leurs \u00e9quipes les moyens de s\u2019\u00e9panouir et de se surpasser.<br><br>Pour en savoir plus sur comment la sant\u00e9 mentale est un pilier cl\u00e9 de <strong><a href=\"https:\/\/ifeelonline.com\/fr\/boite-a-outils-rh\/les-chiffres-cles-de-la-qvct\/?partner=ifeel_internLinkPost\">votre strat\u00e9gie QVCT<\/a><\/strong>, regardez le <strong><a href=\"https:\/\/ifeelonline.com\/fr\/webinar-parlons-ifeel-la-sante-mentale\/?partner=ifeel_internLinkPost\">Webinar ifeel<\/a><\/strong>.<\/p>\n\n\n\n<figure class=\"wp-block-image size-large\"><a href=\"https:\/\/ifeelonline.com\/fr\/webinar-parlons-ifeel-la-sante-mentale\/?partner=ifeel_internLinkPost\"><img fetchpriority=\"high\" decoding=\"async\" width=\"1024\" height=\"1024\" src=\"https:\/\/ifeelonline.com\/fr\/wp-content\/uploads\/sites\/3\/2023\/10\/FR_Webinar_quote_4-1024x1024.jpg\" alt=\"s\u00e9curit\u00e9 psychologique\" class=\"wp-image-11598\" srcset=\"https:\/\/ifeelonline.com\/fr\/wp-content\/uploads\/sites\/3\/2023\/10\/FR_Webinar_quote_4-1024x1024.jpg 1024w, https:\/\/ifeelonline.com\/fr\/wp-content\/uploads\/sites\/3\/2023\/10\/FR_Webinar_quote_4-300x300.jpg 300w, https:\/\/ifeelonline.com\/fr\/wp-content\/uploads\/sites\/3\/2023\/10\/FR_Webinar_quote_4-150x150.jpg 150w, https:\/\/ifeelonline.com\/fr\/wp-content\/uploads\/sites\/3\/2023\/10\/FR_Webinar_quote_4-768x768.jpg 768w, https:\/\/ifeelonline.com\/fr\/wp-content\/uploads\/sites\/3\/2023\/10\/FR_Webinar_quote_4-1536x1536.jpg 1536w, https:\/\/ifeelonline.com\/fr\/wp-content\/uploads\/sites\/3\/2023\/10\/FR_Webinar_quote_4-2048x2048.jpg 2048w, https:\/\/ifeelonline.com\/fr\/wp-content\/uploads\/sites\/3\/2023\/10\/FR_Webinar_quote_4-700x700.jpg 700w\" sizes=\"(max-width: 1024px) 100vw, 1024px\" \/><\/a><\/figure>\n\n\n\n<h2 class=\"wp-block-heading\">Qu&rsquo;est-ce que la s\u00e9curit\u00e9 psychologique au travail ?&nbsp;<\/h2>\n\n\n\n<p><strong>La s\u00e9curit\u00e9 psychologique fait r\u00e9f\u00e9rence \u00e0 la perception qu&rsquo;ont les employ\u00e9s<\/strong> de pouvoir exprimer leurs pens\u00e9es, leurs id\u00e9es et leurs pr\u00e9occupations au travail sans craindre de repr\u00e9sailles ou de critiques n\u00e9gatives. En d&rsquo;autres termes, il s&rsquo;agit d&rsquo;un <strong>climat de travail dans lequel la confiance interpersonnelle et le respect mutuel sont des caract\u00e9ristiques de l&rsquo;\u00e9quipe<\/strong>, ce qui encourage les gens \u00e0 \u00eatre eux-m\u00eames.<\/p>\n\n\n\n<blockquote class=\"wp-block-quote is-layout-flow wp-block-quote-is-layout-flow\">\n<p><strong>La s\u00e9curit\u00e9 psychologique<\/strong> est la conviction que<strong> l&rsquo;on ne sera pas puni ou humili\u00e9 pour avoir exprim\u00e9 ses id\u00e9es, ses questions, ses pr\u00e9occupations ou ses erreurs.<\/strong><\/p>\n<cite>Amy Edmonson<\/cite><\/blockquote>\n\n\n\n<p>Ainsi, la promotion de la s\u00e9curit\u00e9 psychologique au travail devient <strong>une strat\u00e9gie fondamentale dans la cr\u00e9ation d&rsquo;\u00e9quipes proactives et motiv\u00e9es<\/strong>. L&rsquo;objectif est que les employ\u00e9s se sentent \u00e0 l&rsquo;aise pour \u00eatre eux-m\u00eames &#8211; sans avoir l&rsquo;impression d&rsquo;\u00eatre jug\u00e9s pour cela &#8211; et qu&rsquo;ils aient l&rsquo;espace n\u00e9cessaire pour cultiver leurs talents et leur cr\u00e9ativit\u00e9.&nbsp;<\/p>\n\n\n\n<p>En favorisant les espaces s\u00e9curis\u00e9s, les gens ne se sentent pas sous pression et n&rsquo;ont pas peur des erreurs, car celles-ci sont consid\u00e9r\u00e9es comme des opportunit\u00e9s d&rsquo;am\u00e9lioration et d&rsquo;innovation.<\/p>\n\n\n\n<figure class=\"wp-block-image size-large\"><img decoding=\"async\" width=\"1024\" height=\"683\" src=\"https:\/\/ifeelonline.com\/fr\/wp-content\/uploads\/sites\/3\/2023\/10\/securite-psychologique-3-1024x683.png\" alt=\"s\u00e9curit\u00e9 psychologique au travail\" class=\"wp-image-9677\" srcset=\"https:\/\/ifeelonline.com\/fr\/wp-content\/uploads\/sites\/3\/2023\/10\/securite-psychologique-3-1024x683.png 1024w, https:\/\/ifeelonline.com\/fr\/wp-content\/uploads\/sites\/3\/2023\/10\/securite-psychologique-3-300x200.png 300w, https:\/\/ifeelonline.com\/fr\/wp-content\/uploads\/sites\/3\/2023\/10\/securite-psychologique-3-768x512.png 768w, https:\/\/ifeelonline.com\/fr\/wp-content\/uploads\/sites\/3\/2023\/10\/securite-psychologique-3-1536x1024.png 1536w, https:\/\/ifeelonline.com\/fr\/wp-content\/uploads\/sites\/3\/2023\/10\/securite-psychologique-3.png 2048w\" sizes=\"(max-width: 1024px) 100vw, 1024px\" \/><\/figure>\n\n\n\n<h2 class=\"wp-block-heading\">Avantages de la s\u00e9curit\u00e9 psychologique au travail<\/h2>\n\n\n\n<p>Favoriser la s\u00e9curit\u00e9 psychologique au travail pr\u00e9sente de multiples avantages pour les organisations, notamment\u00a0:<\/p>\n\n\n\n<figure class=\"wp-block-table\"><table class=\"has-fixed-layout\"><thead><tr><th><strong>Avantages<\/strong><\/th><th><strong>Description<\/strong><\/th><\/tr><\/thead><tbody><tr><td><strong>Encourager la cr\u00e9ativit\u00e9 et l&rsquo;innovation<\/strong><\/td><td>Lorsque les employ\u00e9s se sentent en s\u00e9curit\u00e9 pour exprimer leurs id\u00e9es, ils sont plus enclins \u00e0 prendre des risques et \u00e0 penser de mani\u00e8re innovante. Cela peut conduire \u00e0 la production d&rsquo;id\u00e9es et de solutions cr\u00e9atives pour relever les d\u00e9fis du travail.<\/td><\/tr><tr><td><strong>Am\u00e9lioration du bien-\u00eatre \u00e9motionnel<\/strong><\/td><td>La s\u00e9curit\u00e9 psychologique <a href=\"https:\/\/ifeelonline.com\/fr\/arret-maladie-lie-au-stress\/\">r\u00e9duit le stress<\/a> et <a href=\"https:\/\/ifeelonline.com\/fr\/anxiete-au-travail\/\">l&rsquo;anxi\u00e9t\u00e9 au travail<\/a>, car les personnes n&rsquo;ont pas \u00e0 se soucier constamment de la mani\u00e8re dont elles seront per\u00e7ues ou si elles seront punies pour leurs opinions, ce qui contribue \u00e0 leur <a href=\"https:\/\/ifeelonline.com\/fr\/bien-etre-en-entreprise\/\">bien-\u00eatre mental et \u00e9motionnel<\/a>.<\/td><\/tr><tr><td><strong>Augmentation de la productivit\u00e9<\/strong><\/td><td>Lorsque les employ\u00e9s se sentent en s\u00e9curit\u00e9 et valoris\u00e9s au travail, leur <a href=\"https:\/\/ifeelonline.com\/fr\/engagement-des-collaborateurs\/\">engagement<\/a> augmente et ils sont pr\u00eats \u00e0 donner le meilleur d&rsquo;eux-m\u00eames. Il en r\u00e9sulte <a href=\"https:\/\/ifeelonline.com\/fr\/augmenter-la-productivite\/\">une augmentation de la productivit\u00e9<\/a> et des performances globales.<\/td><\/tr><tr><td><strong>Encourage la collaboration<\/strong><\/td><td>La s\u00e9curit\u00e9 psychologique favorise un environnement de travail o\u00f9 les gens sont dispos\u00e9s \u00e0 collaborer et \u00e0 <a href=\"https:\/\/ifeelonline.com\/fr\/renforcer-cohesion-d-equipe\/\">se soutenir mutuellement<\/a>. Il en r\u00e9sulte des relations plus fortes entre les employ\u00e9s, ce qui renforce le travail d&rsquo;\u00e9quipe.<\/td><\/tr><tr><td><strong>Conserver les talents<\/strong><\/td><td>Les organisations qui favorisent la s\u00e9curit\u00e9 psychologique ont tendance \u00e0 <a href=\"https:\/\/ifeelonline.com\/fr\/fuite-des-cerveaux\/\">conserver leurs employ\u00e9s plus longtemps<\/a>. Les employ\u00e9s se sentent valoris\u00e9s et appr\u00e9ci\u00e9s, ce qui r\u00e9duit le taux de rotation et permet d&rsquo;\u00e9conomiser les ressources n\u00e9cessaires \u00e0 la recherche et \u00e0 la formation de nouveaux collaborateurs.<\/td><\/tr><\/tbody><\/table><\/figure>\n\n\n\n<figure class=\"wp-block-image size-full\"><img decoding=\"async\" width=\"1024\" height=\"683\" src=\"https:\/\/ifeelonline.com\/fr\/wp-content\/uploads\/sites\/3\/2023\/10\/securite-psychologique-1.png\" alt=\"s\u00e9curit\u00e9 psychologique au travail\" class=\"wp-image-11601\" srcset=\"https:\/\/ifeelonline.com\/fr\/wp-content\/uploads\/sites\/3\/2023\/10\/securite-psychologique-1.png 1024w, https:\/\/ifeelonline.com\/fr\/wp-content\/uploads\/sites\/3\/2023\/10\/securite-psychologique-1-300x200.png 300w, https:\/\/ifeelonline.com\/fr\/wp-content\/uploads\/sites\/3\/2023\/10\/securite-psychologique-1-768x512.png 768w\" sizes=\"(max-width: 1024px) 100vw, 1024px\" \/><\/figure>\n\n\n\n<h2 class=\"wp-block-heading\">Comment promouvoir la s\u00e9curit\u00e9 psychologique au travail ?&nbsp;<\/h2>\n\n\n\n<p>Dans les articles pr\u00e9c\u00e9dents, nous avons expliqu\u00e9 qu&rsquo;un <strong>climat de travail n\u00e9gatif peut \u00eatre l&rsquo;une des sources de risques psychosociaux au travail <\/strong>s&rsquo;il n&rsquo;est pas correctement g\u00e9r\u00e9. C&rsquo;est pourquoi les dirigeants et les <strong>gestionnaires doivent \u00e9laborer des strat\u00e9gies qui leur permettent non seulement de pr\u00e9venir ces risques,<\/strong> mais aussi de promouvoir <strong>des espaces de travail optimaux qui permettent aux travailleurs de s&rsquo;\u00e9panouir.&nbsp;<\/strong><\/p>\n\n\n\n<p>Voici quatre recommandations pour commencer \u00e0 promouvoir <strong>la s\u00e9curit\u00e9 psychologique au travai<\/strong>l :&nbsp;<\/p>\n\n\n\n<ul class=\"wp-block-list\">\n<li>Attention au <strong>style de leadership<\/strong> : les dirigeants doivent donner le ton en faisant preuve d&#8217;empathie, en \u00e9coutant activement, en \u00e9tant proches de l&rsquo;\u00e9quipe et en montrant l&rsquo;exemple en admettant leurs propres erreurs. Cela cr\u00e9e un environnement dans lequel les autres se sentent plus \u00e0 l&rsquo;aise pour faire de m\u00eame.&nbsp; En outre, vous devez encourager le d\u00e9veloppement professionnel de votre \u00e9quipe en lui offrant des opportunit\u00e9s appropri\u00e9es.<\/li>\n<\/ul>\n\n\n\n<ul class=\"wp-block-list\">\n<li>Maintenir une <strong>communication ouverte<\/strong> : pour cr\u00e9er un environnement s\u00fbr, il est essentiel d&rsquo;encourager une communication ouverte et honn\u00eate \u00e0 tous les niveaux de l&rsquo;organisation. Les employ\u00e9s doivent sentir que leurs opinions sont appr\u00e9ci\u00e9es et qu&rsquo;ils disposent d&rsquo;un canal pour exprimer leurs pr\u00e9occupations, leurs inqui\u00e9tudes ou leurs questions.<\/li>\n<\/ul>\n\n\n\n<ul class=\"wp-block-list\">\n<li><strong>Tirer les le\u00e7ons des erreurs<\/strong> : plut\u00f4t que de punir les erreurs, les organisations devraient les consid\u00e9rer comme des opportunit\u00e9s d&rsquo;apprentissage. La c\u00e9l\u00e9bration de l&rsquo;apprentissage et de l&rsquo;am\u00e9lioration continue peut cr\u00e9er un environnement dans lequel les erreurs ne sont pas stigmatis\u00e9es.<\/li>\n<\/ul>\n\n\n\n<ul class=\"wp-block-list\">\n<li>Proposer <strong>une formation aux comp\u00e9tences non techniques<\/strong> : proposer une formation aux <strong>comp\u00e9tences de communication<\/strong>, \u00e0 la r\u00e9solution des conflits et \u00e0 la gestion des \u00e9motions peut aider <strong>chaque employ\u00e9 \u00e0 favoriser la s\u00e9curit\u00e9 psychologique<\/strong>, contribuant ainsi \u00e0 maintenir un environnement positif au sein de chaque \u00e9quipe.&nbsp;<\/li>\n<\/ul>\n\n\n\n<h2 class=\"wp-block-heading\">Le leader europ\u00e9en des solutions de bien-\u00eatre mental pour les grandes organisations<\/h2>\n\n\n\n<p><strong>Favoriser un environnement dans lequel les collaborateurs se sentent en s\u00e9curit\u00e9 <\/strong>pour exprimer leurs pens\u00e9es et \u00eatre eux-m\u00eames am\u00e9liore non seulement<strong> le bien-\u00eatre \u00e9motionnel des travailleurs<\/strong>, mais stimule \u00e9galement la cr\u00e9ativit\u00e9, l&rsquo;innovation et les performances globales de l&rsquo;entreprise.\u00a0<br><br>Chez ifeel nous savons que <strong>la s\u00e9curit\u00e9 psychologique au travail<\/strong> n&rsquo;est pas seulement l&rsquo;un des avantages sociaux possibles pour les collaborateurs, mais qu&rsquo;elle repr\u00e9sente un facteur crucial pour le succ\u00e8s des organisations d&rsquo;aujourd&rsquo;hui.\u00a0<\/p>\n\n\n\n<p>Pour vous aider notre \u00e9quipe de&nbsp;<a href=\"https:\/\/ifeelonline.com\/fr\/notre-departement-de-recherche-clinique\/\">psychologues<\/a>, experts en bien-\u00eatre au travail, a cr\u00e9\u00e9<strong>&nbsp;un programme de bien-\u00eatre mental pour les travailleurs&nbsp;<\/strong>qui a un impact positif sur&nbsp;<strong><a href=\"https:\/\/ifeelonline.com\/fr\/boite-a-outils-rh\/manuel-comment-prevenir-le-burnout-au-travail\/?partner=ifeel_internLinkPost\">la pr\u00e9vention du burnout<\/a><\/strong>,&nbsp;<strong><a href=\"https:\/\/ifeelonline.com\/fr\/comment-reduire-l-absenteisme\/\">la r\u00e9duction de l\u2019absent\u00e9isme<\/a><\/strong>&nbsp;et la lutte contre&nbsp;<strong><a href=\"https:\/\/ifeelonline.com\/fr\/outils\/identifier-le-stress-parmi-vos-employes\/?partner=ifeel_internLinkPost\">le stress des collaborateurs<\/a><\/strong>.<\/p>\n\n\n\n<p>Nous travaillons en partenariat avec des entreprises du monde entier pour&nbsp;<strong>inspirer la croissance humaine et guider les organisations<\/strong>&nbsp;dans l\u2019instauration d\u2019une&nbsp;<strong><a href=\"https:\/\/ifeelonline.com\/fr\/culture-positive\/?partner=ifeel_internLinkPost\">culture positive du bien-\u00eatre mental<\/a><\/strong>. Une approche sur mesure et centr\u00e9e sur les personnes qui place la sant\u00e9 de vos collaborateurs au centre, en tant que pilier fondamental pour<strong><a href=\"https:\/\/ifeelonline.com\/fr\/guide-pour-renforcer-votre-strategie-en-matiere-de-talents\/?partner=ifeel_internLinkPost\">&nbsp;attirer et retenir les talents<\/a><\/strong>&nbsp;ainsi que pour renforcer leur sentiment d\u2019appartenance.<\/p>\n\n\n\n<p>Nous esp\u00e9rons que cet article sur\u00a0<strong>l&rsquo;importance de la s\u00e9curit\u00e9 psychologique en entreprise<\/strong> vous a int\u00e9ress\u00e9 et nous vous invitons \u00e0 jeter un coup d\u2019\u0153il \u00e0 notre nouvelle section sur\u00a0<a href=\"https:\/\/ifeelonline.com\/fr\/sante-mentale-pour-les-assureurs\/\">la sant\u00e9 mentale pour les assureurs<\/a>. Pour\u00a0<a href=\"https:\/\/ifeelonline.com\/fr\/demander-une-demo\/\">plus d\u2019informations<\/a>\u00a0sur notre programme de bien-\u00eatre mental pour les entreprises, contactez-nous !<\/p>\n\n    <div class=\"xs_social_share_widget xs_share_url after_content \t\tmain_content  wslu-style-1 wslu-share-box-shaped wslu-fill-colored wslu-none wslu-share-horizontal wslu-theme-font-no wslu-main_content\">\n\n\t\t\n        <ul>\n\t\t\t        <\/ul>\n    <\/div> \n","protected":false},"excerpt":{"rendered":"<p>La s\u00e9curit\u00e9 psychologique fait r\u00e9f\u00e9rence au climat de travail qui encourage les gens \u00e0 pouvoir s&rsquo;exprimer sans craindre de repr\u00e9sailles ou de critiques n\u00e9gatives.<\/p>\n","protected":false},"author":62,"featured_media":11599,"comment_status":"closed","ping_status":"open","sticky":false,"template":"","format":"standard","meta":{"content-type":"","postBodyCss":"","postBodyMargin":[],"postBodyPadding":[],"postBodyBackground":{"backgroundType":"classic","gradient":""},"footnotes":""},"categories":[27,39],"tags":[],"class_list":["post-9675","post","type-post","status-publish","format-standard","has-post-thumbnail","hentry","category-bien-etre-au-travail","category-psychologie-pour-les-entreprises"],"_links":{"self":[{"href":"https:\/\/ifeelonline.com\/fr\/wp-json\/wp\/v2\/posts\/9675","targetHints":{"allow":["GET"]}}],"collection":[{"href":"https:\/\/ifeelonline.com\/fr\/wp-json\/wp\/v2\/posts"}],"about":[{"href":"https:\/\/ifeelonline.com\/fr\/wp-json\/wp\/v2\/types\/post"}],"author":[{"embeddable":true,"href":"https:\/\/ifeelonline.com\/fr\/wp-json\/wp\/v2\/users\/62"}],"replies":[{"embeddable":true,"href":"https:\/\/ifeelonline.com\/fr\/wp-json\/wp\/v2\/comments?post=9675"}],"version-history":[{"count":0,"href":"https:\/\/ifeelonline.com\/fr\/wp-json\/wp\/v2\/posts\/9675\/revisions"}],"wp:featuredmedia":[{"embeddable":true,"href":"https:\/\/ifeelonline.com\/fr\/wp-json\/wp\/v2\/media\/11599"}],"wp:attachment":[{"href":"https:\/\/ifeelonline.com\/fr\/wp-json\/wp\/v2\/media?parent=9675"}],"wp:term":[{"taxonomy":"category","embeddable":true,"href":"https:\/\/ifeelonline.com\/fr\/wp-json\/wp\/v2\/categories?post=9675"},{"taxonomy":"post_tag","embeddable":true,"href":"https:\/\/ifeelonline.com\/fr\/wp-json\/wp\/v2\/tags?post=9675"}],"curies":[{"name":"wp","href":"https:\/\/api.w.org\/{rel}","templated":true}]}}