{"id":9536,"date":"2023-12-01T13:37:09","date_gmt":"2023-12-01T12:37:09","guid":{"rendered":"https:\/\/ifeelonline.com\/fr\/?p=9536"},"modified":"2024-12-11T17:22:02","modified_gmt":"2024-12-11T16:22:02","slug":"anticiper-stress-au-travail-a-noel","status":"publish","type":"post","link":"https:\/\/ifeelonline.com\/fr\/anticiper-stress-au-travail-a-noel\/","title":{"rendered":"Anticiper le stress au travail \u00e0 No\u00ebl"},"content":{"rendered":"\n<p><strong>Le stress au travail \u00e0 No\u00ebl <\/strong>peut devenir <strong>un facteur de <a href=\"https:\/\/ifeelonline.com\/fr\/les-risques-psychosociaux-rps\/\" data-type=\"post\" data-id=\"8956\">risque psychosocial<\/a> <\/strong>s&rsquo;il n&rsquo;est pas pris en compte dans une approche pr\u00e9ventive par les responsables des ressources humaines.&nbsp;<\/p>\n\n\n\n<p>Ces semaines sont souvent accompagn\u00e9es de divers jours f\u00e9ri\u00e9s et de nombreuses personnes en profitent pour \u00e9puiser leurs cong\u00e9s annuels en cours et faire une pause importante similaire \u00e0 celle de l&rsquo;\u00e9t\u00e9. Malgr\u00e9 cela,<strong> No\u00ebl a une mauvaise r\u00e9putation en ce qui concerne le niveau r\u00e9el de d\u00e9tente<\/strong>, de repos et de <strong><a href=\"https:\/\/ifeelonline.com\/fr\/deconnecter-du-travail-pendant-les-vacances\/\" data-type=\"link\" data-id=\"https:\/\/ifeelonline.com\/fr\/deconnecter-du-travail-pendant-les-vacances\/\">d\u00e9connexion<\/a><\/strong> qu&rsquo;il procure. Dans ce contexte, No\u00ebl est plut\u00f4t connu pour \u00eatre une p\u00e9riode qui, li\u00e9e ou non au travail, nous <strong>surcharge et modifie notre humeur<\/strong> (soit parce qu&rsquo;elle nous d\u00e9prime, soit parce qu&rsquo;elle nous accable, soit parce qu&rsquo;elle nous met en col\u00e8re). Bien entendu, cela n&rsquo;est pas bon pour notre <strong>bien-\u00eatre psychologique, <\/strong>ni pour nos performances au travail et en dehors&nbsp;.<\/p>\n\n\n\n<figure class=\"wp-block-image size-full\"><img fetchpriority=\"high\" decoding=\"async\" width=\"708\" height=\"420\" src=\"https:\/\/ifeelonline.com\/fr\/wp-content\/uploads\/sites\/3\/2023\/09\/noel-1.jpg\" alt=\"Le stress au travail \u00e0 No\u00ebl\" class=\"wp-image-9538\" srcset=\"https:\/\/ifeelonline.com\/fr\/wp-content\/uploads\/sites\/3\/2023\/09\/noel-1.jpg 708w, https:\/\/ifeelonline.com\/fr\/wp-content\/uploads\/sites\/3\/2023\/09\/noel-1-300x178.jpg 300w\" sizes=\"(max-width: 708px) 100vw, 708px\" \/><\/figure>\n\n\n\n<h2 class=\"wp-block-heading\">Aspects \u00e0 prendre en compte pour g\u00e9rer le stress au travail \u00e0 No\u00ebl<\/h2>\n\n\n\n<h3 class=\"wp-block-heading\">Organiser son travail avant les vacances<\/h3>\n\n\n\n<p>Adin d&rsquo;\u00e9viter le stress au travail \u00e0 No\u00ebl, il s&rsquo;agit d&rsquo;organiser \u00e0 la fois les t\u00e2ches qui doivent \u00eatre accomplies avant le d\u00e9part en vacances et celles qui attendront votre retour. Il peut \u00eatre utile d&rsquo;organiser une r\u00e9union d&rsquo;\u00e9quipe pour cl\u00f4turer l&rsquo;ann\u00e9e ou simplement pour organiser le travail. N&rsquo;oubliez pas qu&rsquo;il y aura des jours de vacances o\u00f9 tout le monde ne co\u00efncidera pas toujours et que la coordination, l&rsquo;accomplissement des t\u00e2ches, les d\u00e9lais, les rapports, etc. peuvent en \u00eatre affect\u00e9s.&nbsp;<\/p>\n\n\n\n<p>D&rsquo;autre part, pendant ces dates, il est important de mobiliser<strong> une dose suppl\u00e9mentaire de flexibilit\u00e9 et de patience <\/strong>avec soi-m\u00eame mais surtout avec ses coll\u00e8gues afin que<strong> le climat de travail <\/strong>ne souffre pas d&rsquo;une augmentation du stress. C&rsquo;est une p\u00e9riode o\u00f9 le calendrier est \u00e9trange, la pression pour terminer les t\u00e2ches est forte, les engagements sociaux et familiaux nous saturent parfois&#8230; N&rsquo;oublions pas de prendre soin de nous et de nous m\u00e9nager.&nbsp;<\/p>\n\n\n\n<h3 class=\"wp-block-heading\">D\u00e9connexion num\u00e9rique pendant les vacances<\/h3>\n\n\n\n<p>Une performance professionnelle ad\u00e9quate n\u00e9cessite de v\u00e9ritables pauses pour que notre organisme puisse se reposer, se r\u00e9organiser et se remettre au travail le moment venu. Lorsque le travail et les outils que nous utilisons pour l&rsquo;accomplir constituent un continuum, interrompant le temps que nous devons consacrer \u00e0 d&rsquo;autres aspects de notre vie,<strong> la sant\u00e9 physique et psychologique s&rsquo;en ressent<\/strong>. Le stress au travail \u00e0 No\u00ebl en est un bon exemple.&nbsp;<\/p>\n\n\n\n<p>Il est donc important que tous les membres de l&rsquo;\u00e9quipe aient la possibilit\u00e9 de <strong>se <\/strong><a href=\"https:\/\/ifeelonline.com\/fr\/deconnecter-du-travail-pendant-les-vacances\/\" data-type=\"post\" data-id=\"9260\"><strong>d\u00e9connecter du travail<\/strong> <\/a>en dehors des heures de travail et pendant leurs vacances. Cela semble \u00e9vident, mais nous l&rsquo;oublions souvent, <strong>nous tombons dans de mauvaises pratiques<\/strong> ou nous incitons nos coll\u00e8gues \u00e0 tomber dans de mauvaises pratiques, en les contactant de mani\u00e8re inutile, \u00e9vitable ou importune. \u00c9vitons cela.<\/p>\n\n\n\n<h3 class=\"wp-block-heading\">M\u00e9fiez-vous des d\u00eeners de No\u00ebl organis\u00e9s par l&rsquo;entreprise<\/h3>\n\n\n\n<p>Partager des moments de qualit\u00e9 avec nos coll\u00e8gues, m\u00eame en dehors du bureau et des heures de travail, est l&rsquo;une des cl\u00e9s pour<strong><a href=\"https:\/\/ifeelonline.com\/fr\/renforcer-cohesion-d-equipe\/\" data-type=\"link\" data-id=\"https:\/\/ifeelonline.com\/fr\/renforcer-cohesion-d-equipe\/\"> g\u00e9n\u00e9rer de la coh\u00e9sion dans les \u00e9quipes<\/a><\/strong> et tisser des <strong>liens d&rsquo;affection entre les employ\u00e9s<\/strong>, ce qui peut \u00e9galement contribuer \u00e0 la performance de chacun.&nbsp;<\/p>\n\n\n\n<p>Il convient toutefois de faire attention \u00e0 certains \u00e9v\u00e9nements, tels que les repas de No\u00ebl organis\u00e9s par l&rsquo;entreprise. Ces r\u00e9unions peuvent \u00eatre une<strong> <a href=\"https:\/\/ifeelonline.com\/fr\/resolution-des-conflits-au-travail\/\" data-type=\"post\" data-id=\"8086\">source de conflit<\/a> ou de <a href=\"https:\/\/ifeelonline.com\/fr\/stress-au-travail-arret-maladie\/\" data-type=\"post\" data-id=\"9054\">stress au travail<\/a><\/strong> si elles ne sont pas bien planifi\u00e9es ou si, pour une raison ou une autre, elles ne tombent pas au bon moment : on n&rsquo;en a pas les moyens, on n&rsquo;en a pas envie, notre situation dans l&rsquo;entreprise est compromise, on se sent oblig\u00e9 d&rsquo;y participer mais cela nous met mal \u00e0 l&rsquo;aise ou, sans le vouloir, on fait un esclandre entre un verre et l&rsquo;autre.&nbsp;<\/p>\n\n\n\n<p>Dans cet article sur<a href=\"https:\/\/ifeelonline.com\/fr\/diners-d-entreprise\/\" data-type=\"link\" data-id=\"https:\/\/ifeelonline.com\/fr\/diners-d-entreprise\/\"> les d\u00eeners d&rsquo;entreprise<\/a>, nous vous donnons quelques id\u00e9es pour que, dans la marge dont chacun dispose, vous ou les membres de votre \u00e9quipe sortiez de ces \u00e9v\u00e9nements d&rsquo;entreprise du bon pied.&nbsp;<\/p>\n\n\n\n<figure class=\"wp-block-image size-full\"><img decoding=\"async\" width=\"708\" height=\"380\" src=\"https:\/\/ifeelonline.com\/fr\/wp-content\/uploads\/sites\/3\/2023\/09\/noel-3.jpg\" alt=\"stress au travail \u00e0 No\u00ebl\" class=\"wp-image-9537\" srcset=\"https:\/\/ifeelonline.com\/fr\/wp-content\/uploads\/sites\/3\/2023\/09\/noel-3.jpg 708w, https:\/\/ifeelonline.com\/fr\/wp-content\/uploads\/sites\/3\/2023\/09\/noel-3-300x161.jpg 300w\" sizes=\"(max-width: 708px) 100vw, 708px\" \/><\/figure>\n\n\n\n<h2 class=\"wp-block-heading\">Prot\u00e9ger le bien-\u00eatre \u00e9motionnel dans les organisations<\/h2>\n\n\n\n<p>Chez ifeel, nous ne voulons pas que<strong> l&rsquo;esprit de No\u00ebl devienne une source de stress au travail<\/strong> pour les membres de votre \u00e9quipe. Personne n&rsquo;est oblig\u00e9 de profiter de cette p\u00e9riode de l&rsquo;ann\u00e9e ou d&rsquo;y participer activement, mais il est n\u00e9cessaire que leur <strong>bien-\u00eatre psychologique<\/strong> sur lieu de travail et en dehors ne soit pas endommag\u00e9 si cela peut \u00eatre \u00e9vit\u00e9.\u00a0<\/p>\n\n\n\n<p>Pour vous aider, notre \u00e9quipe de&nbsp;<a href=\"https:\/\/ifeelonline.com\/fr\/notre-departement-de-recherche-clinique\/\">psychologues<\/a>, experts en bien-\u00eatre au travail, a cr\u00e9\u00e9<strong>&nbsp;un programme de bien-\u00eatre mental pour les travailleurs&nbsp;<\/strong>qui a un impact positif sur&nbsp;<strong><a href=\"https:\/\/ifeelonline.com\/fr\/boite-a-outils-rh\/manuel-comment-prevenir-le-burnout-au-travail\/?partner=ifeel_internLinkPost\">la pr\u00e9vention du burnout<\/a><\/strong>,&nbsp;<strong><a href=\"https:\/\/ifeelonline.com\/fr\/comment-reduire-l-absenteisme\/\">la r\u00e9duction de l\u2019absent\u00e9isme<\/a><\/strong>&nbsp;et la lutte contre&nbsp;<strong><a href=\"https:\/\/ifeelonline.com\/fr\/outils\/identifier-le-stress-parmi-vos-employes\/?partner=ifeel_internLinkPost\">le stress des collaborateurs<\/a><\/strong>.<\/p>\n\n\n\n<p>Nous travaillons en partenariat avec des entreprises du monde entier pour&nbsp;<strong>inspirer la croissance humaine et guider les organisations<\/strong>&nbsp;dans l\u2019instauration d\u2019une&nbsp;<strong><a href=\"https:\/\/ifeelonline.com\/fr\/culture-positive\/?partner=ifeel_internLinkPost\">culture positive du bien-\u00eatre mental<\/a><\/strong>. Une approche sur mesure et centr\u00e9e sur les personnes qui place la sant\u00e9 de vos collaborateurs au centre, en tant que pilier fondamental pour<strong><a href=\"https:\/\/ifeelonline.com\/fr\/guide-pour-renforcer-votre-strategie-en-matiere-de-talents\/?partner=ifeel_internLinkPost\">&nbsp;attirer et retenir les talents<\/a><\/strong>&nbsp;ainsi que pour renforcer leur sentiment d\u2019appartenance.<\/p>\n\n\n\n<p>Nous esp\u00e9rons que cet article sur&nbsp;<strong>nos ateliers de sant\u00e9 mentale en entreprise<\/strong>&nbsp;vous a int\u00e9ress\u00e9 et nous vous invitons \u00e0 jeter un coup d\u2019\u0153il \u00e0 notre nouvelle section sur&nbsp;<a href=\"https:\/\/ifeelonline.com\/fr\/sante-mentale-pour-les-assureurs\/\">la sant\u00e9 mentale pour les assureurs<\/a>. Pour&nbsp;<a href=\"https:\/\/ifeelonline.com\/fr\/demander-une-demo\/\">plus d\u2019informations<\/a>&nbsp;sur notre programme de bien-\u00eatre mental pour les entreprises, contactez-nous !<\/p>\n\n    <div class=\"xs_social_share_widget xs_share_url after_content \t\tmain_content  wslu-style-1 wslu-share-box-shaped wslu-fill-colored wslu-none wslu-share-horizontal wslu-theme-font-no wslu-main_content\">\n\n\t\t\n        <ul>\n\t\t\t        <\/ul>\n    <\/div> \n","protected":false},"excerpt":{"rendered":"<p>Le stress au travail \u00e0 No\u00ebl peut devenir un facteur de risque psychosocial s&rsquo;il n&rsquo;est pas pris en compte par les responsables des ressources humaines. <\/p>\n","protected":false},"author":8,"featured_media":11759,"comment_status":"closed","ping_status":"open","sticky":false,"template":"","format":"standard","meta":{"content-type":"","postBodyCss":"","postBodyMargin":[],"postBodyPadding":[],"postBodyBackground":{"backgroundType":"classic","gradient":""},"footnotes":""},"categories":[27,34],"tags":[],"class_list":["post-9536","post","type-post","status-publish","format-standard","has-post-thumbnail","hentry","category-bien-etre-au-travail","category-stress-au-travail"],"_links":{"self":[{"href":"https:\/\/ifeelonline.com\/fr\/wp-json\/wp\/v2\/posts\/9536","targetHints":{"allow":["GET"]}}],"collection":[{"href":"https:\/\/ifeelonline.com\/fr\/wp-json\/wp\/v2\/posts"}],"about":[{"href":"https:\/\/ifeelonline.com\/fr\/wp-json\/wp\/v2\/types\/post"}],"author":[{"embeddable":true,"href":"https:\/\/ifeelonline.com\/fr\/wp-json\/wp\/v2\/users\/8"}],"replies":[{"embeddable":true,"href":"https:\/\/ifeelonline.com\/fr\/wp-json\/wp\/v2\/comments?post=9536"}],"version-history":[{"count":0,"href":"https:\/\/ifeelonline.com\/fr\/wp-json\/wp\/v2\/posts\/9536\/revisions"}],"wp:featuredmedia":[{"embeddable":true,"href":"https:\/\/ifeelonline.com\/fr\/wp-json\/wp\/v2\/media\/11759"}],"wp:attachment":[{"href":"https:\/\/ifeelonline.com\/fr\/wp-json\/wp\/v2\/media?parent=9536"}],"wp:term":[{"taxonomy":"category","embeddable":true,"href":"https:\/\/ifeelonline.com\/fr\/wp-json\/wp\/v2\/categories?post=9536"},{"taxonomy":"post_tag","embeddable":true,"href":"https:\/\/ifeelonline.com\/fr\/wp-json\/wp\/v2\/tags?post=9536"}],"curies":[{"name":"wp","href":"https:\/\/api.w.org\/{rel}","templated":true}]}}