{"id":9530,"date":"2023-09-25T09:12:14","date_gmt":"2023-09-25T08:12:14","guid":{"rendered":"https:\/\/ifeelonline.com\/fr\/?p=9530"},"modified":"2023-09-25T09:12:15","modified_gmt":"2023-09-25T08:12:15","slug":"employes-aidants","status":"publish","type":"post","link":"https:\/\/ifeelonline.com\/fr\/employes-aidants\/","title":{"rendered":"Soutenir les employ\u00e9s aidants : Un imp\u00e9ratif pour le bien-\u00eatre au travail"},"content":{"rendered":"\n<p>Les <strong>employ\u00e9s aidants<\/strong>, ces individus qui jonglent entre leur r\u00f4le professionnel et leur responsabilit\u00e9 d&rsquo;aider un proche dans le besoin en raison de son <strong>\u00e9tat de sant\u00e9, de son \u00e2ge ou d\u2019une situation de handicap<\/strong>, constituent une part significative de la main-d&rsquo;\u0153uvre d&rsquo;aujourd&rsquo;hui. Leur contribution est inestimable, mais <strong>leur situation peut \u00eatre exigeante sur le plan \u00e9motionnel<\/strong> et logistique. Dans cet article, nous examinerons le r\u00f4le vital des employ\u00e9s aidants en entreprise et les dispositifs qui peuvent \u00eatre mis en place pour les soutenir.<\/p>\n\n\n\n<h2 class=\"wp-block-heading\">Le d\u00e9fi des employ\u00e9s aidants<\/h2>\n\n\n\n<p>En France,&nbsp;<strong>8 \u00e0 11 millions de personnes soutiennent au quotidien un proche en perte d&rsquo;autonomie ou en situation de handicap<\/strong>. Ces aidants souffrent g\u00e9n\u00e9ralement d&rsquo;isolement, d&rsquo;\u00e9puisement et d&rsquo;un manque de reconnaissance. Les employ\u00e9s aidants sont confront\u00e9s \u00e0 <strong>une double charge de travail<\/strong>, ce qui peut entra\u00eener<strong> du stress, de la fatigue et m\u00eame des probl\u00e8mes de sant\u00e9 mentale<\/strong>. Ils jonglent avec leurs obligations professionnelles tout en offrant un soutien inestimable \u00e0 leurs proches. Cette situation peut<strong> affecter leur bien-\u00eatre et leur productivit\u00e9 au travail<\/strong>.<\/p>\n\n\n\n<figure class=\"wp-block-image size-large\"><img fetchpriority=\"high\" decoding=\"async\" width=\"1024\" height=\"683\" src=\"https:\/\/ifeelonline.com\/fr\/wp-content\/uploads\/sites\/3\/2023\/09\/road-trip-with-raj-_cbKur5I60A-unsplash-1024x683.jpg\" alt=\"employ\u00e9s aidants\" class=\"wp-image-9534\" srcset=\"https:\/\/ifeelonline.com\/fr\/wp-content\/uploads\/sites\/3\/2023\/09\/road-trip-with-raj-_cbKur5I60A-unsplash-1024x683.jpg 1024w, https:\/\/ifeelonline.com\/fr\/wp-content\/uploads\/sites\/3\/2023\/09\/road-trip-with-raj-_cbKur5I60A-unsplash-300x200.jpg 300w, https:\/\/ifeelonline.com\/fr\/wp-content\/uploads\/sites\/3\/2023\/09\/road-trip-with-raj-_cbKur5I60A-unsplash-768x512.jpg 768w, https:\/\/ifeelonline.com\/fr\/wp-content\/uploads\/sites\/3\/2023\/09\/road-trip-with-raj-_cbKur5I60A-unsplash-1536x1024.jpg 1536w, https:\/\/ifeelonline.com\/fr\/wp-content\/uploads\/sites\/3\/2023\/09\/road-trip-with-raj-_cbKur5I60A-unsplash-2048x1365.jpg 2048w\" sizes=\"(max-width: 1024px) 100vw, 1024px\" \/><\/figure>\n\n\n\n<h2 class=\"wp-block-heading\">Soutenir les Employ\u00e9s Aidants<\/h2>\n\n\n\n<p>Les entreprises conscientes de l&rsquo;importance de leurs employ\u00e9s aidants peuvent mettre en place des dispositifs de soutien pour les aider \u00e0 <a href=\"https:\/\/ifeelonline.com\/fr\/conciliation-travail-famille\/\"><strong>concilier leurs responsabilit\u00e9s professionnelles et familiales<\/strong><\/a>. Voici quelques mesures \u00e0 consid\u00e9rer :<\/p>\n\n\n\n<ul class=\"wp-block-list\">\n<li><strong><a href=\"https:\/\/ifeelonline.com\/fr\/ecouter-les-employes\/\" data-type=\"post\" data-id=\"9220\">\u00c9coute consciente<\/a> : <\/strong>\u00c9couter les collaborateurs est toujours important, mais sp\u00e9cialement dans ces cas-l\u00e0. Avec une \u00e9coute active et libre de jugements, vous pourrez mieux conna\u00eetre les circonstances r\u00e9elles de votre collaborateur et savoir quelles options peuvent \u00eatre offertes. Il n\u2019est pas n\u00e9cessaire de conna\u00eetre tous les d\u00e9tails, juste savoir que vous \u00eates l\u00e0.\u00a0<\/li>\n<\/ul>\n\n\n\n<ul class=\"wp-block-list\">\n<li><strong>Politiques de Cong\u00e9s Flexibles<\/strong> : Offrir des options de cong\u00e9s flexibles, du t\u00e9l\u00e9travail ou des horaires adapt\u00e9s pour permettre aux employ\u00e9s aidants de mieux g\u00e9rer leur temps.<\/li>\n<\/ul>\n\n\n\n<ul class=\"wp-block-list\">\n<li><strong>Programmes de soutien psychologique<\/strong> : Mettre en place des services de counseling ou de soutien psychologique pour aider les employ\u00e9s aidants \u00e0 faire face au stress et \u00e0 <a href=\"https:\/\/ifeelonline.com\/fr\/anxiete-au-travail\/\" data-type=\"post\" data-id=\"9038\">l&rsquo;anxi\u00e9t\u00e9.<\/a><\/li>\n<\/ul>\n\n\n\n<ul class=\"wp-block-list\">\n<li><strong>Groupes de soutien <\/strong>: Cr\u00e9er des groupes de soutien en interne o\u00f9 les employ\u00e9s aidants peuvent partager leurs exp\u00e9riences et obtenir des conseils de leurs pairs.<\/li>\n<\/ul>\n\n\n\n<ul class=\"wp-block-list\">\n<li><strong><a href=\"https:\/\/ifeelonline.com\/fr\/formation-de-bien-etre-au-travail\/\" data-type=\"post\" data-id=\"9142\">Formations sensibilisation<\/a> :<\/strong> Sensibiliser l&rsquo;ensemble du personnel \u00e0 la r\u00e9alit\u00e9 des employ\u00e9s aidants pour favoriser la compr\u00e9hension et la solidarit\u00e9.<\/li>\n<\/ul>\n\n\n\n<ul class=\"wp-block-list\">\n<li><strong>Acc\u00e8s \u00e0 des ressources : <\/strong>Fournir aux employ\u00e9s aidants des informations sur les ressources locales, les services de soins \u00e0 domicile, et les programmes gouvernementaux d&rsquo;aide aux aidants.<\/li>\n<\/ul>\n\n\n\n<h2 class=\"wp-block-heading\">Les avantages d&rsquo;un soutien aux employ\u00e9s aidants<\/h2>\n\n\n\n<p>Investir dans le soutien aux employ\u00e9s aidants n&rsquo;est pas seulement une d\u00e9marche \u00e9thique, mais aussi <strong>une strat\u00e9gie intelligente en entreprise<\/strong>. Les avantages incluent une am\u00e9lioration du moral et du bien-\u00eatre des employ\u00e9s, une r\u00e9duction de l&rsquo;absent\u00e9isme et de la rotation du personnel, ainsi qu&rsquo;une meilleure productivit\u00e9 globale.<\/p>\n\n\n\n<figure class=\"wp-block-image size-large\"><img decoding=\"async\" width=\"1024\" height=\"683\" src=\"https:\/\/ifeelonline.com\/fr\/wp-content\/uploads\/sites\/3\/2023\/09\/rosie-sun-rTwhmFSoXC8-unsplash-1024x683.jpg\" alt=\"employ\u00e9s aidants\" class=\"wp-image-9532\" srcset=\"https:\/\/ifeelonline.com\/fr\/wp-content\/uploads\/sites\/3\/2023\/09\/rosie-sun-rTwhmFSoXC8-unsplash-1024x683.jpg 1024w, https:\/\/ifeelonline.com\/fr\/wp-content\/uploads\/sites\/3\/2023\/09\/rosie-sun-rTwhmFSoXC8-unsplash-300x200.jpg 300w, https:\/\/ifeelonline.com\/fr\/wp-content\/uploads\/sites\/3\/2023\/09\/rosie-sun-rTwhmFSoXC8-unsplash-768x512.jpg 768w, https:\/\/ifeelonline.com\/fr\/wp-content\/uploads\/sites\/3\/2023\/09\/rosie-sun-rTwhmFSoXC8-unsplash-1536x1024.jpg 1536w, https:\/\/ifeelonline.com\/fr\/wp-content\/uploads\/sites\/3\/2023\/09\/rosie-sun-rTwhmFSoXC8-unsplash-2048x1365.jpg 2048w\" sizes=\"(max-width: 1024px) 100vw, 1024px\" \/><\/figure>\n\n\n\n<h2 class=\"wp-block-heading\">Favoriser le bien-\u00eatre au travail<\/h2>\n\n\n\n<p><strong>Reconna\u00eetre et soutenir les employ\u00e9s aidants<\/strong> en entreprise est essentiel pour promouvoir le bien-\u00eatre au travail et maintenir une main-d&rsquo;\u0153uvre \u00e9panouie. Les dispositifs mis en place peuvent varier en fonction des besoins sp\u00e9cifiques de chaque organisation, mais l&rsquo;objectif reste le m\u00eame : permettre \u00e0 ces employ\u00e9s d\u00e9vou\u00e9s de s&rsquo;\u00e9panouir professionnellement tout en prenant soin de leurs proches.<br><br>Chez <strong>ifeel<\/strong>, nous travaillons en partenariat avec des entreprises du monde entier pour inspirer la croissance humaine et guider les organisations dans l&rsquo;instauration d&rsquo;une <strong>culture positive du bien-\u00eatre mental<\/strong>. Une approche sur mesure et centr\u00e9e sur les personnes qui place<strong> la sant\u00e9 de vos collaborateurs au centre<\/strong>, en tant que pilier fondamental pour <strong>attirer et retenir les talents<\/strong> ainsi que pour renforcer leur sentiment d&rsquo;appartenance.&nbsp;<\/p>\n\n\n\n<p><strong>Une solution unique, compl\u00e8te et \u00e9volutive<\/strong> qui utilise la puissance des donn\u00e9es pour fournir une compr\u00e9hension holistique du bien-\u00eatre psychologique de vos employ\u00e9s, tout en garantissant la qualit\u00e9 du service et la confidentialit\u00e9 pour votre \u00e9quipe.Nous esp\u00e9rons que cet article sur <strong>les employ\u00e9s aidants <\/strong>vous a int\u00e9ress\u00e9. Si vous souhaitez obtenir<a href=\"https:\/\/ifeelonline.com\/fr\/demander-une-demo\/\"> plus d&rsquo;informations<\/a> sur les solutions d&rsquo;ifeel en mati\u00e8re de bien-\u00eatre mental pour les entreprises, il vous suffit de demander et nous contacterons votre \u00e9quipe dans les plus brefs d\u00e9lais.<\/p>\n\n    <div class=\"xs_social_share_widget xs_share_url after_content \t\tmain_content  wslu-style-1 wslu-share-box-shaped wslu-fill-colored wslu-none wslu-share-horizontal wslu-theme-font-no wslu-main_content\">\n\n\t\t\n        <ul>\n\t\t\t        <\/ul>\n    <\/div> \n","protected":false},"excerpt":{"rendered":"<p>Les employ\u00e9s aidants jonglent entre leur travail et leur responsabilit\u00e9 d&rsquo;aider un proche dans le besoin en raison de son \u00e9tat de sant\u00e9, \u00e2ge ou handicap.<\/p>\n","protected":false},"author":53,"featured_media":9531,"comment_status":"closed","ping_status":"open","sticky":false,"template":"","format":"standard","meta":{"content-type":"","postBodyCss":"","postBodyMargin":[],"postBodyPadding":[],"postBodyBackground":{"backgroundType":"classic","gradient":""},"footnotes":""},"categories":[27,34],"tags":[],"class_list":["post-9530","post","type-post","status-publish","format-standard","has-post-thumbnail","hentry","category-bien-etre-au-travail","category-stress-au-travail"],"_links":{"self":[{"href":"https:\/\/ifeelonline.com\/fr\/wp-json\/wp\/v2\/posts\/9530","targetHints":{"allow":["GET"]}}],"collection":[{"href":"https:\/\/ifeelonline.com\/fr\/wp-json\/wp\/v2\/posts"}],"about":[{"href":"https:\/\/ifeelonline.com\/fr\/wp-json\/wp\/v2\/types\/post"}],"author":[{"embeddable":true,"href":"https:\/\/ifeelonline.com\/fr\/wp-json\/wp\/v2\/users\/53"}],"replies":[{"embeddable":true,"href":"https:\/\/ifeelonline.com\/fr\/wp-json\/wp\/v2\/comments?post=9530"}],"version-history":[{"count":0,"href":"https:\/\/ifeelonline.com\/fr\/wp-json\/wp\/v2\/posts\/9530\/revisions"}],"wp:featuredmedia":[{"embeddable":true,"href":"https:\/\/ifeelonline.com\/fr\/wp-json\/wp\/v2\/media\/9531"}],"wp:attachment":[{"href":"https:\/\/ifeelonline.com\/fr\/wp-json\/wp\/v2\/media?parent=9530"}],"wp:term":[{"taxonomy":"category","embeddable":true,"href":"https:\/\/ifeelonline.com\/fr\/wp-json\/wp\/v2\/categories?post=9530"},{"taxonomy":"post_tag","embeddable":true,"href":"https:\/\/ifeelonline.com\/fr\/wp-json\/wp\/v2\/tags?post=9530"}],"curies":[{"name":"wp","href":"https:\/\/api.w.org\/{rel}","templated":true}]}}