{"id":9445,"date":"2023-08-29T16:16:26","date_gmt":"2023-08-29T15:16:26","guid":{"rendered":"https:\/\/ifeelonline.com\/fr\/?p=9445"},"modified":"2023-08-29T16:16:27","modified_gmt":"2023-08-29T15:16:27","slug":"competitivite-au-travail","status":"publish","type":"post","link":"https:\/\/ifeelonline.com\/fr\/competitivite-au-travail\/","title":{"rendered":"Comp\u00e9titivit\u00e9 au travail : au-del\u00e0 de tous et contre tous"},"content":{"rendered":"\n<p>Il existe un exemple classique de situations qui g\u00e9n\u00e8rent de<strong> la comp\u00e9titivit\u00e9 au travail<\/strong>. Si vous avez travaill\u00e9 dans un grand magasin ou dans le secteur de l&rsquo;h\u00f4tellerie, vous le connaissez. Il s&rsquo;agit du d\u00e9bat au sein des \u00e9quipes de travail sur la question de savoir si les pourboires (ou les commissions, comme on les appelle dans le jargon) doivent \u00eatre individuels ou partag\u00e9s.&nbsp;<\/p>\n\n\n\n<p>Les premiers ont un avantage incontestable sur les seconds : si les commissions sont distribu\u00e9es sur une base individuelle, elles permettent de voir <strong>quel employ\u00e9 est le plus performant<\/strong>. En revanche, elles g\u00e9n\u00e8rent de <strong>la concurrence et sont donc susceptibles de cr\u00e9er des tensions au sein de l&rsquo;\u00e9quipe<\/strong>.&nbsp;<\/p>\n\n\n\n<p>Les commissions partag\u00e9es, en revanche, cr\u00e9ent <strong>un <a href=\"https:\/\/ifeelonline.com\/fr\/climat-de-travail\/\" data-type=\"post\" data-id=\"8412\">climat relationnel<\/a><\/strong> <strong>plus d\u00e9tendu <\/strong>et encouragent la coop\u00e9ration. Apr\u00e8s tout, quoi qu&rsquo;il arrive, s&rsquo;il y a une vente, il y a forc\u00e9ment un b\u00e9n\u00e9fice, quelle que soit la personne qui conclut cette vente, et il est donc dans notre int\u00e9r\u00eat de nous aider les uns les autres, car cela multipliera les b\u00e9n\u00e9fices. Toutefois, les commissions partag\u00e9es tendent \u00e0 \u00eatre per\u00e7ues par certains managers comme une source d&rsquo;accommodement pour les employ\u00e9s moins proactifs ou moins agiles. En outre, elles ne permettent pas de voir aussi clairement<strong> les diff\u00e9rences de performance entre les employ\u00e9s.\u00a0<\/strong><\/p>\n\n\n\n<figure class=\"wp-block-image size-full\"><img fetchpriority=\"high\" decoding=\"async\" width=\"708\" height=\"380\" src=\"https:\/\/ifeelonline.com\/fr\/wp-content\/uploads\/sites\/3\/2023\/08\/competitivite-2.jpg\" alt=\"comp\u00e9titivit\u00e9 au travail\" class=\"wp-image-9446\" srcset=\"https:\/\/ifeelonline.com\/fr\/wp-content\/uploads\/sites\/3\/2023\/08\/competitivite-2.jpg 708w, https:\/\/ifeelonline.com\/fr\/wp-content\/uploads\/sites\/3\/2023\/08\/competitivite-2-300x161.jpg 300w\" sizes=\"(max-width: 708px) 100vw, 708px\" \/><\/figure>\n\n\n\n<p>Aucun syst\u00e8me n&rsquo;est parfait pour une entreprise et <strong>chaque entreprise doit d\u00e9cider du syst\u00e8me de travail qu&rsquo;elle souhaite promouvoir<\/strong>, en fonction de sa culture d&rsquo;entreprise et de ses besoins. Ce qui est clair, c&rsquo;est qu&rsquo;elles sont toutes compos\u00e9es de personnes et qu&rsquo;elles doivent donc faire face \u00e0 la question de la comp\u00e9titivit\u00e9 au travail. Dans cet article, nous souhaitons vous en parler.<\/p>\n\n\n\n<h2 class=\"wp-block-heading\">Qu&rsquo;est-ce que la comp\u00e9titivit\u00e9 au travail ?<\/h2>\n\n\n\n<p>Nombreux sont ceux qui se demandent quelles sont les causes de <strong>la comp\u00e9titivit\u00e9<\/strong>, pourquoi elle se produit ou comment r\u00e9soudre ce que nous appelons<strong> la comp\u00e9titivit\u00e9 au travail<\/strong>, comme s&rsquo;il s&rsquo;agissait &#8211; par d\u00e9finition &#8211; d&rsquo;un probl\u00e8me auquel sont confront\u00e9es les entreprises.&nbsp;<\/p>\n\n\n\n<p>Or, il faut partir du principe que la concurrence est inh\u00e9rente \u00e0 l&rsquo;\u00eatre humain (sinon nous ne serions jamais sortis des cavernes) et qu&rsquo;elle est, d&rsquo;une certaine mani\u00e8re, in\u00e9vitable dans le monde de l&rsquo;entreprise. La question est de savoir si nous comprenons la comp\u00e9titivit\u00e9 au travail comme une guerre sans limites jusqu&rsquo;\u00e0 ce que nous parvenions \u00e0 nous imposer aux autres, ou si nous savons la canaliser comme<strong> un outil sain pour faire en sorte que les projets avancent ensemble<\/strong>.&nbsp;<\/p>\n\n\n\n<p>Quoi qu&rsquo;il en soit, concourir, c&rsquo;est chercher \u00e0 obtenir un prix ou \u00e0 atteindre un objectif que d&rsquo;autres chercheront \u00e9galement \u00e0 atteindre et qui ne pourra pas \u00eatre partag\u00e9 : en quelque sorte, il n&rsquo;y en aura que pour le premier qui atteindra la ligne d&rsquo;arriv\u00e9e. Peu importe que cet objectif soit mat\u00e9riel (une prime \u00e0 la fin de l&rsquo;ann\u00e9e) ou immat\u00e9riel (renforcer ma position vis-\u00e0-vis du patron, satisfaire mon besoin d&rsquo;\u00eatre au-dessus des autres&#8230;). L&rsquo;id\u00e9e de comp\u00e9titivit\u00e9 nous fait penser au fameux \u00ab\u00a0Il ne peut rester qu&rsquo;un seul d&rsquo;entre nous\u00a0\u00bb.<\/p>\n\n\n\n<p>Par ailleurs, <strong>la comp\u00e9titivit\u00e9 au travail implique de mettre en \u0153uvre mes ressources personnelles <\/strong>pour que les performances soient sup\u00e9rieures \u00e0 celles des coll\u00e8gues. De cette mani\u00e8re, mon b\u00e9n\u00e9fice personnel (la r\u00e9tribution financi\u00e8re et \u00e9motionnelle que je re\u00e7ois en \u00e9change de mes performances) sera \u00e9galement plus \u00e9lev\u00e9.&nbsp;<\/p>\n\n\n\n<h3 class=\"wp-block-heading\">Concurrence avec les autres ou concurrence avec soi-m\u00eame ?<\/h3>\n\n\n\n<p><strong>La comp\u00e9titivit\u00e9 au travail <\/strong>peut \u00eatre consid\u00e9r\u00e9e d&rsquo;un point de vue tr\u00e8s autor\u00e9f\u00e9rentiel, c&rsquo;est-\u00e0-dire en accordant peu d&rsquo;attention \u00e0 ce que font les autres et en se concentrant beaucoup sur son propre travail. Elle peut \u00e9galement \u00eatre per\u00e7ue de mani\u00e8re oppos\u00e9e : \u00eatre toujours conscient de ce que font les autres afin d&rsquo;ajuster mes performances aux leurs, voire les consid\u00e9rer comme des rivaux et les attaquer si n\u00e9cessaire.&nbsp;<\/p>\n\n\n\n<p>En fait, lorsqu&rsquo;il s&rsquo;agit de d\u00e9cider si l&rsquo;on doit ou non entrer en comp\u00e9tition avec lui ou elle, on peut classer l&rsquo;autre en trois cat\u00e9gories :&nbsp;<\/p>\n\n\n\n<h4 class=\"wp-block-heading\">1. L&rsquo;autre comme rival<\/h4>\n\n\n\n<p>C&rsquo;est un adversaire, quelqu&rsquo;un qui <strong>entrave la r\u00e9alisation de mes objectifs<\/strong>, quelqu&rsquo;un qui me cr\u00e9e des probl\u00e8mes, quelqu&rsquo;un dont le b\u00e9n\u00e9fice m&rsquo;est pr\u00e9judiciable. En d&rsquo;autres termes, l&rsquo;autre est une menace.<\/p>\n\n\n\n<h4 class=\"wp-block-heading\">2. L&rsquo;autre comme collaborateur<\/h4>\n\n\n\n<p>Le collaborateur est un alli\u00e9 avec lequel j&rsquo;ai des objectifs communs et avec lequel je rivalise, en formant une \u00e9quipe, pour les atteindre et pour notre b\u00e9n\u00e9fice \u00e0 tous les deux.&nbsp;&nbsp;<\/p>\n\n\n\n<h4 class=\"wp-block-heading\">3. L&rsquo;autre comme quelqu&rsquo;un d&rsquo;indiff\u00e9rent<\/h4>\n\n\n\n<p>Il n&rsquo;y a pas d&rsquo;\u00e9change d&rsquo;influence. Il n&rsquo;y a pas besoin de le vaincre et il n&rsquo;y pas l&rsquo;impression qu&rsquo;il ou elle interf\u00e8re dans la r\u00e9alisation des objectifs. Cette approche est typique des \u00e9quipes dans lesquelles les membres sont peu interd\u00e9pendants ou des \u00e9quipes dans lesquelles les membres n&rsquo;ont pas besoin de s&rsquo;attaquer les uns aux autres pour faire ressortir les individualit\u00e9s.&nbsp;&nbsp;<\/p>\n\n\n\n<p>Dans tous les cas, ces nuances ont des implications importantes pour<strong> les relations entre pairs<\/strong>, la motivation individuelle, la coh\u00e9sion de l&rsquo;\u00e9quipe et, en fin de compte, pour le bien-\u00eatre psychologique de tous.&nbsp;<\/p>\n\n\n\n<p>Ainsi, dans ce contraste entre comp\u00e9tition et partage, nous observons que la comp\u00e9titivit\u00e9 au travail peut \u00e9veiller chez les employ\u00e9s l&rsquo;instinct de <strong>se surpasser les uns les autres<\/strong>, mais aussi de se surpasser eux-m\u00eames, ce qui n&rsquo;est pas forc\u00e9ment n\u00e9gatif, mais au contraire tr\u00e8s productif pour toutes les parties.&nbsp;<\/p>\n\n\n\n<p>Cependant, lorsqu&rsquo;elle passe par de mauvais canaux, elle peut aussi r\u00e9veiller dans les \u00e9quipes de travail des<strong> pulsions d&rsquo;agressivit\u00e9 et d&rsquo;hostilit\u00e9<\/strong> qui conduisent les coll\u00e8gues \u00e0 se \u00ab\u00a0nuire\u00a0\u00bb mutuellement afin d&rsquo;entraver leurs performances, se consid\u00e9rant comme des ennemis plut\u00f4t que comme des personnes avec lesquelles tisser des liens affectifs favorables.&nbsp;<\/p>\n\n\n\n<h2 class=\"wp-block-heading\">Quelques traits de la personne comp\u00e9titive<\/h2>\n\n\n\n<p>Comme il existe une grande vari\u00e9t\u00e9 de contextes de travail, d&rsquo;objectifs, d&rsquo;incitations pour les collaborateurs et de <strong>m\u00e9thodologies pour am\u00e9liorer la <a href=\"https:\/\/ifeelonline.com\/fr\/mesurer-la-productivite-au-travail\/\" data-type=\"post\" data-id=\"8218\">productivit\u00e9<\/a><\/strong>, il existe \u00e9galement une grande vari\u00e9t\u00e9 de modes de comp\u00e9tition, pratiqu\u00e9s par des travailleurs aux caract\u00e9ristiques tr\u00e8s diff\u00e9rentes.\u00a0<\/p>\n\n\n\n<p>Toutefois, si nous observons les personnes que nous consid\u00e9rons comme comp\u00e9titives, ou si nous observons les personnes dans les contextes o\u00f9 elles se sentent pouss\u00e9es \u00e0 rivaliser avec leurs coll\u00e8gues, nous pouvons rep\u00e9rer chez elles certains traits qui aident \u00e0 expliquer leur comportement.&nbsp;&nbsp;<\/p>\n\n\n\n<h3 class=\"wp-block-heading\">La non-conformit\u00e9<\/h3>\n\n\n\n<p>Par d\u00e9finition, une personne qui entre en comp\u00e9tition pour atteindre un objectif, que ce soit contre elle-m\u00eame ou contre d&rsquo;autres, est quelqu&rsquo;un qui veut quelque chose de diff\u00e9rent et de meilleur que ce qu&rsquo;elle a maintenant. Elle n&rsquo;est pas satisfaite de ses performances actuelles et ressent le besoin ou le d\u00e9sir de les am\u00e9liorer.&nbsp;<\/p>\n\n\n\n<h3 class=\"wp-block-heading\">Le perfectionnisme<\/h3>\n\n\n\n<p>La comp\u00e9tition est, d&rsquo;une certaine mani\u00e8re, <strong>le d\u00e9sir de montrer clairement que nous sommes meilleurs que les autres <\/strong>ou que nous sommes meilleurs que nous ne l&rsquo;\u00e9tions nous-m\u00eames \u00e0 un moment ant\u00e9rieur. La comp\u00e9titivit\u00e9 au travail conduit, en ce sens, \u00e0 un effort plus ou moins intense d&rsquo;am\u00e9lioration.&nbsp;<\/p>\n\n\n\n<h3 class=\"wp-block-heading\">L&rsquo;ins\u00e9curit\u00e9<\/h3>\n\n\n\n<p>Dans de nombreux cas, <strong>notre d\u00e9sir de nous am\u00e9liorer ou d&rsquo;\u00eatre meilleur que nos coll\u00e8gues cache un manque de confiance<\/strong> en notre valeur actuelle. Voir les autres comme des obstacles \u00e0 notre croissance, voire comme des ennemis \u00e0 abattre, implique un certain sentiment de menace \u00e0 leur \u00e9gard.&nbsp;<\/p>\n\n\n\n<h3 class=\"wp-block-heading\">L&rsquo;\u00e9nergie<\/h3>\n\n\n\n<p>Dans la mesure de nos propres capacit\u00e9s, la comp\u00e9tition pour se d\u00e9passer ou d\u00e9passer les autres n\u00e9cessite n\u00e9cessairement l&rsquo;utilisation de nos meilleures aptitudes<strong>, la mobilisation des ressources et leur d\u00e9passement pour atteindre l&rsquo;objectif <\/strong>que l&rsquo;on s&rsquo;est fix\u00e9.&nbsp;<\/p>\n\n\n\n<h3 class=\"wp-block-heading\"><a href=\"https:\/\/ifeelonline.com\/fr\/engagement-au-travail\/\" data-type=\"post\" data-id=\"8901\">L&rsquo;engagement<\/a><\/h3>\n\n\n\n<p>Atteindre des objectifs, surtout lorsqu&rsquo;ils sont tr\u00e8s pr\u00e9cieux ou que leur r\u00e9alisation est un chemin sem\u00e9 d&#8217;emb\u00fbches (par exemple, dans un contexte de comp\u00e9titivit\u00e9 au travail), ne peut se faire sans <strong>un haut niveau d&rsquo;engagement, de pers\u00e9v\u00e9rance et de connexion \u00e9motionnelle<\/strong> avec ce que nous voulons ou devons atteindre.&nbsp;<\/p>\n\n\n\n<figure class=\"wp-block-image size-full\"><img decoding=\"async\" width=\"708\" height=\"380\" src=\"https:\/\/ifeelonline.com\/fr\/wp-content\/uploads\/sites\/3\/2023\/08\/competitivite-3.jpg\" alt=\"la comp\u00e9titivit\u00e9 au travail\" class=\"wp-image-9447\" srcset=\"https:\/\/ifeelonline.com\/fr\/wp-content\/uploads\/sites\/3\/2023\/08\/competitivite-3.jpg 708w, https:\/\/ifeelonline.com\/fr\/wp-content\/uploads\/sites\/3\/2023\/08\/competitivite-3-300x161.jpg 300w\" sizes=\"(max-width: 708px) 100vw, 708px\" \/><\/figure>\n\n\n\n<h2 class=\"wp-block-heading\">Bien-\u00eatre mental et \u00e9motionnel pour les entreprises<\/h2>\n\n\n\n<p>Chez <strong>ifeel<\/strong>, nous travaillons en partenariat avec des entreprises du monde entier pour inspirer la croissance humaine et guider les organisations dans l&rsquo;instauration d&rsquo;une <strong>culture positive du bien-\u00eatre menta<\/strong>l. Une approche sur mesure et centr\u00e9e sur les personnes qui place<strong> la sant\u00e9 de vos collaborateurs au centre<\/strong>, en tant que pilier fondamental pour <strong>attirer et retenir les talents<\/strong> ainsi que pour renforcer leur sentiment d&rsquo;appartenance.&nbsp;<\/p>\n\n\n\n<p><strong>Une solution unique, compl\u00e8te et \u00e9volutive<\/strong> qui utilise la puissance des donn\u00e9es pour fournir une compr\u00e9hension holistique du bien-\u00eatre psychologique de vos employ\u00e9s, tout en garantissant la qualit\u00e9 du service et la confidentialit\u00e9 pour votre \u00e9quipe.<\/p>\n\n\n\n<p>Nous esp\u00e9rons que cet article sur <strong>la comp\u00e9titivit\u00e9 au travail <\/strong>vous a int\u00e9ress\u00e9. Si vous souhaitez obtenir<a href=\"https:\/\/ifeelonline.com\/fr\/demander-une-demo\/\"> plus d&rsquo;informations<\/a> sur les solutions d&rsquo;ifeel en mati\u00e8re de <a href=\"https:\/\/ifeelonline.com\/fr\/le-bien-etre-au-travail\/\" data-type=\"post\" data-id=\"8862\">bien-\u00eatre mental pour les entreprises<\/a>, il vous suffit de demander et nous contacterons votre \u00e9quipe dans les plus brefs d\u00e9lais.<\/p>\n\n    <div class=\"xs_social_share_widget xs_share_url after_content \t\tmain_content  wslu-style-1 wslu-share-box-shaped wslu-fill-colored wslu-none wslu-share-horizontal wslu-theme-font-no wslu-main_content\">\n\n\t\t\n        <ul>\n\t\t\t        <\/ul>\n    <\/div> \n","protected":false},"excerpt":{"rendered":"<p>Il existe un exemple classique de situations qui g\u00e9n\u00e8rent de la comp\u00e9titivit\u00e9 au travail. Si vous avez travaill\u00e9 dans un grand magasin ou dans le secteur de l&rsquo;h\u00f4tellerie, vous le connaissez. Il s&rsquo;agit du d\u00e9bat au sein des \u00e9quipes de travail sur la question de savoir si les pourboires (ou les commissions, comme on les [&hellip;]<\/p>\n","protected":false},"author":8,"featured_media":9448,"comment_status":"closed","ping_status":"open","sticky":false,"template":"","format":"standard","meta":{"content-type":"","postBodyCss":"","postBodyMargin":[],"postBodyPadding":[],"postBodyBackground":{"backgroundType":"classic","gradient":""},"footnotes":""},"categories":[27,37],"tags":[],"class_list":["post-9445","post","type-post","status-publish","format-standard","has-post-thumbnail","hentry","category-bien-etre-au-travail","category-motivation-au-travail"],"_links":{"self":[{"href":"https:\/\/ifeelonline.com\/fr\/wp-json\/wp\/v2\/posts\/9445","targetHints":{"allow":["GET"]}}],"collection":[{"href":"https:\/\/ifeelonline.com\/fr\/wp-json\/wp\/v2\/posts"}],"about":[{"href":"https:\/\/ifeelonline.com\/fr\/wp-json\/wp\/v2\/types\/post"}],"author":[{"embeddable":true,"href":"https:\/\/ifeelonline.com\/fr\/wp-json\/wp\/v2\/users\/8"}],"replies":[{"embeddable":true,"href":"https:\/\/ifeelonline.com\/fr\/wp-json\/wp\/v2\/comments?post=9445"}],"version-history":[{"count":0,"href":"https:\/\/ifeelonline.com\/fr\/wp-json\/wp\/v2\/posts\/9445\/revisions"}],"wp:featuredmedia":[{"embeddable":true,"href":"https:\/\/ifeelonline.com\/fr\/wp-json\/wp\/v2\/media\/9448"}],"wp:attachment":[{"href":"https:\/\/ifeelonline.com\/fr\/wp-json\/wp\/v2\/media?parent=9445"}],"wp:term":[{"taxonomy":"category","embeddable":true,"href":"https:\/\/ifeelonline.com\/fr\/wp-json\/wp\/v2\/categories?post=9445"},{"taxonomy":"post_tag","embeddable":true,"href":"https:\/\/ifeelonline.com\/fr\/wp-json\/wp\/v2\/tags?post=9445"}],"curies":[{"name":"wp","href":"https:\/\/api.w.org\/{rel}","templated":true}]}}