{"id":9427,"date":"2023-10-05T11:16:32","date_gmt":"2023-10-05T10:16:32","guid":{"rendered":"https:\/\/ifeelonline.com\/fr\/?p=9427"},"modified":"2024-07-11T16:22:48","modified_gmt":"2024-07-11T15:22:48","slug":"enquete-de-motivation-au-travail","status":"publish","type":"post","link":"https:\/\/ifeelonline.com\/fr\/enquete-de-motivation-au-travail\/","title":{"rendered":"Enqu\u00eate sur la motivation au travail : pourquoi faire ?"},"content":{"rendered":"\n<p>Si vous travaillez dans une grande entreprise, vous connaissez certainement ce qu&rsquo;on appelle une <strong>enqu\u00eate de motivation des collaborateurs<\/strong>.&nbsp;<\/p>\n\n\n\n<p>Pour que la vie de l&rsquo;entreprise fonctionne, il faut que le besoin de l&rsquo;entreprise de conna\u00eetre le niveau de motivation de ses employ\u00e9s puisse dialoguer de mani\u00e8re productive avec <a href=\"https:\/\/ifeelonline.com\/fr\/experience-collaborateur-essentielle-pour-les-entreprises\/\" data-type=\"link\" data-id=\"https:\/\/ifeelonline.com\/fr\/experience-collaborateur-essentielle-pour-les-entreprises\/\">l&rsquo;exp\u00e9rience des employ\u00e9s<\/a> et leur propre besoin de l&rsquo;exprimer. Cependant, quelle est la mani\u00e8re la plus efficace d&rsquo;harmoniser les deux ph\u00e9nom\u00e8nes, quel est le r\u00e9sultat et quelles sont les cons\u00e9quences pour une partie de le savoir et pour l&rsquo;autre de l&rsquo;exprimer ? C&rsquo;est dans ce contexte que l&rsquo;on peut apprendre l&rsquo;utilit\u00e9 d&rsquo;une bonne enqu\u00eate de <strong><a href=\"https:\/\/ifeelonline.com\/fr\/motivation-au-travail\/\" data-type=\"post\" data-id=\"7290\">motivation au travail<\/a><\/strong>.\u00a0<\/p>\n\n\n\n<h2 class=\"wp-block-heading\">Que mesure une enqu\u00eate de motivation au travail ?<\/h2>\n\n\n\n<p>La premi\u00e8re chose \u00e0 faire est de d\u00e9terminer ce que l&rsquo;on entend exactement par motivation au travail. Ce n&rsquo;est pas facile \u00e0 d\u00e9finir, mais il est essentiel d&rsquo;essayer de le faire pour concevoir une bonne enqu\u00eate de motivation au travail visant pr\u00e9cis\u00e9ment \u00e0 mesurer ce param\u00e8tre tr\u00e8s important dans le domaine des indicateurs cl\u00e9s de performance des <a href=\"https:\/\/ifeelonline.com\/fr\/intelligence-artificielle-ressources-humaines\/\" data-type=\"post\" data-id=\"8834\">ressources humaines<\/a>. Nous pourrions consid\u00e9rer qu&rsquo;il s&rsquo;agit du niveau d&rsquo;\u00e9nergie, de satisfaction et de connexion que les employ\u00e9s ressentent \u00e0 l&rsquo;\u00e9gard de leur travail.\u00a0<\/p>\n\n\n\n<p>L&rsquo;\u00e9nergie parce que la motivation fait r\u00e9f\u00e9rence au mouvement, \u00e0 la force qui nous pousse dans une certaine direction. <strong><a href=\"https:\/\/ifeelonline.com\/fr\/satisfaction-professionnelle\/\" data-type=\"post\" data-id=\"8872\">Satisfaction<\/a><\/strong> parce que, du moins dans le domaine du travail, il est tr\u00e8s difficile de penser que quelque chose peut nous motiver si, dans le m\u00eame temps, cela ne va pas nous apporter une certaine forme de satisfaction ou de gratification professionnelle. Et la connexion parce que, apr\u00e8s tout, dans la mesure o\u00f9 nous nous identifions \u00e0 nos t\u00e2ches et o\u00f9 nous nous sentons proches de nos valeurs, de nos principes et de nos capacit\u00e9s, nous pouvons ressentir l&rsquo;\u00e9nergie et la satisfaction n\u00e9cessaires pour les accomplir \u00e0 un niveau optimal.\u00a0<\/p>\n\n\n\n<figure class=\"wp-block-image size-full\"><img fetchpriority=\"high\" decoding=\"async\" width=\"708\" height=\"380\" src=\"https:\/\/ifeelonline.com\/fr\/wp-content\/uploads\/sites\/3\/2023\/08\/enquete-motivation-2.jpg\" alt=\"motivation au travail\" class=\"wp-image-9429\" srcset=\"https:\/\/ifeelonline.com\/fr\/wp-content\/uploads\/sites\/3\/2023\/08\/enquete-motivation-2.jpg 708w, https:\/\/ifeelonline.com\/fr\/wp-content\/uploads\/sites\/3\/2023\/08\/enquete-motivation-2-300x161.jpg 300w\" sizes=\"(max-width: 708px) 100vw, 708px\" \/><\/figure>\n\n\n\n<h2 class=\"wp-block-heading\">Trois aspects fondamentaux d&rsquo;une enqu\u00eate sur la motivation au travail<\/h2>\n\n\n\n<h3 class=\"wp-block-heading\">Les types de questions&nbsp;<\/h3>\n\n\n\n<p>Les questions peuvent \u00eatre de diff\u00e9rents types en fonction des sujets qu&rsquo;elles abordent ou de la mesure dans laquelle elles visent \u00e0 susciter une r\u00e9ponse plus ouverte ou plus ferm\u00e9e. Cela d\u00e9terminera si elles laissent aux employ\u00e9s la possibilit\u00e9 de d\u00e9velopper leurs impressions, fournissant ainsi des informations qualitatives, ou si elles demandent une r\u00e9ponse dichotomique ou expriment une \u00e9valuation sur une \u00e9chelle moins informative mais plus facile \u00e0 coder.&nbsp;<\/p>\n\n\n\n<h3 class=\"wp-block-heading\">Nombre de questions<\/h3>\n\n\n\n<p>Une enqu\u00eate sur la motivation au travail n&rsquo;a pas besoin d&rsquo;\u00eatre courte ou longue, mais doit contenir un nombre suffisant de questions pour r\u00e9pondre \u00e0 l&rsquo;objectif de l&rsquo;instrument : recueillir des informations utiles <a href=\"https:\/\/ifeelonline.com\/fr\/motivation-au-travail\/\" data-type=\"post\" data-id=\"7290\">sur le niveau de motivation au travail des salari\u00e9s<\/a>. Lors de la conception de l&rsquo;enqu\u00eate, il faut garder \u00e0 l&rsquo;esprit que si elle est trop courte, des questions importantes seront laiss\u00e9es de c\u00f4t\u00e9. D&rsquo;autre part, si elle est trop longue, la lassitude peut entra\u00eener une baisse de la qualit\u00e9 des r\u00e9ponses. Il est pr\u00e9f\u00e9rable d&rsquo;essayer de rendre l&rsquo;enqu\u00eate aussi concise (mais pas courte) que possible afin de persuader les employ\u00e9s de l&rsquo;importance d&rsquo;y r\u00e9pondre avec int\u00e9r\u00eat.\u00a0<\/p>\n\n\n\n<h3 class=\"wp-block-heading\">Les th\u00e8mes \u00e0 aborder<\/h3>\n\n\n\n<p>Une enqu\u00eate sur la motivation au travail est un outil destin\u00e9 \u00e0 analyser et \u00e0 mesurer le niveau de motivation des employ\u00e9s \u00e0 un moment donn\u00e9, dans le but d&rsquo;utiliser ces informations pour prendre des d\u00e9cisions visant \u00e0 am\u00e9liorer leur bien-\u00eatre <strong><a href=\"https:\/\/ifeelonline.com\/fr\/mesurer-la-productivite-au-travail\/\" data-type=\"post\" data-id=\"8218\">et leur productivit\u00e9<\/a><\/strong>. Il est \u00e9vident que la motivation au travail est li\u00e9e \u00e0 d&rsquo;autres aspects de l&rsquo;entreprise, mais il est conseill\u00e9 de se concentrer sur les aspects strictement motivationnels, sans inclure de questions orient\u00e9es vers des sujets plus p\u00e9riph\u00e9riques, afin de ne pas rendre l&rsquo;outil trop volumineux, ce qui le rendrait moins efficace.\u00a0<\/p>\n\n\n\n<h2 class=\"wp-block-heading\">Comment structurer une enqu\u00eate de motivation au travail ?<\/h2>\n\n\n\n<p>Chaque entreprise doit disposer de la flexibilit\u00e9 et de la cr\u00e9ativit\u00e9 n\u00e9cessaires pour concevoir la meilleure enqu\u00eate de motivation au travail qui puisse servir ses int\u00e9r\u00eats et ceux de ses employ\u00e9s. Cependant, en comprenant la motivation au travail comme nous l&rsquo;avons fait ci-dessus, nous pouvons penser qu&rsquo;une enqu\u00eate de motivation au travail sp\u00e9cifiquement con\u00e7ue pour \u00e9valuer la motivation au travail peut s&rsquo;appuyer sur ces trois axes pour cibler les employ\u00e9s.&nbsp;<\/p>\n\n\n\n<h3 class=\"wp-block-heading\">Les questions orient\u00e9es vers l&rsquo;\u00e9nergie au travail<\/h3>\n\n\n\n<p>Sur le premier axe de la motivation au travail, les questions possibles sont nombreuses, mais elles devraient toutes essayer de cibler des aspects li\u00e9s au plus fondamental, le niveau de \u00ab\u00a0tonus\u00a0\u00bb, de force et de vigueur, au sens large de ces termes, que les employ\u00e9s per\u00e7oivent avoir au travail. Ces questions pourraient \u00eatre du type&nbsp;<\/p>\n\n\n\n<p>Trouvez-vous qu&rsquo;il est difficile d&rsquo;accomplir votre travail ?<\/p>\n\n\n\n<p>Avez-vous le sentiment que votre charge de travail est ad\u00e9quate ? -Vous percevez le travail comme \u00e9tant significativement lourd ?<\/p>\n\n\n\n<h3 class=\"wp-block-heading\">Questions visant la satisfaction au travail&nbsp;<\/h3>\n\n\n\n<p>Il existe de nombreuses fa\u00e7ons d&rsquo;\u00e9valuer directement ou indirectement le niveau de <a href=\"https:\/\/ifeelonline.com\/fr\/satisfaction-professionnelle\/\" data-type=\"post\" data-id=\"8872\">satisfaction au trava<\/a>il des salari\u00e9s d&rsquo;une organisation \u00e0 un moment donn\u00e9. Fondamentalement, il s&rsquo;agit de savoir dans quelle mesure ils aiment leur travail et se sentent bien dans leur peau. Les questions de ce bloc peuvent \u00eatre de ce type :<\/p>\n\n\n\n<p>M\u00eame si vous n&rsquo;aimez pas toutes les t\u00e2ches qui vous incombent, aimez-vous globalement votre travail ?<\/p>\n\n\n\n<p>Avez-vous le sentiment que votre travail contribue \u00e0 votre \u00e9panouissement professionnel ?<\/p>\n\n\n\n<p>Votre travail vous permet-il de vous sentir bien dans votre peau ?<\/p>\n\n\n\n<h3 class=\"wp-block-heading\">Questions orient\u00e9es vers le lien au travail<\/h3>\n\n\n\n<p>Par lien avec le travail, nous entendons ce qui est li\u00e9 aux sections pr\u00e9c\u00e9dentes, mais en mettant l&rsquo;accent sur l&rsquo;id\u00e9e de coh\u00e9rence entre les <strong>caract\u00e9ristiques du travail du salari\u00e9 <\/strong>et ses caract\u00e9ristiques personnelles (int\u00e9r\u00eats, valeurs, comp\u00e9tences, etc.).\u00a0<\/p>\n\n\n\n<p>Avez-vous le sentiment que votre travail est en accord avec vos valeurs personnelles ?<\/p>\n\n\n\n<p>Avez-vous le sentiment d&rsquo;\u00eatre la bonne personne pour ce travail ?<\/p>\n\n\n\n<p>Dans quelle mesure votre travail vous encourage-t-il, vous met-il au d\u00e9fi et vous permet-il de vous d\u00e9velopper professionnellement ?<\/p>\n\n\n\n<figure class=\"wp-block-image size-full\"><img decoding=\"async\" width=\"708\" height=\"380\" src=\"https:\/\/ifeelonline.com\/fr\/wp-content\/uploads\/sites\/3\/2023\/08\/enquete-motivation-3.jpg\" alt=\"motivation au travail\" class=\"wp-image-9428\" srcset=\"https:\/\/ifeelonline.com\/fr\/wp-content\/uploads\/sites\/3\/2023\/08\/enquete-motivation-3.jpg 708w, https:\/\/ifeelonline.com\/fr\/wp-content\/uploads\/sites\/3\/2023\/08\/enquete-motivation-3-300x161.jpg 300w\" sizes=\"(max-width: 708px) 100vw, 708px\" \/><\/figure>\n\n\n\n<h2 class=\"wp-block-heading\">Mesurer la motivation pour le bien-\u00eatre mental au travail<\/h2>\n\n\n\n<p>Chez <strong>ifeel<\/strong>, nous travaillons en partenariat avec des entreprises du monde entier pour inspirer la croissance humaine et guider les organisations dans l&rsquo;instauration d&rsquo;une <strong>culture positive du bien-\u00eatre menta<\/strong>l. Une approche sur mesure et centr\u00e9e sur les personnes qui place<strong> la sant\u00e9 de vos collaborateurs au centre<\/strong>, en tant que pilier fondamental pour <strong>attirer et retenir les talents<\/strong> ainsi que pour renforcer leur sentiment d&rsquo;appartenance.&nbsp;<\/p>\n\n\n\n<p><strong>Une solution unique, compl\u00e8te et \u00e9volutive<\/strong> qui utilise la puissance des donn\u00e9es pour fournir une compr\u00e9hension holistique du bien-\u00eatre psychologique de vos employ\u00e9s, tout en garantissant la qualit\u00e9 du service et la confidentialit\u00e9 pour votre \u00e9quipe.<\/p>\n\n\n\n<p>Nous esp\u00e9rons que cet article sur<strong> l&rsquo;enqu\u00eate sur la motivation au travail <\/strong>vous a int\u00e9ress\u00e9. Si vous souhaitez obtenir<a href=\"https:\/\/ifeelonline.com\/fr\/demander-une-demo\/\"> plus d&rsquo;informations<\/a> sur les solutions d&rsquo;ifeel en mati\u00e8re de bien-\u00eatre mental pour les entreprises, il vous suffit de demander et nous contacterons votre \u00e9quipe dans les plus brefs d\u00e9lais.<\/p>\n\n    <div class=\"xs_social_share_widget xs_share_url after_content \t\tmain_content  wslu-style-1 wslu-share-box-shaped wslu-fill-colored wslu-none wslu-share-horizontal wslu-theme-font-no wslu-main_content\">\n\n\t\t\n        <ul>\n\t\t\t        <\/ul>\n    <\/div> \n","protected":false},"excerpt":{"rendered":"<p>Si vous travaillez dans une grande entreprise, vous connaissez certainement ce qu&rsquo;on appelle une enqu\u00eate de motivation des employ\u00e9s.\u00a0<\/p>\n","protected":false},"author":8,"featured_media":9430,"comment_status":"closed","ping_status":"open","sticky":false,"template":"","format":"standard","meta":{"content-type":"","postBodyCss":"","postBodyMargin":[],"postBodyPadding":[],"postBodyBackground":{"backgroundType":"classic","gradient":""},"footnotes":""},"categories":[27,37],"tags":[],"class_list":["post-9427","post","type-post","status-publish","format-standard","has-post-thumbnail","hentry","category-bien-etre-au-travail","category-motivation-au-travail"],"_links":{"self":[{"href":"https:\/\/ifeelonline.com\/fr\/wp-json\/wp\/v2\/posts\/9427","targetHints":{"allow":["GET"]}}],"collection":[{"href":"https:\/\/ifeelonline.com\/fr\/wp-json\/wp\/v2\/posts"}],"about":[{"href":"https:\/\/ifeelonline.com\/fr\/wp-json\/wp\/v2\/types\/post"}],"author":[{"embeddable":true,"href":"https:\/\/ifeelonline.com\/fr\/wp-json\/wp\/v2\/users\/8"}],"replies":[{"embeddable":true,"href":"https:\/\/ifeelonline.com\/fr\/wp-json\/wp\/v2\/comments?post=9427"}],"version-history":[{"count":0,"href":"https:\/\/ifeelonline.com\/fr\/wp-json\/wp\/v2\/posts\/9427\/revisions"}],"wp:featuredmedia":[{"embeddable":true,"href":"https:\/\/ifeelonline.com\/fr\/wp-json\/wp\/v2\/media\/9430"}],"wp:attachment":[{"href":"https:\/\/ifeelonline.com\/fr\/wp-json\/wp\/v2\/media?parent=9427"}],"wp:term":[{"taxonomy":"category","embeddable":true,"href":"https:\/\/ifeelonline.com\/fr\/wp-json\/wp\/v2\/categories?post=9427"},{"taxonomy":"post_tag","embeddable":true,"href":"https:\/\/ifeelonline.com\/fr\/wp-json\/wp\/v2\/tags?post=9427"}],"curies":[{"name":"wp","href":"https:\/\/api.w.org\/{rel}","templated":true}]}}