{"id":9228,"date":"2023-06-29T12:04:06","date_gmt":"2023-06-29T11:04:06","guid":{"rendered":"https:\/\/ifeelonline.com\/fr\/?p=9228"},"modified":"2023-06-29T16:32:57","modified_gmt":"2023-06-29T15:32:57","slug":"discrimination-lgbtq-au-travail","status":"publish","type":"post","link":"https:\/\/ifeelonline.com\/fr\/discrimination-lgbtq-au-travail\/","title":{"rendered":"La discrimination LGBTQ au travail : une grave erreur"},"content":{"rendered":"\n<p>La c\u00e9l\u00e9bration de la fiert\u00e9 est l\u00e0, et <strong>la discrimination LGBTQ au travail<\/strong> reste un probl\u00e8me non r\u00e9solu pour la soci\u00e9t\u00e9 dans son ensemble.&nbsp;<\/p>\n\n\n\n<p>Il est probable que vous n&rsquo;en ayez pas souffert, ou que vous l&rsquo;ayez fait sans vous en rendre compte : bien qu&rsquo;il existe encore de grandes diff\u00e9rences au niveau mondial,<strong> la discrimination LGBTQ au travail est de moins en moins fr\u00e9quente et est consid\u00e9r\u00e9e comme un acte r\u00e9pr\u00e9hensible<\/strong>.&nbsp;<\/p>\n\n\n\n<p>Cependant, m\u00eame dans les pays o\u00f9 l&rsquo;opinion publique et<strong> la l\u00e9gislation sont favorables \u00e0 la diversit\u00e9 sexuelle et de genre<\/strong>, trop de personnes sont victimes d&rsquo;une forme ou d&rsquo;une autre de discrimination ou d&rsquo;exclusion au travail pour cette raison.&nbsp;<\/p>\n\n\n\n<p>Que ce soit \u00e0 la suite d&rsquo;une exp\u00e9rience personnelle ou en observant l&rsquo;environnement de travail d&rsquo;une entreprise \u00e0 laquelle ils appartiennent, de nombreuses personnes sont arriv\u00e9es \u00e0 la conclusion inconsciente qu&rsquo;elles doivent <strong>garder secr\u00e8te leur identit\u00e9 sexuelle ou de genre<\/strong>, dans le cas o\u00f9 elles sont gays, lesbiennes, bisexuelles ou transsexuelles. <strong>Il est \u00e9vident que les gens pensent que ce n&rsquo;est pas un sujet valable \u00e0 partager naturellement dans leur environnement de travail<\/strong>, m\u00eame si leurs coll\u00e8gues h\u00e9t\u00e9rosexuels ou cisgenres peuvent parler de leur identit\u00e9 et de leur orientation en permanence, ce qui ne semble pas \u00eatre un probl\u00e8me.&nbsp;<\/p>\n\n\n\n<p>Dans d&rsquo;autres cas, la personne prend la d\u00e9cision consciente et d\u00e9lib\u00e9r\u00e9e de ne pas d\u00e9voiler son orientation sexuelle ou son identit\u00e9 de genre, car elle craint d&rsquo;\u00eatre<strong> victime de discrimination LGBTQ au travail<\/strong>. Il s&rsquo;agit d&rsquo;un m\u00e9canisme de d\u00e9fense assez clair face \u00e0 une menace :<strong> la fonction de ce m\u00e9canisme est d&rsquo;\u00e9viter un (\u00e9ventuel) conflit ou un pr\u00e9judice<\/strong>, au prix d&rsquo;une perte de spontan\u00e9it\u00e9, d&rsquo;authenticit\u00e9, de ne pas se faire conna\u00eetre et de maintenir une distance avec les coll\u00e8gues.&nbsp;<\/p>\n\n\n\n<figure class=\"wp-block-image size-full\"><img fetchpriority=\"high\" decoding=\"async\" width=\"708\" height=\"380\" src=\"https:\/\/ifeelonline.com\/fr\/wp-content\/uploads\/sites\/3\/2023\/06\/LGBTQ-2.jpg\" alt=\"la discrimination lgbtq au travail\" class=\"wp-image-9230\" srcset=\"https:\/\/ifeelonline.com\/fr\/wp-content\/uploads\/sites\/3\/2023\/06\/LGBTQ-2.jpg 708w, https:\/\/ifeelonline.com\/fr\/wp-content\/uploads\/sites\/3\/2023\/06\/LGBTQ-2-300x161.jpg 300w\" sizes=\"(max-width: 708px) 100vw, 708px\" \/><\/figure>\n\n\n\n<p>Le fait d&rsquo;\u00eatre la seule personne gay, lesbienne ou transgenre de votre \u00e9quipe ou de votre entreprise (ce ne sont l\u00e0 que trois exemples) peut faire de vous quelqu&rsquo;un de diff\u00e9rent des autres. C&rsquo;est un fait, les statistiques sont ce qu&rsquo;elles sont, mais<strong> il n&rsquo;y a rien de mal \u00e0 \u00eatre diff\u00e9rent<\/strong>. Le probl\u00e8me survient lorsque la diff\u00e9rence vous emp\u00eache de vous int\u00e9grer, vous met mal \u00e0 l&rsquo;aise ou met les autres mal \u00e0 l&rsquo;aise. Dans ce cas, lorsque la diff\u00e9rence vous rend discordant (c&rsquo;est-\u00e0-dire qu&rsquo;elle vous met en porte-\u00e0-faux), <strong>il y a un s\u00e9rieux probl\u00e8me dans la culture d&rsquo;entreprise de votre soci\u00e9t\u00e9 qui affectera n\u00e9gativement la coh\u00e9sion de votre \u00e9quipe.&nbsp;<\/strong><\/p>\n\n\n\n<p>Parfois, la discordance est si subtile qu&rsquo;elle passe inaper\u00e7ue, et nous en faisons quelque chose de normal. Prenons l&rsquo;exemple de cette phrase : \u00ab\u00a0Je ne suis pas homophobe dans mon travail, mais je suis dans un environnement qui m&rsquo;est un peu d\u00e9favorable\u00a0\u00bb. Avez-vous d\u00e9j\u00e0 entendu cette phrase ou eu une pens\u00e9e similaire ?&nbsp;<\/p>\n\n\n\n<p>D&rsquo;accord, il ne faut pas exag\u00e9rer. Personne ne vous a ouvertement insult\u00e9 ou n&rsquo;a fait preuve de discrimination \u00e0 votre \u00e9gard pour une promotion pour le simple fait d&rsquo;\u00eatre une personne LGBTQI+. Toutefois,<strong> il n&rsquo;est pas n\u00e9cessaire de se trouver dans un cas extr\u00eame pour admettre que quelque chose ne va pas<\/strong>. Si vous ne souffrez pas directement d&rsquo;homophobie au travail mais que vous ne pouvez pas prouver ouvertement que vous n&rsquo;\u00eates pas la personne h\u00e9t\u00e9rosexuelle ou cisgenre que tout le monde pense&#8230; arr\u00eatez de penser : soit vous \u00eates une personne tr\u00e8s parano\u00efaque (m\u00e9fiante), soit vous souffrez d&rsquo;une certaine forme d&rsquo;homophobie sur votre lieu de travail mais vous ne vous en \u00eates pas encore rendu compte.&nbsp;<\/p>\n\n\n\n<p>D&rsquo;ailleurs, peut-\u00eatre que personne ne vous a ouvertement insult\u00e9 ou discrimin\u00e9 pour une promotion parce que, d&rsquo;apr\u00e8s vous, <strong>personne ne sait que vous \u00eates LGBTQ<\/strong>, et non pas parce que la culture de votre entreprise n&rsquo;est pas homophobe. N&rsquo;y avez-vous jamais pens\u00e9 ?<\/p>\n\n\n\n<p><strong>Cela ne signifie pas que tout commentaire blessant que vous entendez dans votre bureau est consid\u00e9r\u00e9 comme un crime contre l&rsquo;humanit\u00e9.<\/strong> Cela signifie que la LGBTQI+-phobie peut avoir diff\u00e9rents niveaux qu&rsquo;il convient d&rsquo;\u00e9viter pour que personne ne se sente mal \u00e0 l&rsquo;aise, sans tomber dans l&rsquo;extr\u00e9misme mais sans renoncer aux actions qui constituent une agression et <strong>affectent <a href=\"https:\/\/ifeelonline.com\/fr\/roi-des-programmes-de-bien-etre-en-entreprise\/\" data-type=\"post\" data-id=\"9059\">le bien-\u00eatre \u00e9motionnel du personnel<\/a>.<\/strong><\/p>\n\n\n\n<h2 class=\"wp-block-heading\">Bonnes pratiques contre la discrimination LGBTQ au travail<\/h2>\n\n\n\n<p>Vous trouverez sur l&rsquo;internet de nombreux rapports d\u00e9crivant <strong>les bonnes pratiques qu&rsquo;une entreprise devrait envisager pour traiter la diversit\u00e9 sexuelle et de genre<\/strong>. En fin de compte, <strong>si une entreprise ne compte que quatre ou cinq membres, <\/strong>il n&rsquo;y a peut-\u00eatre pas beaucoup de diversit\u00e9,<strong> mais il suffirait d&rsquo;en augmenter un peu le nombre pour que les donn\u00e9es d\u00e9mographiques fassent leur travail.<\/strong> C&rsquo;est pourquoi, si vous pensez \u00eatre la seule personne LGBTQI+ sur votre lieu de travail, il y a de fortes chances que vous vous trompiez.&nbsp;&nbsp;<\/p>\n\n\n\n<p>Quoi qu&rsquo;il en soit, <strong>les pratiques visant \u00e0 \u00e9viter la discrimination LGBTQ au travail devraient faire partie int\u00e9grante de la <a href=\"https:\/\/ifeelonline.com\/fr\/culture-d-entreprise\/\" data-type=\"post\" data-id=\"8996\">culture d&rsquo;entreprise<\/a>.<\/strong> La diversit\u00e9 sexuelle est un exemple parmi d&rsquo;autres. Si l&rsquo;on s&rsquo;en occupe correctement, les employ\u00e9s sauront qu&rsquo;il en va de m\u00eame pour<strong> la diversit\u00e9 fonctionnelle, la religion et l&rsquo;appartenance ethnique.&nbsp;<\/strong><\/p>\n\n\n\n<figure class=\"wp-block-image size-full\"><img decoding=\"async\" width=\"708\" height=\"380\" src=\"https:\/\/ifeelonline.com\/fr\/wp-content\/uploads\/sites\/3\/2023\/06\/LGBTQ-3.jpg\" alt=\"la discrimination lgbtq au travail\" class=\"wp-image-9229\" srcset=\"https:\/\/ifeelonline.com\/fr\/wp-content\/uploads\/sites\/3\/2023\/06\/LGBTQ-3.jpg 708w, https:\/\/ifeelonline.com\/fr\/wp-content\/uploads\/sites\/3\/2023\/06\/LGBTQ-3-300x161.jpg 300w\" sizes=\"(max-width: 708px) 100vw, 708px\" \/><\/figure>\n\n\n\n<p>Pour vous faciliter la t\u00e2che, <strong>les cinq suggestions <\/strong>suivantes comprennent des pratiques \u00e9quitables que vous pouvez mettre en \u0153uvre d\u00e8s demain <strong>pour \u00e9viter la discrimination LGBTQ au travail<\/strong> :<\/p>\n\n\n\n<p>1. <strong>Inclure explicitement le respect de la diversit\u00e9<\/strong> &#8211; par exemple, la diversit\u00e9 sexuelle et de genre &#8211; dans la culture du lieu de travail, en l&rsquo;accompagnant d&rsquo;une accusation explicite de pratiques discriminatoires.&nbsp;<\/p>\n\n\n\n<p>Par exemple : \u00ab\u00a0Dans cette entreprise, nous c\u00e9l\u00e9brons la diversit\u00e9 sexuelle : \u00ab\u00a0Dans cette entreprise, nous c\u00e9l\u00e9brons et valorisons la diversit\u00e9 sexuelle. Chacun est le bienvenu quelle que soit son orientation sexuelle ou son identit\u00e9 de genre. La discrimination est \u00e0 l&rsquo;oppos\u00e9 de nos valeurs\u00a0\u00bb.&nbsp;<\/p>\n\n\n\n<p>2. <strong>Organisez des <a href=\"https:\/\/ifeelonline.com\/fr\/formation-des-collaborateurs\/\" data-type=\"post\" data-id=\"8614\">formations <\/a>et des activit\u00e9s<\/strong> avec le personnel pour le sensibiliser \u00e0 la diversit\u00e9 sexuelle et de genre.&nbsp;<\/p>\n\n\n\n<p>Par exemple : Organisez un atelier qui explique les diff\u00e9rences entre l&rsquo;orientation sexuelle, l&rsquo;identit\u00e9 de genre et l&rsquo;expressionnisme de genre. Quelle est la signification de la fiert\u00e9 <strong>LGBTIQ+<\/strong> ou qu&rsquo;est-ce que l&rsquo;h\u00e9t\u00e9ronormativit\u00e9 ?&nbsp;<\/p>\n\n\n\n<p>3. <strong>\u00c9viter la pr\u00e9somption universelle d&rsquo;h\u00e9t\u00e9rosexualit\u00e9<\/strong> dans les communications internes et externes de l&rsquo;entreprise.&nbsp;&nbsp;<\/p>\n\n\n\n<p>Par exemple : \u00ab\u00a0Les filles, dites \u00e0 vos petits amis de&#8230;\u00a0\u00bb ou \u00ab\u00a0Quel homme ne tomberait pas amoureux d&rsquo;une femme comme vous ?\u00a0\u00bb.&nbsp;&nbsp;<\/p>\n\n\n\n<p>4. <strong>Garder \u00e0 l&rsquo;esprit les aspects relatifs de la diversit\u00e9 sexuelle <\/strong>et de genre lorsque l&rsquo;on propose des expatriations dans des lieux qui peuvent \u00eatre \u00e0 risque pour ces personnes.&nbsp;&nbsp;<\/p>\n\n\n\n<p>Par exemple : \u00ab\u00a0Vous pouvez opter pour le r\u00f4le en Arabie saoudite, mais il y a d&rsquo;autres alternatives lorsque vous allez \u00e0 l&rsquo;\u00e9tranger, et nous pouvons les envisager. Votre s\u00e9curit\u00e9 passe avant tout\u00a0\u00bb.&nbsp;<\/p>\n\n\n\n<p>5.<strong> Inclure explicitement la c\u00e9l\u00e9bration de la Fiert\u00e9 dans le calendrier de travail<\/strong>. Si votre entreprise c\u00e9l\u00e8bre habituellement d&rsquo;autres dates cl\u00e9s, la Fiert\u00e9 devrait \u00e9galement \u00eatre incluse.&nbsp;<\/p>\n\n\n\n<p>Par exemple, mentionnez la Fiert\u00e9 dans votre bulletin d&rsquo;information interne, modifiez le logo avec l&rsquo;arc-en-ciel, ou faites ce qui est habituellement fait pour d&rsquo;autres c\u00e9l\u00e9brations tout au long de l&rsquo;ann\u00e9e.&nbsp;<\/p>\n\n\n\n<h3 class=\"wp-block-heading\">Respecter la diversit\u00e9 sexuelle et de genre est bon pour votre entreprise&nbsp;<\/h3>\n\n\n\n<p>Parfois, la solution de facilit\u00e9 pour ne pas s&rsquo;impliquer dans la lutte contre la discrimination LGBTQ au travail est de ne rien faire. Il suffit de croire que de telles choses ne se produisent pas dans notre entreprise ou qu&rsquo;\u00e9viter la discrimination pour ces motifs n&rsquo;est pas une responsabilit\u00e9 de l&rsquo;entreprise.&nbsp;<\/p>\n\n\n\n<p>Bien entendu, il s&rsquo;agit l\u00e0 d&rsquo;une option l\u00e9gitime. Mais vous devez vous demander <strong>si c&rsquo;est le meilleur moyen d&rsquo;am\u00e9liorer l&rsquo;environnement de travail dans votre entreprise<\/strong> et, par cons\u00e9quent, d&rsquo;accro\u00eetre la productivit\u00e9. La r\u00e9ponse est simple : ce n&rsquo;est pas le cas.&nbsp;&nbsp;<\/p>\n\n\n\n<p>Quelle que soit la taille de votre entreprise, il est \u00e9vident que des personnes LGBTIQ y travaillent.&nbsp; Bien s\u00fbr, elles sont l\u00e0 pour faire leur travail, mais vous savez quoi ? Elles le feront beaucoup mieux si elles per\u00e7oivent qu&rsquo;elles peuvent \u00eatre elles-m\u00eames aussi naturellement que leurs coll\u00e8gues h\u00e9t\u00e9rosexuels et cisgenres. Mieux faire quelque chose signifie le faire avec int\u00e9r\u00eat et coop\u00e9rer avec ses pairs, en apportant de nouvelles id\u00e9es, en s&rsquo;appropriant la t\u00e2che, en prot\u00e9geant l&rsquo;image de l&rsquo;entreprise et en recommandant \u00e0 d&rsquo;autres personnes talentueuses de rejoindre l&rsquo;\u00e9quipe. C&rsquo;est pourquoi, \u00e0 partir de maintenant, votre \u00e9quipe doit s&rsquo;attaquer \u00e0 la discrimination LGBTQ au travail<\/p>\n\n\n\n<p>Au contraire, s&rsquo;ils per\u00e7oivent un environnement de travail hostile, o\u00f9 la LGBTIQ-phobie et d&rsquo;autres formes de sexisme sont pr\u00e9sentes, leur int\u00e9r\u00eat \u00e0 travailler plus et mieux pour cette entreprise sera au plus bas. \u00c0 la moindre occasion, <strong>leurs talents fuiront vers l&rsquo;entreprise d&rsquo;en face s&rsquo;ils ont le sentiment que la discrimination \u00e0 l&rsquo;\u00e9gard des LGBTIQ+ y est prise en compte<\/strong>.&nbsp;<\/p>\n\n\n\n<h2 class=\"wp-block-heading\">L&rsquo;importance de la diversit\u00e9 et de l&rsquo;inclusion<\/h2>\n\n\n\n<p><strong><a href=\"https:\/\/ifeelonline.com\/fr\/strategie-dei-diversite-equite-inclusion\/\" data-type=\"post\" data-id=\"9146\">Une strat\u00e9gie DEI (diversit\u00e9, \u00e9quit\u00e9 et inclusion)<\/a><\/strong> vise \u00e0 int\u00e9grer et \u00e0 g\u00e9rer efficacement ces concepts dans les valeurs et les actions d&rsquo;une entreprise. Elle implique de rassembler des individus divers, de les traiter de mani\u00e8re \u00e9gale et respectueuse, et de favoriser un environnement inclusif. L&rsquo;objectif est que l&rsquo;entreprise <strong>adopte la diversit\u00e9 et veille \u00e0 ce qu&rsquo;elle n&rsquo;entrave pas ses activit\u00e9s.<\/strong><\/p>\n\n\n\n<p>Tout en maintenant l&rsquo;accent sur la productivit\u00e9, il est important pour les entreprises de cr\u00e9er un espace de soutien et de s\u00e9curit\u00e9 o\u00f9 les employ\u00e9s se sentent valoris\u00e9s, quelles que soient leurs caract\u00e9ristiques intrins\u00e8ques. Lorsque les salari\u00e9s \u00e9prouvent un v\u00e9ritable sentiment d&rsquo;appartenance, ils sont plus susceptibles d&rsquo;\u00eatre performants et de faire preuve de d\u00e9vouement \u00e0 l&rsquo;\u00e9gard de l&rsquo;organisation.<\/p>\n\n\n\n<p>Outre les exigences l\u00e9gales qui favorisent l&rsquo;acceptation de la diversit\u00e9 dans le monde de l&rsquo;entreprise, <strong>les avantages techniques et \u00e9conomiques associ\u00e9s \u00e0 la mise en \u0153uvre d&rsquo;une strat\u00e9gie efficace<\/strong> de gestion de la diversit\u00e9, de l&rsquo;\u00e9quit\u00e9 et de l&rsquo;inclusion dans les entreprises,<strong> commun\u00e9ment appel\u00e9e strat\u00e9gie DEI, sont de plus en plus reconnus.<\/strong> Voici trois avantages significatifs qui m\u00e9ritent d&rsquo;\u00eatre soulign\u00e9s :<\/p>\n\n\n\n<p><strong>&#8211; Augmentation de la capacit\u00e9 d&rsquo;adaptation<\/strong><\/p>\n\n\n\n<p><strong>&#8211; Am\u00e9lioration de la r\u00e9putation de l&rsquo;entreprise<\/strong><\/p>\n\n\n\n<p><strong>&#8211; Am\u00e9lioration des performances de l&rsquo;\u00e9quipe<\/strong><\/p>\n\n\n\n<h3 class=\"wp-block-heading\">Responsabilit\u00e9 de l&rsquo;entreprise en mati\u00e8re de protection de la diversit\u00e9&nbsp;<\/h3>\n\n\n\n<p>Si vous ne voulez pas que vos travailleurs fuient le nid parce qu&rsquo;ils se sentent discrimin\u00e9s, <strong>prenez des initiatives, transformez-les en d\u00e9cisions strat\u00e9giques et orientez-les dans la bonne direction<\/strong> pour <strong>am\u00e9liorer le bien-\u00eatre mental de vos employ\u00e9s <\/strong>: c&rsquo;est l&rsquo;outil le plus puissant pour am\u00e9liorer leurs performances.&nbsp;&nbsp;&nbsp;&nbsp;<\/p>\n\n\n\n<p>Vous vous sentez bloqu\u00e9 ?<strong> Ifeel a cr\u00e9\u00e9 un <a href=\"https:\/\/ifeelonline.com\/fr\/le-bien-etre-au-travail\/\" data-type=\"post\" data-id=\"8862\">programme de bien-\u00eatre \u00e9motionnel pour les entreprises<\/a><\/strong>, gr\u00e2ce auquel <strong>les <a href=\"https:\/\/ifeelonline.com\/fr\/problemes-des-departements-ressources-humaines\/\" data-type=\"post\" data-id=\"8540\">responsables des ressources humaines<\/a> de votre entreprise peuvent obtenir des conseils <\/strong>sur la mani\u00e8re d&rsquo;am\u00e9liorer le climat de travail et de promouvoir la sensibilisation \u00e0 la sant\u00e9 mentale au sein de leur personnel.&nbsp; <strong>D\u00e9couvrez comment ce programme peut \u00eatre int\u00e9gr\u00e9 \u00e0 votre programme d&rsquo;incitation et contribuer \u00e0 entretenir une <a href=\"https:\/\/ifeelonline.com\/fr\/sante-mentale-en-entreprise\/\" data-type=\"post\" data-id=\"8138\">culture du bien-\u00eatre mental<\/a>.<\/strong><\/p>\n\n\n\n<p>Il s&rsquo;agit d&rsquo;une politique d&rsquo;inclusion active au sein de l&rsquo;entreprise. Le contraire serait de supposer que tout le monde va bien et d&rsquo;\u00e9viter de \u00ab\u00a0se m\u00ealer\u00a0\u00bb de ces <strong>\u00ab\u00a0affaires personnelles\u00a0\u00bb<\/strong> en pr\u00e9textant qu&rsquo;elles doivent \u00eatre mises de c\u00f4t\u00e9 par rapport \u00e0 votre vie professionnelle, ce qui n&rsquo;est pas vrai : il n&rsquo;y a pas de barri\u00e8re entre la vie personnelle et la vie professionnelle.&nbsp;<\/p>\n\n\n\n<p>Si vous avez une responsabilit\u00e9 quelconque en tant que manager ou dans un d\u00e9partement de ressources humaines, n&rsquo;en doutez pas <strong>: faites de l&rsquo;inclusion un avantage concurrentiel et favorisez <a href=\"https:\/\/ifeelonline.com\/fr\/mesurer-la-productivite-au-travail\/\" data-type=\"post\" data-id=\"8218\">la productivit\u00e9<\/a> ainsi que l&rsquo;attraction et la r\u00e9tention des talents.&nbsp;<\/strong><\/p>\n\n\n\n<p>Ne soyons pas na\u00effs : <strong>Pourquoi une personne qui n&rsquo;a pas le sentiment qu&rsquo;il y a de l&rsquo;inclusion dans son entreprise ferait-elle de son mieux pour s&rsquo;\u00e9panouir ?<\/strong> Quel est son niveau d&rsquo;engagement, son sentiment d&rsquo;appartenance et son exp\u00e9rience en tant qu&#8217;employ\u00e9 au sein de l&rsquo;entreprise ?<strong> Le talent n&rsquo;est pas LGBTIQ<\/strong>, <strong>mais les personnes LGBTQ en ont aussi.<\/strong> Seulement, elles pr\u00e9f\u00e8rent utiliser leurs talents l\u00e0 o\u00f9 l&rsquo;on s&rsquo;occupe d&rsquo;elles.&nbsp;<\/p>\n\n\n\n<p>En fin de compte,<strong> la protection de la diversit\u00e9 et de l&rsquo;inclusion est payante<\/strong>. <a href=\"https:\/\/ifeelonline.com\/fr\/bien-etre-emotionnel-dans-lentreprise\/\" data-type=\"post\" data-id=\"7843\">Elle favorise le bien-\u00eatre \u00e9motionnel des employ\u00e9s<\/a>, am\u00e9liore l&rsquo;environnement de travail, <strong>renforce l&rsquo;engagement des collaborateurs<\/strong> et <strong>stimule la r\u00e9tention des talents<\/strong>. Ne pas le faire peut \u00eatre immoral ou ill\u00e9gal, selon le cas, mais c&rsquo;est consid\u00e9r\u00e9 comme une erreur qui a affect\u00e9 la productivit\u00e9.&nbsp;<\/p>\n\n\n\n<p>Nous esp\u00e9rons que cet article sur<strong> la discrimination LGBTQ au travail<\/strong> vous a int\u00e9ress\u00e9. Si vous souhaitez <a href=\"https:\/\/ifeelonline.com\/fr\/demander-une-demo\/\">obtenir plus d&rsquo;informations<\/a> sur <strong>la solution de bien-\u00eatre mental des employ\u00e9s d&rsquo;ifeel, il vous suffit d&rsquo;en faire la demande et nous contacterons votre \u00e9quipe dans les plus brefs d\u00e9lais.<\/strong><\/p>\n\n\n<div id=\"rank-math-faq\" class=\"rank-math-block\">\n<div class=\"rank-math-list \">\n<div id=\"faq-question-1687958873099\" class=\"rank-math-list-item\">\n<h3 class=\"rank-math-question \">La discrimination LGBTQ au travail est-elle courante ?<\/h3>\n<div class=\"rank-math-answer \">\n\n<p>La discrimination LGBTQ au travail existe toujours, mais sa pr\u00e9valence varie selon les secteurs d&rsquo;activit\u00e9 et les r\u00e9gions.<\/p>\n\n<\/div>\n<\/div>\n<\/div>\n<\/div>\n\n<div id=\"rank-math-faq\" class=\"rank-math-block\">\n<div class=\"rank-math-list \">\n<div id=\"faq-question-1687958843600\" class=\"rank-math-list-item\">\n<h3 class=\"rank-math-question \">Quelles sont les cons\u00e9quences potentielles de la discrimination LGBTQ au travail ?<\/h3>\n<div class=\"rank-math-answer \">\n\n<p>Les cons\u00e9quences de la discrimination LGBTQ peuvent inclure des effets n\u00e9gatifs sur la sant\u00e9 mentale, une diminution de la satisfaction au travail, une baisse de la productivit\u00e9 et une augmentation de la rotation du personnel.<\/p>\n\n<\/div>\n<\/div>\n<\/div>\n<\/div>\n\n<div id=\"rank-math-faq\" class=\"rank-math-block\">\n<div class=\"rank-math-list \">\n<div id=\"faq-question-1687958817026\" class=\"rank-math-list-item\">\n<h3 class=\"rank-math-question \">Comment les employeurs peuvent-ils lutter contre la discrimination LGBTQ au travail ?<\/h3>\n<div class=\"rank-math-answer \">\n\n<p>Les employeurs peuvent lutter contre la discrimination LGBTQ en mettant en \u0153uvre et en appliquant des politiques globales de non-discrimination, en dispensant une formation \u00e0 la diversit\u00e9 incluant les LGBTQ, en favorisant une culture professionnelle inclusive et respectueuse, et en offrant des r\u00e9seaux de soutien aux employ\u00e9s LGBTQ.<\/p>\n\n<\/div>\n<\/div>\n<\/div>\n<\/div>\n\n<div id=\"rank-math-faq\" class=\"rank-math-block\">\n<div class=\"rank-math-list \">\n<div id=\"faq-question-1687958788396\" class=\"rank-math-list-item\">\n<h3 class=\"rank-math-question \">Existe-t-il des protections juridiques contre la discrimination LGBTQ au travail ?<\/h3>\n<div class=\"rank-math-answer \">\n\n<p>Il existe des protections juridiques contre la discrimination \u00e0 l&rsquo;\u00e9gard des LGBTQ dans de nombreux pays. Toutefois, l&rsquo;\u00e9tendue de la protection juridique peut varier et il est important de conna\u00eetre les lois et r\u00e9glementations sp\u00e9cifiques \u00e0 votre juridiction.<\/p>\n\n<\/div>\n<\/div>\n<\/div>\n<\/div>\n    <div class=\"xs_social_share_widget xs_share_url after_content \t\tmain_content  wslu-style-1 wslu-share-box-shaped wslu-fill-colored wslu-none wslu-share-horizontal wslu-theme-font-no wslu-main_content\">\n\n\t\t\n        <ul>\n\t\t\t        <\/ul>\n    <\/div> \n","protected":false},"excerpt":{"rendered":"<p>La c\u00e9l\u00e9bration de la fiert\u00e9 est l\u00e0, et la discrimination LGBTQ au travail reste un probl\u00e8me non r\u00e9solu pour la soci\u00e9t\u00e9 dans son ensemble.\u00a0De moins en moins fr\u00e9quente elle est consid\u00e9r\u00e9e comme un acte r\u00e9pr\u00e9hensible. <\/p>\n","protected":false},"author":8,"featured_media":9231,"comment_status":"closed","ping_status":"open","sticky":false,"template":"","format":"standard","meta":{"content-type":"","postBodyCss":"","postBodyMargin":[],"postBodyPadding":[],"postBodyBackground":{"backgroundType":"classic","gradient":""},"footnotes":""},"categories":[27,40],"tags":[],"class_list":["post-9228","post","type-post","status-publish","format-standard","has-post-thumbnail","hentry","category-bien-etre-au-travail","category-ressources-humaines"],"_links":{"self":[{"href":"https:\/\/ifeelonline.com\/fr\/wp-json\/wp\/v2\/posts\/9228","targetHints":{"allow":["GET"]}}],"collection":[{"href":"https:\/\/ifeelonline.com\/fr\/wp-json\/wp\/v2\/posts"}],"about":[{"href":"https:\/\/ifeelonline.com\/fr\/wp-json\/wp\/v2\/types\/post"}],"author":[{"embeddable":true,"href":"https:\/\/ifeelonline.com\/fr\/wp-json\/wp\/v2\/users\/8"}],"replies":[{"embeddable":true,"href":"https:\/\/ifeelonline.com\/fr\/wp-json\/wp\/v2\/comments?post=9228"}],"version-history":[{"count":0,"href":"https:\/\/ifeelonline.com\/fr\/wp-json\/wp\/v2\/posts\/9228\/revisions"}],"wp:featuredmedia":[{"embeddable":true,"href":"https:\/\/ifeelonline.com\/fr\/wp-json\/wp\/v2\/media\/9231"}],"wp:attachment":[{"href":"https:\/\/ifeelonline.com\/fr\/wp-json\/wp\/v2\/media?parent=9228"}],"wp:term":[{"taxonomy":"category","embeddable":true,"href":"https:\/\/ifeelonline.com\/fr\/wp-json\/wp\/v2\/categories?post=9228"},{"taxonomy":"post_tag","embeddable":true,"href":"https:\/\/ifeelonline.com\/fr\/wp-json\/wp\/v2\/tags?post=9228"}],"curies":[{"name":"wp","href":"https:\/\/api.w.org\/{rel}","templated":true}]}}