{"id":9220,"date":"2023-08-01T17:00:26","date_gmt":"2023-08-01T16:00:26","guid":{"rendered":"https:\/\/ifeelonline.com\/fr\/?p=9220"},"modified":"2023-08-01T17:00:27","modified_gmt":"2023-08-01T16:00:27","slug":"ecouter-les-employes","status":"publish","type":"post","link":"https:\/\/ifeelonline.com\/fr\/ecouter-les-employes\/","title":{"rendered":"Pourquoi est-il important d&rsquo;\u00e9couter les employ\u00e9s?"},"content":{"rendered":"\n<p><strong>\u00c9couter les employ\u00e9s<\/strong> semble \u00eatre un ph\u00e9nom\u00e8ne in\u00e9vitable si l&rsquo;on veut r\u00e9ussir \u00e0 atteindre<strong> les <a href=\"https:\/\/ifeelonline.com\/fr\/boite-a-outils-rh\/guide-okrs-pour-les-responsables-rh\/\" data-type=\"URL\" data-id=\"https:\/\/ifeelonline.com\/fr\/boite-a-outils-rh\/guide-okrs-pour-les-responsables-rh\/\">OKR fix\u00e9s par l&rsquo;entreprise<\/a> <\/strong>pour r\u00e9aliser sa mission. Cependant, il existe diff\u00e9rentes mani\u00e8res d&rsquo;\u00e9couter les employ\u00e9s, ou plut\u00f4t diff\u00e9rents niveaux d&rsquo;\u00e9coute, en fonction desquels la productivit\u00e9 peut s&rsquo;am\u00e9liorer, r\u00e9gresser ou simplement stagner.\u00a0<\/p>\n\n\n\n<p>Dans ce billet, nous tenterons d&rsquo;expliquer pourquoi il est important d&rsquo;\u00e9tablir ce type d&rsquo;interaction constructive avec le personnel et quels sont les canaux les plus appropri\u00e9s pour promouvoir ce contact.&nbsp;<\/p>\n\n\n\n<h2 class=\"wp-block-heading\">Pourquoi est-il important d&rsquo;\u00e9couter les employ\u00e9s ?<\/h2>\n\n\n\n<p><strong>Il est important d&rsquo;\u00e9couter les employ\u00e9s<\/strong> car cela pr\u00e9sente des avantages \u00e0 la fois pour eux en tant qu&rsquo;individus et en tant que groupe, mais aussi, bien s\u00fbr, pour l&rsquo;entreprise. Apr\u00e8s tout, <strong>ce qui est bon pour les membres de l&rsquo;\u00e9quipe est g\u00e9n\u00e9ralement bon pour l&rsquo;organisation <\/strong>dans laquelle ils travaillent, que ce soit \u00e0 court, moyen ou long terme.&nbsp;<\/p>\n\n\n\n<figure class=\"wp-block-image size-full\"><img fetchpriority=\"high\" decoding=\"async\" width=\"708\" height=\"380\" src=\"https:\/\/ifeelonline.com\/fr\/wp-content\/uploads\/sites\/3\/2023\/06\/ecouter-les-employes-2.jpg\" alt=\"\u00e9couter les employ\u00e9s\" class=\"wp-image-9222\" srcset=\"https:\/\/ifeelonline.com\/fr\/wp-content\/uploads\/sites\/3\/2023\/06\/ecouter-les-employes-2.jpg 708w, https:\/\/ifeelonline.com\/fr\/wp-content\/uploads\/sites\/3\/2023\/06\/ecouter-les-employes-2-300x161.jpg 300w\" sizes=\"(max-width: 708px) 100vw, 708px\" \/><\/figure>\n\n\n\n<h3 class=\"wp-block-heading\">Donner de l&rsquo;affection aux employ\u00e9s<\/h3>\n\n\n\n<p>L&rsquo;\u00e9coute attentive, active et pr\u00e9sente d&rsquo;une personne ou d&rsquo;un groupe de personnes est aussi une fa\u00e7on de <strong>consid\u00e9rer ces interlocuteurs pour leur importance<\/strong> et l&rsquo;int\u00e9r\u00eat de ce qu&rsquo;ils ont \u00e0 dire et d&rsquo;ouvrir un canal de validation, de reconnaissance mutuelle et de r\u00e9solution d&rsquo;\u00e9ventuels probl\u00e8mes &#8211; dans ce cas au sein de l&rsquo;entreprise &#8211; qui pourraient survenir.&nbsp;<\/p>\n\n\n\n<h3 class=\"wp-block-heading\">Fournir des informations de premi\u00e8re main<\/h3>\n\n\n\n<p><strong>Tout dirigeant, <a href=\"https:\/\/ifeelonline.com\/fr\/5-conseils-pour-etre-un-bon-manager\/\" data-type=\"post\" data-id=\"8508\">manager <\/a>ou d\u00e9cideur d&rsquo;une entreprise s<\/strong>ait qu&rsquo;il n&rsquo;y a pas de meilleur moyen de savoir ce qui se passe pour les employ\u00e9s que de leur poser la question et, bien s\u00fbr, d&rsquo;\u00e9couter attentivement leurs r\u00e9ponses. L&rsquo;\u00e9coute des salari\u00e9s est donc importante car elle fournit des informations directes sur les caract\u00e9ristiques et les besoins des personnes<strong> qui composent actuellement la main-d&rsquo;\u0153uvre.\u00a0<\/strong><\/p>\n\n\n\n<h3 class=\"wp-block-heading\">Promouvoir une <a href=\"https:\/\/ifeelonline.com\/fr\/ameliorer-la-communication-au-travail\/\" data-type=\"post\" data-id=\"8194\">bonne communication<\/a><\/h3>\n\n\n\n<p>Comme d&rsquo;autres processus et \u00e9l\u00e9ments qui constituent l&rsquo;\u00e9change d&rsquo;informations au sein de l&rsquo;entreprise, <strong>l&rsquo;\u00e9coute des employ\u00e9s fait partie d&rsquo;une communication interne efficace <\/strong>et contribue donc \u00e0 am\u00e9liorer les performances des membres de l&rsquo;\u00e9quipe.&nbsp;<\/p>\n\n\n\n<h3 class=\"wp-block-heading\">Contribuer \u00e0 un bon <a href=\"https:\/\/ifeelonline.com\/fr\/differents-environnements-de-travail\/\" data-type=\"post\" data-id=\"8484\">environnement de travail<\/a><\/h3>\n\n\n\n<p>Bien que cela ne d\u00e9pende pas uniquement d&rsquo;une \u00e9coute efficace des employ\u00e9s par les managers de l&rsquo;organisation, il est clair qu&rsquo;\u00e9couter les employ\u00e9s avec int\u00e9r\u00eat et appliquer les informations recueillies dans des actions orient\u00e9es vers <strong>leur bien-\u00eatre contribue au maintien d&rsquo;un climat de travail positif <\/strong>au sein de l&rsquo;organisation.&nbsp;<\/p>\n\n\n\n<h3 class=\"wp-block-heading\">Am\u00e9liorer <a href=\"https:\/\/ifeelonline.com\/fr\/experience-collaborateur-essentielle-pour-les-entreprises\/\" data-type=\"post\" data-id=\"8346\">l&rsquo;exp\u00e9rience des employ\u00e9s<\/a><\/h3>\n\n\n\n<p>Tout ce qui a \u00e9t\u00e9 \u00e9voqu\u00e9 jusqu&rsquo;\u00e0 pr\u00e9sent<strong> a un impact significatif sur la qualit\u00e9 de vie v\u00e9cue par les salari\u00e9s dans le cadre de leur travail quotidien au sein de l&rsquo;entreprise.<\/strong> Que ce soit \u00e0 travers des exemples sp\u00e9cifiques ou comme une dynamique permanente faisant partie d&rsquo;une culture d&rsquo;entreprise centr\u00e9e sur les personnes,<strong> l&rsquo;\u00e9coute des employ\u00e9s am\u00e9liore leur exp\u00e9rience tout au long de leur parcours au sein de l&rsquo;entreprise.\u00a0<\/strong><\/p>\n\n\n\n<h2 class=\"wp-block-heading\">\u00c0 l&rsquo;\u00e9coute des employ\u00e9s<\/h2>\n\n\n\n<p>Ind\u00e9pendamment de la taille de vos effectifs et <strong>de votre chiffre d&rsquo;affaire<\/strong>s, il existe,<strong> dans la vie quotidienne d&rsquo;une organisation, <\/strong>diff\u00e9rents canaux <strong>et espaces o\u00f9 les salari\u00e9s peuvent \u00eatre \u00e9cout\u00e9s de mani\u00e8re constructive et utile.\u00a0<\/strong><\/p>\n\n\n\n<p>En fonction <strong>du d\u00e9roulement des processus de l&rsquo;entreprise<\/strong> et, bien s\u00fbr, du charisme et de l&rsquo;attitude des interlocuteurs, cette \u00e9coute se fera de mani\u00e8re plus syst\u00e9matique ou plus exceptionnelle. <strong>Voici quelques exemples d&rsquo;occasions d&rsquo;\u00e9couter les salari\u00e9s.\u00a0<\/strong><\/p>\n\n\n\n<h3 class=\"wp-block-heading\">Les enqu\u00eates<\/h3>\n\n\n\n<p>Bien qu&rsquo;elles soient parfois fastidieuses, surtout si elles ne font pas partie d&rsquo;une strat\u00e9gie bien con\u00e7ue, les <strong><a href=\"https:\/\/ifeelonline.com\/fr\/motivation-au-travail\/\" data-type=\"post\" data-id=\"7290\">enqu\u00eates sur la motivation<\/a>, les int\u00e9r\u00eats, le climat de travail,<\/strong> les suggestions d&rsquo;am\u00e9lioration et tout autre sujet sur lequel les employ\u00e9s peuvent donner leur avis peuvent \u00eatre un bon instrument pour recueillir tout ce qu&rsquo;ils peuvent apporter.\u00a0<\/p>\n\n\n\n<h3 class=\"wp-block-heading\">Entretiens d&rsquo;\u00e9valuation des performances<\/h3>\n\n\n\n<p>Qu&rsquo;ils portent ce nom, qu&rsquo;ils soient appel\u00e9s <strong>one-to-one ou talent review<\/strong>, qu&rsquo;ils aient lieu tous les trois mois ou une fois par an : chaque rencontre en t\u00eate-\u00e0-t\u00eate avec un employ\u00e9 est une occasion en or de l&rsquo;\u00e9couter, en cr\u00e9ant <strong>un climat de confiance qui favorise l&rsquo;honn\u00eatet\u00e9 <\/strong>et, par cons\u00e9quent, la profondeur de ses r\u00e9ponses.&nbsp;<\/p>\n\n\n\n<h3 class=\"wp-block-heading\">Les entretiens de sortie<\/h3>\n\n\n\n<p><strong><a href=\"https:\/\/ifeelonline.com\/fr\/6-conseils-entretien-de-depart\/\">Le dernier moment du parcours d&rsquo;une personne au sein de l&rsquo;entreprise<\/a><\/strong> est \u00e9galement un moment propice \u00e0 l&rsquo;\u00e9coute des salari\u00e9s. Leur position peut \u00eatre per\u00e7ue comme vuln\u00e9rable, par crainte de ne pas \u00eatre pris en compte dans leurs opinions maintenant qu&rsquo;ils partent, mais elle peut aussi \u00eatre privil\u00e9gi\u00e9e en raison du niveau de libert\u00e9 avec lequel ils peuvent s&rsquo;exprimer et faire des suggestions d&rsquo;am\u00e9lioration qui se traduiront par un progr\u00e8s de l&rsquo;entreprise.&nbsp;<\/p>\n\n\n\n<figure class=\"wp-block-image size-full\"><img decoding=\"async\" width=\"708\" height=\"380\" src=\"https:\/\/ifeelonline.com\/fr\/wp-content\/uploads\/sites\/3\/2023\/06\/ecouter-les-employes-3.jpg\" alt=\"\u00e9couter les employ\u00e9s\" class=\"wp-image-9221\" srcset=\"https:\/\/ifeelonline.com\/fr\/wp-content\/uploads\/sites\/3\/2023\/06\/ecouter-les-employes-3.jpg 708w, https:\/\/ifeelonline.com\/fr\/wp-content\/uploads\/sites\/3\/2023\/06\/ecouter-les-employes-3-300x161.jpg 300w\" sizes=\"(max-width: 708px) 100vw, 708px\" \/><\/figure>\n\n\n\n<h3 class=\"wp-block-heading\">Activit\u00e9s de renforcement de l&rsquo;esprit d&rsquo;\u00e9quipe<\/h3>\n\n\n\n<p>Il ne s&rsquo;agit pas seulement de jouer ensemble, de divertir les salari\u00e9s ou de leur proposer une journ\u00e9e de travail diff\u00e9rente. Selon la mani\u00e8re dont elles sont con\u00e7ues, <a href=\"https:\/\/ifeelonline.com\/fr\/5-actions-pour-un-team-building-reussi\/\">les activit\u00e9s de consolidation d&rsquo;\u00e9quipe <\/a>offrent une bonne occasion d&rsquo;observer et d&rsquo;\u00e9couter les travailleurs de mani\u00e8re plus informelle et spontan\u00e9e, en encourageant des r\u00e9ponses qui n&rsquo;\u00e9mergeraient pas dans des contextes plus informels.&nbsp;<\/p>\n\n\n\n<h3 class=\"wp-block-heading\">R\u00e9unions de coordination&nbsp;<\/h3>\n\n\n\n<p>On parle toujours des r\u00e9unions d&rsquo;\u00e9quipe pour se plaindre de leur nombre, de leur longueur, de leur manque de structure, bref de leur inefficacit\u00e9. Et si on en faisait un moment d&rsquo;\u00e9change productif et d&rsquo;\u00e9coute mutuelle, avec pour r\u00e9sultat <strong><a href=\"https:\/\/ifeelonline.com\/fr\/renforcer-cohesion-d-equipe\/\">la coh\u00e9sion de l&rsquo;\u00e9quipe<\/a> et l&rsquo;am\u00e9lioration de la productivit\u00e9<\/strong> ?<\/p>\n\n\n\n<p>Nous esp\u00e9rons que cet article sur<strong> l&rsquo;\u00e9coute constructive des employ\u00e9s<\/strong> vous a int\u00e9ress\u00e9. Si vous souhaitez obtenir <a href=\"https:\/\/ifeelonline.com\/fr\/demander-une-demo\/\" target=\"_blank\" rel=\"noreferrer noopener\">plus d&rsquo;informations sur le service de bien-\u00eatre mental<\/a> d&rsquo;ifeel pour les entreprises, demandez-nous et nous prendrons contact avec votre \u00e9quipe dans les plus brefs d\u00e9lais.<\/p>\n\n    <div class=\"xs_social_share_widget xs_share_url after_content \t\tmain_content  wslu-style-1 wslu-share-box-shaped wslu-fill-colored wslu-none wslu-share-horizontal wslu-theme-font-no wslu-main_content\">\n\n\t\t\n        <ul>\n\t\t\t        <\/ul>\n    <\/div> \n","protected":false},"excerpt":{"rendered":"<p>\u00c9couter les employ\u00e9s semble \u00eatre un ph\u00e9nom\u00e8ne in\u00e9vitable si l&rsquo;on veut r\u00e9ussir \u00e0 atteindre les OKR fix\u00e9s par l&rsquo;entreprise pour r\u00e9aliser sa mission.<\/p>\n","protected":false},"author":8,"featured_media":9223,"comment_status":"closed","ping_status":"open","sticky":false,"template":"","format":"standard","meta":{"content-type":"","postBodyCss":"","postBodyMargin":[],"postBodyPadding":[],"postBodyBackground":{"backgroundType":"classic","gradient":""},"footnotes":""},"categories":[27,39],"tags":[],"class_list":["post-9220","post","type-post","status-publish","format-standard","has-post-thumbnail","hentry","category-bien-etre-au-travail","category-psychologie-pour-les-entreprises"],"_links":{"self":[{"href":"https:\/\/ifeelonline.com\/fr\/wp-json\/wp\/v2\/posts\/9220","targetHints":{"allow":["GET"]}}],"collection":[{"href":"https:\/\/ifeelonline.com\/fr\/wp-json\/wp\/v2\/posts"}],"about":[{"href":"https:\/\/ifeelonline.com\/fr\/wp-json\/wp\/v2\/types\/post"}],"author":[{"embeddable":true,"href":"https:\/\/ifeelonline.com\/fr\/wp-json\/wp\/v2\/users\/8"}],"replies":[{"embeddable":true,"href":"https:\/\/ifeelonline.com\/fr\/wp-json\/wp\/v2\/comments?post=9220"}],"version-history":[{"count":0,"href":"https:\/\/ifeelonline.com\/fr\/wp-json\/wp\/v2\/posts\/9220\/revisions"}],"wp:featuredmedia":[{"embeddable":true,"href":"https:\/\/ifeelonline.com\/fr\/wp-json\/wp\/v2\/media\/9223"}],"wp:attachment":[{"href":"https:\/\/ifeelonline.com\/fr\/wp-json\/wp\/v2\/media?parent=9220"}],"wp:term":[{"taxonomy":"category","embeddable":true,"href":"https:\/\/ifeelonline.com\/fr\/wp-json\/wp\/v2\/categories?post=9220"},{"taxonomy":"post_tag","embeddable":true,"href":"https:\/\/ifeelonline.com\/fr\/wp-json\/wp\/v2\/tags?post=9220"}],"curies":[{"name":"wp","href":"https:\/\/api.w.org\/{rel}","templated":true}]}}