{"id":9146,"date":"2023-06-29T10:52:56","date_gmt":"2023-06-29T09:52:56","guid":{"rendered":"https:\/\/ifeelonline.com\/fr\/?p=9146"},"modified":"2024-10-17T12:08:57","modified_gmt":"2024-10-17T11:08:57","slug":"strategie-dei-diversite-equite-inclusion","status":"publish","type":"post","link":"https:\/\/ifeelonline.com\/fr\/strategie-dei-diversite-equite-inclusion\/","title":{"rendered":"Strat\u00e9gie DEI : Diversit\u00e9, \u00c9quit\u00e9 et Inclusion dans les entreprises"},"content":{"rendered":"\n<p><strong>Diversit\u00e9, \u00e9quit\u00e9 et inclusion<\/strong> dans les entreprises ou <strong>strat\u00e9gie DEI<\/strong> sont des termes qui sont souvent utilis\u00e9s ensemble, p\u00eale-m\u00eale et de mani\u00e8re assez indiff\u00e9renci\u00e9e dans le domaine des ressources humaines. Cependant, bien qu&rsquo;ils soient \u00e9troitement li\u00e9s, dans un sens ou dans l&rsquo;autre, \u00e0 <strong><a href=\"https:\/\/ifeelonline.com\/fr\/culture-d-entreprise\/\" target=\"_blank\" rel=\"noreferrer noopener\">la culture d&rsquo;entreprise des organisations<\/a><\/strong>, il est int\u00e9ressant de souligner les nuances entre ces termes afin de mieux les comprendre.&nbsp;<\/p>\n\n\n\n<p>En fait, de nombreuses entreprises syst\u00e9matisent leur politique \u00e0 cet \u00e9gard par le biais de<strong> la strat\u00e9gie dite DEI &#8211; diversit\u00e9, \u00e9quit\u00e9 et inclusion<\/strong>. Cette strat\u00e9gie vise \u00e0 organiser toutes les actions de l&rsquo;entreprise, ainsi que les valeurs qui les sous-tendent, afin de g\u00e9rer ces concepts d&rsquo;une mani\u00e8re utile pour l&rsquo;entreprise et ses employ\u00e9s.\u00a0<br><br>Chez\u00a0<em>ifeel<\/em>, nous avons scrut\u00e9\u00a0<strong><a href=\"https:\/\/ifeelonline.com\/fr\/boite-a-outils-rh\/rapport-sur-la-sante-mentale-2024\/\">les tendances du bien-\u00eatre mental \u00e0 travers l\u2019Europe<\/a><\/strong>\u00a0pour vous offrir des solutions concr\u00e8tes et des insights pr\u00e9cieux. En s\u2019appuyant sur les donn\u00e9es collect\u00e9es par\u00a0<strong><a href=\"https:\/\/ifeelonline.com\/fr\/notre-departement-de-recherche-clinique\/\">notre \u00e9quipe de recherche clinique<\/a><\/strong>, nous vous aidons \u00e0 comprendre les attentes sp\u00e9cifiques des salari\u00e9s, par pays et par cat\u00e9gorie de besoins. En France, les initiatives DEIB (13,2 %) semblent moins centrales que dans d\u2019autres pays europ\u00e9ens comme l\u2019Italie. Toutefois,\u00a0<strong>une culture d\u2019inclusion reste cruciale pour favoriser un environnement de travail sain et coh\u00e9sif.<\/strong><\/p>\n\n\n\n<figure class=\"wp-block-image size-full\"><img fetchpriority=\"high\" decoding=\"async\" width=\"708\" height=\"380\" src=\"https:\/\/ifeelonline.com\/fr\/wp-content\/uploads\/sites\/3\/2023\/06\/diversisdad-2.jpg\" alt=\"Diversit\u00e9, \u00e9quit\u00e9 et inclusion dans les entreprises\" class=\"wp-image-9149\" srcset=\"https:\/\/ifeelonline.com\/fr\/wp-content\/uploads\/sites\/3\/2023\/06\/diversisdad-2.jpg 708w, https:\/\/ifeelonline.com\/fr\/wp-content\/uploads\/sites\/3\/2023\/06\/diversisdad-2-300x161.jpg 300w\" sizes=\"(max-width: 708px) 100vw, 708px\" \/><\/figure>\n\n\n\n<h2 class=\"wp-block-heading\">Que signifie DEI diversit\u00e9, l&rsquo;\u00e9quit\u00e9 et l&rsquo;inclusion au sein des entreprises ?<\/h2>\n\n\n\n<p>Lorsque l&rsquo;on parle d&rsquo;inclusion<strong>, il ne s&rsquo;agit pas seulement de r\u00e9unir des personnes ou d&rsquo;accepter de nouveaux membres au sein de l&rsquo;entreprise<\/strong>, mais aussi de les traiter d&rsquo;une mani\u00e8re ou d&rsquo;une autre une fois qu&rsquo;ils sont entr\u00e9s dans l&rsquo;entreprise. En ce sens, une d\u00e9finition intuitive de ce que nous consid\u00e9rons r\u00e9ellement comme la diversit\u00e9, l&rsquo;\u00e9quit\u00e9 et l&rsquo;inclusion dans les entreprises pourrait \u00eatre la suivante :&nbsp;<\/p>\n\n\n\n<p><strong>L&rsquo;inclusion<\/strong> (de profils divers) par <strong>l&rsquo;\u00e9quit\u00e9 <\/strong>(traiter tout le monde avec le m\u00eame respect et la m\u00eame ouverture d&rsquo;esprit, quelles que soient leurs diff\u00e9rences) est la proc\u00e9dure par laquelle l&rsquo;entreprise embrasse <strong>la diversit\u00e9<\/strong>.&nbsp;<\/p>\n\n\n\n<p>Il s&rsquo;agit d&rsquo;une caract\u00e9ristique inh\u00e9rente \u00e0 la main-d&rsquo;\u0153uvre, qui peut \u00eatre plus ou moins accept\u00e9e par l&rsquo;organisation. L&rsquo;inclusion est ce que l&rsquo;entreprise fait pour g\u00e9rer cette diversit\u00e9 et l&rsquo;\u00e9quit\u00e9 est ce qui caract\u00e9rise cette inclusion. L&rsquo;objectif est que <strong>la diversit\u00e9 des membres du personnel en termes de certains traits humains cl\u00e9s ne soit pas un probl\u00e8me pour l&rsquo;entreprise<\/strong>. Au contraire, il s&rsquo;agit d&rsquo;une culture d&rsquo;entreprise au service du bien-\u00eatre des collaborateurs.&nbsp;<\/p>\n\n\n\n<p>Il est clair que nous allons au travail pour travailler et que les entreprises ne doivent pas devenir des environnements paternalistes. Cependant, elles doivent \u00eatre <strong>un espace sain et s\u00fbr<\/strong> o\u00f9 les gens peuvent travailler en sachant que leurs caract\u00e9ristiques personnelles, en particulier celles qui ne sont pas fond\u00e9es sur leurs propres choix (\u00e2ge, appartenance ethnique, identit\u00e9 de genre, orientation sexuelle&#8230;) ne sont pas probl\u00e9matiques. Lorsque les employ\u00e9s ont l&rsquo;impression d&rsquo;\u00eatre accueillis chaleureusement et naturellement dans leur entreprise, ils ont tendance \u00e0 mieux travailler et \u00e0 <strong>s&rsquo;engager davantage dans l&rsquo;organisation<\/strong>.<\/p>\n\n\n\n<h2 class=\"wp-block-heading\">Facteurs limitant l&rsquo;inclusion et la diversit\u00e9 dans les entreprises<\/h2>\n\n\n\n<h3 class=\"wp-block-heading\">L&rsquo;inertie des entreprises<\/h3>\n\n\n\n<p>Dans de nombreux cas, la promotion de la diversit\u00e9, de l&rsquo;\u00e9quit\u00e9 et de l&rsquo;inclusion n&rsquo;a pas fait l&rsquo;objet d&rsquo;une d\u00e9cision consciente, mais a r\u00e9sult\u00e9 d&rsquo;une sorte d&rsquo;<strong>inertie positive<\/strong>.&nbsp;<\/p>\n\n\n\n<p>D&rsquo;autres entreprises fonctionnent avec un conservatisme qui n&rsquo;est pas d\u00e9lib\u00e9r\u00e9, mais plut\u00f4t le r\u00e9sultat d&rsquo;une d\u00e9rive commerciale malheureusement fr\u00e9quente : ce n&rsquo;est pas que nous ne voulons pas changer, mais simplement que nous n&rsquo;avons pas r\u00e9alis\u00e9 que la possibilit\u00e9 de changement existe.&nbsp;<\/p>\n\n\n\n<p>Dans ces cas, et tant que ce mode de fonctionnement n&rsquo;est pas d\u00e9tect\u00e9, il est probable que l&rsquo;organisation passe \u00e0 c\u00f4t\u00e9 d&rsquo;opportunit\u00e9s importantes en termes <strong>de r\u00e9putation, de performance et d&rsquo;attraction-<\/strong><a href=\"https:\/\/ifeelonline.com\/fr\/gestion-du-talent-en-entreprise\/\" data-type=\"post\" data-id=\"8510\"><strong>r\u00e9tention des talents<\/strong>.<\/a><\/p>\n\n\n\n<h3 class=\"wp-block-heading\">Culture d&rsquo;entreprise conservatrice<\/h3>\n\n\n\n<p>Dans ce cas, il ne s&rsquo;agit pas d&rsquo;une simple inertie, qui peut \u00eatre corrig\u00e9e relativement facilement s&rsquo;il existe une certaine volont\u00e9 de le faire. Il s&rsquo;agit au contraire d&rsquo;entreprises qui fondent consciemment leur <strong><a href=\"https:\/\/ifeelonline.com\/fr\/culture-d-entreprise\/\" data-type=\"post\" data-id=\"8996\">culture d&rsquo;entreprise<\/a><\/strong> sur un certain immobilisme \u00e0 l&rsquo;\u00e9gard du facteur humain, parfois de mani\u00e8re tr\u00e8s intense.&nbsp;<\/p>\n\n\n\n<p>Elles g\u00e9n\u00e8rent ainsi des climats de travail, des structures d&rsquo;\u00e9quipe, <strong>des processus et des marques tr\u00e8s homog\u00e8nes, rigides et souvent hostiles \u00e0 toutes les personnes (nombreuses) qui ne correspondent pas au style pr\u00f4n\u00e9 par le haut.&nbsp;<\/strong><\/p>\n\n\n\n<figure class=\"wp-block-image size-full\"><img decoding=\"async\" width=\"632\" height=\"614\" src=\"https:\/\/ifeelonline.com\/fr\/wp-content\/uploads\/sites\/3\/2024\/10\/FR_\u00bfQue-buscan-los-empleados-en-una-empresa_.png\" alt=\"Culture d'entreprise positive en France\" class=\"wp-image-11348\" srcset=\"https:\/\/ifeelonline.com\/fr\/wp-content\/uploads\/sites\/3\/2024\/10\/FR_\u00bfQue-buscan-los-empleados-en-una-empresa_.png 632w, https:\/\/ifeelonline.com\/fr\/wp-content\/uploads\/sites\/3\/2024\/10\/FR_\u00bfQue-buscan-los-empleados-en-una-empresa_-300x291.png 300w\" sizes=\"(max-width: 632px) 100vw, 632px\" \/><\/figure>\n\n\n\n<h2 class=\"wp-block-heading\">Avantages d&rsquo;une bonne gestion de la diversit\u00e9, de l&rsquo;\u00e9quit\u00e9 et de l&rsquo;inclusion dans les entreprises<\/h2>\n\n\n\n<p>Outre les obligations l\u00e9gales visant \u00e0 stimuler l&rsquo;acceptation de la diversit\u00e9 dans l&rsquo;environnement de l&rsquo;entreprise, on assiste \u00e0 une prise de conscience croissante des avantages techniques et \u00e9conomiques d&rsquo;une bonne strat\u00e9gie de gestion de la diversit\u00e9, de l&rsquo;\u00e9quit\u00e9 et de l&rsquo;inclusion dans les entreprises, autrement dit strat\u00e9gie DEI. Voici trois des avantages les plus marquants.\u00a0<\/p>\n\n\n\n<h3 class=\"wp-block-heading\">Augmentation de la capacit\u00e9 d&rsquo;adaptation<\/h3>\n\n\n\n<p>Le fait de disposer d&rsquo;une<strong> strat\u00e9gie DEI<\/strong>, visant \u00e0 canaliser efficacement <strong>la diversit\u00e9, l&rsquo;\u00e9quit\u00e9 et l&rsquo;inclusion dans les entreprises<\/strong>, permet \u00e0 ces derni\u00e8res de s&rsquo;<strong>adapter \u00e0 diff\u00e9rents contextes socioculturels <\/strong>sans perdre l&rsquo;opportunit\u00e9 d&rsquo;incorporer dans leurs effectifs les talents dont elles ont besoin \u00e0 un moment donn\u00e9. Moments historiques (lieux et \u00e9poques).&nbsp;<\/p>\n\n\n\n<h3 class=\"wp-block-heading\">Am\u00e9liorer la r\u00e9putation des entreprises<\/h3>\n\n\n\n<p>Guider la gestion du personnel par une bonne strat\u00e9gie de DEI permet aux entreprises d&rsquo;<strong>am\u00e9liorer leur r\u00e9putation interne et externe.<\/strong> Il est clair que les contextes sociaux dans lesquels les organisations sont int\u00e9gr\u00e9es sont constitu\u00e9s d&rsquo;un m\u00e9lange croissant de personnes. Ces personnes ne sont pas inconscientes, que ce soit en tant que clients internes (employ\u00e9s) ou en tant que clients externes (consommateurs), de l&rsquo;importance que rev\u00eat pour elles la mani\u00e8re dont les entreprises g\u00e8rent cette r\u00e9alit\u00e9.&nbsp;<\/p>\n\n\n\n<h3 class=\"wp-block-heading\">Augmentation des performances de l&rsquo;\u00e9quipe<\/h3>\n\n\n\n<p>L&rsquo;un des aspects les plus appr\u00e9ci\u00e9s par les collaborateurs est la possibilit\u00e9 d&rsquo;<strong>apprendre de leurs coll\u00e8gues et de leurs sup\u00e9rieurs<\/strong>. Une main-d&rsquo;\u0153uvre diversifi\u00e9e permet aux membres de l&rsquo;\u00e9quipe de <strong>b\u00e9n\u00e9ficier d&rsquo;exp\u00e9riences tr\u00e8s h\u00e9t\u00e9rog\u00e8nes<\/strong> qui leur permettent d&rsquo;enrichir leurs connaissances et leurs comp\u00e9tences et d&rsquo;am\u00e9liorer ainsi leurs performances.\u00a0<\/p>\n\n\n\n<figure class=\"wp-block-image size-full\"><img decoding=\"async\" width=\"708\" height=\"380\" src=\"https:\/\/ifeelonline.com\/fr\/wp-content\/uploads\/sites\/3\/2023\/06\/diversisdad-3.jpg\" alt=\"Diversit\u00e9, \u00e9quit\u00e9 et inclusion dans les entreprises\" class=\"wp-image-9150\" srcset=\"https:\/\/ifeelonline.com\/fr\/wp-content\/uploads\/sites\/3\/2023\/06\/diversisdad-3.jpg 708w, https:\/\/ifeelonline.com\/fr\/wp-content\/uploads\/sites\/3\/2023\/06\/diversisdad-3-300x161.jpg 300w\" sizes=\"(max-width: 708px) 100vw, 708px\" \/><\/figure>\n\n\n\n<h2 class=\"wp-block-heading\">Inspirer la croissance dans les organisations<\/h2>\n\n\n\n<p>Chez <strong>ifeel<\/strong>, nous aidons les entreprises \u00e0 aller de l&rsquo;avant en s&rsquo;engageant en faveur du <strong>bien-\u00eatre des<\/strong> employ\u00e9s. Pour ce faire,<a href=\"https:\/\/ifeelonline.com\/fr\/notre-departement-de-recherche-clinique\/\"> notre \u00e9quipe de psychologues<\/a> experts en bien-\u00eatre au travail a cr\u00e9\u00e9 un<a href=\"https:\/\/ifeelonline.com\/fr\/programmes-sante-mentale-pour-les-entreprises\/\"> programme de bien-\u00eatre mental pour les entreprises<\/a> qui apporte des avantages significatifs \u00e0 l&rsquo;ensemble de l&rsquo;\u00e9quipe, y compris aux responsables des ressources humaines.<\/p>\n\n\n\n<p>Nous travaillons en partenariat avec des entreprises du monde entier pour inspirer la croissance humaine et guider les organisations dans l&rsquo;instauration d&rsquo;une<a href=\"https:\/\/ifeelonline.com\/fr\/boite-a-outils-rh\/ameliorer-la-qvct-dans-votre-entreprise\/?partner=ifeel_internLinkPost\"> strat\u00e9gie QVCT<\/a> ou<a href=\"https:\/\/ifeelonline.com\/fr\/boite-a-outils-rh\/gestion-de-crise-pour-les-managers\/?partner=ifeel_internLinkPost\"> <strong>la gestion de crise<\/strong><\/a>. Une approche sur mesure et centr\u00e9e sur les personnes qui place<strong> la sant\u00e9 de vos collaborateurs au centre<\/strong>, en tant que pilier fondamental pour<a href=\"https:\/\/ifeelonline.com\/fr\/guide-pour-renforcer-votre-strategie-en-matiere-de-talents\/?partner=ifeel_internLinkPost\"> <strong>attirer et retenir les talents<\/strong><\/a> ainsi que pour renforcer leur sentiment d&rsquo;appartenance.\u00a0<strong>Une solution unique, compl\u00e8te et \u00e9volutive<\/strong> qui utilise la puissance des donn\u00e9es pour fournir une compr\u00e9hension holistique du bien-\u00eatre psychologique de vos employ\u00e9s, tout en garantissant la qualit\u00e9 du service et la confidentialit\u00e9 pour votre \u00e9quipe.<\/p>\n\n\n\n<p>Nous esp\u00e9rons que cet article sur <strong>la bonne gestion de la diversit\u00e9, de l&rsquo;\u00e9quit\u00e9 et de l&rsquo;inclusion dans les entreprises<\/strong> vous a int\u00e9ress\u00e9. Si vous souhaitez obtenir<a href=\"https:\/\/ifeelonline.com\/fr\/demander-une-demo\/\"> plus d&rsquo;informations<\/a> sur le service de<a href=\"https:\/\/ifeelonline.com\/fr\/le-bien-etre-au-travail\/\" data-type=\"post\" data-id=\"8862\"> <strong>bien-\u00eatre mental <\/strong>d&rsquo;ifeel pour les entreprises<\/a>, il suffit de demander et nous contacterons votre \u00e9quipe dans les plus brefs d\u00e9lais.<\/p>\n\n    <div class=\"xs_social_share_widget xs_share_url after_content \t\tmain_content  wslu-style-1 wslu-share-box-shaped wslu-fill-colored wslu-none wslu-share-horizontal wslu-theme-font-no wslu-main_content\">\n\n\t\t\n        <ul>\n\t\t\t        <\/ul>\n    <\/div> \n","protected":false},"excerpt":{"rendered":"<p>Diversit\u00e9, \u00e9quit\u00e9 et inclusion dans les entreprises ou strat\u00e9gie DEI sont des termes qui sont souvent utilis\u00e9s ensemble, p\u00eale-m\u00eale et de mani\u00e8re assez indiff\u00e9renci\u00e9e dans le domaine des ressources humaines. Cependant, bien qu&rsquo;ils soient \u00e9troitement li\u00e9s, dans un sens ou dans l&rsquo;autre, \u00e0 la culture d&rsquo;entreprise des organisations, il est int\u00e9ressant de souligner les nuances [&hellip;]<\/p>\n","protected":false},"author":8,"featured_media":9151,"comment_status":"closed","ping_status":"open","sticky":false,"template":"","format":"standard","meta":{"content-type":"","postBodyCss":"","postBodyMargin":[],"postBodyPadding":[],"postBodyBackground":{"backgroundType":"classic","gradient":""},"footnotes":""},"categories":[27,40],"tags":[],"class_list":["post-9146","post","type-post","status-publish","format-standard","has-post-thumbnail","hentry","category-bien-etre-au-travail","category-ressources-humaines"],"_links":{"self":[{"href":"https:\/\/ifeelonline.com\/fr\/wp-json\/wp\/v2\/posts\/9146","targetHints":{"allow":["GET"]}}],"collection":[{"href":"https:\/\/ifeelonline.com\/fr\/wp-json\/wp\/v2\/posts"}],"about":[{"href":"https:\/\/ifeelonline.com\/fr\/wp-json\/wp\/v2\/types\/post"}],"author":[{"embeddable":true,"href":"https:\/\/ifeelonline.com\/fr\/wp-json\/wp\/v2\/users\/8"}],"replies":[{"embeddable":true,"href":"https:\/\/ifeelonline.com\/fr\/wp-json\/wp\/v2\/comments?post=9146"}],"version-history":[{"count":0,"href":"https:\/\/ifeelonline.com\/fr\/wp-json\/wp\/v2\/posts\/9146\/revisions"}],"wp:featuredmedia":[{"embeddable":true,"href":"https:\/\/ifeelonline.com\/fr\/wp-json\/wp\/v2\/media\/9151"}],"wp:attachment":[{"href":"https:\/\/ifeelonline.com\/fr\/wp-json\/wp\/v2\/media?parent=9146"}],"wp:term":[{"taxonomy":"category","embeddable":true,"href":"https:\/\/ifeelonline.com\/fr\/wp-json\/wp\/v2\/categories?post=9146"},{"taxonomy":"post_tag","embeddable":true,"href":"https:\/\/ifeelonline.com\/fr\/wp-json\/wp\/v2\/tags?post=9146"}],"curies":[{"name":"wp","href":"https:\/\/api.w.org\/{rel}","templated":true}]}}