{"id":9128,"date":"2023-06-15T09:55:20","date_gmt":"2023-06-15T08:55:20","guid":{"rendered":"https:\/\/ifeelonline.com\/fr\/?p=9128"},"modified":"2023-06-15T11:05:27","modified_gmt":"2023-06-15T10:05:27","slug":"l-ergophobie","status":"publish","type":"post","link":"https:\/\/ifeelonline.com\/fr\/l-ergophobie\/","title":{"rendered":"Savez-vous ce qu&rsquo;est l&rsquo;ergophobie ?"},"content":{"rendered":"\n<p>L&rsquo;<strong>ergophobie<\/strong>, ou <strong>\u00ab\u00a0peur\u00a0\u00bb du travail<\/strong>, peut devenir un v\u00e9ritable probl\u00e8me au travail mais aussi un probl\u00e8me de sant\u00e9 pour ceux qui en souffrent.&nbsp;<\/p>\n\n\n\n<p>Si l&rsquo;on y r\u00e9fl\u00e9chit bien, dans notre vie quotidienne, <strong>nous entendons souvent des plaintes concernant le travail<\/strong>, une activit\u00e9 que nous avons tendance <strong>\u00e0 associer \u00e0 la paresse ou au manque de motivation. <\/strong>Cependant, lorsque l&rsquo;on parle de <a href=\"https:\/\/ifeelonline.com\/fr\/sante-mentale-en-entreprise\/\" data-type=\"post\" data-id=\"8138\">sant\u00e9 au travail<\/a> et <strong>de <a href=\"https:\/\/ifeelonline.com\/fr\/roi-des-programmes-de-bien-etre-en-entreprise\/\" data-type=\"post\" data-id=\"9059\">bien-\u00eatre des employ\u00e9s<\/a><\/strong>, on rencontre<strong> des situations, comme l&rsquo;ergophobie, <\/strong>qui vont au-del\u00e0 de cette apathie socialement accept\u00e9e.&nbsp;<\/p>\n\n\n\n<h2 class=\"wp-block-heading\">Qu&rsquo;est-ce que l&rsquo;ergophobie ?<\/h2>\n\n\n\n<p><strong>L&rsquo;ergophobie, ou peur pathologique du travail,<\/strong> est un sujet qui nous permet de r\u00e9fl\u00e9chir \u00e0 notre c\u00f4t\u00e9 professionnel en tant que menace : comment le lieu de travail ou la t\u00e2che que nous accomplissons peuvent devenir une source de grand malaise psychologique.&nbsp;<\/p>\n\n\n\n<p><strong>Qui a peur de son travail ?<\/strong> Qu&rsquo;est-ce qui nous fait craindre l&rsquo;entreprise, nos fonctions, l&rsquo;\u00e9quipe avec laquelle nous partageons des projets tous les jours ? Quand cette peur appara\u00eet-elle, depuis quand la vivons-nous et quelles cons\u00e9quences a-t-elle sur notre d\u00e9veloppement professionnel et notre vie en dehors du travail ?<\/p>\n\n\n\n<figure class=\"wp-block-image size-full\"><img fetchpriority=\"high\" decoding=\"async\" width=\"708\" height=\"380\" src=\"https:\/\/ifeelonline.com\/fr\/wp-content\/uploads\/sites\/3\/2023\/06\/ergophobie-2.jpg\" alt=\"ergophobie\" class=\"wp-image-9130\" srcset=\"https:\/\/ifeelonline.com\/fr\/wp-content\/uploads\/sites\/3\/2023\/06\/ergophobie-2.jpg 708w, https:\/\/ifeelonline.com\/fr\/wp-content\/uploads\/sites\/3\/2023\/06\/ergophobie-2-300x161.jpg 300w\" sizes=\"(max-width: 708px) 100vw, 708px\" \/><\/figure>\n\n\n\n<p><strong>La situation peut \u00eatre v\u00e9ritablement handicapante<\/strong>, dans la mesure o\u00f9 l&rsquo;ergophobie emp\u00eache la personne qui en souffre de d\u00e9velopper normalement sa carri\u00e8re professionnelle, d&rsquo;avoir des relations sociales et, bien s\u00fbr, de gagner sa vie.&nbsp;<\/p>\n\n\n\n<p>Bien que, comme dans le reste des phobies sp\u00e9cifiques, nous parlions de la peur comme de l&rsquo;\u00e9motion la plus pr\u00e9dominante dans cette condition, <strong>cette peur doit \u00eatre comprise dans un sens large<\/strong> : <strong>aversion, appr\u00e9hension, inconfort non sp\u00e9cifique et angoisse seraient quelques-unes de ses nuances<\/strong>. Il ne s&rsquo;agit pas d&rsquo;un \u00e9pisode de l\u00e9ger inconfort ou d&rsquo;une mauvaise journ\u00e9e qui se produit occasionnellement dans notre <strong><a href=\"https:\/\/ifeelonline.com\/fr\/differents-environnements-de-travail\/\" data-type=\"post\" data-id=\"8484\">environnement de travail<\/a><\/strong>. Il s&rsquo;agit au contraire <strong>d&rsquo;une peur du travail intense, fr\u00e9quente et durable, qui g\u00e9n\u00e8re de grandes difficult\u00e9s<\/strong> \u00e0 diff\u00e9rents niveaux de la vie de l&rsquo;individu.<\/p>\n\n\n\n<h2 class=\"wp-block-heading\">Quels sont les \u00e9l\u00e9ments \u00e0 prendre en compte dans le traitement de l&rsquo;ergophobie ?<\/h2>\n\n\n\n<p>Comme pour d&rsquo;autres <strong>probl\u00e8mes de <a href=\"https:\/\/ifeelonline.com\/fr\/sante-mentale-en-entreprise\/\" data-type=\"post\" data-id=\"8138\">sant\u00e9 mentale<\/a><\/strong>, en particulier ceux li\u00e9s aux troubles anxieux, une <strong>approche cognitivo-comportementale de l&rsquo;ergophobie<\/strong> est souvent tr\u00e8s utile pour tenter de traiter l&rsquo;ergophobie.&nbsp;<\/p>\n\n\n\n<p>\u00c9videmment,<strong> cela se fait de mani\u00e8re profonde et progressive dans le cadre d&rsquo;une th\u00e9rapie avec un psychologue professionnel.<\/strong> Cependant, comme point de d\u00e9part, nous pouvons avancer dans cet article ce que l&rsquo;on appelle une <strong>\u00ab\u00a0analyse fonctionnelle\u00a0\u00bb<\/strong> du probl\u00e8me \u00e0 travers le sch\u00e9ma classique des ant\u00e9c\u00e9dents, des <strong>caract\u00e9ristiques du probl\u00e8me en question <\/strong>et <strong>des cons\u00e9quences qui peuvent contribuer \u00e0 son maintien.<\/strong>&nbsp;<\/p>\n\n\n\n<h3 class=\"wp-block-heading\">Identifier la source du probl\u00e8me<\/h3>\n\n\n\n<p><strong>D\u00e9tecter les causes lointaines et les d\u00e9clencheurs les plus r\u00e9cents<\/strong>. Cette partie du processus comprend un retour en arri\u00e8re, voire une v\u00e9ritable \u00ab\u00a0arch\u00e9ologie\u00a0\u00bb de la biographie de la personne. Elle doit porter sur les aspects li\u00e9s \u00e0 la carri\u00e8re et au-del\u00e0 : questions li\u00e9es \u00e0 l&rsquo;\u00e9ducation, exp\u00e9riences de vie non li\u00e9es au travail ou mod\u00e8les de gestion de la menace et de l&rsquo;anxi\u00e9t\u00e9.&nbsp;<\/p>\n\n\n\n<p><strong>L&rsquo;objectif est de comprendre quand le probl\u00e8me est apparu pour la premi\u00e8re fois<\/strong>, si le travailleur l&rsquo;associe \u00e0 des \u00e9v\u00e9nements ou \u00e0 des p\u00e9riodes sp\u00e9cifiques, ou si, plus r\u00e9cemment, <strong>un \u00e9v\u00e9nement s&rsquo;est produit qui a entra\u00een\u00e9 un \u00e9pisode clair et intense d&rsquo;ergophobie.<\/strong><\/p>\n\n\n\n<h3 class=\"wp-block-heading\">D\u00e9limiter le probl\u00e8me de mani\u00e8re descriptive&nbsp;<\/h3>\n\n\n\n<p>Il s&rsquo;agit de d\u00e9crire <strong>l&rsquo;ergophobie <\/strong>au niveau des <strong>sympt\u00f4mes \u00e9motionnels, cognitifs, physiques et comportementaux<\/strong> qui la caract\u00e9risent chez cette personne.&nbsp;<\/p>\n\n\n\n<p>Comme pour beaucoup d&rsquo;autres situations li\u00e9es au <a href=\"https:\/\/ifeelonline.com\/fr\/le-bien-etre-en-entreprise\/\" data-type=\"post\" data-id=\"8862\">bien-\u00eatre des travailleurs<\/a>, lorsqu&rsquo;on parle <strong>d&rsquo;ergophobie<\/strong>, on court le risque de penser que ce probl\u00e8me se manifeste de la m\u00eame mani\u00e8re chez tous les travailleurs qui en souffrent.&nbsp;<\/p>\n\n\n\n<p>Il est \u00e9vident qu&rsquo;il existe des caract\u00e9ristiques communes, sinon nous ne parlerions pas de cette \u00e9tiquette, mais nous devons \u00e9galement nous rappeler que chaque personne est diff\u00e9rente <strong>et poss\u00e8de des exp\u00e9riences et des m\u00e9canismes psychologiques qui lui sont propres<\/strong>. Ils doivent \u00eatre les premiers \u00e0 les conna\u00eetre, \u00e0 les d\u00e9crire et m\u00eame \u00e0 les <strong>\u00ab\u00a0quantifier\u00a0\u00bb<\/strong>, car cela leur sera tr\u00e8s utile <strong>dans le processus de prise en charge de l&rsquo;ergophobie.&nbsp;<\/strong><\/p>\n\n\n\n<h3 class=\"wp-block-heading\">Les cons\u00e9quences du probl\u00e8me&nbsp;<\/h3>\n\n\n\n<p>Ce point consiste \u00e0 <strong>identifier ce qui se passe une fois que le probl\u00e8me s&rsquo;est manifest\u00e9 <\/strong>et quels sont les facteurs qui peuvent contribuer au maintien du probl\u00e8me.<\/p>\n\n\n\n<p>Face \u00e0 une peur telle que <strong>l&rsquo;ergophobie<\/strong>, il est tr\u00e8s probable que la personne opte pour une strat\u00e9gie d&rsquo;\u00e9vitement comportemental et exp\u00e9rientiel pour faire face \u00e0 sa peur : ne pas s&rsquo;exposer \u00e0 la situation mena\u00e7ante (dans ce cas, son travail ou un aspect pertinent de celui-ci) ou l&rsquo;\u00e9viter autant que possible.&nbsp;<\/p>\n\n\n\n<p>Ce m\u00e9canisme de d\u00e9fense a un effet de renforcement tr\u00e8s clair sur l&rsquo;ergophobie : <strong>la personne ressent comme tr\u00e8s satisfaisant tout ce qui permet d&rsquo;\u00e9viter ou de r\u00e9duire le sentiment de peur<\/strong>. C&rsquo;est l&rsquo;une des fa\u00e7ons dont les diff\u00e9rentes <strong>formes d&rsquo;\u00e9vitement entretiennent le probl\u00e8me<\/strong>, car en r\u00e9duisant l&rsquo;exposition de la personne \u00e0 la situation mena\u00e7ante, deux autres choses se produisent (en plus du renforcement positif li\u00e9 au fait de ne pas s&rsquo;exposer \u00e0 la situation effrayante).&nbsp;<\/p>\n\n\n\n<figure class=\"wp-block-image size-full\"><img decoding=\"async\" width=\"708\" height=\"380\" src=\"https:\/\/ifeelonline.com\/fr\/wp-content\/uploads\/sites\/3\/2023\/06\/ergophobie-3.jpg\" alt=\"ergophobie\" class=\"wp-image-9131\" srcset=\"https:\/\/ifeelonline.com\/fr\/wp-content\/uploads\/sites\/3\/2023\/06\/ergophobie-3.jpg 708w, https:\/\/ifeelonline.com\/fr\/wp-content\/uploads\/sites\/3\/2023\/06\/ergophobie-3-300x161.jpg 300w\" sizes=\"(max-width: 708px) 100vw, 708px\" \/><\/figure>\n\n\n\n<p>D&rsquo;une part, en ne \u00ab\u00a0confrontant\u00a0\u00bb pas le probl\u00e8me, la personne ne nie pas que la situation est mena\u00e7ante, mais, d&rsquo;une certaine mani\u00e8re, la reconfirme. D&rsquo;autre part, en ne s&rsquo;exposant pas \u00e0 la menace, elle n&rsquo;entra\u00eene pas sa capacit\u00e9 \u00e0 tol\u00e9rer et \u00e0 r\u00e9duire l&rsquo;inconfort, <strong>elle n&rsquo;acquiert pas de ressources d&rsquo;adaptation<\/strong> qu&rsquo;elle pourrait utiliser dans la situation et qui serviraient d&rsquo;alternative \u00e0 l&rsquo;\u00e9vitement du travail.&nbsp;<\/p>\n\n\n\n<p>Comme mentionn\u00e9 plus haut, l&rsquo;approche th\u00e9rapeutique de l&rsquo;ergophobie prend du temps et ne se limite pas \u00e0 ce que nous avons \u00e9voqu\u00e9 ici. L&rsquo;important est de <strong>prendre conscience de l&rsquo;existence du probl\u00e8me et de l&rsquo;ampleur de ses cons\u00e9quences<\/strong> afin que la personne qui en souffre puisse s&rsquo;adresser \u00e0 un psychologue professionnel le plus t\u00f4t possible.&nbsp;<\/p>\n\n\n\n<p>Nous esp\u00e9rons que cet article sur <strong>l&rsquo;ergophobie<\/strong> vous a int\u00e9ress\u00e9. Si vous souhaitez obtenir<a href=\"https:\/\/ifeelonline.com\/fr\/comment-ca-marche\/\"> plus d&rsquo;informations<\/a> sur <strong>le service de bien-\u00eatre \u00e9motionnel et mental pour les entreprises d&rsquo;ifeel<\/strong>, il vous suffit d&rsquo;en faire la demande et nous prendrons contact avec votre \u00e9quipe dans les plus brefs d\u00e9lais.<\/p>\n\n    <div class=\"xs_social_share_widget xs_share_url after_content \t\tmain_content  wslu-style-1 wslu-share-box-shaped wslu-fill-colored wslu-none wslu-share-horizontal wslu-theme-font-no wslu-main_content\">\n\n\t\t\n        <ul>\n\t\t\t        <\/ul>\n    <\/div> \n","protected":false},"excerpt":{"rendered":"<p>L&rsquo;ergophobie, ou \u00ab\u00a0peur\u00a0\u00bb du travail, peut devenir un v\u00e9ritable probl\u00e8me au travail mais aussi un probl\u00e8me de sant\u00e9 pour ceux qui en souffrent.<\/p>\n","protected":false},"author":8,"featured_media":9129,"comment_status":"closed","ping_status":"open","sticky":false,"template":"","format":"standard","meta":{"content-type":"","postBodyCss":"","postBodyMargin":[],"postBodyPadding":[],"postBodyBackground":{"backgroundType":"classic","gradient":""},"footnotes":""},"categories":[27,39],"tags":[],"class_list":["post-9128","post","type-post","status-publish","format-standard","has-post-thumbnail","hentry","category-bien-etre-au-travail","category-psychologie-pour-les-entreprises"],"_links":{"self":[{"href":"https:\/\/ifeelonline.com\/fr\/wp-json\/wp\/v2\/posts\/9128","targetHints":{"allow":["GET"]}}],"collection":[{"href":"https:\/\/ifeelonline.com\/fr\/wp-json\/wp\/v2\/posts"}],"about":[{"href":"https:\/\/ifeelonline.com\/fr\/wp-json\/wp\/v2\/types\/post"}],"author":[{"embeddable":true,"href":"https:\/\/ifeelonline.com\/fr\/wp-json\/wp\/v2\/users\/8"}],"replies":[{"embeddable":true,"href":"https:\/\/ifeelonline.com\/fr\/wp-json\/wp\/v2\/comments?post=9128"}],"version-history":[{"count":0,"href":"https:\/\/ifeelonline.com\/fr\/wp-json\/wp\/v2\/posts\/9128\/revisions"}],"wp:featuredmedia":[{"embeddable":true,"href":"https:\/\/ifeelonline.com\/fr\/wp-json\/wp\/v2\/media\/9129"}],"wp:attachment":[{"href":"https:\/\/ifeelonline.com\/fr\/wp-json\/wp\/v2\/media?parent=9128"}],"wp:term":[{"taxonomy":"category","embeddable":true,"href":"https:\/\/ifeelonline.com\/fr\/wp-json\/wp\/v2\/categories?post=9128"},{"taxonomy":"post_tag","embeddable":true,"href":"https:\/\/ifeelonline.com\/fr\/wp-json\/wp\/v2\/tags?post=9128"}],"curies":[{"name":"wp","href":"https:\/\/api.w.org\/{rel}","templated":true}]}}