{"id":8776,"date":"2023-04-03T11:31:09","date_gmt":"2023-04-03T10:31:09","guid":{"rendered":"https:\/\/ifeelonline.com\/fr\/?p=8776"},"modified":"2023-04-03T11:31:11","modified_gmt":"2023-04-03T10:31:11","slug":"image-de-marque-employeur","status":"publish","type":"post","link":"https:\/\/ifeelonline.com\/fr\/image-de-marque-employeur\/","title":{"rendered":"5 \u00e9l\u00e9ments essentiels pour valoriser son image de marque employeur"},"content":{"rendered":"\n<p>Si nous parlons d&rsquo;<strong>image de marque employeur<\/strong> ce n&rsquo;est peut-\u00eatre pas tr\u00e8s clair pour vous. Mais qu&rsquo;en est-il de<strong> la r\u00e9putation de l&rsquo;entreprise<\/strong> ou des<strong> ambassadeurs de la marque <\/strong>? Maintenant, vous avez compris. C&rsquo;est pr\u00e9cis\u00e9ment ce dont nous voulons parler dans cet article : <strong>l&rsquo;importance de conna\u00eetre l&rsquo;effet qu&rsquo;une bonne image de marque de employeur peut avoir sur le d\u00e9veloppement d&rsquo;une entreprise <\/strong>et la mani\u00e8re dont <strong>ifeel<\/strong> peut aider votre entreprise \u00e0 cr\u00e9er une image de marque efficace gr\u00e2ce \u00e0 son <strong><a href=\"https:\/\/ifeelonline.com\/fr\/demander-une-demo\/\" data-type=\"URL\" data-id=\"https:\/\/ifeelonline.com\/fr\/demander-une-demo\/\" target=\"_blank\" rel=\"noreferrer noopener\">programme de bien-\u00eatre \u00e9motionnel pour les entreprises<\/a><\/strong>.<\/p>\n\n\n\n<h2 class=\"wp-block-heading\">Qu&rsquo;est-ce que l&rsquo;image de marque de employeur ou <em>employer branding<\/em> ?<\/h2>\n\n\n\n<p>Comme son nom l&rsquo;indique, <strong>l&rsquo;image de marque employeur <\/strong>fait r\u00e9f\u00e9rence \u00e0 <strong>l&rsquo;action et \u00e0 l&rsquo;influence que les collaborateurs exercent sur l&rsquo;image de marque de leur entreprise<\/strong>. De la m\u00eame mani\u00e8re, <strong>la marque d&rsquo;une entreprise a un impact sur l&rsquo;univers psychologique de ses collaborateurs<\/strong>, \u00e0 travers leur niveau d&rsquo;<strong>identification<\/strong> \u00e0 elle, leur sentiment d&rsquo;<strong>appartenance<\/strong> et leur <strong>satisfaction <\/strong>\u00e0 l&rsquo;\u00e9gard de l&rsquo;entreprise pour laquelle ils travaillent.<\/p>\n\n\n\n<p>Pour comprendre <strong>l&rsquo;importance d&rsquo;une bonne image de marque employeur,<\/strong> il est n\u00e9cessaire de se poser quelques questions pr\u00e9liminaires : <strong>qu&rsquo;est-ce qui fait qu&rsquo;un candidat se sent attir\u00e9 par une entreprise en particulier ?<\/strong> Comment s&rsquo;assurer que <strong>les collaborateurs d&rsquo;une entreprise sont tellement heureux d&rsquo;y travailler <\/strong>qu&rsquo;ils ne veulent pas la quitter pour un concurrent et qu&rsquo;ils la recommandent ?<\/p>\n\n\n\n<figure class=\"wp-block-image size-full\"><img fetchpriority=\"high\" decoding=\"async\" width=\"708\" height=\"380\" src=\"https:\/\/ifeelonline.com\/fr\/wp-content\/uploads\/sites\/3\/2023\/03\/marque-employeur-2.jpg\" alt=\"marque employeur\" class=\"wp-image-8778\" srcset=\"https:\/\/ifeelonline.com\/fr\/wp-content\/uploads\/sites\/3\/2023\/03\/marque-employeur-2.jpg 708w, https:\/\/ifeelonline.com\/fr\/wp-content\/uploads\/sites\/3\/2023\/03\/marque-employeur-2-300x161.jpg 300w\" sizes=\"(max-width: 708px) 100vw, 708px\" \/><\/figure>\n\n\n\n<h3 class=\"wp-block-heading\">L&rsquo;\u00e9nergie de la marque<\/h3>\n\n\n\n<p>Qu&rsquo;on le veuille ou non, par le simple fait de son existence,<strong> l&rsquo;image d&rsquo;une entreprise d\u00e9gage d\u00e9j\u00e0 une \u00e9nergie particuli\u00e8re <\/strong>: elle suscite quelque chose chez ceux qui l&rsquo;observent, elle leur inspire une id\u00e9e ou un sentiment. Les personnes charg\u00e9es de la cr\u00e9er et de la d\u00e9fendre ont la plus grande influence sur le fait que cette \u00e9nergie se transforme en soufre et en poison ou en un parfum agr\u00e9able qui attire et que tout le monde a envie de porter.<\/p>\n\n\n\n<p>Ainsi, lorsque <strong>l&rsquo;\u00e9nergie de l&rsquo;image externe et interne d&rsquo;une entreprise est positive<\/strong>, elle devient une <strong>bonne r\u00e9putation pour l&rsquo;entreprise<\/strong> et son personnel. En revanche, lorsque l&rsquo;\u00e9nergie est n\u00e9gative, elle dissuade les candidats potentiels de rejoindre l&rsquo;entreprise et met mal \u00e0 l&rsquo;aise les collaborateurs qui y travaillent d\u00e9j\u00e0, ce qui ne contribue pas \u00e0 am\u00e9liorer cette r\u00e9putation. Au contraire, ils auront tendance \u00e0  la renier, pr\u00e9cis\u00e9ment parce que <strong>la mauvaise image de l&rsquo;entreprise nuit \u00e0 leur r\u00e9putation personnelle<\/strong>.<\/p>\n\n\n\n<h3 class=\"wp-block-heading\">Les candidats s&rsquo;informent sur les entreprises<\/h3>\n\n\n\n<p>Lorsque nous nous demandons<strong> si nous voulons travailler pour une entreprise <\/strong>donn\u00e9e ou que nous envisageons de postuler \u00e0 une offre faite par une entreprise de notre secteur, nous utilisons<strong> diverses sources d&rsquo;information qui influenceront notre d\u00e9cision<\/strong>.<\/p>\n\n\n\n<p>Chaque fois que nous en avons l&rsquo;occasion, l&rsquo;une de <strong>ces sources d&rsquo;information sera l&rsquo;analyse de l&rsquo;histoire que les travailleurs d&rsquo;une entreprise ont construite<\/strong>, individuellement et collectivement, sur <strong>leur exp\u00e9rience en tant que collaborateurs<\/strong>.<\/p>\n\n\n\n<p><br>Parfois, une telle analyse n&rsquo;est pas possible parce que l&rsquo;entreprise n&rsquo;est pas suffisamment connue, ou parce que nous n&rsquo;avons pas d&rsquo;acc\u00e8s direct aux t\u00e9moignages de collaborateurs actuels ou anciens de cette entreprise. Dans d&rsquo;autres cas, cependant, la notori\u00e9t\u00e9 de l&rsquo;entreprise ou la capacit\u00e9 de notre r\u00e9seau social nous donne acc\u00e8s \u00e0 cette histoire et, consciemment ou inconsciemment, nous en tiendrons compte dans notre \u00e9valuation particuli\u00e8re des co\u00fbts et des avantages.<\/p>\n\n\n\n<p>C&rsquo;est pr\u00e9cis\u00e9ment ce sur quoi se fondent les processus de <em><strong>inbound recruiting<\/strong><\/em>. Cela nous donne \u00e9galement une id\u00e9e de<strong> l&rsquo;importance de l&rsquo;image de l&rsquo;entreprise <\/strong>et de la responsabilit\u00e9 de l&rsquo;entreprise d&rsquo;en prendre soin. En outre, cela nous permet de percevoir \u00e0 quel point il est utile d&rsquo;<strong>avoir une bonne strat\u00e9gie pour promouvoir cette r\u00e9putation d&rsquo;entreprise <\/strong>et, surtout, de la faire conna\u00eetre par le biais de ses <strong>meilleurs porte-parole : les collaborateurs <\/strong>qu&rsquo;elle a d\u00e9j\u00e0 ou ceux qui ont travaill\u00e9 pour l&rsquo;entreprise et qui maintiennent un lien positif avec elle.<\/p>\n\n\n\n<h2 class=\"wp-block-heading\">Pourquoi une entreprise devrait-elle soigner sa marque employeur ?<\/h2>\n\n\n\n<p>Comme nous l&rsquo;avons d\u00e9j\u00e0 laiss\u00e9 entendre dans les sections pr\u00e9c\u00e9dentes, la m<strong>arque employeur n&rsquo;est pas quelque chose qu&rsquo;une entreprise peut ou ne peut pas avoir. <\/strong>En r\u00e9alit\u00e9, qu&rsquo;elle le veuille ou non, <strong>chaque entreprise a une image de marque, une r\u00e9putation<\/strong>, transmise d\u00e9lib\u00e9r\u00e9ment ou involontairement par ses employ\u00e9s, <strong>ind\u00e9pendamment des canaux de communication officiels et des strat\u00e9gies publicitaires ou marketing<\/strong> qui peuvent \u00eatre mises en \u0153uvre pour la construire et la faire conna\u00eetre au public au sens le plus large.<\/p>\n\n\n\n<p>Il en va tout autrement<strong> si cette marque employeur est positive ou n\u00e9gative, puissante ou faible, constructive ou agressive, <\/strong>si elle attire un groupe large et vari\u00e9 de personnes, si celles-ci h\u00e9sitent \u00e0 rejoindre l&rsquo;entreprise, \u00e0 rester dans l&rsquo;\u00e9quipe ou \u00e0 consommer ses produits, et si elles sont dispos\u00e9es \u00e0 en faire partie. Au-del\u00e0 de la simple publicit\u00e9 ou de la r\u00e9alit\u00e9 selon laquelle rien ne pla\u00eet \u00e0 tout le monde en permanence,<strong> l&rsquo;image de marque employeur est cruciale pour le succ\u00e8s de toute organisation.<\/strong><\/p>\n\n\n\n<p>C&rsquo;est pourquoi toutes<strong> les entreprises doivent soigner l&rsquo;image qu&rsquo;elles offrent tant en interne qu&rsquo;en externe <\/strong>car, au final, si la marque employeur est bonne, l&rsquo;entreprise \u00e9conomise de l&rsquo;argent, et si elle est mauvaise, elle en perd inutilement. En effet, ce n&rsquo;est pas la m\u00eame chose d&rsquo;avoir une bonne r\u00e9putation qui se d\u00e9veloppe facilement en y investissant des ressources, <strong>mais aussi gratuitement gr\u00e2ce aux employ\u00e9s, que d&rsquo;avoir une mauvaise image de marque de l&#8217;employeur<\/strong> qui repousse les clients actuels et potentiels (qu&rsquo;il s&rsquo;agisse de clients internes ou externes).<\/p>\n\n\n\n<p>En r\u00e9sum\u00e9, toutes<strong> les organisations doivent investir efficacement leurs ressources dans la construction d&rsquo;une bonne image de marque<\/strong>, puissante et efficace, afin d&rsquo;\u00e9conomiser des ressources lorsqu&rsquo;elles pensent \u00e0 la publicit\u00e9, \u00e0 la recherche d&rsquo;investisseurs, <strong>au recrutement ou au bien-\u00eatre psychologique de leurs collaborateurs.<\/strong><\/p>\n\n\n\n<h2 class=\"wp-block-heading\">\u00c9l\u00e9ments \u00e0 prendre en compte pour une bonne image de marque employeur<\/h2>\n\n\n\n<h3 class=\"wp-block-heading\">L&rsquo;environnement de travail et le salaire \u00e9motionnel<\/h3>\n\n\n\n<p><strong>Prendre soin de l&rsquo;environnement de travail<\/strong> et<strong> avoir une politique d&rsquo;avantages sociaux<\/strong> adapt\u00e9e aux caract\u00e9ristiques et aux besoins de la main-d&rsquo;\u0153uvre <strong>est la premi\u00e8re \u00e9tape de la construction d&rsquo;une marque respectable et prestigieuse.<\/strong> Pour pouvoir ajuster ces d\u00e9cisions, il est essentiel de <strong>maintenir des canaux de communication efficaces<\/strong> au sein des \u00e9quipes et entre les diff\u00e9rents niveaux hi\u00e9rarchiques.<\/p>\n\n\n\n<h3 class=\"wp-block-heading\">Soigner l&rsquo;image de l&rsquo;entreprise<\/h3>\n\n\n\n<p>Construire activement non seulement un logo fort, mais aussi <strong>un discours plus \u00e9labor\u00e9 sur la mission et les objectifs de l&rsquo;entreprise <\/strong>et sur l&rsquo;int\u00e9r\u00eat pour tout employ\u00e9 de faire partie de votre \u00e9quipe. <strong>Superviser la r\u00e9putation en ligne des collaborateurs<\/strong>, \u00e9tablir des codes clairs et coh\u00e9rents sur la mani\u00e8re de parler de l&rsquo;entreprise ou en son nom, promouvoir une esth\u00e9tique appropri\u00e9e lors de la pr\u00e9sentation publique de l&rsquo;entreprise sont des \u00e9l\u00e9ments essentiels pour y parvenir.<\/p>\n\n\n\n<h3 class=\"wp-block-heading\">Bien communiquer l&rsquo;image<\/h3>\n\n\n\n<p>Cela doit se faire par le biais d&rsquo;<strong>actions marketing structur\u00e9es<\/strong>, avec l&rsquo;inconv\u00e9nient que ces actions sont parfois caract\u00e9ris\u00e9es par un contenu impersonnel. Cela doit \u00e9galement se faire <strong>en impliquant activement les collaborateurs<\/strong> afin que, de mani\u00e8re formelle et informelle (dans leur vie quotidienne, en contact avec leurs r\u00e9seaux sociaux), ils agissent comme de<strong> bons ambassadeurs de la marque<\/strong>.<\/p>\n\n\n\n<p>En d&rsquo;autres termes : <strong>nous pouvons int\u00e9grer des t\u00e9moignages de collaborateurs et des vid\u00e9os<\/strong> illustrant la vie au sein de l&rsquo;entreprise dans nos canaux d&rsquo;entreprise afin que le grand public connaisse la valeur de notre marque.<\/p>\n\n\n\n<p>Mais nous devons aussi <strong>veiller \u00e0 ce que les collaborateurs soient heureux, se sentent \u00e0 l&rsquo;aise, reconnus et bien trait\u00e9s<\/strong>. Ainsi, dans leur vie quotidienne, lorsque personne de l&rsquo;entreprise ne les voit ou ne les entend, ils parleront spontan\u00e9ment en bien de l&rsquo;entreprise, m\u00eame s&rsquo;ils n&rsquo;en ont pas besoin. De cette mani\u00e8re, <strong>ils transmettront organiquement leur valeur et recommanderont \u00e0 d&rsquo;\u00e9ventuels futurs candidats talentueux de rejoindre l&rsquo;\u00e9quipe<\/strong>.<\/p>\n\n\n\n<h3 class=\"wp-block-heading\">Mettre en \u0153uvre un fonctionnement coh\u00e9rent<\/h3>\n\n\n\n<p>Les diff\u00e9rents \u00e9l\u00e9ments que nous utilisons en tant qu&rsquo;entreprise pour am\u00e9liorer<strong><a href=\"https:\/\/ifeelonline.com\/fr\/experience-collaborateur-essentielle-pour-les-entreprises\/\" target=\"_blank\" rel=\"noreferrer noopener\"> l&rsquo;exp\u00e9rience collaborateur<\/a><\/strong>, construire <strong>une bonne image de marque <\/strong>et la v\u00e9hiculer au moindre co\u00fbt et avec la plus grande port\u00e9e possible, doivent \u00eatre coh\u00e9rents les uns avec les autres. Sinon, ils auront l&rsquo;effet inverse de celui qu&rsquo;ils sont cens\u00e9s produire.<\/p>\n\n\n\n<h3 class=\"wp-block-heading\">Adopter un point de vue r\u00e9aliste<\/h3>\n\n\n\n<p><strong>Il n&rsquo;est pas r\u00e9aliste pour une entreprise d&rsquo;essayer de satisfaire tous ses collaborateurs avec les m\u00eames strat\u00e9gies <\/strong>en permanence. Quelle que soit notre volont\u00e9, et quelle que soit la qualit\u00e9 de notre produit ou service, nous ne pouvons pas toujours satisfaire tout le monde.<\/p>\n\n\n\n<p>L&rsquo;objectif devrait plut\u00f4t \u00eatre de cibler le plus grand nombre possible de parties prenantes tr\u00e8s influentes, aussi souvent et aussi longtemps que possible.<\/p>\n\n\n\n<p>En d&rsquo;autres termes, il faut \u00eatre <strong>une entreprise attrayante et recommandable pour le plus grand nombre possible d&#8217;employ\u00e9s<\/strong>, et cette image doit les accompagner le plus longtemps possible, au lieu d&rsquo;\u00eatre un feu de paille passager qui se termine par une d\u00e9ception.<\/p>\n\n\n\n<figure class=\"wp-block-image size-full\"><img decoding=\"async\" width=\"708\" height=\"380\" src=\"https:\/\/ifeelonline.com\/fr\/wp-content\/uploads\/sites\/3\/2023\/03\/marque-employeur-3.jpg\" alt=\"marque employeur\" class=\"wp-image-8779\" srcset=\"https:\/\/ifeelonline.com\/fr\/wp-content\/uploads\/sites\/3\/2023\/03\/marque-employeur-3.jpg 708w, https:\/\/ifeelonline.com\/fr\/wp-content\/uploads\/sites\/3\/2023\/03\/marque-employeur-3-300x161.jpg 300w\" sizes=\"(max-width: 708px) 100vw, 708px\" \/><\/figure>\n\n\n\n<h2 class=\"wp-block-heading\">Apprendre \u00e0 d\u00e9velopper l&rsquo;image de marque de l&#8217;employeur<\/h2>\n\n\n\n<p><strong>Ifee<\/strong>l propose un programme de <strong>bien-\u00eatre \u00e9motionnel pour les entreprises<\/strong>, con\u00e7u par son \u00e9quipe d&rsquo;<strong>experts psychologues<\/strong> avec un objectif principal : aider les entreprises \u00e0 <strong>placer la sant\u00e9 de leurs collaborateurs au c\u0153ur de leur strat\u00e9gie de productivit\u00e9 durable<\/strong>.<\/p>\n\n\n\n<p>Gr\u00e2ce \u00e0 cette collaboration, les responsables des d\u00e9partements des ressources humaines peuvent recevoir des <strong>conseils personnalis\u00e9s, bas\u00e9s sur des donn\u00e9es<\/strong>, sur la mani\u00e8re de prendre les bonnes d\u00e9cisions dans l&rsquo;entreprise pour<strong> tirer le meilleur parti des \u00e9quipes dont ils ont la charge <\/strong>et pour mieux s&rsquo;occuper du bien-\u00eatre psychologique des personnes qui les composent.<\/p>\n\n\n\n<p>D&rsquo;autre part, ce programme offre aux employ\u00e9s <strong>un service holistique de soins de sant\u00e9 mentale<\/strong> structur\u00e9 \u00e0 diff\u00e9rents niveaux en fonction de leurs besoins. Ce service comprend, si n\u00e9cessaire, une <strong>th\u00e9rapie psychologique en ligne avec un psychologue sp\u00e9cialis\u00e9<\/strong> dans des cas comme le v\u00f4tre. <a href=\"https:\/\/ifeelonline.com\/fr\/demander-une-demo\/\" target=\"_blank\" data-type=\"URL\" data-id=\"https:\/\/ifeelonline.com\/fr\/demander-une-demo\/\" rel=\"noreferrer noopener\">Essayez notre programme d\u00e8s maintenant<\/a> pour voir comment il pourrait vous aider.<\/p>\n\n\n\n<p>Nous esp\u00e9rons que cet article sur<strong> l&rsquo;image de marque employeur<\/strong> vous a int\u00e9ress\u00e9. Si vous souhaitez obtenir <a href=\"https:\/\/ifeelonline.com\/fr\/demander-une-demo\/\" target=\"_blank\" rel=\"noreferrer noopener\">plus d&rsquo;informations sur notre programme <\/a>de bien-\u00eatre \u00e9motionnel pour les entreprises, il vous suffit de demander et nous prendrons contact avec votre \u00e9quipe dans les plus brefs d\u00e9lais.<\/p>\n\n    <div class=\"xs_social_share_widget xs_share_url after_content \t\tmain_content  wslu-style-1 wslu-share-box-shaped wslu-fill-colored wslu-none wslu-share-horizontal wslu-theme-font-no wslu-main_content\">\n\n\t\t\n        <ul>\n\t\t\t        <\/ul>\n    <\/div> \n","protected":false},"excerpt":{"rendered":"<p>L&rsquo;image de marque employeur fait r\u00e9f\u00e9rence \u00e0 l&rsquo;action et \u00e0 l&rsquo;influence que les collaborateurs exercent sur l&rsquo;image de marque de leur entreprise. <\/p>\n","protected":false},"author":8,"featured_media":8779,"comment_status":"closed","ping_status":"open","sticky":false,"template":"","format":"standard","meta":{"content-type":"","postBodyCss":"","postBodyMargin":[],"postBodyPadding":[],"postBodyBackground":{"backgroundType":"classic","gradient":""},"footnotes":""},"categories":[27,40],"tags":[],"class_list":["post-8776","post","type-post","status-publish","format-standard","has-post-thumbnail","hentry","category-bien-etre-au-travail","category-ressources-humaines"],"_links":{"self":[{"href":"https:\/\/ifeelonline.com\/fr\/wp-json\/wp\/v2\/posts\/8776","targetHints":{"allow":["GET"]}}],"collection":[{"href":"https:\/\/ifeelonline.com\/fr\/wp-json\/wp\/v2\/posts"}],"about":[{"href":"https:\/\/ifeelonline.com\/fr\/wp-json\/wp\/v2\/types\/post"}],"author":[{"embeddable":true,"href":"https:\/\/ifeelonline.com\/fr\/wp-json\/wp\/v2\/users\/8"}],"replies":[{"embeddable":true,"href":"https:\/\/ifeelonline.com\/fr\/wp-json\/wp\/v2\/comments?post=8776"}],"version-history":[{"count":0,"href":"https:\/\/ifeelonline.com\/fr\/wp-json\/wp\/v2\/posts\/8776\/revisions"}],"wp:featuredmedia":[{"embeddable":true,"href":"https:\/\/ifeelonline.com\/fr\/wp-json\/wp\/v2\/media\/8779"}],"wp:attachment":[{"href":"https:\/\/ifeelonline.com\/fr\/wp-json\/wp\/v2\/media?parent=8776"}],"wp:term":[{"taxonomy":"category","embeddable":true,"href":"https:\/\/ifeelonline.com\/fr\/wp-json\/wp\/v2\/categories?post=8776"},{"taxonomy":"post_tag","embeddable":true,"href":"https:\/\/ifeelonline.com\/fr\/wp-json\/wp\/v2\/tags?post=8776"}],"curies":[{"name":"wp","href":"https:\/\/api.w.org\/{rel}","templated":true}]}}