{"id":8762,"date":"2023-03-23T16:04:44","date_gmt":"2023-03-23T15:04:44","guid":{"rendered":"https:\/\/ifeelonline.com\/fr\/?p=8762"},"modified":"2023-05-16T12:12:02","modified_gmt":"2023-05-16T11:12:02","slug":"bourreaux-de-travail-en-vacances","status":"publish","type":"post","link":"https:\/\/ifeelonline.com\/fr\/bourreaux-de-travail-en-vacances\/","title":{"rendered":"Work-addict en vacances : qui sont ces bourreaux de travail ?"},"content":{"rendered":"\n<p>Vous avez du mal \u00e0 vous arr\u00eater de travailler pendant quelques semaines ? Vous ne faites peut-\u00eatre pas partie de <strong>ces bourreaux de travail<\/strong> qui travaillent m\u00eame en vacances, mais vous avez peut-\u00eatre quelques points importants en commun avec eux.\u00a0<\/p>\n\n\n\n<p>Nous associons g\u00e9n\u00e9ralement les vacances \u00e0 une p\u00e9riode de d\u00e9tente que tout le monde appr\u00e9cie et qu&rsquo;il est extr\u00eamement agr\u00e9able de fantasmer. Cependant, de <strong>nombreuses personnes \u00e9prouvent un degr\u00e9 d&rsquo;anxi\u00e9t\u00e9 <\/strong>plus ou moins important \u00e0 l&rsquo;id\u00e9e de <strong>demander, d&rsquo;organiser et de prendre des vacances qui vont au-del\u00e0 d&rsquo;un jour ou deux de cong\u00e9<\/strong>.\u00a0<\/p>\n\n\n\n<p>Imaginez la difficult\u00e9 des bourreaux de travail en vacances et, \u00e0 ceux qui, sans avoir un probl\u00e8me de sant\u00e9 psychologique aussi grave, <strong>ont aussi du mal \u00e0 quitter les tranch\u00e9es pour quelques jours<\/strong>.<\/p>\n\n\n\n<p>C&rsquo;est en effet paradoxal, mais les gens sont ainsi : <strong>nous avons des besoins contradictoires<\/strong>, nous avons besoin de nous reposer mais parfois nous r\u00e9sistons \u00e0 \u00e9teindre l&rsquo;ordinateur et \u00e0 activer le mail d&rsquo;<em>out of office<\/em>. Il peut y avoir de nombreuses raisons \u00e0 cela.\u00a0<\/p>\n\n\n\n<figure class=\"wp-block-image size-full\"><img fetchpriority=\"high\" decoding=\"async\" width=\"708\" height=\"380\" src=\"https:\/\/ifeelonline.com\/fr\/wp-content\/uploads\/sites\/3\/2023\/03\/addict-work-2.jpg\" alt=\"bourreaux de travail\" class=\"wp-image-8764\" srcset=\"https:\/\/ifeelonline.com\/fr\/wp-content\/uploads\/sites\/3\/2023\/03\/addict-work-2.jpg 708w, https:\/\/ifeelonline.com\/fr\/wp-content\/uploads\/sites\/3\/2023\/03\/addict-work-2-300x161.jpg 300w\" sizes=\"(max-width: 708px) 100vw, 708px\" \/><\/figure>\n\n\n\n<p>Lorsque nous \u00e9prouvons un d\u00e9go\u00fbt \u00e9norme \u00e0 l&rsquo;id\u00e9e des vacances, voire <strong>une anxi\u00e9t\u00e9 ou une incapacit\u00e9 \u00e0 arr\u00eater de travailler <\/strong>m\u00eame lorsque nous ne sommes pas au bureau, il se peut que nous ayons un <strong>probl\u00e8me d&rsquo;addiction au travail<\/strong>.\u00a0<\/p>\n\n\n\n<p>Quoi qu&rsquo;il en soit, examinons six des raisons les plus courantes pour lesquelles les personnes qui \u00e9prouvent des difficult\u00e9s psychologiques \u00e0 partir en vacances.<\/p>\n\n\n\n<h2 class=\"wp-block-heading\">Les bourreaux de travail en vacances&#8230; ou presque. Pourquoi ?<\/h2>\n\n\n\n<h3 class=\"wp-block-heading\">1. L&rsquo;horreur, la perte de rep\u00e8res<\/h3>\n\n\n\n<p>J&rsquo;ai beaucoup de mal \u00e0 partir en vacances parce que<strong> j&rsquo;ai peur de laisser des choses importantes en suspens<\/strong> sans m&rsquo;en rendre compte. Certes, lorsque nous avons trois ou quatre t\u00e2ches \u00e0 accomplir, il est relativement facile d&rsquo;organiser notre travail avant notre d\u00e9part. Cependant, il est fr\u00e9quent que nous ayons des responsabilit\u00e9s et des r\u00f4les diff\u00e9rents et qu&rsquo;un probl\u00e8me passe entre les mailles du filet et cr\u00e9e une surprise d\u00e9sagr\u00e9able pendant notre absence ou \u00e0 notre retour.\u00a0<\/p>\n\n\n\n<h3 class=\"wp-block-heading\">2. Je ne veux rien manquer<\/h3>\n\n\n\n<p>Je crains qu&rsquo;en mon absence, des choses importantes se produisent et que je les manque. Lorsque les choses sont passionnantes dans notre entreprise et que notre niveau d&rsquo;implication et de responsabilit\u00e9 a \u00e9t\u00e9 \u00e9lev\u00e9 ces derniers temps, nous ne voulons pas que quelque chose d&rsquo;important se produise juste pour une fois en notre absence, qui soit ind\u00e9pendant de notre volont\u00e9 et pour lequel nous ne puissions pas \u00eatre pr\u00e9sents.&nbsp;<\/p>\n\n\n\n<h3 class=\"wp-block-heading\">3. Je ne sais pas comment \u00ab\u00a0jouer aux vacances\u00a0\u00bb<\/h3>\n\n\n\n<p><strong>Je travaille tellement que je me sens mal \u00e0 l&rsquo;aise lorsque j&rsquo;ai beaucoup de temps libre<\/strong>. Parfois, le probl\u00e8me est que <strong>nous ne sommes pas habitu\u00e9s \u00e0 ne pas travailler<\/strong>. Notre travail occupe une si grande partie de notre vie, de notre espace int\u00e9rieur et ext\u00e9rieur, que nous n&rsquo;avons pas les comp\u00e9tences n\u00e9cessaires pour nous d\u00e9brouiller en dehors de ce cadre. Par cons\u00e9quent, bien que cela puisse sembler paradoxal, la possibilit\u00e9 de passer une semaine ou deux \u00e0 l&rsquo;ext\u00e9rieur, ou plus longtemps, ne nous semble pas attrayante, mais mena\u00e7ante.\u00a0<\/p>\n\n\n\n<h3 class=\"wp-block-heading\">4. Mes vacances ne seront pas aussi cool que celles des autres<\/h3>\n\n\n\n<p>Oui,<strong> les r\u00e9seaux sociaux et les m\u00e9dias ont fait beaucoup de d\u00e9g\u00e2ts<\/strong> et la barre des vacances parfaites est, plus que haute, inatteignable. Ainsi, nous avons beau essayer de concevoir un plan qui nous convient, en le comparant \u00e0 ce que (nous pensons) tout le monde fait, il tombe toujours \u00e0 plat. Alors, <strong>ce qui semblait \u00eatre de bonnes vacances se r\u00e9v\u00e8le \u00eatre un plan peu app\u00e9tissant <\/strong>qui ne vaut pas la peine d&rsquo;\u00eatre entrepris.\u00a0<\/p>\n\n\n\n<h3 class=\"wp-block-heading\">5. Je ne veux m\u00eame pas penser \u00e0 ce qui m&rsquo;attend \u00e0 mon retour<\/h3>\n\n\n\n<p><strong>Cela me stresse de penser \u00e0 la quantit\u00e9 de choses que je vais devoir faire \u00e0 mon retour<\/strong>. En g\u00e9n\u00e9ral, en faisant un peu attention, on arrive \u00e0 tout faire avant d&rsquo;\u00e9teindre l&rsquo;ordinateur. La menace vient, en revanche, de<strong> la pens\u00e9e de toutes les choses qui s&rsquo;accumuleront en notre absence<\/strong>, que personne ne g\u00e9rera et qui nous attendront \u00e0 bras ouverts \u00e0 notre retour. L&rsquo;id\u00e9e de remonter une pente infernale au retour des vacances jusqu&rsquo;\u00e0 ce que l&rsquo;<strong>on se r\u00e9adapte au rythme normal du travail<\/strong> peut jeter une ombre tr\u00e8s sombre sur nos pr\u00e9paratifs.\u00a0<\/p>\n\n\n\n<h3 class=\"wp-block-heading\">6. Je n&rsquo;aime pas ma vie, je pr\u00e9f\u00e8re travailler<\/h3>\n\n\n\n<p><strong>J&rsquo;ai tellement de probl\u00e8mes dans ma vie personnelle qu&rsquo;il vaut mieux que je travaille <\/strong>plut\u00f4t que de m&rsquo;occuper de mon temps libre. Peut-\u00eatre que nous n&rsquo;aimons pas notre propre compagnie, que notre vie de famille bat de l&rsquo;aile, que nos amis sont partis faire leurs petites affaires et que nous n&rsquo;avons pas beaucoup de budget pour nous \u00e9vader au bout du monde pour voir ce qui se passe&#8230; Si c&rsquo;est le cas, franchement, <strong>rester au travail plut\u00f4t que de prendre des vacances semble \u00eatre une bien meilleure option <\/strong>que de s&rsquo;impliquer pleinement dans notre vie en dehors du bureau pendant les jours que nous avons demand\u00e9s.\u00a0<\/p>\n\n\n\n<p><strong>Ne vous inqui\u00e9tez pas.<\/strong> Il se peut que vous laissiez quelques d\u00e9tails en suspens, mais ce ne sont certainement pas les plus importants. Peut-\u00eatre que vos projets n&rsquo;ont pas fi\u00e8re allure si vous les affichez sur un r\u00e9seau social, mais apr\u00e8s tout, <strong>vous ne les faites pas pour les afficher, vous les faites pour les vivre, n&rsquo;est-ce pas <\/strong>? Et si vous n&rsquo;aimez pas votre vie ou si vous ne trouvez rien d&rsquo;excitant \u00e0 faire,<strong> ce n&rsquo;est pas la fin du monde : ne faites rien d&rsquo;excitant pendant vos vacances<\/strong>. Restez chez vous, essayez de vivre tranquillement et de faire des choses qui vous plaisent, et <strong>vous aurez un meilleur plan l&rsquo;ann\u00e9e prochaine.<\/strong>\u00a0<\/p>\n\n\n\n<p>Toutefois, si vous n&rsquo;\u00eates pas simplement en difficult\u00e9, mais qu&rsquo;\u00e0 bien y r\u00e9fl\u00e9chir, vous \u00eates pr\u00eat \u00e0 rejoindre <strong>le groupe des \u00ab\u00a0accros\u00a0\u00bb au travail m\u00eame en vacances<\/strong>, vous devez vous rendre directement chez un sp\u00e9cialiste pour obtenir une aide psychologique.\u00a0<\/p>\n\n\n\n<p>Si votre cas est moins grave, l&rsquo;important est que, aussi bien lorsque vous \u00eates au bureau que lorsque vous demandez les cong\u00e9s auxquels vous avez droit, vous sachiez <strong>mener au mieux une vie physique et psychologique saine<\/strong>. Et, si vous en avez la responsabilit\u00e9, que vous aidiez les membres de votre \u00e9quipe \u00e0 \u00eatre bien au travail mais aussi \u00e0 <strong>apprendre \u00e0 bien utiliser leurs vacances<\/strong>. Vous l&rsquo;avez devin\u00e9 : c&rsquo;est bon pour eux, mais aussi pour votre entreprise.\u00a0<\/p>\n\n\n\n<figure class=\"wp-block-image size-full\"><img decoding=\"async\" width=\"708\" height=\"380\" src=\"https:\/\/ifeelonline.com\/fr\/wp-content\/uploads\/sites\/3\/2023\/03\/addict-work-3.jpg\" alt=\"bourreaux de travail\" class=\"wp-image-8763\" srcset=\"https:\/\/ifeelonline.com\/fr\/wp-content\/uploads\/sites\/3\/2023\/03\/addict-work-3.jpg 708w, https:\/\/ifeelonline.com\/fr\/wp-content\/uploads\/sites\/3\/2023\/03\/addict-work-3-300x161.jpg 300w\" sizes=\"(max-width: 708px) 100vw, 708px\" \/><\/figure>\n\n\n\n<h2 class=\"wp-block-heading\">Se concentrer sur le bien-\u00eatre \u00e9motionnel dans les organisations<\/h2>\n\n\n\n<p>Vous ne savez pas comment faire ? Pas de probl\u00e8me.<strong> Ifeel <\/strong>propose <strong><a href=\"https:\/\/ifeelonline.com\/fr\/demander-une-demo\/\" target=\"_blank\" data-type=\"URL\" data-id=\"https:\/\/ifeelonline.com\/fr\/demander-une-demo\/\" rel=\"noreferrer noopener\">un programme de bien-\u00eatre \u00e9motionnel pour les entreprises<\/a><\/strong>, con\u00e7u par son \u00e9quipe d&rsquo;experts psychologues dans le but d&rsquo;aider les entreprises \u00e0 placer la sant\u00e9 de leurs employ\u00e9s au c\u0153ur de leur strat\u00e9gie pour augmenter la productivit\u00e9 de mani\u00e8re durable.\u00a0\u00a0<\/p>\n\n\n\n<p>Gr\u00e2ce \u00e0 cette collaboration, les responsables des ressources humaines peuvent <strong>recevoir des conseils personnalis\u00e9s et fond\u00e9s sur des donn\u00e9es<\/strong> pour accro\u00eetre la motivation des \u00e9quipes qu&rsquo;ils dirigent. Par exemple, pour bien <strong>\u00e9quilibrer leur temps et organiser leur travail <\/strong>de mani\u00e8re \u00e0 ce que leurs vacances ne soient pas un probl\u00e8me pour eux, mais le b\u00e9n\u00e9fice physique et psychologique qu&rsquo;elles sont cens\u00e9es \u00eatre.\u00a0<\/p>\n\n\n\n<p>D&rsquo;autre part, le programme de bien-\u00eatre \u00e9motionnel d&rsquo;ifeel pour les entreprises offre aux employ\u00e9s un <strong>service de soins de sant\u00e9 mentale structur\u00e9 en diff\u00e9rents niveaux<\/strong>, en fonction de leurs besoins \u00e0 un moment donn\u00e9.\u00a0<\/p>\n\n\n\n<p>Ainsi, ils peuvent acc\u00e9der \u00e0 divers outils de soins de sant\u00e9 mentale gr\u00e2ce \u00e0 l&rsquo;application ifeel. \u00c0 un deuxi\u00e8me niveau, ils peuvent recevoir <strong>un soutien \u00e9motionnel<\/strong> par le biais d&rsquo;un chat avec l&rsquo;un des psychologues enregistr\u00e9s sur notre plateforme. S&rsquo;ils pr\u00e9f\u00e8rent un soutien plus continu dans le temps, il leur suffit d&rsquo;acc\u00e9der au troisi\u00e8me niveau du programme : <strong>une th\u00e9rapie psychologique en ligne avec un psychologue sp\u00e9cialis\u00e9 <\/strong>dans les cas comme le v\u00f4tre, par exemple les personnes qui se consid\u00e8rent comme des bourreaux de travail m\u00eame en vacances.<\/p>\n\n\n\n<p>Contactez-nous d\u00e8s aujourd&rsquo;hui et <a href=\"https:\/\/ifeelonline.com\/fr\/demander-une-demo\/\">demandez plus d&rsquo;informations<\/a> sur notre programme de bien-\u00eatre \u00e9motionnel pour les entreprises. <strong>Et partez en vacances en toute tranquillit\u00e9, c&rsquo;est fait pour \u00e7a !<\/strong><\/p>\n\n    <div class=\"xs_social_share_widget xs_share_url after_content \t\tmain_content  wslu-style-1 wslu-share-box-shaped wslu-fill-colored wslu-none wslu-share-horizontal wslu-theme-font-no wslu-main_content\">\n\n\t\t\n        <ul>\n\t\t\t        <\/ul>\n    <\/div> \n","protected":false},"excerpt":{"rendered":"<p>Vous ne faites peut-\u00eatre pas partie de ces bourreaux de travail qui travaillent m\u00eame en vacances, mais vous avez peut-\u00eatre des points commun.<\/p>\n","protected":false},"author":8,"featured_media":8765,"comment_status":"closed","ping_status":"open","sticky":false,"template":"","format":"standard","meta":{"content-type":"","postBodyCss":"","postBodyMargin":[],"postBodyPadding":[],"postBodyBackground":{"backgroundType":"classic","gradient":""},"footnotes":""},"categories":[27,37],"tags":[],"class_list":["post-8762","post","type-post","status-publish","format-standard","has-post-thumbnail","hentry","category-bien-etre-au-travail","category-motivation-au-travail"],"_links":{"self":[{"href":"https:\/\/ifeelonline.com\/fr\/wp-json\/wp\/v2\/posts\/8762","targetHints":{"allow":["GET"]}}],"collection":[{"href":"https:\/\/ifeelonline.com\/fr\/wp-json\/wp\/v2\/posts"}],"about":[{"href":"https:\/\/ifeelonline.com\/fr\/wp-json\/wp\/v2\/types\/post"}],"author":[{"embeddable":true,"href":"https:\/\/ifeelonline.com\/fr\/wp-json\/wp\/v2\/users\/8"}],"replies":[{"embeddable":true,"href":"https:\/\/ifeelonline.com\/fr\/wp-json\/wp\/v2\/comments?post=8762"}],"version-history":[{"count":0,"href":"https:\/\/ifeelonline.com\/fr\/wp-json\/wp\/v2\/posts\/8762\/revisions"}],"wp:featuredmedia":[{"embeddable":true,"href":"https:\/\/ifeelonline.com\/fr\/wp-json\/wp\/v2\/media\/8765"}],"wp:attachment":[{"href":"https:\/\/ifeelonline.com\/fr\/wp-json\/wp\/v2\/media?parent=8762"}],"wp:term":[{"taxonomy":"category","embeddable":true,"href":"https:\/\/ifeelonline.com\/fr\/wp-json\/wp\/v2\/categories?post=8762"},{"taxonomy":"post_tag","embeddable":true,"href":"https:\/\/ifeelonline.com\/fr\/wp-json\/wp\/v2\/tags?post=8762"}],"curies":[{"name":"wp","href":"https:\/\/api.w.org\/{rel}","templated":true}]}}