{"id":8620,"date":"2023-03-02T16:59:03","date_gmt":"2023-03-02T15:59:03","guid":{"rendered":"https:\/\/ifeelonline.com\/fr\/?p=8620"},"modified":"2023-03-03T16:25:36","modified_gmt":"2023-03-03T15:25:36","slug":"forces-et-faiblesses-au-travail","status":"publish","type":"post","link":"https:\/\/ifeelonline.com\/fr\/forces-et-faiblesses-au-travail\/","title":{"rendered":"Forces et faiblesses : comment trouver l&rsquo;\u00e9quilibre au travail ?"},"content":{"rendered":"\n<p>Trouver<strong> le bon \u00e9quilibre entre les forces et les faiblesses au travail <\/strong>est un d\u00e9fi pour tout collaborateur. Il s&rsquo;agit donc d&rsquo;une question importante \u00e0 laquelle les responsables d&rsquo;\u00e9quipe doivent pr\u00eater attention.&nbsp;<\/p>\n\n\n\n<h2 class=\"wp-block-heading\">Forces et faiblesses au travail <\/h2>\n\n\n\n<p>Il est clair que de nombreuses caract\u00e9ristiques seront toujours consid\u00e9r\u00e9es comme des<strong> forces ou des faiblesses<\/strong>, quel que soit le contexte &#8211; qui n&rsquo;appr\u00e9ciera pas l&rsquo;intelligence, la cr\u00e9ativit\u00e9 ou la flexibilit\u00e9, par exemple ?&nbsp;<\/p>\n\n\n\n<p>Cependant, comme les temps changent, les besoins et les attentes des collaborateurs et des employeurs \u00e9voluent \u00e9galement et il n&rsquo;est pas toujours \u00e9vident de savoir de quoi nous parlons lorsque nous \u00e9voquons les points forts et les points faibles au travail.<\/p>\n\n\n\n<h3 class=\"wp-block-heading\">Qu&rsquo;appelle-t-on forces au travail ?&nbsp;<\/h3>\n\n\n\n<p>Les forces d&rsquo;un collaborateur seraient <strong>les qualit\u00e9s qui le rendent d\u00e9sirable en tant que membre de l&rsquo;\u00e9quipe<\/strong>, car ce sont celles qui lui permettront de <strong>remplir les objectifs<\/strong> qu&rsquo;il s&rsquo;est fix\u00e9s et les t\u00e2ches qui lui sont confi\u00e9es.&nbsp;<\/p>\n\n\n\n<p>Malheureusement, ces derni\u00e8res ann\u00e9es,<strong> l&rsquo;approche de ces qualit\u00e9s a d\u00e9vi\u00e9 vers le malsain<\/strong>, pointant du doigt la fameuse \u00ab\u00a0capacit\u00e9 \u00e0 travailler sous pression\u00a0\u00bb ou \u00ab\u00a0l&rsquo;engagement \u00e0 long terme envers l&rsquo;entreprise\u00a0\u00bb comme des atouts professionnels, sans parler des exigences techniques et acad\u00e9miques (<em>hardskills<\/em>) <strong>plus typiques d&rsquo;un super-h\u00e9ros que d&rsquo;un travailleur ordinaire<\/strong>.&nbsp;<\/p>\n\n\n\n<figure class=\"wp-block-image size-full\"><img fetchpriority=\"high\" decoding=\"async\" width=\"708\" height=\"380\" src=\"https:\/\/ifeelonline.com\/fr\/wp-content\/uploads\/sites\/3\/2023\/02\/Forces-et-faiblesses-au-travail.jpg\" alt=\"Forces et faiblesses au travail\" class=\"wp-image-8624\" srcset=\"https:\/\/ifeelonline.com\/fr\/wp-content\/uploads\/sites\/3\/2023\/02\/Forces-et-faiblesses-au-travail.jpg 708w, https:\/\/ifeelonline.com\/fr\/wp-content\/uploads\/sites\/3\/2023\/02\/Forces-et-faiblesses-au-travail-300x161.jpg 300w\" sizes=\"(max-width: 708px) 100vw, 708px\" \/><\/figure>\n\n\n\n<p>Cependant, le discours sur les forces et les faiblesses au travail \u00e9volue progressivement et<strong> certains aspects autrefois consid\u00e9r\u00e9s comme pr\u00e9cieux sont remis en question<\/strong> : pourquoi est-il bon pour un collaborateur d&rsquo;\u00eatre capable de r\u00e9sister \u00e0 la \u00ab\u00a0pression\u00a0\u00bb \u00e0 plusieurs reprises, pourquoi entrer dans une entreprise devrait-il se r\u00e9sumer \u00e0 promettre une fid\u00e9lit\u00e9 \u00e9ternelle en \u00e9change de quoi ?&nbsp;<\/p>\n\n\n\n<h2 class=\"wp-block-heading\">L&rsquo;importance du contexte<\/h2>\n\n\n\n<p>Comme mentionn\u00e9 plus haut,<strong> les aspects contextuels <\/strong>(le moment historique, la situation politique et \u00e9conomique, voire les modes et tendances au sein de l&rsquo;\u00e9cosyst\u00e8me du travail)<strong> doivent \u00eatre pris en compte<\/strong>. Il faut \u00e9galement tenir compte du secteur auquel appartient une organisation et, bien s\u00fbr, des caract\u00e9ristiques particuli\u00e8res d&rsquo;un emploi donn\u00e9.&nbsp;<\/p>\n\n\n\n<p>Prenons l&rsquo;exemple d&rsquo;un <strong>contexte d&rsquo;incertitude \u00e9conomique ou d&rsquo;une crise de croissance <\/strong>propre au moment que traverse l&rsquo;entreprise dans son cycle de vie. Dans de telles p\u00e9riodes, l&rsquo;une des forces des collaborateurs peut \u00eatre leur <strong>capacit\u00e9 \u00e0 faire des sacrifices<\/strong>, \u00e0 retarder les r\u00e9compenses et \u00e0 attendre patiemment des temps meilleurs. Si les qualit\u00e9s de ce type ont toujours tendance \u00e0 \u00eatre appr\u00e9ci\u00e9es, elles n&rsquo;ont pas le m\u00eame poids dans un contexte de plus grande prosp\u00e9rit\u00e9 et de pr\u00e9visibilit\u00e9. Il sera formidable de les avoir, mais elles seront simplement moins appr\u00e9ci\u00e9es parce qu&rsquo;elles ne sont pas aussi n\u00e9cessaires.&nbsp;<\/p>\n\n\n\n<p>De m\u00eame,<strong> un bon leadership ou d&rsquo;excellentes comp\u00e9tences en communication<\/strong> seront toujours consid\u00e9r\u00e9s comme des atouts potentiels chez un collaborateur. Cependant, elles ne le seront pas toujours de la m\u00eame mani\u00e8re. Alors que pour un chef d&rsquo;\u00e9quipe qui aspire \u00e0 faire carri\u00e8re au sein de l&rsquo;entreprise, ce sont des forces inexcusables, pour un<em> freelance<\/em> qui effectue ses t\u00e2ches sans grand besoin de coordination avec d&rsquo;autres coll\u00e8gues et avec une mentalit\u00e9 plus nomade &#8211; voire mercenaire -, elles seront utiles mais pas aussi pertinentes.&nbsp;<\/p>\n\n\n\n<p>D&rsquo;autre part, il est \u00e9galement n\u00e9cessaire de r\u00e9fl\u00e9chir non seulement aux caract\u00e9ristiques qui constituent des forces et des faiblesses au travail, mais aussi \u00e0 l&rsquo;utilisation qui est faite de ces caract\u00e9ristiques. En ce sens, <strong>la bonne gestion et le soin apport\u00e9 aux personnes au sein d&rsquo;une entreprise<\/strong> peuvent consister \u00e0 essayer de faire en sorte que <strong>les employ\u00e9s utilisent leurs talents pour leur propre b\u00e9n\u00e9fice et celui de l&rsquo;entreprise de mani\u00e8re efficace et constructive<\/strong>, si possible en coh\u00e9rence avec leurs go\u00fbts, leurs t\u00e2ches et leurs responsabilit\u00e9s. De cette mani\u00e8re, il est plus facile de favoriser leur satisfaction au travail et leur exp\u00e9rience en tant que salari\u00e9s.&nbsp;<\/p>\n\n\n\n<h3 class=\"wp-block-heading\">Qu&rsquo;en est-il des faiblesses ?<\/h3>\n\n\n\n<p>On a toujours dit que <strong>la connaissance<\/strong> ne prend pas de place, mais personne n&rsquo;ajoute jamais qu&rsquo;elle <strong>prend du temps, de l&rsquo;argent, de l&rsquo;\u00e9nergie<\/strong> et, surtout, pas toujours avec la garantie de pouvoir l&rsquo;acqu\u00e9rir. Tout simplement parce que nous n&rsquo;avons pas tous les m\u00eames capacit\u00e9s, ni, bien s\u00fbr, les m\u00eames int\u00e9r\u00eats ou objectifs professionnels.&nbsp;<\/p>\n\n\n\n<p>Les managers &#8211; comme les autres membres de l&rsquo;\u00e9quipe &#8211; ont un r\u00f4le extr\u00eamement important \u00e0 jouer pour d\u00e9couvrir, indiquer et <strong>stimuler les points forts d&rsquo;un collaborateur<\/strong> particulier, surtout s&rsquo;il est tr\u00e8s jeune, s&rsquo;il vient de rejoindre l&rsquo;\u00e9quipe ou s&rsquo;il commence \u00e0 d\u00e9velopper de nouveaux r\u00f4les qui ne sont pas ceux qu&rsquo;il a exerc\u00e9s jusqu&rsquo;\u00e0 pr\u00e9sent. C&rsquo;est de cela dont il est question lorsqu&rsquo;on parle d&rsquo;attirer, de d\u00e9velopper et de retenir les talents au sein de l&rsquo;entreprise.&nbsp;<\/p>\n\n\n\n<h2 class=\"wp-block-heading\">Comment se concentrer sur les forces et les faiblesses au travail ?<\/h2>\n\n\n\n<h3 class=\"wp-block-heading\">1. Portez un regard critique sur vos caract\u00e9ristiques<\/h3>\n\n\n\n<p>Autant que possible, c\u00e9l\u00e9brez et appr\u00e9ciez vos<strong> points forts<\/strong>, mais ne vous culpabilisez pas pour les domaines dans lesquels vous \u00eates le plus mauvais.<strong> Cultivez une attitude indulgente, bienveillante et compatissante envers nos faiblesses<\/strong> au travail ainsi qu&rsquo;envers celles des autres.<\/p>\n\n\n\n<h3 class=\"wp-block-heading\">2. Tirez le meilleur parti des possibilit\u00e9s de formation<\/h3>\n\n\n\n<p>Programmes de formation interne et<strong> facilitation de la formation externe<\/strong> gr\u00e2ce \u00e0 des horaires flexibles, voire au financement de ces formations. Donnez aux employ\u00e9s les moyens d&rsquo;identifier et d&rsquo;investir dans leurs domaines de d\u00e9veloppement.&nbsp;<\/p>\n\n\n\n<h3 class=\"wp-block-heading\">3. R\u00e9fl\u00e9chissez \u00e0 votre strat\u00e9gie de d\u00e9veloppement particuli\u00e8re<\/h3>\n\n\n\n<p>Posez-vous les questions suivantes : <strong>quelles sont les qualit\u00e9s qui me manquent ou que j&rsquo;aimerais d\u00e9velopper ?<\/strong> Sont-elles vraiment pertinentes pour mon travail ? Quelle est la bonne fa\u00e7on de proc\u00e9der ? Ai-je les bonnes ressources ? L&rsquo;entreprise me soutient-elle dans ce processus ? Cela peut faire partie du plan d&rsquo;action de bien-\u00eatre que je con\u00e7ois par moi-m\u00eame ou, si n\u00e9cessaire, avec le soutien de mon manager.&nbsp;<\/p>\n\n\n\n<h3 class=\"wp-block-heading\">4. Recherchez de bonnes r\u00e9f\u00e9rences et de l&rsquo;inspiration<\/h3>\n\n\n\n<p>Continuez \u00e0 vous poser des questions : quels sont les crit\u00e8res que j&rsquo;utilise pour d\u00e9terminer qu&rsquo;une de mes caract\u00e9ristiques est une faiblesse au travail ? Ma propre opinion, l&rsquo;opinion d&rsquo;une personne ext\u00e9rieure \u00e0 l&rsquo;\u00e9quipe (mon patron, un coll\u00e8gue&#8230;) \u00e0 qui je donne du cr\u00e9dit, ce que quelqu&rsquo;un m&rsquo;a dit une fois mais que je n&rsquo;ai jamais vraiment compris&#8230; Est-ce un crit\u00e8re ad\u00e9quat, trop laxiste, trop s\u00e9v\u00e8re ?<\/p>\n\n\n\n<figure class=\"wp-block-image size-full\"><img decoding=\"async\" width=\"708\" height=\"380\" src=\"https:\/\/ifeelonline.com\/fr\/wp-content\/uploads\/sites\/3\/2023\/02\/Forces-et-faiblesses-au-travail-2.jpg\" alt=\"Forces et faiblesses au travail\" class=\"wp-image-8623\" srcset=\"https:\/\/ifeelonline.com\/fr\/wp-content\/uploads\/sites\/3\/2023\/02\/Forces-et-faiblesses-au-travail-2.jpg 708w, https:\/\/ifeelonline.com\/fr\/wp-content\/uploads\/sites\/3\/2023\/02\/Forces-et-faiblesses-au-travail-2-300x161.jpg 300w\" sizes=\"(max-width: 708px) 100vw, 708px\" \/><\/figure>\n\n\n\n<h2 class=\"wp-block-heading\">Ifeel se pr\u00e9occupe du bien-\u00eatre \u00e9motionnel dans les organisations<\/h2>\n\n\n\n<p>Chez <strong>ifeel<\/strong>, nous pensons que l&rsquo;un des meilleurs moyens d&rsquo;atteindre une productivit\u00e9 durable est de faire en sorte que les employ\u00e9s se sentent bien au sein de l&rsquo;\u00e9quipe. Cela passe, entre autres, par une gestion ad\u00e9quate de leurs forces et faiblesses au travail.&nbsp;<\/p>\n\n\n\n<p>Avec cet objectif en t\u00eate,<strong> notre \u00e9quipe de psychologues<\/strong>, experts en bien-\u00eatre au travail, a cr\u00e9\u00e9 <strong>un programme de bien-\u00eatre \u00e9motionnel pour les entreprises<\/strong> qui peut guider les responsables des Ressources Humaines dans cette t\u00e2che, ainsi qu&rsquo;aider le reste des membres de l&rsquo;entreprise.<\/p>\n\n\n\n<p>Gr\u00e2ce \u00e0 ce service, les responsables RH peuvent recevoir <strong>des conseils personnalis\u00e9s, bas\u00e9s sur des donn\u00e9es<\/strong>, pour am\u00e9liorer le <strong>bien-\u00eatre psychologique des \u00e9quipes <\/strong>dont ils ont la charge. Si vous faites partie du d\u00e9partement RH de votre organisation, nous vous recommandons d&rsquo;<a href=\"https:\/\/ifeelonline.com\/fr\/demander-une-demo\/\">essayer notre programme d\u00e8s maintenant<\/a> et de voir comment il pourrait vous aider.<\/p>\n\n\n\n<p>Comme nous l&rsquo;avons dit, ce programme offre \u00e0 tous les employ\u00e9s un service complet de soins de<strong> sant\u00e9 mentale<\/strong> auquel ils peuvent acc\u00e9der de diff\u00e9rentes mani\u00e8res en fonction de leurs besoins : ceux qui le souhaitent peuvent acc\u00e9der \u00e0<strong> un service de th\u00e9rapie en ligne <\/strong>avec l&rsquo;un de nos psychologues, sp\u00e9cialis\u00e9 dans des cas comme le v\u00f4tre, ou interagir avec l&rsquo;un de nos professionnels pour recevoir<strong> un soutien \u00e9motionnel <\/strong>dans une circonstance plus sp\u00e9cifique qui les pr\u00e9occupe.<\/p>\n\n\n\n<p>En outre, dans notre section <strong>Ressources<\/strong>, vous pouvez trouver diff\u00e9rents mat\u00e9riels qui vous aideront dans de nombreuses fonctions quotidiennes au sein du d\u00e9partement des soins. Par exemple,<strong> des guides RH<\/strong> sur divers sujets (par exemple, l&rsquo;exp\u00e9rience des employ\u00e9s, ou comment concevoir une bonne strat\u00e9gie RH) ou des entretiens avec des responsables RH importants.&nbsp; En outre, nous disposons d&rsquo;un mod\u00e8le de facteurs de risques psychosociaux, que vous pouvez utiliser pour vous conformer aux exigences de l&rsquo;inspection du travail.<\/p>\n\n\n\n<p>Nous esp\u00e9rons que vous avez trouv\u00e9 ce post sur la fa\u00e7on de se concentrer sur<strong> les forces et les faiblesses au travail <\/strong>int\u00e9ressant. Si vous souhaitez obtenir plus d&rsquo;informations sur <a href=\"https:\/\/ifeelonline.com\/fr\/demander-une-demo\/\" data-type=\"URL\" data-id=\"https:\/\/ifeelonline.com\/fr\/demander-une-demo\/\">notre programme de bien-\u00eatre \u00e9motionnel pour les entreprises<\/a>, il vous suffit de demander et nous contacterons votre \u00e9quipe dans les plus brefs d\u00e9lais.<\/p>\n\n    <div class=\"xs_social_share_widget xs_share_url after_content \t\tmain_content  wslu-style-1 wslu-share-box-shaped wslu-fill-colored wslu-none wslu-share-horizontal wslu-theme-font-no wslu-main_content\">\n\n\t\t\n        <ul>\n\t\t\t        <\/ul>\n    <\/div> \n","protected":false},"excerpt":{"rendered":"<p>Trouver le bon \u00e9quilibre entre les forces et les faiblesses au travail est un d\u00e9fi pour tout collaborateur. Il s&rsquo;agit donc d&rsquo;une question importante.<\/p>\n","protected":false},"author":8,"featured_media":8622,"comment_status":"closed","ping_status":"open","sticky":false,"template":"","format":"standard","meta":{"content-type":"","postBodyCss":"","postBodyMargin":[],"postBodyPadding":[],"postBodyBackground":{"backgroundType":"classic","gradient":""},"footnotes":""},"categories":[27,36],"tags":[],"class_list":["post-8620","post","type-post","status-publish","format-standard","has-post-thumbnail","hentry","category-bien-etre-au-travail","category-developpement-professionnel"],"_links":{"self":[{"href":"https:\/\/ifeelonline.com\/fr\/wp-json\/wp\/v2\/posts\/8620","targetHints":{"allow":["GET"]}}],"collection":[{"href":"https:\/\/ifeelonline.com\/fr\/wp-json\/wp\/v2\/posts"}],"about":[{"href":"https:\/\/ifeelonline.com\/fr\/wp-json\/wp\/v2\/types\/post"}],"author":[{"embeddable":true,"href":"https:\/\/ifeelonline.com\/fr\/wp-json\/wp\/v2\/users\/8"}],"replies":[{"embeddable":true,"href":"https:\/\/ifeelonline.com\/fr\/wp-json\/wp\/v2\/comments?post=8620"}],"version-history":[{"count":0,"href":"https:\/\/ifeelonline.com\/fr\/wp-json\/wp\/v2\/posts\/8620\/revisions"}],"wp:featuredmedia":[{"embeddable":true,"href":"https:\/\/ifeelonline.com\/fr\/wp-json\/wp\/v2\/media\/8622"}],"wp:attachment":[{"href":"https:\/\/ifeelonline.com\/fr\/wp-json\/wp\/v2\/media?parent=8620"}],"wp:term":[{"taxonomy":"category","embeddable":true,"href":"https:\/\/ifeelonline.com\/fr\/wp-json\/wp\/v2\/categories?post=8620"},{"taxonomy":"post_tag","embeddable":true,"href":"https:\/\/ifeelonline.com\/fr\/wp-json\/wp\/v2\/tags?post=8620"}],"curies":[{"name":"wp","href":"https:\/\/api.w.org\/{rel}","templated":true}]}}