{"id":8519,"date":"2023-02-21T10:07:24","date_gmt":"2023-02-21T09:07:24","guid":{"rendered":"https:\/\/ifeelonline.com\/fr\/?p=8519"},"modified":"2023-03-16T14:18:50","modified_gmt":"2023-03-16T13:18:50","slug":"manque-de-motivation-au-travail","status":"publish","type":"post","link":"https:\/\/ifeelonline.com\/fr\/manque-de-motivation-au-travail\/","title":{"rendered":"Pourquoi ressentons-nous un manque de motivation au travail ?"},"content":{"rendered":"\n<p><strong>Le manque de motivation au travail<\/strong> est l&rsquo;un des principaux probl\u00e8mes auxquels sont confront\u00e9es toutes les entreprises, car il peut entra\u00eener de l&rsquo;absent\u00e9isme, un taux de rotation \u00e9lev\u00e9 dans les entreprises et des <strong>difficult\u00e9s li\u00e9es au<a href=\"https:\/\/ifeelonline.com\/fr\/bien-etre-emotionnel-dans-lentreprise\/\" data-type=\"post\" data-id=\"7843\"> bien-\u00eatre psychologique des collaborateurs<\/a><\/strong>. Dans ce post, nous allons parler des raisons pour lesquelles elle se produit et comment commencer \u00e0 pr\u00e9venir ce probl\u00e8me.<\/p>\n\n\n\n<h2 class=\"wp-block-heading\">Quelques causes de la du manque de motivation au travail<\/h2>\n\n\n\n<h3 class=\"wp-block-heading\">1. L&rsquo;ennui<\/h3>\n\n\n\n<p>Il s&rsquo;agit d&rsquo;une \u00e9motion caus\u00e9e par<strong> le manque de stimulation agr\u00e9able et int\u00e9ressante <\/strong>et, sur le lieu de travail, elle est li\u00e9e \u00e0 l&rsquo;ex\u00e9cution permanente de<strong> t\u00e2ches peu innovantes, r\u00e9p\u00e9titives<\/strong>, avec peu de place pour l&rsquo;innovation, la cr\u00e9ativit\u00e9, l&rsquo;apprentissage et l&rsquo;acquisition de nouvelles comp\u00e9tences et la prise de nouvelles responsabilit\u00e9s. R\u00e9cemment, un terme a \u00e9t\u00e9 utilis\u00e9 pour d\u00e9signer la situation d&rsquo;ennui profond et continu au travail et qui est li\u00e9e \u00e0 un grand manque de motivation :<strong> le syndrome d&rsquo;ennui<\/strong>.&nbsp;<\/p>\n\n\n\n<h3 class=\"wp-block-heading\">2. Le manque de sens<\/h3>\n\n\n\n<p>Il provient de la perception que les t\u00e2ches effectu\u00e9es (avec l&rsquo;investissement de ressources de la part du travailleur que cela implique) ne m\u00e8nent \u00e0 rien de significatif, sont \u00e9cart\u00e9es, ne sont pas prises en compte et n&rsquo;ont aucune influence ou impact sur les r\u00e9sultats finaux de l&rsquo;\u00e9quipe ou de l&rsquo;entreprise dans son ensemble. La c\u00e9l\u00e8bre maxime de Viktor Frankl \u00e9tait que si nous avons un<em> quoi<\/em>, nous trouvons un <em>comment<\/em>.<strong> Le probl\u00e8me survient lorsque le quoi est si faible qu&rsquo;il ne g\u00e9n\u00e8re aucun \u00e9lan vers son ex\u00e9cution<\/strong>.&nbsp;<\/p>\n\n\n\n<figure class=\"wp-block-image size-full\"><img fetchpriority=\"high\" decoding=\"async\" width=\"708\" height=\"380\" src=\"https:\/\/ifeelonline.com\/fr\/wp-content\/uploads\/sites\/3\/2023\/02\/motivation-2.jpg\" alt=\"manque de motivation au travail\" class=\"wp-image-8517\" srcset=\"https:\/\/ifeelonline.com\/fr\/wp-content\/uploads\/sites\/3\/2023\/02\/motivation-2.jpg 708w, https:\/\/ifeelonline.com\/fr\/wp-content\/uploads\/sites\/3\/2023\/02\/motivation-2-300x161.jpg 300w\" sizes=\"(max-width: 708px) 100vw, 708px\" \/><\/figure>\n\n\n\n<h3 class=\"wp-block-heading\">3. Incertitude<\/h3>\n\n\n\n<p>Parfois, le probl\u00e8me n&rsquo;est pas la r\u00e9p\u00e9tition de t\u00e2ches plus ou moins ennuyeuses ou la suspicion\/certitude que le travail effectu\u00e9 tombe dans l&rsquo;oreille d&rsquo;un sourd. Parfois, le manque de motivation au travail est g\u00e9n\u00e9r\u00e9 par<strong> l&rsquo;incertitude quant \u00e0 l&rsquo;avenir <\/strong>: il n&rsquo;est pas facile de s&rsquo;impliquer \u00e0 100% dans une t\u00e2che ou un projet plus complexe si vous avez des doutes quant \u00e0 son approbation finale, sa durabilit\u00e9, l&rsquo;effet qu&rsquo;il aura ou les r\u00e9compenses qu&rsquo;il apportera une fois qu&rsquo;il sera ex\u00e9cut\u00e9, s&rsquo;il est ex\u00e9cut\u00e9 ou s&rsquo;il g\u00e9n\u00e9rera une quelconque r\u00e9compense. N&rsquo;importe quel collaborateur pourrait se demander : <strong>pourquoi je ferais des efforts pour quelque chose dont je ne suis pas s\u00fbr qu&rsquo;il aura un quelconque r\u00e9sultat, une utilit\u00e9 ou un impact positif ?<\/strong><\/p>\n\n\n\n<h3 class=\"wp-block-heading\">4. L&rsquo;insatisfaction au travail<\/h3>\n\n\n\n<p>Certaines <strong>t\u00e2ches peuvent \u00eatre d\u00e9motivantes parce qu&rsquo;elles sont ennuyeuses <\/strong>(simples, r\u00e9p\u00e9titives, inint\u00e9ressantes ou peu attrayantes), tandis que d&rsquo;autres t\u00e2ches g\u00e9n\u00e8rent un manque de motivation au travail parce qu&rsquo;elles sont d\u00e9sagr\u00e9ables, qu&rsquo;elles nous font entrer en contact avec des sentiments ou des pens\u00e9es que nous n&rsquo;aimons pas, et qu&rsquo;il est donc difficile de se sentir attir\u00e9 par elles. Lorsque cela se produit fr\u00e9quemment, nous ne parlons pas seulement de d\u00e9motivation, mais aussi d&rsquo;un <strong>sentiment g\u00e9n\u00e9ral d&rsquo;insatisfaction au travail<\/strong>, ce qui indique une <strong>mauvaise exp\u00e9rience en tant que collaborateur<\/strong>.&nbsp;<\/p>\n\n\n\n<h2 class=\"wp-block-heading\">Que faire face au manque de motivation au travail ?<\/h2>\n\n\n\n<p>Les responsables RH doivent pr\u00eater une attention particuli\u00e8re au <strong>manque de motivation au travail<\/strong> que certains collaborateurs de l&rsquo;organisation pour laquelle ils travaillent peuvent \u00e9prouver de mani\u00e8re continue.&nbsp;<\/p>\n\n\n\n<p>Il est important de motiver tout le monde car<strong> la d\u00e9motivation au travail est une \u00e9norme source de d\u00e9tresse psychologique<\/strong>. Lorsqu&rsquo;elle touche les travailleurs les plus talentueux ou ceux qui occupent les postes les plus critiques pour la r\u00e9ussite d&rsquo;un projet, ou avec des profils plus difficiles \u00e0 remplacer,<strong> la pr\u00e9vention de la d\u00e9motivation au travail devient un enjeu cl\u00e9 de la gestion du capital humain<\/strong>.&nbsp;<\/p>\n\n\n\n<p>Malheureusement, <strong>il n&rsquo;existe pas de formule magique, rapide ou universelle <\/strong>permettant de pr\u00e9venir ou d&rsquo;inverser la d\u00e9motivation au travail, surtout si elle est profond\u00e9ment ancr\u00e9e dans l&rsquo;exp\u00e9rience d&rsquo;un employ\u00e9 ou si elle est g\u00e9n\u00e9ralis\u00e9e au sein de l&rsquo;\u00e9quipe. Toutefois, si l&rsquo;on consid\u00e8re les quatre causes possibles de d\u00e9motivation au travail mentionn\u00e9es dans la section pr\u00e9c\u00e9dente,<strong> on peut esquisser un premier sch\u00e9ma de pr\u00e9vention<\/strong>.&nbsp;<\/p>\n\n\n\n<p>Il est important de<strong> revoir l&rsquo;organisation des t\u00e2ches<\/strong>, en quoi elles consistent, comment elles sont r\u00e9parties entre les personnes ou dans l&rsquo;agenda d&rsquo;un m\u00eame employ\u00e9.<strong> La routine<\/strong> est in\u00e9vitable t\u00f4t ou tard, mais<strong> il est important de ne pas y c\u00e9der et de la contrebalancer<\/strong>. D&rsquo;autre part, l&rsquo;am\u00e9lioration des proc\u00e9dures de communication avec les \u00e9quipes leur donnera une perspective r\u00e9aliste de leur situation et du sens de leur travail au sein de l&rsquo;entreprise.&nbsp;<\/p>\n\n\n\n<p>Il n&rsquo;est pas toujours possible de faire travailler les gens sur des projets int\u00e9ressants ou tr\u00e8s stimulants, mais il est toujours possible de prendre la peine de soigner l&rsquo;exp\u00e9rience des collaborateurs et de pr\u00e9venir les facteurs de risques psychosociaux li\u00e9s au travail. Cela peut faire la diff\u00e9rence entre un grave probl\u00e8me de d\u00e9motivation au travail et une d\u00e9motivation g\u00e9rable et temporaire qui ne cr\u00e9e pas de probl\u00e8mes pour l&rsquo;entreprise.&nbsp;<\/p>\n\n\n\n<figure class=\"wp-block-image size-full\"><img decoding=\"async\" width=\"708\" height=\"380\" src=\"https:\/\/ifeelonline.com\/fr\/wp-content\/uploads\/sites\/3\/2023\/02\/motivation-3.jpg\" alt=\"manque de motivation au travail\" class=\"wp-image-8516\" srcset=\"https:\/\/ifeelonline.com\/fr\/wp-content\/uploads\/sites\/3\/2023\/02\/motivation-3.jpg 708w, https:\/\/ifeelonline.com\/fr\/wp-content\/uploads\/sites\/3\/2023\/02\/motivation-3-300x161.jpg 300w\" sizes=\"(max-width: 708px) 100vw, 708px\" \/><\/figure>\n\n\n\n<h2 class=\"wp-block-heading\">Programme de bien-\u00eatre \u00e9motionnel pour les entreprises<\/h2>\n\n\n\n<p>Chez <strong>ifeel<\/strong>, nous comprenons qu&rsquo;il n&rsquo;est pas possible de prendre soin de l&rsquo;entreprise sans <strong>prendre soin du bien-\u00eatre psychologique de ses collaborateurs<\/strong>. C&rsquo;est pourquoi nous disposons d&rsquo;un programme de bien-\u00eatre \u00e9motionnel pour les entreprises, con\u00e7u par notre <strong>\u00e9quipe de psychologues experts en bien-\u00eatre au travail <\/strong>avec un objectif principal : aider les entreprises \u00e0 <strong>placer la sant\u00e9 de leurs collaborateurs au centre de leur strat\u00e9gie de travail<\/strong>.<\/p>\n\n\n\n<p>Gr\u00e2ce \u00e0 cette collaboration, les responsables des d\u00e9partements de ressources humaines peuvent recevoir des c<strong>onseils personnalis\u00e9s, bas\u00e9s sur des donn\u00e9es<\/strong>, pour prendre les bonnes d\u00e9cisions en entreprise afin de tirer le meilleur parti des \u00e9quipes dont ils ont la charge et de mieux prendre soin du bien-\u00eatre psychologique des personnes qui les composent.<\/p>\n\n\n\n<p>D&rsquo;autre part, ce programme offre aux employ\u00e9s <strong>un service de soins de sant\u00e9 mentale holistique structur\u00e9<\/strong> \u00e0 diff\u00e9rents niveaux en fonction de leurs besoins. Ce service comprend, si n\u00e9cessaire, une th\u00e9rapie psychologique en ligne avec un psychologue sp\u00e9cialis\u00e9 dans des cas comme le v\u00f4tre. <a href=\"https:\/\/ifeelonline.com\/fr\/demander-une-demo\/\">Essayez notre programme d\u00e8s maintenant<\/a> pour voir comment il pourrait vous aider.<br>Nous esp\u00e9rons que vous avez trouv\u00e9 ce post sur<strong> le manque de motivation au travail <\/strong>int\u00e9ressant. Si vous souhaitez obtenir plus d&rsquo;informations sur notre programme de bien-\u00eatre \u00e9motionnel pour les entreprises, <a href=\"https:\/\/ifeelonline.com\/fr\/demander-une-demo\/\">il vous suffit de demander<\/a> et nous contacterons votre \u00e9quipe dans les plus brefs d\u00e9lais.<\/p>\n\n    <div class=\"xs_social_share_widget xs_share_url after_content \t\tmain_content  wslu-style-1 wslu-share-box-shaped wslu-fill-colored wslu-none wslu-share-horizontal wslu-theme-font-no wslu-main_content\">\n\n\t\t\n        <ul>\n\t\t\t        <\/ul>\n    <\/div> \n","protected":false},"excerpt":{"rendered":"<p>Le manque de motivation au travail est l&rsquo;un des probl\u00e8mes auxquels sont confront\u00e9es les entreprises. Il peut causer des soucis de bien-\u00eatre aux collaborateurs. <\/p>\n","protected":false},"author":8,"featured_media":8518,"comment_status":"closed","ping_status":"open","sticky":false,"template":"","format":"standard","meta":{"content-type":"","postBodyCss":"","postBodyMargin":[],"postBodyPadding":[],"postBodyBackground":{"backgroundType":"classic","gradient":""},"footnotes":""},"categories":[27],"tags":[],"class_list":["post-8519","post","type-post","status-publish","format-standard","has-post-thumbnail","hentry","category-bien-etre-au-travail"],"_links":{"self":[{"href":"https:\/\/ifeelonline.com\/fr\/wp-json\/wp\/v2\/posts\/8519","targetHints":{"allow":["GET"]}}],"collection":[{"href":"https:\/\/ifeelonline.com\/fr\/wp-json\/wp\/v2\/posts"}],"about":[{"href":"https:\/\/ifeelonline.com\/fr\/wp-json\/wp\/v2\/types\/post"}],"author":[{"embeddable":true,"href":"https:\/\/ifeelonline.com\/fr\/wp-json\/wp\/v2\/users\/8"}],"replies":[{"embeddable":true,"href":"https:\/\/ifeelonline.com\/fr\/wp-json\/wp\/v2\/comments?post=8519"}],"version-history":[{"count":0,"href":"https:\/\/ifeelonline.com\/fr\/wp-json\/wp\/v2\/posts\/8519\/revisions"}],"wp:featuredmedia":[{"embeddable":true,"href":"https:\/\/ifeelonline.com\/fr\/wp-json\/wp\/v2\/media\/8518"}],"wp:attachment":[{"href":"https:\/\/ifeelonline.com\/fr\/wp-json\/wp\/v2\/media?parent=8519"}],"wp:term":[{"taxonomy":"category","embeddable":true,"href":"https:\/\/ifeelonline.com\/fr\/wp-json\/wp\/v2\/categories?post=8519"},{"taxonomy":"post_tag","embeddable":true,"href":"https:\/\/ifeelonline.com\/fr\/wp-json\/wp\/v2\/tags?post=8519"}],"curies":[{"name":"wp","href":"https:\/\/api.w.org\/{rel}","templated":true}]}}