{"id":8484,"date":"2023-02-21T09:56:11","date_gmt":"2023-02-21T08:56:11","guid":{"rendered":"https:\/\/ifeelonline.com\/fr\/?p=8484"},"modified":"2023-02-21T10:13:58","modified_gmt":"2023-02-21T09:13:58","slug":"differents-environnements-de-travail","status":"publish","type":"post","link":"https:\/\/ifeelonline.com\/fr\/differents-environnements-de-travail\/","title":{"rendered":"Les diff\u00e9rents environnements de travail"},"content":{"rendered":"\n<p>Parler de<strong> l&rsquo;environnement de travail<\/strong>, c&rsquo;est aussi parler, dans un certain sens, des <strong>diff\u00e9rents environnements de travail <\/strong>que l&rsquo;on peut trouver dans une entreprise. Ces types tendent \u00e0 \u00eatre fa\u00e7onn\u00e9s par les diff\u00e9rentes personnalit\u00e9s des membres de l&rsquo;\u00e9quipe qui composent l&rsquo;entreprise mais, surtout, par la dynamique qui s&rsquo;\u00e9tablit entre eux,<strong> une combinaison complexe d&rsquo;interactions entre les personnes<\/strong>.&nbsp;<\/p>\n\n\n\n<p>Par dynamique, nous entendons <strong>les r\u00e9sultats des relations entre ces individus<\/strong>, r\u00e9sultats qui changent en fonction des circonstances, de l&rsquo;\u00e9tat des personnes \u00e0 un moment donn\u00e9 et du stade o\u00f9 elles se trouvent dans leur cycle de vie.&nbsp;<\/p>\n\n\n\n<p>Un autre <strong>facteur cl\u00e9 qui influence clairement la mise en place d&rsquo;un type d&rsquo;environnement de travail ou d&rsquo;un autre est le style de leadership des managers<\/strong> et des chefs d&rsquo;\u00e9quipe. En effet \u00eatre en charge de personnes sympathiques, disponibles, coh\u00e9rentes et s\u00fbres d&rsquo;elles-m\u00eames n&rsquo;est pas la m\u00eame chose que d&rsquo;\u00eatre en charge de personnes immatures, d\u00e9sordonn\u00e9es, incoh\u00e9rentes ou qui paniquent \u00e0 la moindre menace. <strong>Les styles de leadership influencent directement l\u2019environnement de travail<\/strong> au sein d&rsquo;une organisation.&nbsp;<\/p>\n\n\n\n<figure class=\"wp-block-image size-full\"><img fetchpriority=\"high\" decoding=\"async\" width=\"708\" height=\"380\" src=\"https:\/\/ifeelonline.com\/fr\/wp-content\/uploads\/sites\/3\/2023\/02\/environnement-de-travail-6-1.jpg\" alt=\"diff\u00e9rents environnements de travail\" class=\"wp-image-8485\" srcset=\"https:\/\/ifeelonline.com\/fr\/wp-content\/uploads\/sites\/3\/2023\/02\/environnement-de-travail-6-1.jpg 708w, https:\/\/ifeelonline.com\/fr\/wp-content\/uploads\/sites\/3\/2023\/02\/environnement-de-travail-6-1-300x161.jpg 300w\" sizes=\"(max-width: 708px) 100vw, 708px\" \/><\/figure>\n\n\n\n<h2 class=\"wp-block-heading\">Les diff\u00e9rents environnements de travail en fonction de la confiance<\/h2>\n\n\n\n<p><strong>De nombreuses classifications des types d&rsquo;environnement de travail <\/strong>\u00e9tablissent diff\u00e9rentes cat\u00e9gories en fonction de la position des entreprises sur un continuum donn\u00e9 : d&rsquo;une plus grande participation du personnel et d&rsquo;une plus grande influence sur les d\u00e9cisions de l&rsquo;entreprise \u00e0 des niveaux de participation plus faibles et donc \u00e0 u<strong>ne plus grande rigidit\u00e9 et stratification dans la hi\u00e9rarchie des niveaux <\/strong>au sein de l&rsquo;organigramme.&nbsp;<\/p>\n\n\n\n<p>Ainsi, les types d&rsquo;environnement de travail suivants sont \u00e9tablis : <strong>autoritaire, paternaliste, consultatif et participatif<\/strong>. Dans le type autoritaire, les collaborateurs ont peu ou pas de pouvoir de d\u00e9cision parce que l&rsquo;\u00e9quipe de direction leur fait peu ou pas confiance, tandis que dans le type participatif, les collaborateurs ont une grande influence sur les d\u00e9cisions de l&rsquo;entreprise parce que l&rsquo;\u00e9quipe de direction leur fait confiance.&nbsp;<\/p>\n\n\n\n<p>Bien entendu, <strong>les diff\u00e9rents types d&rsquo;environnement de travail n&rsquo;impliquent pas seulement des diff\u00e9rences en termes de capacit\u00e9 proactive ou d\u00e9cisionnelle des collaborateurs<\/strong> d&rsquo;une entreprise sur les questions qui les concernent ou sur les strat\u00e9gies globales de l&rsquo;organisation. Comme ils sont li\u00e9s \u00e0 la marge d&rsquo;action, \u00e0 la marge d&rsquo;influence sur le produit de leur travail et, bien s\u00fbr, \u00e0 la confiance que l&rsquo;entreprise (concr\u00e8tement, ceux qui la dirigent) leur accorde, <strong>leur degr\u00e9 d&rsquo;engagement, leur implication, leur cr\u00e9ativit\u00e9 et, bien s\u00fbr, le climat de travail que respirent les \u00e9quipes sont \u00e9galement affect\u00e9s<\/strong>.&nbsp;<\/p>\n\n\n\n<p>Par rapport \u00e0 cela, et compte tenu de l&rsquo;int\u00e9r\u00eat que peut avoir la classification des types d&rsquo;environnement de travail ci-dessus, nous pouvons \u00e9galement<strong> \u00e9tablir une classification alternative bas\u00e9e sur le type de lien qu&rsquo;ils favorisent entre les collaborateurs et l&rsquo;entreprise<\/strong>.&nbsp;<\/p>\n\n\n\n<p>Pour ce faire, nous emprunterons intuitivement les types d&rsquo;attachement que<strong> le psychologue et psychiatre britannique John Bowlby<\/strong> a \u00e9tabli il y a plusieurs d\u00e9cennies pour expliquer le lien que les enfants \u00e9tablissent avec leurs principaux fournisseurs de soins durant les premiers mois et les premi\u00e8res ann\u00e9es de la vie.&nbsp;<\/p>\n\n\n\n<p>Pour faire simple,<strong> Bowlby <\/strong>a observ\u00e9 que lorsque les personnes qui s&rsquo;occupent d&rsquo;un enfant sont toujours les m\u00eames, qu&rsquo;elles sont disponibles pour r\u00e9pondre aux besoins de l&rsquo;enfant et qu&rsquo;elles le font de mani\u00e8re comp\u00e9tente, constante et coh\u00e9rente, <strong>l&rsquo;enfant \u00e9tablit avec elles un attachement s\u00e9curisant<\/strong>. Ainsi, l&rsquo;enfant se sent \u00e0 l&rsquo;aise en compagnie de ses fournisseurs de soins, n&rsquo;aime pas leur absence et se r\u00e9jouissent de leur retour. Cela lui permet \u00e9galement de <strong>maintenir une distance saine avec eux<\/strong>, lui permettant d&rsquo;explorer son environnement sans avoir besoin de v\u00e9rifier constamment que les adultes sont toujours l\u00e0 ou de les garder pr\u00e8s de lui pour ne pas se sentir impuissant.&nbsp;<\/p>\n\n\n\n<p>Cependant, lorsque ce type de parentage n&rsquo;a pas \u00e9t\u00e9 possible, un style d&rsquo;attachement ins\u00e9curisant s&rsquo;est install\u00e9. Ce style pouvait se manifester directement par un d\u00e9tachement vis-\u00e0-vis des adultes qui s&rsquo;occupent de l&rsquo;enfant (indiff\u00e9rence \u00e0 leur pr\u00e9sence, leur absence ou leur retour), par des r\u00e9actions ambivalentes (l&rsquo;enfant \u00e9tait d\u00e9sorganis\u00e9 lorsqu&rsquo;il \u00e9tait absent, mais n&rsquo;\u00e9tait pas non plus \u00e0 l&rsquo;aise ou r\u00e9agissait positivement en pr\u00e9sence des personnes qui s&rsquo;occupent de lui) ou, dans le pire des cas, par une d\u00e9sorganisation manifeste (sans sch\u00e9ma clair entre le fait d&rsquo;\u00eatre bon ou mauvais dans la relation avec les personnes qui s&rsquo;occupent de lui).&nbsp;<\/p>\n\n\n\n<h2 class=\"wp-block-heading\">Les diff\u00e9rents environnements de travail en fonction du degr\u00e9 de s\u00e9curit\u00e9<\/h2>\n\n\n\n<p>Si l&rsquo;on \u00e9tablit un parall\u00e8le entre la th\u00e9orie de l&rsquo;attachement exprim\u00e9e par Bowlby (abord\u00e9e de mani\u00e8re tr\u00e8s simplifi\u00e9e dans cet article) et les diff\u00e9rents types d&rsquo;environnement de travail que l&rsquo;on peut observer au sein des entreprises, on peut distinguer deux grands groupes :<strong> les environnements de travail s\u00e9curis\u00e9s et les environnements de travail ins\u00e9curis\u00e9s<\/strong>.&nbsp;<\/p>\n\n\n\n<h3 class=\"wp-block-heading\">1. Les environnements de travail s\u00fbrs<\/h3>\n\n\n\n<p>Ils sont caract\u00e9ris\u00e9s par <strong>un climat de travail favorable<\/strong>, dans lequel les collaborateurs per\u00e7oivent g\u00e9n\u00e9ralement qu&rsquo;ils appartiennent \u00e0 <strong>une organisation soucieuse de prot\u00e9ger la vuln\u00e9rabilit\u00e9 physique et psychologique des travailleurs<\/strong>.&nbsp;<\/p>\n\n\n\n<p>Le degr\u00e9 de confiance des managers envers les collaborateurs est bon, tout comme le degr\u00e9 de confiance des travailleurs envers la structure de l&rsquo;entreprise. Il y a de la pr\u00e9visibilit\u00e9 et non du chaos. L&rsquo;entreprise est per\u00e7ue comme un bon endroit pour travailler et le d\u00e9sir de partir \u00e0 la premi\u00e8re occasion tend \u00e0 \u00eatre faible ou mod\u00e9r\u00e9, car il n&rsquo;est pas consid\u00e9r\u00e9 comme n\u00e9cessaire.&nbsp;<\/p>\n\n\n\n<h3 class=\"wp-block-heading\">2. Les environnements de travail peu s\u00fbrs<\/h3>\n\n\n\n<p>Ils se caract\u00e9risent par <strong>un climat de travail n\u00e9gatif<\/strong>. <strong>Les collaborateurs ne font pas confiance \u00e0 l&rsquo;entreprise <\/strong>pour veiller \u00e0 leur bien-\u00eatre et pr\u00e9venir les facteurs de risques psychosociaux qui peuvent leur nuire.&nbsp;<\/p>\n\n\n\n<p>M\u00eame si les apparences ne le montrent pas, les dynamiques affectives et relationnelles qui se cachent sous la surface sont fond\u00e9es sur la m\u00e9fiance et le m\u00e9contentement. <strong>Les managers sont susceptibles d&rsquo;\u00eatre d\u00e9sordonn\u00e9s, incoh\u00e9rents, peu s\u00fbrs d&rsquo;eux et dot\u00e9s de faibles comp\u00e9tences en mati\u00e8re de leadership<\/strong>.&nbsp;<\/p>\n\n\n\n<p>Les managers et les cadres ont tendance \u00e0 s<strong>e comporter de mani\u00e8re incoh\u00e9rente<\/strong>, alternant des expressions affectives de grande sympathie et d&rsquo;affection avec des expressions de froideur ou d&rsquo;agressivit\u00e9 passive.&nbsp;<\/p>\n\n\n\n<p>Dans les types d&rsquo;<strong>environnement de travail ins\u00e9curis\u00e9s<\/strong> (qui peuvent tendre davantage vers la d\u00e9saffection, l&rsquo;ambivalence ou la grande d\u00e9sorganisation), il est courant que les d\u00e9cisions soient peu valables, ce qui rend impossible un minimum de pr\u00e9visibilit\u00e9, qui est pourtant ce qui assure la s\u00e9curit\u00e9 des relations.&nbsp;<\/p>\n\n\n\n<figure class=\"wp-block-image size-full\"><img decoding=\"async\" width=\"708\" height=\"380\" src=\"https:\/\/ifeelonline.com\/fr\/wp-content\/uploads\/sites\/3\/2023\/02\/environnement-de-travail-5-1.jpg\" alt=\"environnement de travail\" class=\"wp-image-8486\" srcset=\"https:\/\/ifeelonline.com\/fr\/wp-content\/uploads\/sites\/3\/2023\/02\/environnement-de-travail-5-1.jpg 708w, https:\/\/ifeelonline.com\/fr\/wp-content\/uploads\/sites\/3\/2023\/02\/environnement-de-travail-5-1-300x161.jpg 300w\" sizes=\"(max-width: 708px) 100vw, 708px\" \/><\/figure>\n\n\n\n<h2 class=\"wp-block-heading\">Le bien-\u00eatre \u00e9motionnel pour les entreprises<\/h2>\n\n\n\n<p>Chez <strong>ifeel<\/strong>, nous comprenons qu&rsquo;il n&rsquo;est pas possible de prendre soin de l&rsquo;entreprise sans <strong>prendre soin du bien-\u00eatre psychologique de ses collaborateurs<\/strong>. C&rsquo;est pourquoi nous disposons d&rsquo;un programme de bien-\u00eatre \u00e9motionnel pour les entreprises, con\u00e7u par notre <strong>\u00e9quipe de psychologues experts en bien-\u00eatre au travail <\/strong>avec un objectif principal : aider les entreprises \u00e0 <strong>placer la sant\u00e9 de leurs collaborateurs au centre de leur strat\u00e9gie de travail<\/strong>.<\/p>\n\n\n\n<p>Gr\u00e2ce \u00e0 cette collaboration, les responsables des d\u00e9partements de ressources humaines peuvent recevoir des c<strong>onseils personnalis\u00e9s, bas\u00e9s sur des donn\u00e9es<\/strong>, pour prendre les bonnes d\u00e9cisions en entreprise afin de tirer le meilleur parti des \u00e9quipes dont ils ont la charge et de mieux prendre soin du bien-\u00eatre psychologique des personnes qui les composent.<\/p>\n\n\n\n<p>D&rsquo;autre part, ce programme offre aux employ\u00e9s <strong>un service de soins de sant\u00e9 mentale holistique structur\u00e9<\/strong> \u00e0 diff\u00e9rents niveaux en fonction de leurs besoins. Ce service comprend, si n\u00e9cessaire, une th\u00e9rapie psychologique en ligne avec un psychologue sp\u00e9cialis\u00e9 dans des cas comme le v\u00f4tre. <a href=\"https:\/\/ifeelonline.com\/fr\/demander-une-demo\/\">Essayez notre programme d\u00e8s maintenant<\/a> pour voir comment il pourrait vous aider.<\/p>\n\n\n\n<p>Nous esp\u00e9rons que vous avez trouv\u00e9 ce post sur<strong> les diff\u00e9rents environnements de travail <\/strong>int\u00e9ressant. Si vous souhaitez obtenir plus d&rsquo;informations sur notre programme de bien-\u00eatre \u00e9motionnel pour les entreprises, <a href=\"https:\/\/ifeelonline.com\/fr\/demander-une-demo\/\">il vous suffit de demander<\/a> et nous contacterons votre \u00e9quipe dans les plus brefs d\u00e9lais.<\/p>\n\n    <div class=\"xs_social_share_widget xs_share_url after_content \t\tmain_content  wslu-style-1 wslu-share-box-shaped wslu-fill-colored wslu-none wslu-share-horizontal wslu-theme-font-no wslu-main_content\">\n\n\t\t\n        <ul>\n\t\t\t        <\/ul>\n    <\/div> \n","protected":false},"excerpt":{"rendered":"<p>Parler de l&rsquo;environnement de travail, c&rsquo;est aussi parler, dans un certain sens, des diff\u00e9rents environnements de travail que l&rsquo;on peut trouver dans une entreprise. Ces types tendent \u00e0 \u00eatre fa\u00e7onn\u00e9s par les diff\u00e9rentes personnalit\u00e9s des membres de l&rsquo;\u00e9quipe qui composent l&rsquo;entreprise mais, surtout, par la dynamique qui s&rsquo;\u00e9tablit entre eux, une combinaison complexe d&rsquo;interactions entre [&hellip;]<\/p>\n","protected":false},"author":8,"featured_media":8548,"comment_status":"closed","ping_status":"open","sticky":false,"template":"","format":"standard","meta":{"content-type":"","postBodyCss":"","postBodyMargin":[],"postBodyPadding":[],"postBodyBackground":{"backgroundType":"classic","gradient":""},"footnotes":""},"categories":[27],"tags":[],"class_list":["post-8484","post","type-post","status-publish","format-standard","has-post-thumbnail","hentry","category-bien-etre-au-travail"],"_links":{"self":[{"href":"https:\/\/ifeelonline.com\/fr\/wp-json\/wp\/v2\/posts\/8484","targetHints":{"allow":["GET"]}}],"collection":[{"href":"https:\/\/ifeelonline.com\/fr\/wp-json\/wp\/v2\/posts"}],"about":[{"href":"https:\/\/ifeelonline.com\/fr\/wp-json\/wp\/v2\/types\/post"}],"author":[{"embeddable":true,"href":"https:\/\/ifeelonline.com\/fr\/wp-json\/wp\/v2\/users\/8"}],"replies":[{"embeddable":true,"href":"https:\/\/ifeelonline.com\/fr\/wp-json\/wp\/v2\/comments?post=8484"}],"version-history":[{"count":0,"href":"https:\/\/ifeelonline.com\/fr\/wp-json\/wp\/v2\/posts\/8484\/revisions"}],"wp:featuredmedia":[{"embeddable":true,"href":"https:\/\/ifeelonline.com\/fr\/wp-json\/wp\/v2\/media\/8548"}],"wp:attachment":[{"href":"https:\/\/ifeelonline.com\/fr\/wp-json\/wp\/v2\/media?parent=8484"}],"wp:term":[{"taxonomy":"category","embeddable":true,"href":"https:\/\/ifeelonline.com\/fr\/wp-json\/wp\/v2\/categories?post=8484"},{"taxonomy":"post_tag","embeddable":true,"href":"https:\/\/ifeelonline.com\/fr\/wp-json\/wp\/v2\/tags?post=8484"}],"curies":[{"name":"wp","href":"https:\/\/api.w.org\/{rel}","templated":true}]}}