{"id":8388,"date":"2023-02-12T22:10:45","date_gmt":"2023-02-12T21:10:45","guid":{"rendered":"https:\/\/ifeelonline.com\/fr\/?p=8388"},"modified":"2025-11-11T16:55:28","modified_gmt":"2025-11-11T15:55:28","slug":"veiller-au-bien-etre-mental-des-collaborateurs","status":"publish","type":"post","link":"https:\/\/ifeelonline.com\/fr\/veiller-au-bien-etre-mental-des-collaborateurs\/","title":{"rendered":"4 conseils pour veiller au bien-\u00eatre mental des collaborateurs"},"content":{"rendered":"\n<p><strong>Le bien-\u00eatre mental des collaborateurs n\u2019est pas un \u201cplus\u201d, c\u2019est un levier de performance durable. <\/strong>Quand les \u00e9quipes se sentent en <strong><a href=\"https:\/\/ifeelonline.com\/fr\/securite-psychologique-au-travail\/\">s\u00e9curit\u00e9 psychologique<\/a><\/strong>, \u00e9cout\u00e9es et soutenues, l\u2019engagement augmente, <strong><a href=\"https:\/\/ifeelonline.com\/fr\/boite-a-outils-rh\/labsenteisme-et-du-presenteisme\/?partner=ifeel_internLinkPost\">l\u2019absent\u00e9isme<\/a><\/strong> baisse et la qualit\u00e9 du travail s\u2019am\u00e9liore. \u00c0 l\u2019inverse, sans attention structur\u00e9e \u00e0 la sant\u00e9 mentale, m\u00eame des initiatives g\u00e9n\u00e9reuses s\u2019\u00e9parpillent et perdent en impact. Dans cet article, nous allons droit au but avec<strong> 4 conseils concrets pour prot\u00e9ger et nourrir le bien-\u00eatre mental au quotidien.<\/strong><br><br><strong><a href=\"https:\/\/ifeelonline.com\/fr\/boite-a-outils-rh\/labsenteisme-et-du-presenteisme\/?partner=ifeel_internLinkPost\">T\u00e9l\u00e9chargez gratuitement notre derni\u00e8re ressource ici\u00a0<\/a><\/strong>et d\u00e9couvrez c<strong>omment r\u00e9duire l\u2019absent\u00e9isme et le pr\u00e9sent\u00e9isme dans votre entreprise.<\/strong><br><br>Chez <a href=\"https:\/\/ifeelonline.com\/fr\/comment-ca-marche\/?partner=ifeel_internLinkPost\">ifeel<\/a>, nous aidons les organisations \u00e0 op\u00e9rationnaliser ces 4 piliers gr\u00e2ce \u00e0 une m\u00e9thodologie fond\u00e9e sur les donn\u00e9es et des interventions adapt\u00e9es \u00e0 chaque population. <strong>R\u00e9sultat : <\/strong>plus de clart\u00e9, plus d\u2019acc\u00e8s au soutien, et des effets mesurables sur l\u2019engagement et la r\u00e9tention.  <br><br>Pour approfondir la mise en \u0153uvre,<strong> <a href=\"https:\/\/ifeelonline.com\/fr\/boite-a-outils-rh\/playbook-ifeel-solution-complete-pour-la-sante-mentale-dans-les-grandes-entreprises\/?partner=ifeel_internLinkPost\">t\u00e9l\u00e9charger notre ifeel Playbook<\/a><\/strong>.<\/p>\n\n\n\n<h2 class=\"wp-block-heading\">Les cl\u00e9s pour prendre soin du bien-\u00eatre mental des collaborateurs<\/h2>\n\n\n\n<p>L&rsquo;une des principales responsabilit\u00e9s d&rsquo;une organisation en mati\u00e8re de capital humain est de <strong>prot\u00e9ger la vuln\u00e9rabilit\u00e9 physique et psychologique<\/strong> de son personnel. Cela am\u00e9liore leur perception de l&rsquo;entreprise comme un lieu s\u00fbr, <strong>renforce leur engagement et augmente la probabilit\u00e9 que les collaborateurs s&rsquo;impliquent <\/strong>pleinement dans les projets auxquels ils participent.&nbsp;<\/p>\n\n\n\n<p>Dans les lignes qui suivent, nous allons examiner de plus pr\u00e8s quatre des principaux aspects de la prise en charge du bien-\u00eatre psychologique d&rsquo;une \u00e9quipe.&nbsp;<\/p>\n\n\n\n<h3 class=\"wp-block-heading\">1. Le pouvoir de la confiance&nbsp;<\/h3>\n\n\n\n<p>Comme vous le savez, les relations entre pairs et les relations manager-collaborateur sont cruciales pour expliquer la sant\u00e9 psychologique des personnes sur le lieu de travail.&nbsp;<\/p>\n\n\n\n<p>L&rsquo;un des facteurs qui influencent le plus directement<strong> la sant\u00e9 des relations interpersonnelles est la confiance<\/strong>. C&rsquo;est l&rsquo;amalgame de complicit\u00e9, de familiarit\u00e9 et de r\u00e9confort qui est si important pour que les relations fonctionnent. On r\u00e9p\u00e8te souvent le lieu commun selon lequel <strong>il faut beaucoup de temps pour \u00e9tablir la confiance entre deux personnes et tr\u00e8s peu de temps pour la d\u00e9truire<\/strong>. Les relations humaines sont beaucoup plus complexes qu&rsquo;un simple bin\u00f4me construire\/d\u00e9truire, y compris dans l&rsquo;environnement de travail.&nbsp;<\/p>\n\n\n\n<figure class=\"wp-block-image size-full\"><img fetchpriority=\"high\" decoding=\"async\" width=\"708\" height=\"380\" src=\"https:\/\/ifeelonline.com\/fr\/wp-content\/uploads\/sites\/3\/2023\/02\/bien-etre-employes-2.jpg\" alt=\"Veiller au bien-\u00eatre des collaborateurs\" class=\"wp-image-8389\" srcset=\"https:\/\/ifeelonline.com\/fr\/wp-content\/uploads\/sites\/3\/2023\/02\/bien-etre-employes-2.jpg 708w, https:\/\/ifeelonline.com\/fr\/wp-content\/uploads\/sites\/3\/2023\/02\/bien-etre-employes-2-300x161.jpg 300w\" sizes=\"(max-width: 708px) 100vw, 708px\" \/><\/figure>\n\n\n\n<p>Dans tous les cas, ce qui est important, c&rsquo;est que dans l&rsquo;environnement de travail,<strong> il existe des conditions permettant aux gens de se faire confiance honn\u00eatement<\/strong> et non aveugl\u00e9ment. Pour cela, il est essentiel que les personnes se comportent de mani\u00e8re coh\u00e9rente et qu&rsquo;il n&rsquo;y ait pas de mensonges (\u00e9galement connus sous le nom d&rsquo;incoh\u00e9rences d\u00e9lib\u00e9r\u00e9es entre le langage et les actions ou, simplement, d&rsquo;attentes cr\u00e9\u00e9es et jamais satisfaites. Bien s\u00fbr, les travailleurs ont besoin de percevoir qu&rsquo;il existe une r\u00e9elle transparence sur les questions qui les concernent plut\u00f4t qu&rsquo;un agenda cach\u00e9 qui influence ce qui leur arrive sans qu&rsquo;ils s&rsquo;en rendent compte.&nbsp;&nbsp;&nbsp;&nbsp;<\/p>\n\n\n\n<h3 class=\"wp-block-heading\">2. La s\u00e9curit\u00e9 VS la peur<\/h3>\n\n\n\n<p><strong>La s\u00e9curit\u00e9 est l&rsquo;un des besoins les plus primaires de tous les \u00eatres humains.<\/strong> Pour comprendre ce qu&rsquo;elle est, nous devons consid\u00e9rer la s\u00e9curit\u00e9 comme \u00e9tant essentiellement ce que nous ressentons lorsque nous n&rsquo;avons pas peur.&nbsp;<\/p>\n\n\n\n<p>Comme mentionn\u00e9 ci-dessus, dans des conditions normales, il est important que les collaborateurs d&rsquo;une entreprise aient le sentiment que le lieu de travail ne met pas leur sant\u00e9 en danger ou que, si les risques pour la sant\u00e9 sont tr\u00e8s importants, des <strong>mesures ad\u00e9quates sont prises pour minimiser les risques<\/strong>. Dans une p\u00e9riode comme celle-ci, marqu\u00e9e par la menace du coronavirus, ce facteur rev\u00eat une importance particuli\u00e8re lorsqu&rsquo;il s&rsquo;agit de <strong>veiller au bien-\u00eatre mental des collaborateurs<\/strong>.<\/p>\n\n\n\n<p>Le fait de sentir que l&rsquo;on travaille sur quelque chose de significatif est payant en termes de sant\u00e9 lorsque les conditions ne sont pas aussi bonnes qu&rsquo;elles devraient l&rsquo;\u00eatre.<\/p>\n\n\n\n<p>En revanche, \u00e0 un niveau plus organisationnel, pour qu&rsquo;une personne<strong> se sente en s\u00e9curit\u00e9 dans son travail<\/strong>, elle doit \u00eatre calme. Comment ? En percevant que la probabilit\u00e9 d&rsquo;\u00eatre licenci\u00e9 est faible, qu&rsquo;il existe <strong>un climat \u00e9motionnel marqu\u00e9 par l&rsquo;ordre <\/strong>et la pr\u00e9visibilit\u00e9 et que les niveaux d&rsquo;incertitude sont g\u00e9r\u00e9s avec maturit\u00e9 par les responsables, car ils assument ce qu&rsquo;ils ne savent pas et donnent le sentiment que les choses sont sous contr\u00f4le, qu&rsquo;elles se passent bien ou mal.<\/p>\n\n\n\n<h3 class=\"wp-block-heading\">3. S\u00e9curit\u00e9 psychologique et Qualit\u00e9 de vie et conditions de travail QVT\/QVCT<\/h3>\n\n\n\n<p id=\"message\"><strong><a href=\"https:\/\/ifeelonline.com\/fr\/securite-psychologique-au-travail\/\">La s\u00e9curit\u00e9 psychologique<\/a> est un pilier central de la protection de la sant\u00e9 mentale au travail <\/strong>: les collaborateurs doivent pouvoir s\u2019exprimer, signaler un probl\u00e8me ou demander de l\u2019aide sans crainte de jugement ni de sanction. C\u2019est pr\u00e9cis\u00e9ment l\u2019ambition de <a href=\"https:\/\/ifeelonline.com\/fr?s=QVT#:~:text=Comment%20les%20grandes%20entreprises%20en%20France%20r%C3%A9inventent%20la%20qualit%C3%A9%20de%20vie%20au%20travail%20(QVT)\">la QVCT<\/a>, qui vise des conditions justes et soutenantes \u00e0 la fois mat\u00e9rielles et relationnelles :<\/p>\n\n\n\n<ul class=\"wp-block-list\">\n<li>R\u00e9mun\u00e9ration \u00e9quitable (align\u00e9e sur la complexit\u00e9 des missions et le niveau de responsabilit\u00e9)<\/li>\n\n\n\n<li>Organisation du temps soutenable (horaires raisonnables, flexibilit\u00e9, t\u00e9l\u00e9travail quand c\u2019est pertinent) <\/li>\n\n\n\n<li>Ressources physiques saines et confortables<\/li>\n<\/ul>\n\n\n\n<p>Elle englobe aussi la qualit\u00e9 du lien avec la hi\u00e9rarchie, la communication entre coll\u00e8gues, l\u2019\u00e9galit\u00e9 professionnelle, ainsi que la clart\u00e9 du contenu et de l\u2019organisation du travail. Autant de leviers qui nourrissent la s\u00e9curit\u00e9 psychologique au quotidien. Concr\u00e8tement, les grandes entreprises qui r\u00e9inventent la QVT activent des mesures telles que les horaires flexibles, des espaces favorisant collaboration et r\u00e9cup\u00e9ration, des politiques inclusives, et l\u2019acc\u00e8s structur\u00e9 \u00e0 des ressources de sant\u00e9 mentale, avec \u00e0 la cl\u00e9 un impact positif sur l\u2019engagement et la performance durable de l\u2019organisation.<\/p>\n\n\n\n<h3 class=\"wp-block-heading\">4. Motivation et sens https:\/\/ifeelonline.com\/fr\/rapport-au-travail-des-salaries-francais\/<\/h3>\n\n\n\n<p id=\"message\"><strong>La motivation est un levier majeur de sant\u00e9 mentale au travail <\/strong>: c\u2019est l\u2019\u00e9nergie qui nous met en mouvement vers nos objectifs professionnels. Au-del\u00e0 du salaire, des horaires ou de la difficult\u00e9 des t\u00e2ches, c\u2019est le d\u00e9sir d\u2019accomplir son travail et le lien \u00e9motionnel avec ses missions et son entreprise qui font la diff\u00e9rence.<\/p>\n\n\n\n<p id=\"message\">Quand la motivation est \u00e9lev\u00e9e, l\u2019humeur s\u2019am\u00e9liore, <strong>l\u2019engagement et l\u2019implication augmentent<\/strong>, et certaines contraintes deviennent plus supportables. Elle na\u00eet surtout quand chacun per\u00e7oit du sens, voit l\u2019avancement du projet gr\u00e2ce \u00e0 sa contribution et comprend la direction suivie.<\/p>\n\n\n\n<p id=\"message\">Ces facteurs doivent faire partie de toute strat\u00e9gie de gestion du capital humain, quel que soit le poste. Si l\u2019un d\u2019eux fait d\u00e9faut, se faire accompagner peut aider \u00e0 corriger le tir. Avec ifeel, vos collaborateurs acc\u00e8dent \u00e0 une solution de sant\u00e9 mentale adapt\u00e9e et confidentielle. Prenez soin de votre sant\u00e9 mentale au travail: nos psychologues sont l\u00e0 pour vous.<\/p>\n\n\n\n<h2 class=\"wp-block-heading\">La sant\u00e9 mentale au travail, l&rsquo;un des plus grands d\u00e9fis des organisations commerciales aujourd&rsquo;hui<\/h2>\n\n\n\n<p>En d\u00e9finitive, aborder la sant\u00e9 mentale dans les grandes organisations avec une approche personnalis\u00e9e et accessible est essentiel pour obtenir un impact r\u00e9el et durable. ifeel, gr\u00e2ce \u00e0 sa m\u00e9thodologie innovante et \u00e0 son engagement clinique, offre les outils et les strat\u00e9gies n\u00e9cessaires pour transformer le bien-\u00eatre \u00e9motionnel en un avantage concurrentiel.<\/p>\n\n\n\n<p>Pour d\u00e9couvrir comment mettre en \u0153uvre efficacement ces solutions dans votre entreprise, <strong><a href=\"https:\/\/ifeelonline.com\/fr\/boite-a-outils-rh\/playbook-ifeel-solution-complete-pour-la-sante-mentale-dans-les-grandes-entreprises\/?partner=ifeel_internLinkPost\">nous vous invitons \u00e0 t\u00e9l\u00e9charger le guide ifeel Playbook<\/a><\/strong>, qui vous accompagnera pas \u00e0 pas dans ce processus de transformation.<\/p>\n\n    <div class=\"xs_social_share_widget xs_share_url after_content \t\tmain_content  wslu-style-1 wslu-share-box-shaped wslu-fill-colored wslu-none wslu-share-horizontal wslu-theme-font-no wslu-main_content\">\n\n\t\t\n        <ul>\n\t\t\t        <\/ul>\n    <\/div> \n","protected":false},"excerpt":{"rendered":"<p>Veiller au bien-\u00eatre des collaborateurs est un \u00e9l\u00e9ment crucial de toute strat\u00e9gie RH d&rsquo;entreprise. <\/p>\n","protected":false},"author":8,"featured_media":16416,"comment_status":"closed","ping_status":"open","sticky":false,"template":"","format":"standard","meta":{"content-type":"","postBodyCss":"","postBodyMargin":[],"postBodyPadding":[],"postBodyBackground":{"backgroundType":"classic","gradient":""},"footnotes":""},"categories":[27,39],"tags":[],"class_list":["post-8388","post","type-post","status-publish","format-standard","has-post-thumbnail","hentry","category-bien-etre-au-travail","category-psychologie-pour-les-entreprises"],"_links":{"self":[{"href":"https:\/\/ifeelonline.com\/fr\/wp-json\/wp\/v2\/posts\/8388","targetHints":{"allow":["GET"]}}],"collection":[{"href":"https:\/\/ifeelonline.com\/fr\/wp-json\/wp\/v2\/posts"}],"about":[{"href":"https:\/\/ifeelonline.com\/fr\/wp-json\/wp\/v2\/types\/post"}],"author":[{"embeddable":true,"href":"https:\/\/ifeelonline.com\/fr\/wp-json\/wp\/v2\/users\/8"}],"replies":[{"embeddable":true,"href":"https:\/\/ifeelonline.com\/fr\/wp-json\/wp\/v2\/comments?post=8388"}],"version-history":[{"count":0,"href":"https:\/\/ifeelonline.com\/fr\/wp-json\/wp\/v2\/posts\/8388\/revisions"}],"wp:featuredmedia":[{"embeddable":true,"href":"https:\/\/ifeelonline.com\/fr\/wp-json\/wp\/v2\/media\/16416"}],"wp:attachment":[{"href":"https:\/\/ifeelonline.com\/fr\/wp-json\/wp\/v2\/media?parent=8388"}],"wp:term":[{"taxonomy":"category","embeddable":true,"href":"https:\/\/ifeelonline.com\/fr\/wp-json\/wp\/v2\/categories?post=8388"},{"taxonomy":"post_tag","embeddable":true,"href":"https:\/\/ifeelonline.com\/fr\/wp-json\/wp\/v2\/tags?post=8388"}],"curies":[{"name":"wp","href":"https:\/\/api.w.org\/{rel}","templated":true}]}}