{"id":8065,"date":"2023-01-03T16:07:46","date_gmt":"2023-01-03T15:07:46","guid":{"rendered":"https:\/\/ifeelonline.com\/fr\/?p=8065"},"modified":"2023-03-06T17:52:38","modified_gmt":"2023-03-06T16:52:38","slug":"comment-gerer-les-emotions-au-travail","status":"publish","type":"post","link":"https:\/\/ifeelonline.com\/fr\/comment-gerer-les-emotions-au-travail\/","title":{"rendered":"Comment g\u00e9rer les \u00e9motions au travail ?"},"content":{"rendered":"\n<p><strong>La gestion des \u00e9motions au travail<\/strong> est une t\u00e2che que nous incluons dans ce que l&rsquo;on appelle <strong>\u00ab\u00a0l&rsquo;intelligence \u00e9motionnelle\u00a0\u00bb<\/strong> et, par cons\u00e9quent, \u00e9galement interpersonnelle. Il s&rsquo;agit d&rsquo;un ensemble de comp\u00e9tences qui peuvent \u00eatre entra\u00een\u00e9es et qui sont particuli\u00e8rement \u00e9videntes lorsque nous entrons en relation avec d&rsquo;autres personnes, notamment celles avec lesquelles nous partageons des bureaux et des t\u00e2ches.&nbsp;<\/p>\n\n\n\n<p>Ainsi, la gestion des \u00e9motions au travail implique <strong>une gestion ad\u00e9quate de notre propre monde \u00e9motionnel lorsque nous exer\u00e7ons notre profession<\/strong>, mais aussi une gestion ad\u00e9quate du monde \u00e9motionnel de nos coll\u00e8gues, qu&rsquo;ils soient nos patrons, nos pairs ou nos subordonn\u00e9s.&nbsp;<\/p>\n\n\n\n<h2 class=\"wp-block-heading\"><strong>G\u00e9rer les \u00e9motions au travail, c&rsquo;est aussi les autoriser.<\/strong><\/h2>\n\n\n\n<p>Qu&rsquo;est-ce que nous autorisons ou pas lorsqu&rsquo;il s&rsquo;agit de g\u00e9rer nos \u00e9motions au travail ? Certaines personnes ont une relation conflictuelle avec certaines \u00e9motions, en raison de lacunes dans leur apprentissage \u00e9motionnel ou des exp\u00e9riences de vie qu&rsquo;elles ont v\u00e9cues. Il leur est donc difficile de d\u00e9finir telle ou telle \u00e9motion, de l&rsquo;exprimer ouvertement et honn\u00eatement ou de se la reconna\u00eetre. Certaines personnes ne supportent pas bien la peur et deviennent intr\u00e9pides, voire t\u00e9m\u00e9raires, pour ne pas la vivre.&nbsp;<\/p>\n\n\n\n<figure class=\"wp-block-image size-full\"><img fetchpriority=\"high\" decoding=\"async\" width=\"708\" height=\"380\" src=\"https:\/\/ifeelonline.com\/fr\/wp-content\/uploads\/sites\/3\/2022\/12\/gestion-emotions-2.jpg\" alt=\"\u00e9motions au travail\" class=\"wp-image-8068\" srcset=\"https:\/\/ifeelonline.com\/fr\/wp-content\/uploads\/sites\/3\/2022\/12\/gestion-emotions-2.jpg 708w, https:\/\/ifeelonline.com\/fr\/wp-content\/uploads\/sites\/3\/2022\/12\/gestion-emotions-2-300x161.jpg 300w\" sizes=\"(max-width: 708px) 100vw, 708px\" \/><\/figure>\n\n\n\n<p>D&rsquo;autres personnes ne se permettent pas de se mettre en col\u00e8re ou d&rsquo;\u00eatre triste, peut-\u00eatre parce qu&rsquo;elles ont appris au cours de leur d\u00e9veloppement personnel que ce ne sont pas des \u00e9motions appropri\u00e9es et qu&rsquo;il faut essayer de les \u00e9viter ou du moins de ne pas les montrer aux autres.<\/p>\n\n\n\n<p>D&rsquo;autre part, tout comme <strong>il existe des \u00e9motions que nous ne nous permettons pas de ressentir<\/strong> ou de partager et que nous essayons de nier ou de d\u2019enterrer, l&rsquo;inverse peut se produire avec d&rsquo;autres sentiments : ils occupent une place pr\u00e9dominante dans nos vies : vous connaissez s\u00fbrement quelqu&rsquo;un que vous associez toujours \u00e0 la col\u00e8re ou \u00e0 la mauvaise humeur, ou quelqu&rsquo;un qui a peur de tout ou qui a tendance \u00e0 se sentir coupable de tout.&nbsp;<\/p>\n\n\n\n<p>Heureusement, il existe aussi des personnes pour qui des \u00e9motions comme la joie ou la fiert\u00e9 ont beaucoup de poids et qui peuvent les transmettre \u00e0 leur entourage, par exemple au travail.&nbsp;<\/p>\n\n\n\n<p>En r\u00e9sum\u00e9, <strong>la gestion des \u00e9motions au travail implique, entre autres, de prendre conscience des diff\u00e9rentes couches de notre monde \u00e9motionnel<\/strong>, de d\u00e9couvrir sous la surface que nous montrons les sentiments que nous ne nous permettons pas d&rsquo;exprimer. Savoir \u00e9galement quelles \u00e9motions ont un poids \u00e9norme dans notre vie, car elles influenceront grandement notre niveau de bien-\u00eatre et nos relations interpersonnelles.&nbsp;<\/p>\n\n\n\n<h2 class=\"wp-block-heading\"><strong>Bien g\u00e9rer la contagion \u00e9motionnelle au travail<\/strong><\/h2>\n\n\n\n<p><strong>Comment l&rsquo;expression verbale et non verbale de nos \u00e9motions affecte-t-elle les autres ?<\/strong> Nous devrions tous \u00eatre conscients que, que nous le voulions ou non, nos humeurs sont transmises volontairement et involontairement au monde ext\u00e9rieur. Les autres nous observent et nous \u00e9coutent, ils sentent ce que nous pouvons ressentir, m\u00eame s&rsquo;ils ont peu d&rsquo;informations \u00e0 ce sujet et, bien s\u00fbr, m\u00eame s&rsquo;ils peuvent parfois se tromper.&nbsp;<\/p>\n\n\n\n<p>Nous faisons de m\u00eame : nous ne sommes pas immunis\u00e9s contre l&rsquo;\u00e9tat \u00e9motionnel des personnes qui nous entourent, par exemple nos coll\u00e8gues de travail, mais nous pouvons d\u00e9tecter certaines de leurs \u00e9motions et, bien s\u00fbr, \u00eatre influenc\u00e9s par elles, tout comme elles peuvent changer d&rsquo;humeur en d\u00e9tectant la n\u00f4tre. Lorsqu&rsquo;il s&rsquo;agit de transmettre des \u00e9motions positives (celles que nous ressentons comme agr\u00e9ables) \u00e0 l&rsquo;autre, il n&rsquo;y a pas vraiment de probl\u00e8me. Cependant, il faut faire attention aux \u00e9motions n\u00e9gatives (celles qui sont d\u00e9sagr\u00e9ables \u00e0 ressentir) afin de ne pas propager la n\u00e9gativit\u00e9 au travail.<\/p>\n\n\n\n<h3 class=\"wp-block-heading\"><strong>De bons mod\u00e8les pour la gestion des \u00e9motions au travail<\/strong><\/h3>\n\n\n\n<p>En g\u00e9n\u00e9ral, nous sommes tous des mod\u00e8les pour les autres sur les mani\u00e8res appropri\u00e9es ou inappropri\u00e9es d&rsquo;exprimer nos \u00e9motions. C&rsquo;est pourquoi il est si important que nous ayons de bonnes comp\u00e9tences sociales au travail. \u00c0 cet \u00e9gard, les managers et les coordinateurs d&rsquo;\u00e9quipe ont une responsabilit\u00e9 particuli\u00e8re, car l&rsquo;une de leurs fonctions &#8211; souvent n\u00e9glig\u00e9e &#8211; est de donner l&rsquo;exemple de bonnes pratiques de travail, d&rsquo;habitudes saines au bureau et, par cons\u00e9quent, de mani\u00e8re appropri\u00e9e de g\u00e9rer les \u00e9motions au travail.&nbsp;<\/p>\n\n\n\n<p>Par cons\u00e9quent, s&rsquo;ils d\u00e9tectent chez eux ou dans leur \u00e9quipe une difficult\u00e9 importante \u00e0 g\u00e9rer les \u00e9motions au travail, ils ont la possibilit\u00e9 de demander conseil \u00e0 ceux qui comprennent ces choses : les psychologues experts en bien-\u00eatre au travail. \u00c0 cette fin, elles peuvent &#8211; et doivent &#8211; disposer d&rsquo;un programme d&rsquo;assistance aux employ\u00e9s qui inclut ces questions parmi ses objectifs, ou utiliser un programme de bien-\u00eatre \u00e9motionnel pour les entreprises tel que celui qu&rsquo;ifeel propose \u00e0 ses employ\u00e9s.&nbsp;<\/p>\n\n\n\n<figure class=\"wp-block-image size-full\"><img decoding=\"async\" width=\"708\" height=\"380\" src=\"https:\/\/ifeelonline.com\/fr\/wp-content\/uploads\/sites\/3\/2022\/12\/gestion-emotions-3.jpg\" alt=\"\u00e9motions au travail\" class=\"wp-image-8067\" srcset=\"https:\/\/ifeelonline.com\/fr\/wp-content\/uploads\/sites\/3\/2022\/12\/gestion-emotions-3.jpg 708w, https:\/\/ifeelonline.com\/fr\/wp-content\/uploads\/sites\/3\/2022\/12\/gestion-emotions-3-300x161.jpg 300w\" sizes=\"(max-width: 708px) 100vw, 708px\" \/><\/figure>\n\n\n\n<h2 class=\"wp-block-heading\"><strong>Am\u00e9liorer le bien-\u00eatre \u00e9motionnel dans les entreprises<\/strong><\/h2>\n\n\n\n<p>Chez <strong>ifeel<\/strong>, nous voulons augmenter <strong>le bien-\u00eatre au travail des employ\u00e9s et de leurs entreprises<\/strong> en les aidant \u00e0 g\u00e9n\u00e9rer des environnements de travail dans lesquels la gestion des \u00e9motions est constructive, mature et favorise la performance de tous.&nbsp;&nbsp;<\/p>\n\n\n\n<p>\u00c0 cette fin, notre \u00e9quipe de psychologues a cr\u00e9\u00e9 <strong>un programme de bien-\u00eatre \u00e9motionnel pour les entreprises<\/strong>. Gr\u00e2ce \u00e0 cette collaboration, les responsables des ressources humaines de votre entreprise pourront recevoir des <strong>conseils personnalis\u00e9s<\/strong>, bas\u00e9s sur des donn\u00e9es, sur la mani\u00e8re d&rsquo;am\u00e9liorer le bien-\u00eatre psychologique de leurs \u00e9quipes. En outre, ce programme offre aux employ\u00e9s un service complet de soins de sant\u00e9 mentale organis\u00e9 \u00e0 diff\u00e9rents niveaux en fonction de leurs besoins. Essayez notre programme d\u00e8s maintenant pour voir comment il pourrait vous aider.<\/p>\n\n\n\n<p>Visitez notre section Ressources, o\u00f9 vous trouverez du contenu sur diff\u00e9rents sujets, des guides RH ou des entretiens avec des responsables RH.&nbsp;<\/p>\n\n\n\n<p>Aussi, vous pouvez acc\u00e9der \u00e0 un mod\u00e8le de facteurs de risques psychosociaux, qui vous aidera \u00e0 vous conformer aux exigences de l&rsquo;inspection du travail.&nbsp;&nbsp;<\/p>\n\n\n\n<p>Nous esp\u00e9rons que ce post sur <strong>la gestion des \u00e9motions au travail<\/strong> vous a donn\u00e9 de bonnes id\u00e9es pour faciliter l&rsquo;accomplissement de vos t\u00e2ches. Contactez-nous pour en savoir plus sur le fonctionnement de <a href=\"https:\/\/ifeelonline.com\/fr\/\">notre programme de bien-\u00eatre \u00e9motionnel pour les entreprise<\/a>s. Il suffit de nous \u00e9crire et nous vous r\u00e9pondrons dans les plus brefs d\u00e9lais.<\/p>\n\n    <div class=\"xs_social_share_widget xs_share_url after_content \t\tmain_content  wslu-style-1 wslu-share-box-shaped wslu-fill-colored wslu-none wslu-share-horizontal wslu-theme-font-no wslu-main_content\">\n\n\t\t\n        <ul>\n\t\t\t        <\/ul>\n    <\/div> \n","protected":false},"excerpt":{"rendered":"<p>La gestion des \u00e9motions au travail est une t\u00e2che que nous incluons dans ce que l&rsquo;on appelle \u00ab\u00a0l&rsquo;intelligence \u00e9motionnelle\u00a0\u00bb et, par cons\u00e9quent, \u00e9galement interpersonnelle. Il s&rsquo;agit d&rsquo;un ensemble de comp\u00e9tences qui peuvent \u00eatre entra\u00een\u00e9es et qui sont particuli\u00e8rement \u00e9videntes lorsque nous entrons en relation avec d&rsquo;autres personnes, notamment celles avec lesquelles nous partageons des bureaux [&hellip;]<\/p>\n","protected":false},"author":8,"featured_media":8066,"comment_status":"closed","ping_status":"open","sticky":false,"template":"","format":"standard","meta":{"content-type":"","postBodyCss":"","postBodyMargin":[],"postBodyPadding":[],"postBodyBackground":{"backgroundType":"classic","gradient":""},"footnotes":""},"categories":[27,35],"tags":[],"class_list":["post-8065","post","type-post","status-publish","format-standard","has-post-thumbnail","hentry","category-bien-etre-au-travail","category-climat-de-travail"],"_links":{"self":[{"href":"https:\/\/ifeelonline.com\/fr\/wp-json\/wp\/v2\/posts\/8065","targetHints":{"allow":["GET"]}}],"collection":[{"href":"https:\/\/ifeelonline.com\/fr\/wp-json\/wp\/v2\/posts"}],"about":[{"href":"https:\/\/ifeelonline.com\/fr\/wp-json\/wp\/v2\/types\/post"}],"author":[{"embeddable":true,"href":"https:\/\/ifeelonline.com\/fr\/wp-json\/wp\/v2\/users\/8"}],"replies":[{"embeddable":true,"href":"https:\/\/ifeelonline.com\/fr\/wp-json\/wp\/v2\/comments?post=8065"}],"version-history":[{"count":0,"href":"https:\/\/ifeelonline.com\/fr\/wp-json\/wp\/v2\/posts\/8065\/revisions"}],"wp:featuredmedia":[{"embeddable":true,"href":"https:\/\/ifeelonline.com\/fr\/wp-json\/wp\/v2\/media\/8066"}],"wp:attachment":[{"href":"https:\/\/ifeelonline.com\/fr\/wp-json\/wp\/v2\/media?parent=8065"}],"wp:term":[{"taxonomy":"category","embeddable":true,"href":"https:\/\/ifeelonline.com\/fr\/wp-json\/wp\/v2\/categories?post=8065"},{"taxonomy":"post_tag","embeddable":true,"href":"https:\/\/ifeelonline.com\/fr\/wp-json\/wp\/v2\/tags?post=8065"}],"curies":[{"name":"wp","href":"https:\/\/api.w.org\/{rel}","templated":true}]}}