{"id":7956,"date":"2025-03-25T13:45:00","date_gmt":"2025-03-25T12:45:00","guid":{"rendered":"https:\/\/ifeelonline.com\/fr\/?p=7956"},"modified":"2025-03-25T17:15:59","modified_gmt":"2025-03-25T16:15:59","slug":"plan-daction-bien-etre-en-entreprise","status":"publish","type":"post","link":"https:\/\/ifeelonline.com\/fr\/plan-daction-bien-etre-en-entreprise\/","title":{"rendered":"Plan d&rsquo;action bien-\u00eatre : indispensable pour les entreprises en France"},"content":{"rendered":"\n<p>\u00c0 une \u00e9poque o\u00f9 le bien-\u00eatre des collaborateurs est devenu un pivot central dans le monde professionnel, l&rsquo;\u00e9laboration d&rsquo;<a href=\"https:\/\/ifeelonline.com\/fr\/boite-a-outils-rh\/plan-daction-bien-etre\/?partner=ifeel_internLinkPost\">un plan d\u2019action bien-\u00eatre<\/a> s&rsquo;impose comme une n\u00e9cessit\u00e9 incontournable pour les entreprises en France. <br>Alors que <strong><a href=\"https:\/\/ifeelonline.com\/fr\/boite-a-outils-rh\/rapport-sur-la-sante-mentale-2024\/?partner=ifeel_internLinkPost\">45 % des salari\u00e9s fran\u00e7ais r\u00e9clament un soutien en\u00a0sant\u00e9 mentale<\/a><\/strong>, soit bien au-del\u00e0 de la moyenne europ\u00e9enne, les entreprises doivent aujourd\u2019hui r\u00e9pondre \u00e0 un besoin urgent et croissant. Ces chiffres et cette prise de conscience sur la sant\u00e9 mentale a ouvert de nouvelles discussions, mais le chemin reste long pour optimiser le bien-\u00eatre quotidien et la <a href=\"https:\/\/ifeelonline.com\/fr\/augmenter-la-productivite\/\">productivit\u00e9<\/a> des employ\u00e9s. <\/p>\n\n\n\n<p>Chez&nbsp;<em>ifeel<\/em>, nous avons scrut\u00e9&nbsp;<strong><a href=\"https:\/\/ifeelonline.com\/fr\/boite-a-outils-rh\/rapport-sur-la-sante-mentale-2024\/\">les tendances du bien-\u00eatre mental \u00e0 travers l\u2019Europe<\/a><\/strong>&nbsp;pour vous offrir des solutions concr\u00e8tes et des insights pr\u00e9cieux. En s\u2019appuyant sur les donn\u00e9es collect\u00e9es par&nbsp;<strong><a href=\"https:\/\/ifeelonline.com\/fr\/notre-departement-de-recherche-clinique\/\">notre \u00e9quipe de recherche clinique<\/a><\/strong>, nous vous aidons \u00e0 comprendre les attentes sp\u00e9cifiques des salari\u00e9s, par pays et par cat\u00e9gorie de besoins. En tant que leaders en bien-\u00eatre mental, nous savons qu\u2019une intervention cibl\u00e9e peut transformer non seulement<a href=\"https:\/\/ifeelonline.com\/fr\/climat-de-travail\/\">&nbsp;l\u2019atmosph\u00e8re de travail<\/a>, mais aussi les r\u00e9sultats de votre entreprise.<\/p>\n\n\n\n<p><strong>Envie d\u2019aller plus loin ?<\/strong>&nbsp;<a href=\"https:\/\/ifeelonline.com\/fr\/boite-a-outils-rh\/rapport-sur-la-sante-mentale-2024\/?partner=ifeel_internLinkPost\">T\u00e9l\u00e9chargez gratuitement<\/a>&nbsp;notre livre blanc exclusif,<strong>&nbsp;\u00ab L\u2019impact de la sant\u00e9 mentale : tour d\u2019horizon europ\u00e9en \u00bb<\/strong>, et d\u00e9couvrez comment am\u00e9liorer le&nbsp;<a href=\"https:\/\/ifeelonline.com\/fr\/formation-bien-etre-des-collaborateurs\/\">bien-\u00eatre mental sur votre lieu de travail<\/a>.<\/p>\n\n\n\n<p>Quelle est la v\u00e9ritable port\u00e9e de ces plans et pourquoi sont-ils si cruciaux ?<strong> Un plan d&rsquo;action bien-\u00eatre va au-del\u00e0 de la simple am\u00e9lioration de l&rsquo;ambiance de travail<\/strong> : il a le pouvoir de transformer radicalement la dynamique organisationnelle, d&rsquo;augmenter la productivit\u00e9, de <strong><a href=\"https:\/\/ifeelonline.com\/fr\/causes-consequences-de-l-absenteisme-en-france\/\">diminuer l&rsquo;absent\u00e9isme<\/a><\/strong> et de s\u00e9duire les talents. Explorez dans cet article comment <strong><a href=\"https:\/\/ifeelonline.com\/fr\/boite-a-outils-rh\/plan-daction-bien-etre\/?partner=ifeel_internLinkPost\">le Wellness Action Plan<\/a><\/strong> peut r\u00e9volutionner votre entreprise et comment le personnaliser selon vos besoins sp\u00e9cifiques.<\/p>\n\n\n\n<figure class=\"wp-block-image size-full\"><img fetchpriority=\"high\" decoding=\"async\" width=\"632\" height=\"918\" src=\"https:\/\/ifeelonline.com\/fr\/wp-content\/uploads\/sites\/3\/2022\/12\/Como-disenar-un-plan-de-bienestar-laboral-FR.png\" alt=\"plan d'action bien-\u00eatre\" class=\"wp-image-11360\" srcset=\"https:\/\/ifeelonline.com\/fr\/wp-content\/uploads\/sites\/3\/2022\/12\/Como-disenar-un-plan-de-bienestar-laboral-FR.png 632w, https:\/\/ifeelonline.com\/fr\/wp-content\/uploads\/sites\/3\/2022\/12\/Como-disenar-un-plan-de-bienestar-laboral-FR-207x300.png 207w\" sizes=\"(max-width: 632px) 100vw, 632px\" \/><\/figure>\n\n\n\n<h2 class=\"wp-block-heading\">Plan d&rsquo;action bien-\u00eatre : une strat\u00e9gie pour le bien-\u00eatre<\/h2>\n\n\n\n<p>Comme vous l&rsquo;avez peut-\u00eatre d\u00e9j\u00e0 devin\u00e9, <strong>un plan d&rsquo;action bien-\u00eatre<\/strong> est une strat\u00e9gie con\u00e7ue par chaque employ\u00e9 pour am\u00e9liorer son bien-\u00eatre psychologique au travail. Il s&rsquo;agit principalement de <strong>pr\u00e9venir l&rsquo;apparition de graves difficult\u00e9s de sant\u00e9 mentale sur le lieu de travail<\/strong> et, si possible, de faire en sorte que les collaborateurs vivent une meilleure exp\u00e9rience dans l&rsquo;entreprise.&nbsp;<\/p>\n\n\n\n<p>Afin de prendre soin d&rsquo;eux-m\u00eames maintenant et de pr\u00e9venir d&rsquo;\u00e9ventuels probl\u00e8mes \u00e0 l&rsquo;avenir, il est important que les employ\u00e9s aient quelques connaissances de base sur <strong>la sant\u00e9 mentale au travail<\/strong>. L&rsquo;anxi\u00e9t\u00e9, le stress et la d\u00e9pression sont les premiers concepts qui viennent \u00e0 l&rsquo;esprit, mais il existe de nombreux autres sujets qui peuvent les int\u00e9resser. Dans cet article, nous vous expliquons comment mettre en \u0153uvre un bon plan d&rsquo;action pour le bien-\u00eatre.<\/p>\n\n\n\n<h3 class=\"wp-block-heading\">Participation du manager&nbsp;<\/h3>\n\n\n\n<p>L&rsquo;un des points cl\u00e9s de tout <strong>plan d&rsquo;action bien-\u00eatre<\/strong> qui se respecte est que, outre le fait que le collaborateur en est le centre et le protagoniste, il peut le concevoir avec la collaboration de son manager.\u00a0<\/p>\n\n\n\n<p>Une majorit\u00e9 des choses qui se passent au travail, et qui sont \u00e0 la fois en faveur ou \u00e0 l\u2019encontre notre bien-\u00eatre, est en relation avec le fonctionnement de l&rsquo;\u00e9quipe, l&rsquo;organisation des t\u00e2ches, la communication entre coll\u00e8gues et d\u00e9partements.<\/p>\n\n\n\n<p><strong><a href=\"https:\/\/ifeelonline.com\/fr\/leadership-dans-la-culture-dentreprise-positive\/\">Un manager<\/a> a une \u00e9norme influence sur la qualit\u00e9 de tous ces aspects<\/strong> mais, surtout, un bon manager agit comme le premier point d&rsquo;appel pour tous les collaborateurs sous sa responsabilit\u00e9. Il ne s&rsquo;agit pas seulement de leur donner des ordres ou de distribuer le travail, mais aussi d&rsquo;\u00eatre <strong>un interlocuteur fiable et une r\u00e9f\u00e9rence pour l&rsquo;am\u00e9lioration du bien-\u00eatre.\u00a0<\/strong><\/p>\n\n\n\n<figure class=\"wp-block-image size-full\"><img decoding=\"async\" width=\"1234\" height=\"693\" src=\"https:\/\/ifeelonline.com\/fr\/wp-content\/uploads\/sites\/3\/2022\/12\/fr_Beneficios-de-cuidar-el-bienestar.png\" alt=\"bien-\u00eatre\" class=\"wp-image-12675\" srcset=\"https:\/\/ifeelonline.com\/fr\/wp-content\/uploads\/sites\/3\/2022\/12\/fr_Beneficios-de-cuidar-el-bienestar.png 1234w, https:\/\/ifeelonline.com\/fr\/wp-content\/uploads\/sites\/3\/2022\/12\/fr_Beneficios-de-cuidar-el-bienestar-300x168.png 300w, https:\/\/ifeelonline.com\/fr\/wp-content\/uploads\/sites\/3\/2022\/12\/fr_Beneficios-de-cuidar-el-bienestar-1024x575.png 1024w, https:\/\/ifeelonline.com\/fr\/wp-content\/uploads\/sites\/3\/2022\/12\/fr_Beneficios-de-cuidar-el-bienestar-768x431.png 768w\" sizes=\"(max-width: 1234px) 100vw, 1234px\" \/><\/figure>\n\n\n\n<h2 class=\"wp-block-heading\">Que comprend un plan d&rsquo;action bien-\u00eatre ?<\/h2>\n\n\n\n<figure class=\"wp-block-table\"><table class=\"has-fixed-layout\"><thead><tr><th><strong>Aspect<\/strong><\/th><th><strong>Description<\/strong><\/th><\/tr><\/thead><tbody><tr><td><strong>D\u00e9clencheurs de bien-\u00eatre<\/strong><\/td><td>Permet aux employ\u00e9s d&rsquo;identifier les aspects de leur travail qui favorisent leur bien-\u00eatre et d&rsquo;agir de mani\u00e8re d\u00e9lib\u00e9r\u00e9e.<\/td><\/tr><tr><td><strong>Objectifs du plan d&rsquo;action<\/strong><\/td><td>Promouvoir le bien-\u00eatre, pr\u00e9venir les risques psychosociaux, et fournir des outils pour am\u00e9liorer la sant\u00e9 au travail.<\/td><\/tr><tr><td><strong>Questions cl\u00e9s<\/strong><\/td><td>Comprend des questions permettant de tracer un plan personnalis\u00e9 pour am\u00e9liorer le bien-\u00eatre des employ\u00e9s.<\/td><\/tr><tr><td><strong>Prendre soin de soi au travail<\/strong><\/td><td>Fournit des suggestions pratiques sur la fa\u00e7on de pr\u00e9server la sant\u00e9 mentale au travail, applicables \u00e0 tous les employ\u00e9s.<\/td><\/tr><tr><td><strong>R\u00f4le du collaborateur et du manager<\/strong><\/td><td>Le plan est con\u00e7u pour \u00eatre utile et didactique, tant pour l&#8217;employ\u00e9 que pour le manager dans leur collaboration.<\/td><\/tr><\/tbody><\/table><\/figure>\n\n\n\n<figure class=\"wp-block-image size-full\"><img decoding=\"async\" width=\"839\" height=\"696\" src=\"https:\/\/ifeelonline.com\/fr\/wp-content\/uploads\/sites\/3\/2025\/03\/avantages-programmes-bien-etre.jpg\" alt=\"sant\u00e9 mentale au travail\" class=\"wp-image-12460\" srcset=\"https:\/\/ifeelonline.com\/fr\/wp-content\/uploads\/sites\/3\/2025\/03\/avantages-programmes-bien-etre.jpg 839w, https:\/\/ifeelonline.com\/fr\/wp-content\/uploads\/sites\/3\/2025\/03\/avantages-programmes-bien-etre-300x249.jpg 300w, https:\/\/ifeelonline.com\/fr\/wp-content\/uploads\/sites\/3\/2025\/03\/avantages-programmes-bien-etre-768x637.jpg 768w\" sizes=\"(max-width: 839px) 100vw, 839px\" \/><\/figure>\n\n\n\n<h2 class=\"wp-block-heading\">La sant\u00e9 mentale au travail, l\u2019un des plus grands d\u00e9fis des entreprises aujourd\u2019hui<\/h2>\n\n\n\n<p>Investir dans le bien-\u00eatre en entreprise booste la satisfaction et la productivit\u00e9 des collaborateurs, <strong>r\u00e9duit l&rsquo;<a href=\"https:\/\/ifeelonline.com\/fr\/causes-consequences-de-l-absenteisme-en-france\/\">absent\u00e9isme<\/a> et renforce l&rsquo;<a href=\"https:\/\/ifeelonline.com\/fr\/crise-engagement-collaborateurs-en-france-2024\/\">engagement<\/a><\/strong>. Ces pratiques, int\u00e9gr\u00e9es \u00e0 la culture d&rsquo;entreprise, sont cruciales pour le d\u00e9veloppement durable et le succ\u00e8s organisationnel.<\/p>\n\n\n\n<p>Pour vous aider dans ce processus, notre \u00e9quipe de psychologues cliniciens a d\u00e9velopp\u00e9&nbsp;<strong><a href=\"https:\/\/ifeelonline.com\/fr\/boite-a-outils-rh\/strategiede-bien-etre-a-360\/?partner=ifeel_internLinkPost\">un guide pour mettre en place une strat\u00e9gie 360\u00b0 de bien-\u00eatre au travail<\/a><\/strong> ainsi qu\u2019<strong><a href=\"https:\/\/ifeelonline.com\/fr\/boite-a-outils-rh\/agenda-annuel-pour-les-grandes-entreprises\/?partner=ifeel_internLinkPost\">un planning annuel pour les grandes entreprises<\/a><\/strong>, qui propose un guide de strat\u00e9gies pour promouvoir la sant\u00e9 et la productivit\u00e9 tout au long de l\u2019ann\u00e9e.&nbsp;<strong><a href=\"https:\/\/ifeelonline.com\/fr\/boite-a-outils-rh\/agenda-annuel-pour-les-grandes-entreprises\/?partner=ifeel_internLinkPost\">T\u00e9l\u00e9chargez-le gratuitemen<\/a><\/strong>t !<\/p>\n\n\n\n<p>De plus, notre \u00e9quipe clinique offre aux entreprises leaders de leur secteur&nbsp;<strong><a href=\"https:\/\/ifeelonline.com\/fr\/comment-ca-marche\/?partner=ifeel_internLinkPost\">une solution dynamique, \u00e9volutive et enti\u00e8rement personnalis\u00e9e, optimis\u00e9e par l\u2019IA<\/a><\/strong>. Nous avons une strat\u00e9gie et une approche bas\u00e9es sur des donn\u00e9es cl\u00e9s pour aider les organisations ayant une pr\u00e9sence mondiale \u00e0 relever l\u2019<strong>un des plus grands d\u00e9fis commerciaux actuels : la sant\u00e9 mentale au travail.<\/strong><br><br>Nous travaillons en partenariat avec des entreprises du monde entier pour&nbsp;<strong>inspirer la croissance humaine et guider les organisations<\/strong>&nbsp;dans l\u2019instauration d\u2019une&nbsp;<strong><a href=\"https:\/\/ifeelonline.com\/fr\/culture-positive\/?partner=ifeel_internLinkPost\">culture positive du bien-\u00eatre mental<\/a><\/strong>. Une approche sur mesure et centr\u00e9e sur les personnes qui place la sant\u00e9 de vos collaborateurs au centre, en tant que pilier fondamental pour<strong><a href=\"https:\/\/ifeelonline.com\/fr\/guide-pour-renforcer-votre-strategie-en-matiere-de-talents\/?partner=ifeel_internLinkPost\">&nbsp;attirer et retenir les talents<\/a><\/strong>&nbsp;ainsi que pour renforcer leur sentiment d\u2019appartenance.<\/p>\n\n\n\n<p>Cette solution offre aux collaborateurs un service de soins de sant\u00e9 mentale structur\u00e9 en diff\u00e9rents niveaux&nbsp;<strong>en fonction de leurs besoins \u00e0 tout moment<\/strong>. D\u00e9couvrez notre section Ressources o\u00f9 vous trouverez diff\u00e9rents supports, tels que&nbsp;<a href=\"https:\/\/ifeelonline.com\/fr\/media-hub-ifeel\/?partner=ifeel_internLinkPost\">des webinaires, des podcasts<\/a>,&nbsp;<a href=\"https:\/\/ifeelonline.com\/fr\/boite-a-outils-rh\/?partner=ifeel_internLinkPost\">des guides pour les ressources humaines<\/a>&nbsp;sur des sujets d\u2019actualit\u00e9 et des&nbsp;<a href=\"https:\/\/ifeelonline.com\/entrevistas-ifeel\/\">entretiens avec<\/a>&nbsp;des dirigeants de grandes organisations.<\/p>\n\n\n\n<h4 class=\"wp-block-heading\"><strong>M\u00e9thodologie bas\u00e9e sur les donn\u00e9es :<\/strong><\/h4>\n\n\n\n<p>Notre solution de sant\u00e9 mentale pour les entreprises utilise des pratiques fond\u00e9es sur des preuves et des m\u00e9thodes innovantes, \u00e9tay\u00e9es par les recherches les plus r\u00e9centes et un r\u00e9seau de plus de 600 professionnels de la sant\u00e9 mentale. Vous souhaitez en savoir plus sur&nbsp;<strong><a href=\"https:\/\/ifeelonline.com\/fr\/notre-departement-de-recherche-clinique\/\">notre d\u00e9partement de recherche clinique<\/a><\/strong>&nbsp;? N\u2019oubliez pas de visiter cette section pour vous tenir inform\u00e9 des&nbsp;<strong>derni\u00e8res \u00e9tudes et recherches en mati\u00e8re de sant\u00e9 mentale en entreprise.<\/strong><\/p>\n\n\n\n<p>Nous esp\u00e9rons que cet article sur\u00a0<strong>l&rsquo;importance d&rsquo;un plan d&rsquo;action bien-\u00eatre en entreprise<\/strong>\u00a0vous a int\u00e9ress\u00e9. Pour\u00a0<a href=\"https:\/\/ifeelonline.com\/fr\/comment-ca-marche\/?partner=ifeel_internLinkPost\">plus d\u2019informations<\/a>\u00a0sur sur le\u00a0<strong>ROI de notre solution personnalis\u00e9e de sant\u00e9 mentale pour les entreprises<\/strong>,\u00a0<a href=\"https:\/\/ifeelonline.com\/fr\/demander-une-demo\/?partner=ifeel_internLinkPost\">contactez-nous<\/a>\u00a0!<\/p>\n\n    <div class=\"xs_social_share_widget xs_share_url after_content \t\tmain_content  wslu-style-1 wslu-share-box-shaped wslu-fill-colored wslu-none wslu-share-horizontal wslu-theme-font-no wslu-main_content\">\n\n\t\t\n        <ul>\n\t\t\t        <\/ul>\n    <\/div> \n","protected":false},"excerpt":{"rendered":"<p>\u00c0 une \u00e9poque o\u00f9 le bien-\u00eatre des collaborateurs est devenu un pivot central dans le monde professionnel, l&rsquo;\u00e9laboration d&rsquo;un plan d\u2019action bien-\u00eatre s&rsquo;impose comme une n\u00e9cessit\u00e9 incontournable pour les entreprises en France. Alors que 45 % des salari\u00e9s fran\u00e7ais r\u00e9clament un soutien en\u00a0sant\u00e9 mentale, soit bien au-del\u00e0 de la moyenne europ\u00e9enne, les entreprises doivent aujourd\u2019hui [&hellip;]<\/p>\n","protected":false},"author":8,"featured_media":8073,"comment_status":"closed","ping_status":"open","sticky":false,"template":"","format":"standard","meta":{"content-type":"","postBodyCss":"","postBodyMargin":[],"postBodyPadding":[],"postBodyBackground":{"backgroundType":"classic","gradient":""},"footnotes":""},"categories":[27,40],"tags":[],"class_list":["post-7956","post","type-post","status-publish","format-standard","has-post-thumbnail","hentry","category-bien-etre-au-travail","category-ressources-humaines"],"_links":{"self":[{"href":"https:\/\/ifeelonline.com\/fr\/wp-json\/wp\/v2\/posts\/7956","targetHints":{"allow":["GET"]}}],"collection":[{"href":"https:\/\/ifeelonline.com\/fr\/wp-json\/wp\/v2\/posts"}],"about":[{"href":"https:\/\/ifeelonline.com\/fr\/wp-json\/wp\/v2\/types\/post"}],"author":[{"embeddable":true,"href":"https:\/\/ifeelonline.com\/fr\/wp-json\/wp\/v2\/users\/8"}],"replies":[{"embeddable":true,"href":"https:\/\/ifeelonline.com\/fr\/wp-json\/wp\/v2\/comments?post=7956"}],"version-history":[{"count":0,"href":"https:\/\/ifeelonline.com\/fr\/wp-json\/wp\/v2\/posts\/7956\/revisions"}],"wp:featuredmedia":[{"embeddable":true,"href":"https:\/\/ifeelonline.com\/fr\/wp-json\/wp\/v2\/media\/8073"}],"wp:attachment":[{"href":"https:\/\/ifeelonline.com\/fr\/wp-json\/wp\/v2\/media?parent=7956"}],"wp:term":[{"taxonomy":"category","embeddable":true,"href":"https:\/\/ifeelonline.com\/fr\/wp-json\/wp\/v2\/categories?post=7956"},{"taxonomy":"post_tag","embeddable":true,"href":"https:\/\/ifeelonline.com\/fr\/wp-json\/wp\/v2\/tags?post=7956"}],"curies":[{"name":"wp","href":"https:\/\/api.w.org\/{rel}","templated":true}]}}