{"id":7326,"date":"2022-03-03T17:39:34","date_gmt":"2022-03-03T16:39:34","guid":{"rendered":"https:\/\/ifeelonline.com\/fr\/?p=7326"},"modified":"2024-02-29T11:23:40","modified_gmt":"2024-02-29T10:23:40","slug":"procrastination","status":"publish","type":"post","link":"https:\/\/ifeelonline.com\/fr\/procrastination\/","title":{"rendered":"Procrastination : transformez \u00ab\u00a0Demain\u00a0\u00bb en \u00ab\u00a0Aujourd&rsquo;hui\u00a0\u00bb"},"content":{"rendered":"\n<p>Vous avez peut-\u00eatre d\u00e9j\u00e0 entendu le terme <strong>\u00ab\u00a0procrastination\u00a0\u00bb<\/strong>. Pour beaucoup, il est difficile de le prononcer, en effet le mot \u00ab\u00a0procrastination\u00a0\u00bb n&rsquo;est pas simple. Il s&rsquo;agit pourtant d&rsquo;un terme qui s&rsquo;est popularis\u00e9 ces derni\u00e8res ann\u00e9es qui fait r\u00e9f\u00e9rence \u00e0 ce que l&rsquo;on a toujours appel\u00e9 le report ou tout simplement <strong>\u00ab\u00a0remettre \u00e0 plus tard\u00a0\u00bb<\/strong>.<\/p>\n\n\n\n<p>La procrastination est un comportement que nous utilisons comme moyen d&rsquo;adaptation et que nous appliquons dans diff\u00e9rents domaines de notre vie. Fondamentalement, <strong>elle consiste \u00e0 remettre \u00e0 plus tard des t\u00e2ches ou des activit\u00e9s<\/strong> que, pour une raison ou une autre, <strong>nous trouvons inconfortables, difficiles ou tout simplement ennuyeuses.<\/strong><\/p>\n\n\n\n<p>Dans l&rsquo;environnement professionnel, la procrastination a \u00e9t\u00e9 conceptualis\u00e9e comme le fait de<strong> \u00ab\u00a0reporter des actions li\u00e9es au travail en effectuant des actions non li\u00e9es au travail pendant les heures de travail\u00a0\u00bb<\/strong>. En ce sens, des \u00e9tudes ont montr\u00e9 qu&rsquo;au niveau organisationnel, <strong>la procrastination a un impact n\u00e9gatif sur la productivit\u00e9 et les performances des employ\u00e9s<\/strong>.<\/p>\n\n\n\n<p>En effet, bien que nous ayons tous le droit de planifier notre travail de la mani\u00e8re qui nous convient le mieux, lorsque nous faisons partie d&rsquo;une \u00e9quipe, nous devons \u00e9valuer le degr\u00e9 de fonctionnalit\u00e9 de notre strat\u00e9gie afin de mener \u00e0 bien les projets dans les d\u00e9lais impartis. S<strong>i notre fa\u00e7on de travailler affecte le bien-\u00eatre des autres personnes<\/strong> qui d\u00e9pendent de notre rythme de travail, ou si nos performances professionnelles sont affect\u00e9es, il est peut-\u00eatre temps de r\u00e9fl\u00e9chir.<\/p>\n\n\n\n<figure class=\"wp-block-image size-large\"><img fetchpriority=\"high\" decoding=\"async\" width=\"1024\" height=\"576\" src=\"https:\/\/ifeelonline.com\/fr\/wp-content\/uploads\/sites\/3\/2022\/03\/procrastination-1024x576.png\" alt=\"procrastination\" class=\"wp-image-10223\" srcset=\"https:\/\/ifeelonline.com\/fr\/wp-content\/uploads\/sites\/3\/2022\/03\/procrastination-1024x576.png 1024w, https:\/\/ifeelonline.com\/fr\/wp-content\/uploads\/sites\/3\/2022\/03\/procrastination-300x169.png 300w, https:\/\/ifeelonline.com\/fr\/wp-content\/uploads\/sites\/3\/2022\/03\/procrastination-768x432.png 768w, https:\/\/ifeelonline.com\/fr\/wp-content\/uploads\/sites\/3\/2022\/03\/procrastination-1536x864.png 1536w, https:\/\/ifeelonline.com\/fr\/wp-content\/uploads\/sites\/3\/2022\/03\/procrastination.png 2048w\" sizes=\"(max-width: 1024px) 100vw, 1024px\" \/><\/figure>\n\n\n\n<h2 class=\"wp-block-heading\">L&rsquo;urgent avant l&rsquo;important<\/h2>\n\n\n\n<p>Au travail, la meilleure fa\u00e7on d&rsquo;organiser sa charge de travail est de hi\u00e9rarchiser les t\u00e2ches en fonction de leur degr\u00e9 d&rsquo;importance ou d&rsquo;urgence. Par exemple, il y a des choses qui sont importantes mais qui peuvent attendre, et d&rsquo;autres qui sont urgentes et qui doivent \u00eatre r\u00e9solues le plus rapidement possible. Il y a aussi des choses qui ne sont peut-\u00eatre pas importantes, mais qui doivent \u00eatre r\u00e9solues, et d&rsquo;autres que l&rsquo;on a plus ou moins envie de faire\u2026<strong> L&rsquo;essentiel est de g\u00e9rer ces t\u00e2ches de mani\u00e8re raisonnablement efficace.<\/strong><br><br>Mais que se passe-t-il lorsque le m\u00e9canisme de procrastination s&rsquo;installe dans notre r\u00e9pertoire de m\u00e9canismes d&rsquo;adaptation et s&rsquo;y renforce ?<strong> Nous finissons par \u00eatre syst\u00e9matiquement paralys\u00e9s et par remettre \u00e0 plus tard.<\/strong><br><br>Et bien s\u00fbr, dans l&rsquo;environnement professionnel,<strong> la procrastination peut entra\u00eener une accumulation de t\u00e2ches<\/strong>, une diminution de la qualit\u00e9 des projets, ainsi que <strong>la pr\u00e9sence de stress ou d&rsquo;anxi\u00e9t\u00e9 en raison d&rsquo;une mauvaise gestion du temps.<\/strong> Au travail, nous avons des responsabilit\u00e9s \u00e0 assumer et des d\u00e9lais \u00e0 respecter ; c&rsquo;est pourquoi nous devons adapter notre rythme de travail aux responsabilit\u00e9s qui nous sont confi\u00e9es, afin de ne pas compromettre la partie de la cha\u00eene de travail qui nous incombe.<\/p>\n\n\n\n<h2 class=\"wp-block-heading\">Pourquoi procrastiner ?<\/h2>\n\n\n\n<p>Plusieurs \u00e9tudes ont conclu que la procrastination peut \u00eatre comprise davantage comme <strong>une mani\u00e8re de g\u00e9rer des \u00e9motions d\u00e9sagr\u00e9ables <\/strong>que comme une gestion du temps en soi. En d&rsquo;autres termes, nous procrastinons parce que nous avons un besoin imm\u00e9diat de g\u00e9rer nos \u00e9motions d\u00e9sagr\u00e9ables g\u00e9n\u00e9r\u00e9es par certaines t\u00e2ches <strong>(ennui, anxi\u00e9t\u00e9, ins\u00e9curit\u00e9, frustration, etc.)<\/strong>, plut\u00f4t que de nous concentrer sur la t\u00e2che \u00e0 accomplir), <strong>plut\u00f4t que de se concentrer sur la t\u00e2che \u00e0 accomplir<\/strong>. Ainsi, la nature particuli\u00e8re de notre aversion d\u00e9pend de la t\u00e2che assign\u00e9e ou de la situation. Ainsi, la procrastination peut avoir une vari\u00e9t\u00e9 de causes et de facteurs sous-jacents, qui peuvent varier d&rsquo;une personne \u00e0 l&rsquo;autre et d&rsquo;une situation \u00e0 l&rsquo;autre. Parmi les raisons les plus courantes de la procrastination, on peut citer<\/p>\n\n\n\n<ul class=\"wp-block-list\">\n<li><strong><a href=\"https:\/\/ifeelonline.com\/fr\/comment-gerer-les-emotions-au-travail\/\">\u00c9viter les \u00e9motions d\u00e9sagr\u00e9ables <\/a>: <\/strong>comme mentionn\u00e9 ci-dessus, nous procrastinons souvent pour \u00e9viter les sentiments d&rsquo;anxi\u00e9t\u00e9, la peur de l&rsquo;\u00e9chec, l&rsquo;ennui ou toute autre \u00e9motion associ\u00e9e \u00e0 la t\u00e2che \u00e0 accomplir.<\/li>\n<\/ul>\n\n\n\n<ul class=\"wp-block-list\">\n<li><strong><a href=\"https:\/\/ifeelonline.com\/fr\/manque-de-motivation-au-travail\/\">Manque de motivation<\/a> :<\/strong> lorsque nous ne sommes pas int\u00e9ress\u00e9s ou motiv\u00e9s par une t\u00e2che, nous sommes plus susceptibles de la remettre \u00e0 plus tard au profit d&rsquo;activit\u00e9s plus gratifiantes ou divertissantes.<\/li>\n<\/ul>\n\n\n\n<ul class=\"wp-block-list\">\n<li><strong><a href=\"https:\/\/ifeelonline.com\/fr\/perfectionnisme-au-travail\/\">Perfectionnisme<\/a> :<\/strong> le d\u00e9sir de faire les choses parfaitement peut conduire \u00e0 la procrastination, car la personne peut \u00eatre submerg\u00e9e par la peur de ne pas respecter les normes qu&rsquo;elle s&rsquo;est impos\u00e9es.<br><\/li>\n\n\n\n<li><strong>Manque de comp\u00e9tences en mati\u00e8re de gestion du temps : <\/strong>l&rsquo;incapacit\u00e9 \u00e0 g\u00e9rer efficacement son temps peut conduire \u00e0 reporter des t\u00e2ches importantes au profit d&rsquo;activit\u00e9s moins pertinentes mais plus imm\u00e9diates.<\/li>\n<\/ul>\n\n\n\n<figure class=\"wp-block-image size-full\"><img decoding=\"async\" width=\"708\" height=\"380\" src=\"https:\/\/ifeelonline.com\/fr\/wp-content\/uploads\/sites\/3\/2022\/03\/neonbrand-KYxXMTpTzek-unsplash-1.jpeg\" alt=\"Procrastination\" class=\"wp-image-7327\" srcset=\"https:\/\/ifeelonline.com\/fr\/wp-content\/uploads\/sites\/3\/2022\/03\/neonbrand-KYxXMTpTzek-unsplash-1.jpeg 708w, https:\/\/ifeelonline.com\/fr\/wp-content\/uploads\/sites\/3\/2022\/03\/neonbrand-KYxXMTpTzek-unsplash-1-300x161.jpeg 300w\" sizes=\"(max-width: 708px) 100vw, 708px\" \/><\/figure>\n\n\n\n<ul class=\"wp-block-list\">\n<li>Manque d&rsquo;attention ou distractions : nous sommes facilement distraits, tout ce qui attire notre attention et nous divertit nous \u00e9loigne de l&rsquo;objectif que nous devons avoir avec nos cinq sens : ce que nous devons faire tout de suite et qui ne devrait pas attendre plus longtemps. La pr\u00e9sence de distractions telles que les r\u00e9seaux sociaux, la t\u00e9l\u00e9vision, les t\u00e9l\u00e9phones portables, entre autres, peut nous inciter \u00e0 procrastiner au lieu de nous concentrer sur notre travail.<br><\/li>\n\n\n\n<li>Le manque d&rsquo;\u00e9nergie d\u00fb \u00e0 la surcharge de travail : notre performance au travail exige que nous ayons de l&rsquo;\u00e9nergie, du tonus, de l&rsquo;activation. Cependant, face \u00e0 une charge de travail importante, certaines personnes peuvent se sentir d\u00e9pass\u00e9es et procrastiner pour faire face \u00e0 la pression.<br><\/li>\n\n\n\n<li>Manque d&rsquo;engagement dans la t\u00e2che ou manque de clart\u00e9 dans les objectifs : rien ne retarde plus l&rsquo;ex\u00e9cution d&rsquo;une t\u00e2che que le d\u00e9sint\u00e9r\u00eat pour celle-ci, l&rsquo;incompr\u00e9hension, le d\u00e9saccord ou le manque d&rsquo;identification avec elle : le fait de ne pas lui trouver de sens. Il ne faut donc pas oublier que l&rsquo;un des outils pour vaincre la procrastination est de trouver un sens aux t\u00e2ches, de savoir ce que l&rsquo;on esp\u00e8re en tirer, ou de r\u00e9aliser, dans la mesure de ses possibilit\u00e9s, des t\u00e2ches qui ont un sens et dans lesquelles on peut s&rsquo;engager.<br><\/li>\n\n\n\n<li>Une strat\u00e9gie mal con\u00e7ue : Parfois, les t\u00e2ches qui nous attendent sont peu app\u00e9tissantes en elles-m\u00eames et il est difficile de r\u00e9sister \u00e0 la procrastination, car toute activit\u00e9 semble plus attrayante que de s&rsquo;y atteler. Cependant, il ne faut pas oublier que les lois du comportement peuvent nous faciliter la vie. S&rsquo;il n&rsquo;y a pas de r\u00e9compense imm\u00e9diate (renforcement positif) ou de cons\u00e9quence n\u00e9gative (renforcement n\u00e9gatif) pour ne pas avoir accompli une t\u00e2che en temps voulu, il est plus facile de procrastiner, car rien ne motive mon comportement. Il est donc n\u00e9cessaire de concevoir la strat\u00e9gie de travail en cons\u00e9quence afin d&rsquo;obtenir de bons r\u00e9sultats.<\/li>\n<\/ul>\n\n\n\n<figure class=\"wp-block-image size-large\"><img decoding=\"async\" width=\"1024\" height=\"768\" src=\"https:\/\/ifeelonline.com\/fr\/wp-content\/uploads\/sites\/3\/2024\/02\/brett-jordan-UiSLNUxH7sM-unsplash-1024x768.jpg\" alt=\"procrastination\" class=\"wp-image-10224\" srcset=\"https:\/\/ifeelonline.com\/fr\/wp-content\/uploads\/sites\/3\/2024\/02\/brett-jordan-UiSLNUxH7sM-unsplash-1024x768.jpg 1024w, https:\/\/ifeelonline.com\/fr\/wp-content\/uploads\/sites\/3\/2024\/02\/brett-jordan-UiSLNUxH7sM-unsplash-300x225.jpg 300w, https:\/\/ifeelonline.com\/fr\/wp-content\/uploads\/sites\/3\/2024\/02\/brett-jordan-UiSLNUxH7sM-unsplash-768x576.jpg 768w, https:\/\/ifeelonline.com\/fr\/wp-content\/uploads\/sites\/3\/2024\/02\/brett-jordan-UiSLNUxH7sM-unsplash-1536x1152.jpg 1536w, https:\/\/ifeelonline.com\/fr\/wp-content\/uploads\/sites\/3\/2024\/02\/brett-jordan-UiSLNUxH7sM-unsplash-2048x1536.jpg 2048w\" sizes=\"(max-width: 1024px) 100vw, 1024px\" \/><\/figure>\n\n\n\n<h2 class=\"wp-block-heading\">Journ\u00e9e mondiale de la procrastination<\/h2>\n\n\n\n<p>Depuis 2010, la \u00ab\u00a0Journ\u00e9e mondiale de la procrastination\u00a0\u00bb est c\u00e9l\u00e9br\u00e9e tous les 25 mars. Cette initiative a vu le jour en France, dans le but de donner une touche d&rsquo;humour \u00e0 ce comportement.<\/p>\n\n\n\n<p>Cependant, cette journ\u00e9e est une excellente occasion de faire parler de ce comportement que nous avons tous adopt\u00e9 un jour ou l&rsquo;autre, d&rsquo;en comprendre les causes et de commencer \u00e0 mettre en \u0153uvre des actions et des strat\u00e9gies pour nous aider \u00e0 l&rsquo;\u00e9viter.<\/p>\n\n\n\n<h2 class=\"wp-block-heading\">Comment lutter contre la tentation de la procrastination ?<\/h2>\n\n\n\n<h3 class=\"wp-block-heading\">Bien s&rsquo;organiser<\/h3>\n\n\n\n<p>\u00c9tablissez des priorit\u00e9s en fonction de vos ressources d&rsquo;attention, d&rsquo;\u00e9nergie, de temps, d&rsquo;inspiration, etc. Parfois, la meilleure chose \u00e0 faire est de commencer par la t\u00e2che la moins souhaitable, afin de la d\u00e9barrasser et de pouvoir ensuite mieux g\u00e9rer le reste de vos obligations. D&rsquo;autres fois, il est pr\u00e9f\u00e9rable de laisser le pire pour la fin et de commencer par des t\u00e2ches plus faciles \u00e0 g\u00e9rer. D\u00e9cidez ce qui vous convient le mieux pour le moment et mettez-vous au travail.<\/p>\n\n\n\n<h3 class=\"wp-block-heading\">D\u00e9l\u00e9guer, demander de l&rsquo;aide, diviser pour mieux r\u00e9gner<\/h3>\n\n\n\n<p>Il est \u00e9vident que cela n&rsquo;est pas toujours possible, car il y a des choses qui rel\u00e8vent de notre seule responsabilit\u00e9. D&rsquo;autres fois, avec la compagnie ou la collaboration de quelqu&rsquo;un d&rsquo;autre, nous trouvons un moyen de d\u00e9bloquer ce mur de procrastination qui nous paralyse et ne permet pas au travail d&rsquo;avancer.<\/p>\n\n\n\n<h3 class=\"wp-block-heading\">Allez-y \u00e0 tout prix, ne r\u00e9fl\u00e9chissez pas<\/h3>\n\n\n\n<p>M\u00eame si votre rythme, votre lucidit\u00e9 et votre motivation pour une t\u00e2che donn\u00e9e ne sont pas (encore) au top, lancez-vous. Rappelez-vous le vieux slogan de mai 68 : agissez, c&rsquo;est l&rsquo;action qui compte. Cette ligne de conduite ne fonctionne peut-\u00eatre pas dans toutes les circonstances, mais elle peut certainement \u00eatre un outil permettant de d\u00e9bloquer certains blocages mentaux qui nous poussent \u00e0 procrastiner ind\u00e9finiment sur ce dont nous ne voulons pas nous occuper.<\/p>\n\n\n\n<h2 class=\"wp-block-heading\">Soutien des entreprises<\/h2>\n\n\n\n<ol class=\"wp-block-list\"><\/ol>\n\n\n\n<p>Pour aider \u00e0 r\u00e9duire la procrastination sur le lieu de travail, les entreprises peuvent mettre en \u0153uvre diverses strat\u00e9gies et mesures au sein des \u00e9quipes :<\/p>\n\n\n\n<ul class=\"wp-block-list\">\n<li>Culture organisationnelle : la promotion d&rsquo;une culture qui valorise la productivit\u00e9, l&rsquo;engagement et la responsabilit\u00e9 peut contribuer \u00e0 r\u00e9duire la procrastination. Cela peut se faire par une communication efficace des objectifs de l&rsquo;entreprise et par la reconnaissance du travail bien fait.<\/li>\n<\/ul>\n\n\n\n<ul class=\"wp-block-list\">\n<li>Fixer des objectifs clairs et r\u00e9alistes : fournir aux employ\u00e9s des objectifs clairs et r\u00e9alisables peut les aider \u00e0 rester concentr\u00e9s et motiv\u00e9s. Des objectifs sp\u00e9cifiques et mesurables contribuent \u00e0 r\u00e9duire la procrastination en donnant un sentiment d&rsquo;orientation et de r\u00e9ussite.<\/li>\n<\/ul>\n\n\n\n<ul class=\"wp-block-list\">\n<li>Soutien et formation : fournir aux employ\u00e9s les outils et les ressources dont ils ont besoin pour faire leur travail efficacement peut les aider \u00e0 ne pas ressentir le besoin de procrastiner. Il peut s&rsquo;agir d&rsquo;une formation \u00e0 la gestion du temps, \u00e0 l&rsquo;organisation et \u00e0 la gestion du stress.<\/li>\n<\/ul>\n\n\n\n<ul class=\"wp-block-list\">\n<li>Flexibilit\u00e9 du travail : permettre une certaine flexibilit\u00e9 dans les horaires de travail ou la possibilit\u00e9 de travailler \u00e0 domicile peut aider certains employ\u00e9s \u00e0 \u00e9viter les distractions et \u00e0 augmenter leur productivit\u00e9, tout en choisissant de travailler dans les circonstances qui leur conviennent le mieux afin d&rsquo;accro\u00eetre leur concentration.<\/li>\n<\/ul>\n\n\n\n<ul class=\"wp-block-list\">\n<li>\u00c9liminer les distractions : L&rsquo;identification et l&rsquo;\u00e9limination des distractions sur le lieu de travail, telles que les r\u00e9unions inutiles, les notifications constantes par courrier \u00e9lectronique ou les environnements bruyants, peuvent aider les employ\u00e9s \u00e0 rester concentr\u00e9s sur leurs t\u00e2ches.<\/li>\n<\/ul>\n\n\n\n<ul class=\"wp-block-list\">\n<li>Reconnaissance et r\u00e9compenses : reconna\u00eetre et r\u00e9compenser les efforts et les r\u00e9alisations des salari\u00e9s peut les aider \u00e0 rester motiv\u00e9s et \u00e0 r\u00e9duire la procrastination.<\/li>\n<\/ul>\n\n\n\n<ul class=\"wp-block-list\">\n<li>\u00c9valuation et suivi : suivre les progr\u00e8s des employ\u00e9s et leur fournir un retour d&rsquo;information r\u00e9gulier peut les aider \u00e0 rester responsables de leurs t\u00e2ches et \u00e0 r\u00e9duire la procrastination.<\/li>\n<\/ul>\n\n\n\n<figure class=\"wp-block-image size-large\"><img loading=\"lazy\" decoding=\"async\" width=\"1024\" height=\"683\" src=\"https:\/\/ifeelonline.com\/fr\/wp-content\/uploads\/sites\/3\/2022\/03\/procrastination-2-1024x683.png\" alt=\"procrastination\" class=\"wp-image-10222\" srcset=\"https:\/\/ifeelonline.com\/fr\/wp-content\/uploads\/sites\/3\/2022\/03\/procrastination-2-1024x683.png 1024w, https:\/\/ifeelonline.com\/fr\/wp-content\/uploads\/sites\/3\/2022\/03\/procrastination-2-300x200.png 300w, https:\/\/ifeelonline.com\/fr\/wp-content\/uploads\/sites\/3\/2022\/03\/procrastination-2-768x512.png 768w, https:\/\/ifeelonline.com\/fr\/wp-content\/uploads\/sites\/3\/2022\/03\/procrastination-2.png 1536w\" sizes=\"(max-width: 1024px) 100vw, 1024px\" \/><\/figure>\n\n\n\n<h2 class=\"wp-block-heading\">Le bien-\u00eatre \u00e9motionnel pour les entreprises<\/h2>\n\n\n\n<p>Chez <strong>ifeel<\/strong>, nous travaillons en partenariat avec des entreprises du monde entier pour inspirer la croissance humaine et guider les organisations dans l&rsquo;instauration d&rsquo;une <strong>culture positive du bien-\u00eatre menta<\/strong>l. Une approche sur mesure et centr\u00e9e sur les personnes qui place<strong> la sant\u00e9 de vos collaborateurs au centre<\/strong>, en tant que pilier fondamental pour <strong>attirer et retenir les talents<\/strong> ainsi que pour renforcer leur sentiment d&rsquo;appartenance.\u00a0<\/p>\n\n\n\n<p><strong>Une solution unique, compl\u00e8te et \u00e9volutive<\/strong> qui utilise la puissance des donn\u00e9es pour fournir une compr\u00e9hension holistique du bien-\u00eatre psychologique de vos employ\u00e9s, tout en garantissant la qualit\u00e9 du service et la confidentialit\u00e9 pour votre \u00e9quipe.<\/p>\n\n\n\n<p>Nous esp\u00e9rons que vous avez trouv\u00e9 ce post sur <strong>la procrastination<\/strong> int\u00e9ressant. Si vous souhaitez obtenir de plus amples informations sur notre programme de bien-\u00eatre \u00e9motionnel pour les entreprises, il <strong>suffit de<a href=\"https:\/\/ifeelonline.com\/fr\/demander-une-demo\/\"> demander<\/a> et nous contacterons votre \u00e9quipe dans les plus brefs d\u00e9lais.<\/strong><\/p>\n\n    <div class=\"xs_social_share_widget xs_share_url after_content \t\tmain_content  wslu-style-1 wslu-share-box-shaped wslu-fill-colored wslu-none wslu-share-horizontal wslu-theme-font-no wslu-main_content\">\n\n\t\t\n        <ul>\n\t\t\t        <\/ul>\n    <\/div> \n","protected":false},"excerpt":{"rendered":"<p>La procrastination consiste \u00e0 remettre \u00e0 plus tard des t\u00e2ches ou des activit\u00e9s que nous trouvons inconfortables, difficiles ou tout simplement ennuyeuses.<\/p>\n","protected":false},"author":62,"featured_media":7232,"comment_status":"closed","ping_status":"open","sticky":false,"template":"","format":"standard","meta":{"content-type":"","postBodyCss":"","postBodyMargin":[],"postBodyPadding":[],"postBodyBackground":{"backgroundType":"classic","gradient":""},"footnotes":""},"categories":[27,34],"tags":[],"class_list":["post-7326","post","type-post","status-publish","format-standard","has-post-thumbnail","hentry","category-bien-etre-au-travail","category-stress-au-travail"],"_links":{"self":[{"href":"https:\/\/ifeelonline.com\/fr\/wp-json\/wp\/v2\/posts\/7326","targetHints":{"allow":["GET"]}}],"collection":[{"href":"https:\/\/ifeelonline.com\/fr\/wp-json\/wp\/v2\/posts"}],"about":[{"href":"https:\/\/ifeelonline.com\/fr\/wp-json\/wp\/v2\/types\/post"}],"author":[{"embeddable":true,"href":"https:\/\/ifeelonline.com\/fr\/wp-json\/wp\/v2\/users\/62"}],"replies":[{"embeddable":true,"href":"https:\/\/ifeelonline.com\/fr\/wp-json\/wp\/v2\/comments?post=7326"}],"version-history":[{"count":0,"href":"https:\/\/ifeelonline.com\/fr\/wp-json\/wp\/v2\/posts\/7326\/revisions"}],"wp:featuredmedia":[{"embeddable":true,"href":"https:\/\/ifeelonline.com\/fr\/wp-json\/wp\/v2\/media\/7232"}],"wp:attachment":[{"href":"https:\/\/ifeelonline.com\/fr\/wp-json\/wp\/v2\/media?parent=7326"}],"wp:term":[{"taxonomy":"category","embeddable":true,"href":"https:\/\/ifeelonline.com\/fr\/wp-json\/wp\/v2\/categories?post=7326"},{"taxonomy":"post_tag","embeddable":true,"href":"https:\/\/ifeelonline.com\/fr\/wp-json\/wp\/v2\/tags?post=7326"}],"curies":[{"name":"wp","href":"https:\/\/api.w.org\/{rel}","templated":true}]}}