{"id":16479,"date":"2025-12-11T18:26:41","date_gmt":"2025-12-11T17:26:41","guid":{"rendered":"https:\/\/ifeelonline.com\/fr\/?p=16479"},"modified":"2025-12-15T17:37:38","modified_gmt":"2025-12-15T16:37:38","slug":"sante-mentale-en-entreprise-tendances-pour-2026","status":"publish","type":"post","link":"https:\/\/ifeelonline.com\/fr\/sante-mentale-en-entreprise-tendances-pour-2026\/","title":{"rendered":"La sant\u00e9 mentale en entreprise : 7 tendances pour 2026"},"content":{"rendered":"\n<p>Au cours des derni\u00e8res ann\u00e9es, nous avons observ\u00e9 comment <strong>la sant\u00e9 mentale dans le milieu professionnel est pass\u00e9e d&rsquo;un sujet tabou \u00e0 un avantage suppl\u00e9mentaire pour les collaborateurs<\/strong>. Aujourd&rsquo;hui, cette tendance a \u00e9volu\u00e9 et <strong>les entreprises reconnaissent l&rsquo;impact r\u00e9el des probl\u00e8mes de sant\u00e9 mentale sur leur productivit\u00e9 et leur rentabilit\u00e9.<\/strong><\/p>\n\n\n\n<p>Ainsi, ce que nous pressentions depuis des ann\u00e9es s&rsquo;est confirm\u00e9 : l<strong>orsqu&rsquo;une \u00e9quipe se porte bien, l&rsquo;entreprise se porte mieux<\/strong>. C&rsquo;est pourquoi, en 2026, la sant\u00e9 mentale au travail ne \u00ab commence \u00bb pas \u00e0 avoir de l&rsquo;importance, mais s&rsquo;impose comme <strong>un avantage concurrentiel dans les strat\u00e9gies d&rsquo;entreprise<\/strong>.<\/p>\n\n\n\n<p>Aujourd&rsquo;hui, les dirigeants d&rsquo;organisations mondiales ont d\u00e9pass\u00e9 le d\u00e9bat sur \u00ab l&rsquo;opportunit\u00e9 de l&rsquo;inclure \u00bb et se concentrent sur \u00ab la mani\u00e8re de le faire \u00bb : comment convertir cet investissement en moins d&rsquo;absent\u00e9isme, moins d&rsquo;arr\u00eats de longue dur\u00e9e et moins de rotation ; et comment redonner de l&rsquo;\u00e9nergie et une nouvelle motivation aux personnes qui soutiennent les r\u00e9sultats.<\/p>\n\n\n\n<p>Cependant, pour y parvenir, les gestes bien intentionn\u00e9s ne suffisent plus.<\/p>\n\n\n\n<p>Il est n\u00e9cessaire d&rsquo;intervenir \u00e0 temps, de comprendre \u00e0 l&rsquo;aide de donn\u00e9es ce qui se passe r\u00e9ellement et de pr\u00e9senter un r\u00e9cit percutant que les services financiers peuvent \u00e9tayer avec des chiffres, et pas seulement avec des promesses. C&rsquo;est l\u00e0 que ifeel fait la diff\u00e9rence : un partenaire strat\u00e9gique en mati\u00e8re de sant\u00e9 mentale qui offre un soutien clinique en quelques minutes, personnalise les soins en fonction du niveau de risque et mesure, en temps r\u00e9el, les r\u00e9sultats et les \u00e9conomies pour l&rsquo;entreprise.<\/p>\n\n\n\n<p>Cet article passe ainsi en revue les tendances qui, en 2026, consolident l<strong>a sant\u00e9 mentale dans les entreprises comme levier commercial <\/strong>et vous montre comment les mettre en \u0153uvre dans votre organisation. Pour que le bien-\u00eatre ne soit pas un simple slogan, mais <strong>une pratique concr\u00e8te qui prot\u00e8ge vos employ\u00e9s et am\u00e9liore (de mani\u00e8re mesurable) vos r\u00e9sultats financiers.<\/strong><\/p>\n\n\n\n<div class=\"wp-block-group tu-clase-de-bloque has-background is-layout-constrained wp-block-group-is-layout-constrained\" style=\"background-color:#1b4291\">\n<div class=\"wp-block-group is-vertical is-layout-flex wp-container-core-group-is-layout-fe9cc265 wp-block-group-is-layout-flex\">\n<div class=\"wp-block-group is-vertical is-layout-flex wp-container-core-group-is-layout-fe9cc265 wp-block-group-is-layout-flex\">\n<div class=\"wp-block-group is-vertical is-layout-flex wp-container-core-group-is-layout-fe9cc265 wp-block-group-is-layout-flex\">\n<div class=\"wp-block-group is-vertical is-layout-flex wp-container-core-group-is-layout-fe9cc265 wp-block-group-is-layout-flex\">\n<div class=\"wp-block-group is-vertical is-layout-flex wp-container-core-group-is-layout-fe9cc265 wp-block-group-is-layout-flex\">\n<div class=\"wp-block-group is-vertical is-layout-flex wp-container-core-group-is-layout-fe9cc265 wp-block-group-is-layout-flex\">\n<div class=\"wp-block-group is-vertical is-layout-flex wp-container-core-group-is-layout-fe9cc265 wp-block-group-is-layout-flex\">\n<div class=\"wp-block-group is-vertical is-layout-flex wp-container-core-group-is-layout-fe9cc265 wp-block-group-is-layout-flex\">\n<div class=\"wp-block-group is-vertical is-layout-flex wp-container-core-group-is-layout-fe9cc265 wp-block-group-is-layout-flex\">\n<h2 class=\"wp-block-heading has-text-color has-link-color wp-elements-4d5653ee39e678f5ba577fa6bb8b3cae\" style=\"color:#ffa593\">Leadership Lens \ud83d\udd0e<\/h2>\n\n\n\n<div class=\"wp-block-group is-vertical is-layout-flex wp-container-core-group-is-layout-fe9cc265 wp-block-group-is-layout-flex\">\n<div class=\"wp-block-group is-vertical is-layout-flex wp-container-core-group-is-layout-fe9cc265 wp-block-group-is-layout-flex\">\n<div class=\"wp-block-group is-vertical is-layout-flex wp-container-core-group-is-layout-fe9cc265 wp-block-group-is-layout-flex\">\n<div class=\"wp-block-group is-vertical is-layout-flex wp-container-core-group-is-layout-fe9cc265 wp-block-group-is-layout-flex\">\n<div class=\"wp-block-group is-vertical is-layout-flex wp-container-core-group-is-layout-fe9cc265 wp-block-group-is-layout-flex\">\n<div class=\"wp-block-group is-vertical is-layout-flex wp-container-core-group-is-layout-fe9cc265 wp-block-group-is-layout-flex\">\n<div class=\"wp-block-group is-vertical is-layout-flex wp-container-core-group-is-layout-fe9cc265 wp-block-group-is-layout-flex\">\n<div class=\"wp-block-group is-vertical is-layout-flex wp-container-core-group-is-layout-fe9cc265 wp-block-group-is-layout-flex\">\n<div class=\"wp-block-group is-vertical is-layout-flex wp-container-core-group-is-layout-fe9cc265 wp-block-group-is-layout-flex\">\n<div class=\"wp-block-group is-vertical is-layout-flex wp-container-core-group-is-layout-fe9cc265 wp-block-group-is-layout-flex\">\n<div class=\"wp-block-group is-vertical is-layout-flex wp-container-core-group-is-layout-fe9cc265 wp-block-group-is-layout-flex\">\n<div class=\"wp-block-group is-vertical is-layout-flex wp-container-core-group-is-layout-fe9cc265 wp-block-group-is-layout-flex\">\n<p class=\"has-white-color has-text-color has-link-color wp-elements-d0a8b7df9b0a20c0f2b95169be2d353a\">En tant que dirigeant dans un secteur aussi humain que celui de l&rsquo;assurance et du conseil, vous avez la possibilit\u00e9 d&rsquo;\u00eatre un catalyseur du changement dans le domaine de la sant\u00e9 mentale. <a href=\"https:\/\/ifeelonline.com\/fr\/integrer-lecoute-active-au-travail\/\"><strong>Encouragez l&#8217;empathie et l&rsquo;\u00e9coute active<\/strong> <\/a>au sein de votre \u00e9quipe, cela am\u00e9liore non seulement la qualit\u00e9 du service, mais positionne \u00e9galement votre entreprise comme une r\u00e9f\u00e9rence en mati\u00e8re de confiance.<\/p>\n\n\n\n<p class=\"has-white-color has-text-color has-link-color wp-elements-0010fed2270492a894b6f01aa27cd916\">Dirigez avec d\u00e9termination, en mettant en place des politiques claires de soutien \u00e9motionnel tant pour vos collaborateurs que pour vos clients. N&rsquo;oubliez pas : <strong>une \u00e9quipe qui comprend l&rsquo;importance de la sant\u00e9 mentale transforme des vies et cr\u00e9e des relations durables. <\/strong>L&rsquo;impact commence avec vous !<\/p>\n<\/div>\n<\/div>\n<\/div>\n<\/div>\n<\/div>\n<\/div>\n<\/div>\n<\/div>\n<\/div>\n<\/div>\n<\/div>\n<\/div>\n<\/div>\n<\/div>\n<\/div>\n<\/div>\n<\/div>\n<\/div>\n<\/div>\n<\/div>\n<\/div>\n<\/div>\n\n\n\n<h2 class=\"wp-block-heading\">Tendances en mati\u00e8re de sant\u00e9 mentale en entreprise : ce que vous devez savoir pour 2026<\/h2>\n\n\n\n<p>Lorsque l&rsquo;on parle de sant\u00e9 mentale au travail, il convient de rappeler qu&rsquo;il s&rsquo;agit d&rsquo;un sujet en constante \u00e9volution. En effet, ce n&rsquo;est que tr\u00e8s r\u00e9cemment que l&rsquo;<a href=\"https:\/\/www.who.int\/news-room\/fact-sheets\/detail\/mental-health-at-work\" target=\"_blank\" rel=\"noopener\"><u>OMS<\/u><\/a> a d\u00e9montr\u00e9 que les probl\u00e8mes de sant\u00e9 mentale co\u00fbtent \u00e0 l&rsquo;\u00e9conomie mondiale pr\u00e8s d&rsquo;<strong>un billion de dollars par an en pertes de productivit\u00e9<\/strong>.<\/p>\n\n\n\n<p>C&rsquo;est pourquoi, ces derni\u00e8res ann\u00e9es, nous sommes pass\u00e9s d&rsquo;initiatives dispers\u00e9es et volontaristes \u00e0 un mod\u00e8le dans lequel la sant\u00e9 mentale est g\u00e9r\u00e9e comme n&rsquo;importe quel autre risque critique pour l&rsquo;entreprise : avec des crit\u00e8res cliniques, des d\u00e9lais de r\u00e9ponse engag\u00e9s et des indicateurs directement li\u00e9s \u00e0 la productivit\u00e9 et aux co\u00fbts.<\/p>\n\n\n\n<p>Ce changement a ouvert la voie \u00e0 de nouvelles pratiques qui red\u00e9finissent d\u00e9j\u00e0 la mani\u00e8re dont nous concevons les avantages sociaux, dirigeons les \u00e9quipes et prenons des d\u00e9cisions bas\u00e9es sur des donn\u00e9es.<\/p>\n\n\n\n<p>C&rsquo;est pourquoi les nouvelles tendances qui se dessinent ne sont pas de simples \u00ab modes \u00bb ; elles repr\u00e9sentent la traduction op\u00e9rationnelle de ce changement de paradigme et expliquent pourquoi les entreprises qui les adoptent en premier constatent moins d&rsquo;absences, moins de rotation du personnel et une plus grande concentration au quotidien.<\/p>\n\n\n\n<h3 class=\"wp-block-heading\">Un leadership qui a un impact : des bonnes intentions \u00e0 la gestion des risques<\/h3>\n\n\n\n<p><strong><a href=\"https:\/\/ifeelonline.com\/fr\/leadership-et-gestion-du-changement\/\">Le leadership ax\u00e9 sur le bien-\u00eatre a m\u00fbri<\/a>.<\/strong> Aujourd&rsquo;hui, les meilleures entreprises ont compris qu&rsquo;\u00ab \u00e9couter \u00bb et \u00ab accompagner \u00bb sont des actions indispensables, mais insuffisantes si elles ne s&rsquo;accompagnent pas d&rsquo;indicateurs pr\u00e9coces de risque et de protocoles d&rsquo;action qui emp\u00eachent un malaise passager de se transformer en arr\u00eat de travail.<\/p>\n\n\n\n<p>C&rsquo;est pourquoi l&rsquo;une des tendances en mati\u00e8re de sant\u00e9 mentale en entreprise pour 2026 sera l<strong>a r\u00e9interpr\u00e9tation du r\u00f4le des dirigeants.<\/strong><\/p>\n\n\n\n<p><strong><a href=\"https:\/\/ifeelonline.com\/fr\/role-du-leadership-dans-la-prevention-des-rps\/\">Un manager efficace est avant tout un gestionnaire des risques psychosociaux <\/a><\/strong>: il reconna\u00eet les signes pr\u00e9curseurs d&rsquo;une d\u00e9t\u00e9rioration fonctionnelle, active des proc\u00e9dures d&rsquo;intervention en moins de 24 heures et dispose de directives claires pour les situations critiques. Ce changement n&rsquo;est pas seulement culturel, il est op\u00e9rationnel. <br>Cependant, <strong><a href=\"https:\/\/ifeelonline.com\/fr\/coaching-des-managers-cle-leadership-performant\/\">on ne peut exiger des dirigeants ce pour quoi ils n&rsquo;ont pas \u00e9t\u00e9 form\u00e9s.<\/a><\/strong> C&rsquo;est pourquoi il est essentiel de disposer d&rsquo;un partenaire strat\u00e9gique qui enseigne ces comp\u00e9tences et accompagne le processus afin qu&rsquo;ils sachent dans quelle direction orienter leurs actions. <br>\u00c0 cet \u00e9gard, ifeel facilite ce processus gr\u00e2ce \u00e0 son triage clinique dirig\u00e9 par des psychologues et renforc\u00e9 par l&rsquo;analyse, capable de classer le risque fonctionnel et d&rsquo;attribuer sans d\u00e9lai le niveau de soins appropri\u00e9.<\/p>\n\n\n\n<p>Parall\u00e8lement, les dirigeants disposent de <strong><a href=\"https:\/\/ifeelonline.com\/fr\/tableaux-de-bord-rh-hr-dashboard\/\">tableaux de bord ex\u00e9cutifs qui montrent en temps r\u00e9el l&rsquo;\u00e9volution du risque<\/a><\/strong>, l&rsquo;utilisation et l&rsquo;impact clinique et financier, ainsi que d&rsquo;ateliers pratiques pour <strong>d\u00e9velopper des comp\u00e9tences cl\u00e9s (\u00e9coute active, r\u00e9gulation \u00e9motionnelle, gestion du stress et s\u00e9curit\u00e9 psychologique) <\/strong>qui am\u00e9liorent le quotidien des \u00e9quipes. Ainsi, placer les donn\u00e9es et les protocoles au c\u0153ur du leadership repr\u00e9sente une d\u00e9cision strat\u00e9giquement intelligente et financi\u00e8rement responsable.<\/p>\n\n\n\n<h3 class=\"wp-block-heading\">Personnalisation des soins : chaque niveau de risque a son propre parcours<\/h3>\n\n\n\n<p><strong><a href=\"https:\/\/ifeelonline.com\/fr\/ameliorer-sante-mentale-au-travail\/\">\u200b\u200bLa sant\u00e9 mentale dans les entreprises<\/a><\/strong> ne peut plus \u00eatre abord\u00e9e comme un menu g\u00e9n\u00e9rique. \u00c0 mesure que les \u00e9quipes deviennent plus complexes et diversifi\u00e9es, la personnalisation est la cl\u00e9 pour obtenir un impact r\u00e9el. En effet, aujourd&rsquo;hui, des personnes de cultures, de langues, d&rsquo;horaires et de responsabilit\u00e9s diff\u00e9rents cohabitent au sein d&rsquo;une m\u00eame \u00e9quipe, sans parler des diff\u00e9rences individuelles qui font de chaque cas un univers \u00e0 part enti\u00e8re. Par cons\u00e9quent, esp\u00e9rer qu&rsquo;une solution unique r\u00e9ponde aux besoins de l&rsquo;ensemble du personnel n&rsquo;est pas seulement utopique, c&rsquo;est inefficace.<\/p>\n\n\n\n<p>C&rsquo;est pourquoi l&rsquo;une des tendances en mati\u00e8re de sant\u00e9 mentale en entreprise consiste \u00e0 opter pour des solutions et des prestataires qui sont non seulement capables de fournir le service de soins, mais qui permettent \u00e9galement de <strong>personnaliser et d&rsquo;adapter leurs services aux besoins sp\u00e9cifiques de chaque personne et de chaque organisation.<\/strong><\/p>\n\n\n\n<blockquote class=\"wp-block-quote is-layout-flow wp-block-quote-is-layout-flow\">\n<p>ifeel rel\u00e8ve ce d\u00e9fi gr\u00e2ce \u00e0 son processus de triage clinique qui \u00e9value de mani\u00e8re exhaustive chaque personne et classe son risque fonctionnel.<\/p>\n<\/blockquote>\n\n\n\n<p>\u00c0 partir de cette classification, l&rsquo;intervention est adapt\u00e9e avec pr\u00e9cision : les personnes \u00e0 faible risque b\u00e9n\u00e9ficient de contenus cliniques, d&rsquo;exercices de respiration, de m\u00e9ditation et d&rsquo;auto-\u00e9valuations p\u00e9riodiques. Les personnes \u00e0 risque moyen ont besoin d&rsquo;une th\u00e9rapie \u00e9crite et de s\u00e9ances par appel vid\u00e9o avec un suivi continu. Et les cas \u00e0 haut risque se voient attribuer des interventions intensives individuelles et des protocoles sp\u00e9cifiques de gestion de crise.<\/p>\n\n\n\n<p>Ainsi, le mod\u00e8le ifeel attribue un plan d&rsquo;action \u00e0 chaque niveau de risque en moins de 24 heures et garantit la continuit\u00e9 th\u00e9rapeutique avec plus de 600 psychologues et une couverture dans plus de 51 langues, assurant que chaque personne re\u00e7oive le type de soutien dont elle a besoin, au moment o\u00f9 elle en a besoin.<\/p>\n\n\n\n<p>De plus, chez ifeel, nous veillons \u00e0 ce que personne ne soit laiss\u00e9 de c\u00f4t\u00e9 : la strat\u00e9gie d&rsquo;acc\u00e8s <strong><a href=\"https:\/\/ifeelonline.com\/fr\/strategie-pour-travailleurs-de-premiere-ligne\/\">\u00ab right on site \u00bb <\/a><\/strong>\u00e9limine les obstacles pour les travailleurs en contact avec le public, <strong>les travailleurs de premi\u00e8re ligne <\/strong>ou les travailleurs de diff\u00e9rentes g\u00e9n\u00e9rations qui ne disposent pas d&rsquo;une adresse e-mail professionnelle, et nous permet de garantir la prise en charge.<br>Chez ifeel, la personnalisation n&rsquo;est pas un slogan, mais une pratique qui non seulement respecte l&rsquo;\u00e9thique, mais \u00e9largit \u00e9galement la port\u00e9e et multiplie l&rsquo;impact clinique.<\/p>\n\n\n\n<h3 class=\"wp-block-heading\">Des solutions fond\u00e9es sur des preuves scientifiques<\/h3>\n\n\n\n<p>Parmi les tendances en mati\u00e8re de sant\u00e9 mentale en entreprise pour 2026, <strong>les implications \u00e9thiques et financi\u00e8res de l&rsquo;adoption de solutions de sant\u00e9 mentale sont particuli\u00e8rement importantes.<\/strong><\/p>\n\n\n\n<p>En effet, choisir une solution de sant\u00e9 mentale pour les entreprises n&rsquo;est pas seulement une d\u00e9cision op\u00e9rationnelle :<strong> c&rsquo;est une responsabilit\u00e9 \u00e9thique.<\/strong> Par cons\u00e9quent, prendre soin des personnes de mani\u00e8re \u00e9thique implique de leur proposer des interventions dont nous savons qu&rsquo;elles fonctionnent, car leur m\u00e9thode est fond\u00e9e sur la science et des mesures rigoureuses.<\/p>\n\n\n\n<p>Tout le reste (programmes al\u00e9atoires non valid\u00e9s, initiatives sympathiques mais non \u00e9prouv\u00e9es) expose les collaborateurs \u00e0 des soins d&rsquo;efficacit\u00e9 incertaine et l&rsquo;entreprise \u00e0 d\u00e9penser son budget \u00ab \u00e0 l&rsquo;aveuglette \u00bb. Le r\u00e9sultat est rapidement visible : faible adoption, orientations tardives, longues attentes, peu de retours utiles et, finalement, des probl\u00e8mes qui d\u00e9g\u00e9n\u00e8rent en d\u00e9missions et en rotation du personnel, avec des co\u00fbts directs et indirects \u00e9lev\u00e9s pour les organisations.<\/p>\n\n\n\n<p><strong>C&rsquo;est pourquoi l&rsquo;une des tendances consiste \u00e0 opter pour des solutions qui s&rsquo;appuient sur la science pour toutes leurs interventions. <\/strong>En d&rsquo;autres termes, l&rsquo;alternative responsable est une approche fond\u00e9e sur des preuves, capable d&rsquo;identifier rapidement les personnes \u00e0 risque, les interventions n\u00e9cessaires et le moment o\u00f9 elles doivent \u00eatre mises en \u0153uvre, r\u00e9duisant ainsi la probabilit\u00e9 d&rsquo;absent\u00e9isme prolong\u00e9 et de d\u00e9parts \u00e9vitables.<\/p>\n\n\n\n<p>C&rsquo;est l\u00e0 que les services d&rsquo;ifeel prennent tout leur sens. <strong>Notre moteur est l&rsquo;analyse continue de donn\u00e9es r\u00e9elles et le soutien de toute <a href=\"https:\/\/ifeelonline.com\/fr\/activation-efficace\/?partner=interlinkpost\">notre m\u00e9thodologie<\/a> par des preuves scientifique<\/strong>s, ce qui permet d&rsquo;ajuster les interventions en temps r\u00e9el et de personnaliser les parcours en fonction du niveau de risque et des besoins.<\/p>\n\n\n\n<p>\u00c0 cet \u00e9gard, l&rsquo;efficacit\u00e9 clinique d&rsquo;ifeel est contr\u00f4l\u00e9e \u00e0 l&rsquo;aide d&rsquo;\u00e9chelles valid\u00e9es :<\/p>\n\n\n\n<ul class=\"wp-block-list\">\n<li><strong>SOFAS et WSAS <\/strong>pour mesurer le fonctionnement social et professionnel.<\/li>\n\n\n\n<li><strong>PHQ9 et GAD-7<\/strong> pour \u00e9valuer les sympt\u00f4mes.<\/li>\n\n\n\n<li><strong>Goal Attainment Scaling (GAS)<\/strong> pour quantifier les progr\u00e8s r\u00e9alis\u00e9s au cours du processus th\u00e9rapeutique.<\/li>\n<\/ul>\n\n\n\n<p>De plus, <strong>le NPS d&rsquo;ifeel d\u00e9passe souvent 70-80<\/strong>, ce qui est consid\u00e9r\u00e9 comme un niveau d&rsquo;excellence.<\/p>\n\n\n\n<p>Cette base scientifique s&rsquo;appuie sur des garanties cliniques et de s\u00e9curit\u00e9 de premier ordre, ainsi que sur une \u00e9quipe de psychologues cliniciens qui applique et supervise les normes \u00e9thiques et scientifiques \u00e0 toutes les \u00e9tapes, de l&rsquo;\u00e9valuation initiale \u00e0 la th\u00e9rapie sp\u00e9cialis\u00e9e.<\/p>\n\n\n\n<p>Ainsi, cette combinaison de science et d&rsquo;excellence clinique est non seulement b\u00e9n\u00e9fique pour les personnes, mais \u00e9galement efficace pour l&rsquo;entreprise. En investissant intelligemment dans des solutions \u00e9prouv\u00e9es, cela se traduit par une r\u00e9duction d\u00e9montrable du risque d&rsquo;absent\u00e9isme et de rotation du personnel, un engagement accru et durable, ainsi que des am\u00e9liorations globales du fonctionnement professionnel mois apr\u00e8s mois.<\/p>\n\n\n\n<p>Ainsi, chaque d\u00e9cision est \u00e9tay\u00e9e par les meilleures preuves disponibles, se refl\u00e8te clairement dans le compte de r\u00e9sultat et, surtout, garantit des soins dignes et efficaces pour les personnes.<\/p>\n\n\n\n<h3 class=\"wp-block-heading\">Technologie et analyse avanc\u00e9e : utilisation \u00e9thique de l&rsquo;IA<\/h3>\n\n\n\n<p>La nouvelle approche des tendances en mati\u00e8re de sant\u00e9 mentale dans <strong>les entreprises s&rsquo;appuie sur des donn\u00e9es<\/strong>. La technologie ne sert plus seulement \u00e0 prendre rendez-vous : aujourd&rsquo;hui, elle est pr\u00e9sente dans toutes les entreprises et permet d&rsquo;am\u00e9liorer l&rsquo;ajustement th\u00e9rapeutique, d&rsquo;anticiper les risques et de d\u00e9montrer le retour \u00e9conomique des interventions.<\/p>\n\n\n\n<p>Cependant, le \u00ab comment \u00bb la technologie proc\u00e8de est tout aussi important que le \u00ab quoi \u00bb. L&rsquo;IA conversationnelle nous a habitu\u00e9s \u00e0 obtenir des r\u00e9ponses en quelques secondes, mais sans un cadre clinique rigoureux, cette rapidit\u00e9 peut constituer un risque. En effet, les mod\u00e8les linguistiques g\u00e9n\u00e9raux pr\u00e9disent des mots, ils n&rsquo;\u00e9valuent pas la gravit\u00e9 et n&rsquo;activent pas de proc\u00e9dures de crise, et dans les moments de grande vuln\u00e9rabilit\u00e9, cette diff\u00e9rence est cruciale : la s\u00e9curit\u00e9 et l&rsquo;efficacit\u00e9 clinique ne peuvent \u00eatre n\u00e9gociables.<\/p>\n\n\n\n<p>Ainsi, dans les environnements d&rsquo;entreprise internationaux, sacrifier la rigueur au profit de la rapidit\u00e9 a des cons\u00e9quences : plus d&rsquo;absences, plus de rotation, plus de pr\u00e9sent\u00e9isme. C&rsquo;est pourquoi la norme en 2026 exige des mod\u00e8les technologiques qui combinent des processus valid\u00e9s cliniquement avec des protocoles d&rsquo;escalade et une supervision professionnelle continue.<\/p>\n\n\n\n<p>C&rsquo;est l\u00e0 que ifeel fait la diff\u00e9rence. <strong><a href=\"https:\/\/ifeelonline.com\/fr\/confidentialite-dans-programmes-sante-mentale\/\">Notre utilisation de l&rsquo;IA est \u00e9thique et s\u00fbre<\/a><\/strong> : elle amplifie le travail des experts, sans jamais le remplacer. Le triage est dirig\u00e9 par des psychologues cliniciens et soutenu par l&rsquo;analyse : en moins de 24 heures, le plan de soins est mis en place et le premier contact avec le th\u00e9rapeute a g\u00e9n\u00e9ralement lieu dans les 20 \u00e0 30 minutes, ce qui \u00e9vite les co\u00fbts \u00e9vitables li\u00e9s aux retards.<\/p>\n\n\n\n<p>Parall\u00e8lement, des tableaux de bord comprenant plus de 50 indicateurs relient l&rsquo;utilisation, le diagnostic et l&rsquo;\u00e9volution clinique aux indicateurs financiers <strong>(absences \u00e9vit\u00e9es, r\u00e9duction du risque d&rsquo;absent\u00e9isme, dur\u00e9e de la th\u00e9rapie, sorties cliniques et retour sur investissement estim\u00e9)<\/strong> afin d&rsquo;intervenir plus t\u00f4t, l\u00e0 o\u00f9 l&rsquo;impact est le plus important, et de justifier l&rsquo;investissement par des donn\u00e9es.<\/p>\n\n\n\n<h3 class=\"wp-block-heading\">S\u00e9curit\u00e9 des donn\u00e9es : la confiance comme condition pr\u00e9alable \u00e0 l&rsquo;activit\u00e9<\/h3>\n\n\n\n<p>Dans le prolongement du point pr\u00e9c\u00e9dent, parler de technologie dans le domaine de la sant\u00e9 mentale implique avant tout de parler de confiance. En ce sens, la confidentialit\u00e9 des donn\u00e9es n&rsquo;est pas un d\u00e9tail technique, mais le fondement m\u00eame de l&rsquo;adoption de toute solution de sant\u00e9 mentale.<\/p>\n\n\n\n<p>Sans s\u00e9curit\u00e9, il n&rsquo;y a pas d&rsquo;utilisation ; sans utilisation, il n&rsquo;y a ni impact ni \u00e9conomie. C&rsquo;est pourquoi les solutions qui s&rsquo;imposent comme des tendances en mati\u00e8re de sant\u00e9 mentale en entreprise en 2026 \u00e9l\u00e8vent le niveau de protection gr\u00e2ce \u00e0 des architectures et des certifications de niveau professionnel.<\/p>\n\n\n\n<p>\u00c0 cet \u00e9gard, ifeel fonctionne avec un cryptage de bout en bout (TLS 1.3 en transit et AES-256 au repos), une isolation par VPC, WAF et Shield, des tests de p\u00e9n\u00e9tration externes et une conformit\u00e9 totale avec le RGPD, l&rsquo;HIPAA, l&rsquo;ISO 27001 et l&rsquo;ISO 9001.<\/p>\n\n\n\n<p>En outre, il applique la pseudonymisation des donn\u00e9es, une gouvernance transparente et un contr\u00f4le d&rsquo;acc\u00e8s par r\u00f4les, et d\u00e9finit clairement son r\u00f4le de processeur\/contr\u00f4leur en fonction du flux de donn\u00e9es afin de garantir la l\u00e9galit\u00e9 et la tra\u00e7abilit\u00e9.<\/p>\n\n\n\n<p>Concr\u00e8tement, cela se traduit par une confiance pour le collaborateur et une tranquillit\u00e9 d&rsquo;esprit pour les services juridiques des entreprises : la vie priv\u00e9e individuelle est prot\u00e9g\u00e9e et seules des informations agr\u00e9g\u00e9es et anonymis\u00e9es sont communiqu\u00e9es pour la prise de d\u00e9cision.<\/p>\n\n\n\n<h3 class=\"wp-block-heading\">\u00c9volutivit\u00e9 pour les grands effectifs : impact au niveau des grandes organisations<\/h3>\n\n\n\n<p>La sant\u00e9 mentale dans les entreprises n&rsquo;apporte de la valeur que si elle touche tout le monde, \u00e0 tout moment et en temps opportun. Le d\u00e9fi est que plus l&rsquo;organisation est grande, plus il est difficile pour de nombreux prestataires de r\u00e9pondre \u00e0 la diversit\u00e9 des besoins sans d\u00e9lai.<\/p>\n\n\n\n<p>C&rsquo;est l&rsquo;une des raisons pour lesquelles les solutions traditionnelles (telles que les EAP) \u00e9chouent souvent : elles ne sont pas personnalisables et, de plus, elles ne s&rsquo;adaptent pas \u00e0 la croissance et \u00e0 l&rsquo;expansion de l&rsquo;entreprise.<\/p>\n\n\n\n<p>C&rsquo;est pourquoi l&rsquo;une des tendances cl\u00e9s de 2026 est de disposer de solutions \u00e9volutives, capables d&rsquo;atteindre l&rsquo;ensemble du personnel de mani\u00e8re efficace et simultan\u00e9e.<\/p>\n\n\n\n<p>La r\u00e9alit\u00e9 des grandes organisations mondiales exige de l&rsquo;\u00e9volutivit\u00e9, des performances et une coh\u00e9rence dans plusieurs pays et langues. La solution ifeel est con\u00e7ue pour ce contexte : elle s&rsquo;adapte aux op\u00e9rations mondiales, propose des th\u00e9rapies dans plus de 51 langues gr\u00e2ce \u00e0 un r\u00e9seau de plus de 600 psychologues et maintient des d\u00e9lais de r\u00e9ponse standardis\u00e9s inf\u00e9rieurs \u00e0 24 heures, m\u00eame en cas de pic de demande.<\/p>\n\n\n\n<p>Le triage clinique, renforc\u00e9 par l&rsquo;IA, permet de prendre en charge des milliers d&rsquo;utilisateurs en parall\u00e8le, en hi\u00e9rarchisant les priorit\u00e9s en fonction du niveau de risque et en garantissant une affectation efficace des th\u00e9rapeutes. Parall\u00e8lement, la plateforme mesure plus de 50 indicateurs tout au long du cycle de vie du projet et met \u00e0 disposition des tableaux de bord configurables pour les RH et les finances, ce qui permet d&rsquo;\u00e9voluer sans perdre le contr\u00f4le ni la visibilit\u00e9 sur les r\u00e9sultats cliniques et financiers.<\/p>\n\n\n\n<h3 class=\"wp-block-heading\">Une approche pr\u00e9ventive plut\u00f4t que corrective : intervenir avant l&rsquo;arr\u00eat de travail<\/h3>\n\n\n\n<p>Le changement le plus important qui se consolide en 2026 est l&rsquo;abandon du mod\u00e8le r\u00e9actif (agir lorsque les arr\u00eats de travail sont imminents) au profit d&rsquo;une logique pr\u00e9ventive bas\u00e9e sur des indicateurs cliniques de fonctionnement et de risque. Cette approche prot\u00e8ge non seulement les personnes, mais aussi la productivit\u00e9 et les r\u00e9sultats financiers.<\/p>\n\n\n\n<p>Avec ifeel, la pr\u00e9vention commence d\u00e8s le premier contact gr\u00e2ce \u00e0 un triage clinique men\u00e9 par des psychologues et renforc\u00e9 par des analyses. Ce triage \u00e9value le fonctionnement social et professionnel \u00e0 l&rsquo;aide de l&rsquo;\u00e9chelle SOFAS, d\u00e9tecte le \u00ab risque silencieux \u00bb (cas qui ne pr\u00e9sentent pas encore de signes \u00e9vidents, mais qui peuvent entra\u00eener des arr\u00eats de travail) et attribue, en moins de 24 heures, un plan de soins diff\u00e9renci\u00e9 en fonction du niveau de risque (faible, moyen, \u00e9lev\u00e9).<\/p>\n\n\n\n<p>En ce sens, la pr\u00e9vention ne se limite pas au domaine clinique ; elle s&rsquo;appuie sur une psycho\u00e9ducation continue \u00e0 travers un accompagnement, des ateliers et des contenus cibl\u00e9s qui renforcent les comp\u00e9tences en mati\u00e8re de r\u00e9gulation \u00e9motionnelle, de communication et de pleine conscience, et fournissent aux dirigeants et aux \u00e9quipes des outils pratiques pour d\u00e9samorcer \u00e0 temps les facteurs qui conduisent souvent \u00e0 l&rsquo;absent\u00e9isme ou \u00e0 la rotation du personnel.<\/p>\n\n\n\n<p>Il est plus \u00e9conomique de pr\u00e9venir que de corriger ; mesurer cette pr\u00e9vention est plus convaincant que n&rsquo;importe quel discours. C&rsquo;est pourquoi ifeel int\u00e8gre des tableaux de bord avec plus de 50 indicateurs qui relient l&rsquo;\u00e9volution clinique aux r\u00e9sultats financiers, permettant d&rsquo;intervenir plus t\u00f4t, l\u00e0 o\u00f9 l&rsquo;impact est le plus important, et de justifier l&rsquo;investissement par des preuves concr\u00e8tes.<\/p>\n\n\n\n<p>Si vous souhaitez voir comment ces quatre leviers (s\u00e9curit\u00e9, \u00e9chelle, accessibilit\u00e9 et pr\u00e9vention) se traduisent en \u00e9conomies concr\u00e8tes pour votre organisation, nous pouvons configurer le calculateur financier d&rsquo;ifeel avec vos donn\u00e9es d&rsquo;absent\u00e9isme, de rotation et de salaires en une session de 30 minutes et projeter le retour sur investissement attendu par unit\u00e9 et par pays.<\/p>\n\n\n\n<h2 class=\"wp-block-heading\">D\u00e9couvrez l&rsquo;impact r\u00e9el d&rsquo;ifeel \u00e0 travers nos \u00e9tudes de cas<\/h2>\n\n\n\n<p>Pour en savoir plus sur la mani\u00e8re dont ifeel a transform\u00e9 le bien-\u00eatre mental dans diff\u00e9rentes organisations et diff\u00e9rents secteurs, nous vous invitons \u00e0 t\u00e9l\u00e9charger le reste de <a href=\"https:\/\/ifeelonline.com\/es\/ebooks\/#casosdeexito\"><u>nos \u00e9tudes de cas<\/u><\/a>, qui d\u00e9taillent des exp\u00e9riences r\u00e9elles, des r\u00e9sultats cliniques et financiers, ainsi que les strat\u00e9gies personnalis\u00e9es que nous avons mises en \u0153uvre pour maximiser l&rsquo;impact sur la sant\u00e9 \u00e9motionnelle et la productivit\u00e9 des \u00e9quipes.<\/p>\n\n\n\n<p>D\u00e9couvrez comment des entreprises leaders dans des secteurs tels que <a href=\"https:\/\/ifeelonline.com\/es\/ebooks\/caso-de-estudio-salud-mental-en-el-sector-farmaceutico\/\"><strong><u>l&rsquo;industrie pharmaceutique<\/u><\/strong><\/a><strong>, la <\/strong><a href=\"https:\/\/ifeelonline.com\/es\/ebooks\/caso-de-estudio-salud-mental-en-el-ambito-financiero\/\"><strong><u>finance<\/u><\/strong><\/a><strong>, l&rsquo;<\/strong><a href=\"https:\/\/ifeelonline.com\/es\/salud-mental-en-la-industria-de-la-automocion-un-caso-de-estudio\/\"><strong><u>automobile<\/u><\/strong><\/a><strong>, le <\/strong><a href=\"https:\/\/ifeelonline.com\/es\/ebooks\/la-solucion-definitiva-para-la-salud-mental-en-el-sector-retail\/\"><strong><u>commerce de d\u00e9tail<\/u><\/strong><\/a><strong>, l&rsquo;<\/strong><a href=\"https:\/\/ifeelonline.com\/es\/ebooks\/transformando-la-salud-mental-en-la-industria-hotelera\/\"><strong><u>h\u00f4tellerie<\/u><\/strong><\/a><strong>, la technologie et l&rsquo;\u00e9nergie<\/strong> ont r\u00e9ussi \u00e0 r\u00e9duire l&rsquo;absent\u00e9isme, \u00e0 am\u00e9liorer l&rsquo;engagement et \u00e0 promouvoir une culture organisationnelle saine gr\u00e2ce \u00e0 notre solution int\u00e9grale.<\/p>\n\n\n\n<p>Ne manquez pas l&rsquo;occasion de vous inspirer de ces exemples et d&rsquo;amener le bien-\u00eatre mental \u00e0 un autre niveau dans votre organisation.<\/p>\n\n\n\n<h2 class=\"wp-block-heading\">La sant\u00e9 mentale au travail, l&rsquo;un des plus grands d\u00e9fis des organisations aujourd&rsquo;hui<\/h2>\n\n\n\n<p><strong>La sant\u00e9 mentale dans les entreprises en 2026 est une priorit\u00e9 strat\u00e9gique rentable.<\/strong> Ceux qui passent d&rsquo;initiatives isol\u00e9es \u00e0 un syst\u00e8me clinique et de donn\u00e9es avec un acc\u00e8s imm\u00e9diat, des parcours personnalis\u00e9s et des rapports financiers, ne se contentent pas de prendre soin de leurs employ\u00e9s : ils r\u00e9duisent les co\u00fbts et gagnent en productivit\u00e9 \u00e0 grande \u00e9chelle. ifeel applique d\u00e9j\u00e0 ce mod\u00e8le et le d\u00e9montre avec des donn\u00e9es : <strong><a href=\"https:\/\/ifeelonline.com\/fr\/lengagement-comme-avantage-concurrentiel-ifeel-face-aux-eap\/\">adoption bien sup\u00e9rieure aux EAP traditionnels<\/a><\/strong>, intervention en quelques minutes, am\u00e9lioration clinique durable et retour sur investissement d\u00e9fendable.<\/p>\n\n\n\n<p>Si vous souhaitez estimer les \u00e9conomies potentielles pour votre organisation, <a href=\"https:\/\/ifeelonline.com\/fr\/demander-une-demo\/?partner=ifeel_internLinkPost\">nous pouvons configurer <strong>en 30 minutes le calculatrice financier d&rsquo;ifeel<\/strong><\/a><strong> avec vos donn\u00e9es d&rsquo;absent\u00e9isme,<\/strong> de turnover et de salaires, et projeter le retour sur investissement attendu pour vos unit\u00e9s et vos march\u00e9s.<\/p>\n\n    <div class=\"xs_social_share_widget xs_share_url after_content \t\tmain_content  wslu-style-1 wslu-share-box-shaped wslu-fill-colored wslu-none wslu-share-horizontal wslu-theme-font-no wslu-main_content\">\n\n\t\t\n        <ul>\n\t\t\t        <\/ul>\n    <\/div> \n","protected":false},"excerpt":{"rendered":"<p>Au cours des derni\u00e8res ann\u00e9es, nous avons observ\u00e9 comment la sant\u00e9 mentale dans le milieu professionnel est pass\u00e9e d&rsquo;un sujet tabou \u00e0 un avantage suppl\u00e9mentaire pour les collaborateurs. Aujourd&rsquo;hui, cette tendance a \u00e9volu\u00e9 et les entreprises reconnaissent l&rsquo;impact r\u00e9el des probl\u00e8mes de sant\u00e9 mentale sur leur productivit\u00e9 et leur rentabilit\u00e9. Ainsi, ce que nous pressentions [&hellip;]<\/p>\n","protected":false},"author":62,"featured_media":16488,"comment_status":"closed","ping_status":"open","sticky":false,"template":"","format":"standard","meta":{"content-type":"","postBodyCss":"","postBodyMargin":[],"postBodyPadding":[],"postBodyBackground":{"backgroundType":"classic","gradient":""},"footnotes":""},"categories":[27,39],"tags":[],"class_list":["post-16479","post","type-post","status-publish","format-standard","has-post-thumbnail","hentry","category-bien-etre-au-travail","category-psychologie-pour-les-entreprises"],"_links":{"self":[{"href":"https:\/\/ifeelonline.com\/fr\/wp-json\/wp\/v2\/posts\/16479","targetHints":{"allow":["GET"]}}],"collection":[{"href":"https:\/\/ifeelonline.com\/fr\/wp-json\/wp\/v2\/posts"}],"about":[{"href":"https:\/\/ifeelonline.com\/fr\/wp-json\/wp\/v2\/types\/post"}],"author":[{"embeddable":true,"href":"https:\/\/ifeelonline.com\/fr\/wp-json\/wp\/v2\/users\/62"}],"replies":[{"embeddable":true,"href":"https:\/\/ifeelonline.com\/fr\/wp-json\/wp\/v2\/comments?post=16479"}],"version-history":[{"count":0,"href":"https:\/\/ifeelonline.com\/fr\/wp-json\/wp\/v2\/posts\/16479\/revisions"}],"wp:featuredmedia":[{"embeddable":true,"href":"https:\/\/ifeelonline.com\/fr\/wp-json\/wp\/v2\/media\/16488"}],"wp:attachment":[{"href":"https:\/\/ifeelonline.com\/fr\/wp-json\/wp\/v2\/media?parent=16479"}],"wp:term":[{"taxonomy":"category","embeddable":true,"href":"https:\/\/ifeelonline.com\/fr\/wp-json\/wp\/v2\/categories?post=16479"},{"taxonomy":"post_tag","embeddable":true,"href":"https:\/\/ifeelonline.com\/fr\/wp-json\/wp\/v2\/tags?post=16479"}],"curies":[{"name":"wp","href":"https:\/\/api.w.org\/{rel}","templated":true}]}}