{"id":12567,"date":"2025-04-02T15:42:51","date_gmt":"2025-04-02T14:42:51","guid":{"rendered":"https:\/\/ifeelonline.com\/fr\/?p=12567"},"modified":"2025-04-02T15:42:53","modified_gmt":"2025-04-02T14:42:53","slug":"impact-deib-sur-les-performances-collaborateurs","status":"publish","type":"post","link":"https:\/\/ifeelonline.com\/fr\/impact-deib-sur-les-performances-collaborateurs\/","title":{"rendered":"Quel est l&rsquo;impact des initiatives DEIB sur la performance des collaborateurs ? D\u00e9couvrez 4 strat\u00e9gies pour les dirigeants"},"content":{"rendered":"\n<p>Les organisations modernes ont d\u00e9montr\u00e9 que le v\u00e9ritable avantage concurrentiel r\u00e9side dans la mani\u00e8re dont elles g\u00e8rent et valorisent<strong> leur atout le plus important : leurs collaborateurs.<\/strong> C&rsquo;est pourquoi la mise en \u0153uvre d&rsquo;une culture DEIB (Diversit\u00e9, \u00c9quit\u00e9, Inclusion et Appartenance) dans les entreprises s&rsquo;est impos\u00e9e comme un facteur crucial permettant le d\u00e9veloppement d&rsquo;une culture organisationnelle positive, allant au-del\u00e0 d&rsquo;une simple initiative de responsabilit\u00e9 sociale.<\/p>\n\n\n\n<p>L&rsquo;impact de la DEIB sur les performances des collaborateurs se traduit \u00e0 la fois par une augmentation de la satisfaction au travail et par une am\u00e9lioration des r\u00e9sultats de l&rsquo;entreprise. En effet, des \u00e9tudes r\u00e9centes montrent que ces strat\u00e9gies peuvent <a href=\"https:\/\/www2.deloitte.com\/us\/en\/blog\/human-capital-blog\/2021\/human-centered-workforce-experience.html\" target=\"_blank\" rel=\"noopener\"><strong>augmenter les performances professionnelles de 56 %<\/strong> <\/a>et sont consid\u00e9r\u00e9es comme importantes <a href=\"https:\/\/www.workhuman.com\/resources\/reports-guides\/two-years-into-covid-the-state-of-human-connection-at-work\/\" target=\"_blank\" rel=\"noopener\"><strong>par 72 % des employ\u00e9s<\/strong><\/a> lorsqu&rsquo;ils r\u00e9fl\u00e9chissent \u00e0 leur maintien dans une organisation.<\/p>\n\n\n\n<p>C&rsquo;est pourquoi, dans cet article, nous vous en dirons plus sur l&rsquo;impact de la DEIB sur les performances des collaborateurs, en augmentant les performances individuelles et collectives. Nous partagerons des strat\u00e9gies pratiques et d\u00e9couvrirons <strong>pourquoi l&rsquo;engagement en faveur de la diversit\u00e9, de l&rsquo;\u00e9quit\u00e9, de l&rsquo;inclusion et de l&rsquo;appartenance est essentiel pour les organisations qui aspirent \u00e0 prosp\u00e9rer au XXIe si\u00e8cle.<\/strong><\/p>\n\n\n\n<p>Pour vous aider dans ce processus, ifeel a con\u00e7u <strong><a href=\"https:\/\/ifeelonline.com\/fr\/boite-a-outils-rh\/guide-pour-integrer-une-strategie-deib-dans-votre-culture-dentreprise\/?partner=ifeel_internLinkPost\">un guide pour int\u00e9grer la strat\u00e9gie DEIB dans votre culture d&rsquo;entreprise<\/a>,<\/strong> afin que vous puissiez apprendre des outils cl\u00e9s pour promouvoir la diversit\u00e9, l&rsquo;\u00e9quit\u00e9, l&rsquo;inclusion et le sentiment d&rsquo;appartenance dans votre entreprise. Priorisez une culture d&rsquo;entreprise inclusive et renforc\u00e9e en un seul clic.<\/p>\n\n\n\n<figure class=\"wp-block-image size-full\"><img fetchpriority=\"high\" decoding=\"async\" width=\"632\" height=\"614\" src=\"https:\/\/ifeelonline.com\/fr\/wp-content\/uploads\/sites\/3\/2025\/03\/FR_\u00bfQue-buscan-los-empleados-en-una-empresa_.png\" alt=\"\" class=\"wp-image-12575\" srcset=\"https:\/\/ifeelonline.com\/fr\/wp-content\/uploads\/sites\/3\/2025\/03\/FR_\u00bfQue-buscan-los-empleados-en-una-empresa_.png 632w, https:\/\/ifeelonline.com\/fr\/wp-content\/uploads\/sites\/3\/2025\/03\/FR_\u00bfQue-buscan-los-empleados-en-una-empresa_-300x291.png 300w\" sizes=\"(max-width: 632px) 100vw, 632px\" \/><\/figure>\n\n\n\n<h2 class=\"wp-block-heading\">Qu&rsquo;est-ce que DEIB et pourquoi est-ce important ?<\/h2>\n\n\n\n<p>Lorsque nous parlons de politiques DEIB, nous faisons r\u00e9f\u00e9rence \u00e0 l&rsquo;acronyme qui repr\u00e9sente quatre piliers fondamentaux pour cr\u00e9er un environnement de travail inclusif et \u00e9quitable :<\/p>\n\n\n\n<figure class=\"wp-block-table\"><table class=\"has-fixed-layout\"><thead><tr><th>Composante DEIB<\/th><th>Description<\/th><\/tr><\/thead><tbody><tr><td><strong>La diversit\u00e9<\/strong><\/td><td>Reconna\u00eet et valorise les diff\u00e9rences individuelles dans tous les aspects, y compris la race, le genre, l&rsquo;\u00e2ge, l&rsquo;orientation sexuelle, les comp\u00e9tences et les exp\u00e9riences.<\/td><\/tr><tr><td><strong>L&rsquo;\u00e9quit\u00e9<\/strong><\/td><td>Assure un traitement \u00e9quitable et un acc\u00e8s \u00e9gal aux opportunit\u00e9s pour tous les collaborateurs.<\/td><\/tr><tr><td><strong>L&rsquo;inclusion<\/strong><\/td><td>Favorise un environnement o\u00f9 tous les collaborateurs se sentent les bienvenus, respect\u00e9s et capables de contribuer pleinement.<\/td><\/tr><tr><td><strong>L&rsquo;appartenance<\/strong><\/td><td>Cultive un sentiment de connexion et d&rsquo;engagement entre les collaborateurs et l&rsquo;organisation.<\/td><\/tr><\/tbody><\/table><\/figure>\n\n\n\n<p>La mise en \u0153uvre de strat\u00e9gies DEIB profite non seulement aux collaborateurs individuellement, mais favorise \u00e9galement la r\u00e9ussite de l&rsquo;entreprise, car<strong> il existe un impact DEIB sur les performances des collaborateurs.<\/strong> En effet, selon les <a href=\"https:\/\/diversitymatters-latam-2022.mckinsey.com\/\" target=\"_blank\" rel=\"noopener\">\u00e9tudes r\u00e9alis\u00e9es<\/a>,<strong> le niveau de satisfaction au travail est multipli\u00e9 par quatre <\/strong>dans toutes les fonctions et \u00e0 tous les niveaux hi\u00e9rarchiques lorsque l&rsquo;environnement de travail est dot\u00e9 de politiques d&rsquo;inclusion.<\/p>\n\n\n\n<h2 class=\"wp-block-heading\">L&rsquo;impact DEIB sur les performances des collaborateurs<\/h2>\n\n\n\n<p>Les strat\u00e9gies DEIB ont un effet transformateur sur divers aspects de la performance au travail, cr\u00e9ant un environnement o\u00f9 l&rsquo;innovation s&rsquo;\u00e9panouit, les d\u00e9cisions sont plus judicieuses et les collaborateurs se sentent r\u00e9ellement valoris\u00e9s. Nous allons explorer ci-dessous cinq domaines cl\u00e9s o\u00f9 l&rsquo;impact de DEIB sur la performance des collaborateurs est \u00e9vident, d\u00e9montrant <strong>pourquoi cette culture est essentielle \u00e0 la croissance et \u00e0 la comp\u00e9titivit\u00e9 des organisations modernes.<\/strong><\/p>\n\n\n\n<h3 class=\"wp-block-heading\">Augmentation de l&rsquo;innovation et de la cr\u00e9ativit\u00e9<\/h3>\n\n\n\n<p>En encourageant la diversit\u00e9 des pens\u00e9es et des perspectives, les entreprises dot\u00e9es d&rsquo;une solide culture DEIB<strong> stimulent l&rsquo;innovation et la cr\u00e9ativit\u00e9. <\/strong>Les \u00e9quipes diversifi\u00e9es apportent une vari\u00e9t\u00e9 d&rsquo;exp\u00e9riences et de points de vue, ce qui conduit \u00e0 des solutions plus cr\u00e9atives et plus efficaces pour relever les d\u00e9fis de l&rsquo;entreprise.<\/p>\n\n\n\n<h3 class=\"wp-block-heading\">Am\u00e9lioration de la prise de d\u00e9cision<\/h3>\n\n\n\n<p>La diversit\u00e9 au sein des \u00e9quipes de travail contribue \u00e0 une prise de d\u00e9cision plus \u00e9quilibr\u00e9e et plus objective. En tenant compte de multiples perspectives, <strong>les entreprises peuvent \u00e9viter les biais et prendre des d\u00e9cisions plus \u00e9clair\u00e9es <\/strong>et strat\u00e9giques.<\/p>\n\n\n\n<blockquote class=\"wp-block-quote is-layout-flow wp-block-quote-is-layout-flow\">\n<p>\u00ab Tout le monde peut \u00eatre \u00e0 100 % lui-m\u00eame et nous pensons que nous pouvons apprendre les uns des autres et accomplir de grandes choses lorsque tout le monde est diff\u00e9rent et peut \u00eatre soi-m\u00eame.<\/p>\n\n\n\n<p><a href=\"https:\/\/ifeelonline.com\/fr\/interview-kalina-pleil-labster\/\">Kalina Pleil, sp\u00e9cialiste des op\u00e9rations humaines chez Labster<\/a>, entreprise partenaire d&rsquo;ifeel. <a href=\"https:\/\/ifeelonline.com\/fr\/interview-kalina-pleil-labster\/\">Interview compl\u00e8te.<\/a><\/p>\n<\/blockquote>\n\n\n\n<h3 class=\"wp-block-heading\">Augmentation de la productivit\u00e9<\/h3>\n\n\n\n<p>Lorsque les collaborateurs se sentent valoris\u00e9s, respect\u00e9s et partie int\u00e9grante de l&rsquo;organisation, leur engagement et leur motivation augmentent consid\u00e9rablement. Cela se traduit par une <strong>plus grande productivit\u00e9 et une meilleure efficacit\u00e9 dans l&rsquo;exercice de leurs fonctions.<\/strong><\/p>\n\n\n\n<h3 class=\"wp-block-heading\">R\u00e9tention des talents<\/h3>\n\n\n\n<p>Les entreprises qui donnent la priorit\u00e9 \u00e0 la culture DEIB sont plus \u00e0 m\u00eame d&rsquo;<strong>attirer et de retenir des talents diversifi\u00e9s.<\/strong> De m\u00eame, les collaborateurs qui se sentent inclus et valoris\u00e9s sont plus enclins \u00e0 <strong>rester dans l&rsquo;entreprise \u00e0 long terme, ce qui<\/strong> r\u00e9duit les co\u00fbts associ\u00e9s \u00e0 la rotation du personnel.<\/p>\n\n\n\n<h3 class=\"wp-block-heading\">Am\u00e9lioration du climat de travail<\/h3>\n\n\n\n<p>Un environnement de travail inclusif et \u00e9quitable <strong>favorise des relations interpersonnelles plus solides et plus positives entre les collaborateurs<\/strong>. Cela contribue \u00e0 un meilleur climat de travail, en r\u00e9duisant les conflits et en augmentant la collaboration entre les \u00e9quipes.<\/p>\n\n\n\n<p>Chez ifeel, nous avons con\u00e7u une ressource indispensable pour<strong><a href=\"https:\/\/ifeelonline.com\/fr\/boite-a-outils-rh\/culture-positive\/?partner=ifeel_internLinkPost\"> promouvoir une culture positive au sein de votre \u00e9quipe<\/a><\/strong>. D\u00e9couvrez des strat\u00e9gies efficaces pour am\u00e9liorer l&rsquo;environnement de travail et favoriser le bien-\u00eatre de vos collaborateurs. Ne manquez pas cette occasion et <strong><a href=\"https:\/\/ifeelonline.com\/fr\/boite-a-outils-rh\/culture-positive\/?partner=ifeel_internLinkPost\">t\u00e9l\u00e9chargez-la gratuitement d\u00e8s maintenant<\/a><\/strong> !<\/p>\n\n\n\n<figure class=\"wp-block-image size-large\"><img decoding=\"async\" width=\"1024\" height=\"606\" src=\"https:\/\/ifeelonline.com\/fr\/wp-content\/uploads\/sites\/3\/2024\/10\/Group-6725-1024x606.png\" alt=\"bien-\u00eatre mental en France\" class=\"wp-image-11296\" srcset=\"https:\/\/ifeelonline.com\/fr\/wp-content\/uploads\/sites\/3\/2024\/10\/Group-6725-1024x606.png 1024w, https:\/\/ifeelonline.com\/fr\/wp-content\/uploads\/sites\/3\/2024\/10\/Group-6725-300x177.png 300w, https:\/\/ifeelonline.com\/fr\/wp-content\/uploads\/sites\/3\/2024\/10\/Group-6725-768x454.png 768w, https:\/\/ifeelonline.com\/fr\/wp-content\/uploads\/sites\/3\/2024\/10\/Group-6725.png 1038w\" sizes=\"(max-width: 1024px) 100vw, 1024px\" \/><\/figure>\n\n\n\n<h2 class=\"wp-block-heading\">Mettre en \u0153uvre une culture DEIB efficace<\/h2>\n\n\n\n<p>Pour qu&rsquo;il y ait un impact DEIB sur les performances des collaborateurs, il est essentiel de les mettre en \u0153uvre de mani\u00e8re globale et durable. Voici quelques actions cl\u00e9s :<\/p>\n\n\n\n<ol class=\"wp-block-list\">\n<li><strong>Leadership engag\u00e9 :<\/strong> les dirigeants doivent \u00eatre des exemples et des promoteurs actifs de la culture DEIB \u00e0 tous les niveaux de l&rsquo;organisation.<br><\/li>\n\n\n\n<li><strong>Formation continue :<\/strong> proposer des programmes de formation r\u00e9guliers sur les th\u00e8mes de la diversit\u00e9, de l&rsquo;\u00e9quit\u00e9 et de l&rsquo;inclusion \u00e0 tous les collaborateurs. Si vous souhaitez savoir comment proc\u00e9der au mieux, nous vous invitons \u00e0 <strong><a href=\"https:\/\/ifeelonline.com\/fr\/boite-a-outils-rh\/boite-a-outils-de-developpement-professionnel\/?partner=ifeel_internLinkPost\">t\u00e9l\u00e9charger ce guide pour inspirer la croissance des collaborateurs.<\/a><\/strong><br><\/li>\n\n\n\n<li><strong>Politiques et pratiques inclusives<\/strong> : R\u00e9viser et mettre \u00e0 jour les politiques de l&rsquo;entreprise pour s&rsquo;assurer qu&rsquo;elles sont \u00e9quitables et inclusives \u00e0 tous les niveaux, de l&#8217;embauche au d\u00e9veloppement professionnel. Chez ifeel, nous avons con\u00e7u <strong><a href=\"https:\/\/ifeelonline.com\/fr\/boite-a-outils-rh\/kit-de-premiers-secours-pour-les-responsables-rh\/?partner=ifeel_internLinkPost\">ce guide pour les responsables des ressources humaines<\/a><\/strong>, afin qu&rsquo;ils apprennent \u00e0 identifier les biais cognitifs et \u00e0 am\u00e9liorer les processus de s\u00e9lection dans l&rsquo;entreprise. <strong><a href=\"https:\/\/ifeelonline.com\/fr\/boite-a-outils-rh\/kit-de-premiers-secours-pour-les-responsables-rh\/?partner=ifeel_internLinkPost\">T\u00e9l\u00e9chargez-le gratuitement<\/a><\/strong> !<br><\/li>\n\n\n\n<li><strong>Mesure et suivi :<\/strong> D\u00e9finissez des indicateurs clairs pour <strong>\u00e9valuer les progr\u00e8s et l&rsquo;impact des initiatives DEIB <\/strong>sur les performances des collaborateurs et de l&rsquo;organisation.<br><\/li>\n\n\n\n<li><strong>Promotion de l&rsquo;appartenance :<\/strong> Cr\u00e9ez des espaces et des opportunit\u00e9s pour que les collaborateurs se sentent connect\u00e9s et valoris\u00e9s en tant que partie int\u00e9grante de l&rsquo;entreprise. Chez ifeel, nous avons con\u00e7u cette ressource avec des conseils pratiques que vous pourrez mettre en \u0153uvre pour <strong><a href=\"https:\/\/ifeelonline.com\/fr\/boite-a-outils-rh\/kit-rh-securite-psychologique\/?partner=ifeel_internLinkPost\">promouvoir la s\u00e9curit\u00e9 psychologique au travail<\/a><\/strong>.<\/li>\n<\/ol>\n\n\n\n<div class=\"wp-block-group tu-clase-de-bloque has-background is-layout-constrained wp-block-group-is-layout-constrained\" style=\"background-color:#1b4291\">\n<div class=\"wp-block-group is-vertical is-layout-flex wp-container-core-group-is-layout-fe9cc265 wp-block-group-is-layout-flex\">\n<div class=\"wp-block-group is-vertical is-layout-flex wp-container-core-group-is-layout-fe9cc265 wp-block-group-is-layout-flex\">\n<div class=\"wp-block-group is-vertical is-layout-flex wp-container-core-group-is-layout-fe9cc265 wp-block-group-is-layout-flex\">\n<div class=\"wp-block-group is-vertical is-layout-flex wp-container-core-group-is-layout-fe9cc265 wp-block-group-is-layout-flex\">\n<div class=\"wp-block-group is-vertical is-layout-flex wp-container-core-group-is-layout-fe9cc265 wp-block-group-is-layout-flex\">\n<div class=\"wp-block-group is-vertical is-layout-flex wp-container-core-group-is-layout-fe9cc265 wp-block-group-is-layout-flex\">\n<div class=\"wp-block-group is-vertical is-layout-flex wp-container-core-group-is-layout-fe9cc265 wp-block-group-is-layout-flex\">\n<div class=\"wp-block-group is-vertical is-layout-flex wp-container-core-group-is-layout-fe9cc265 wp-block-group-is-layout-flex\">\n<div class=\"wp-block-group is-vertical is-layout-flex wp-container-core-group-is-layout-fe9cc265 wp-block-group-is-layout-flex\">\n<h2 class=\"wp-block-heading has-text-color has-link-color wp-elements-4d5653ee39e678f5ba577fa6bb8b3cae\" style=\"color:#ffa593\">Leadership Lens \ud83d\udd0e<\/h2>\n\n\n\n<div class=\"wp-block-group is-vertical is-layout-flex wp-container-core-group-is-layout-fe9cc265 wp-block-group-is-layout-flex\">\n<div class=\"wp-block-group is-vertical is-layout-flex wp-container-core-group-is-layout-fe9cc265 wp-block-group-is-layout-flex\">\n<div class=\"wp-block-group is-vertical is-layout-flex wp-container-core-group-is-layout-fe9cc265 wp-block-group-is-layout-flex\">\n<div class=\"wp-block-group is-vertical is-layout-flex wp-container-core-group-is-layout-fe9cc265 wp-block-group-is-layout-flex\">\n<div class=\"wp-block-group is-vertical is-layout-flex wp-container-core-group-is-layout-fe9cc265 wp-block-group-is-layout-flex\">\n<div class=\"wp-block-group is-vertical is-layout-flex wp-container-core-group-is-layout-fe9cc265 wp-block-group-is-layout-flex\">\n<div class=\"wp-block-group is-vertical is-layout-flex wp-container-core-group-is-layout-fe9cc265 wp-block-group-is-layout-flex\">\n<div class=\"wp-block-group is-vertical is-layout-flex wp-container-core-group-is-layout-fe9cc265 wp-block-group-is-layout-flex\">\n<div class=\"wp-block-group is-vertical is-layout-flex wp-container-core-group-is-layout-fe9cc265 wp-block-group-is-layout-flex\">\n<div class=\"wp-block-group is-vertical is-layout-flex wp-container-core-group-is-layout-fe9cc265 wp-block-group-is-layout-flex\">\n<div class=\"wp-block-group is-vertical is-layout-flex wp-container-core-group-is-layout-fe9cc265 wp-block-group-is-layout-flex\">\n<div class=\"wp-block-group is-vertical is-layout-flex wp-container-core-group-is-layout-fe9cc265 wp-block-group-is-layout-flex\">\n<p class=\"has-white-color has-text-color has-link-color wp-elements-d0a8b7df9b0a20c0f2b95169be2d353a\">En tant que dirigeant dans un secteur aussi humain que celui de l&rsquo;assurance et du conseil, vous avez la possibilit\u00e9 d&rsquo;\u00eatre un catalyseur du changement dans le domaine de la sant\u00e9 mentale. <a href=\"https:\/\/ifeelonline.com\/fr\/integrer-lecoute-active-au-travail\/\"><strong>Encouragez l&#8217;empathie et l&rsquo;\u00e9coute active<\/strong> <\/a>au sein de votre \u00e9quipe, cela am\u00e9liore non seulement la qualit\u00e9 du service, mais positionne \u00e9galement votre entreprise comme une r\u00e9f\u00e9rence en mati\u00e8re de confiance.<\/p>\n\n\n\n<p class=\"has-white-color has-text-color has-link-color wp-elements-0010fed2270492a894b6f01aa27cd916\">Dirigez avec d\u00e9termination, en mettant en place des politiques claires de soutien \u00e9motionnel tant pour vos collaborateurs que pour vos clients. N&rsquo;oubliez pas : <strong>une \u00e9quipe qui comprend l&rsquo;importance de la sant\u00e9 mentale transforme des vies et cr\u00e9e des relations durables. <\/strong>L&rsquo;impact commence avec vous !<\/p>\n<\/div>\n<\/div>\n<\/div>\n<\/div>\n<\/div>\n<\/div>\n<\/div>\n<\/div>\n<\/div>\n<\/div>\n<\/div>\n<\/div>\n<\/div>\n<\/div>\n<\/div>\n<\/div>\n<\/div>\n<\/div>\n<\/div>\n<\/div>\n<\/div>\n<\/div>\n\n\n\n<h2 class=\"wp-block-heading\">Exercice pratique : Encourager l&#8217;empathie et l&rsquo;inclusion<\/h2>\n\n\n\n<p>Pour vous aider \u00e0 mettre en \u0153uvre et \u00e0 <strong>renforcer la culture DEIB dans votre organisation,<\/strong> nous vous proposons l&rsquo;exercice pratique suivant :<\/p>\n\n\n\n<h3 class=\"wp-block-heading\">\u00ab Cercles d&rsquo;identit\u00e9 \u00bb<\/h3>\n\n\n\n<p><strong>Objectif :<\/strong> Encourager l&rsquo;inclusion, r\u00e9duire les pr\u00e9jug\u00e9s et accro\u00eetre la compr\u00e9hension de la diversit\u00e9 au sein des \u00e9quipes de travail.<\/p>\n\n\n\n<p><strong>Mat\u00e9riel :<\/strong><\/p>\n\n\n\n<ul class=\"wp-block-list\">\n<li>Grandes feuilles de papier pour chaque participant<\/li>\n\n\n\n<li>Marqueurs de couleur<\/li>\n\n\n\n<li>Espace pour que les participants puissent se d\u00e9placer et former des groupes<\/li>\n<\/ul>\n\n\n\n<p><strong>Proc\u00e9dure :<\/strong><\/p>\n\n\n\n<ol class=\"wp-block-list\">\n<li>Donnez \u00e0 chaque participant une grande feuille de papier et des marqueurs.<\/li>\n\n\n\n<li>Demandez aux participants de dessiner un grand cercle au centre de leur feuille et d&rsquo;y inscrire leur nom.<\/li>\n\n\n\n<li>Autour du cercle central, demandez-leur de dessiner des cercles plus petits (5-7) et d&rsquo;<strong>\u00e9crire dans chacun d&rsquo;eux un aspect de leur identit\u00e9 qu&rsquo;ils jugent important<\/strong> (par exemple, nationalit\u00e9, profession, r\u00f4le familial, passe-temps, croyance, etc.).<\/li>\n\n\n\n<li>Une fois les cercles remplis, demandez aux participants de se lever et de se promener dans la salle en observant les cercles des autres.<\/li>\n\n\n\n<li>Apr\u00e8s quelques minutes, <strong>annoncez une cat\u00e9gorie <\/strong>(par exemple, \u00ab loisirs \u00bb) et demandez aux participants de<strong> former des groupes en fonction des similitudes dans cette cat\u00e9gorie.<\/strong><\/li>\n\n\n\n<li>Dans ces petits groupes, encouragez les participants \u00e0 partager <strong>pourquoi cet aspect de leur identit\u00e9 est important pour eux.<\/strong><\/li>\n\n\n\n<li>R\u00e9p\u00e9tez le processus avec diff\u00e9rentes cat\u00e9gories, en vous assurant que les participants <strong>forment de nouveaux groupes \u00e0 chaque fois.<\/strong><\/li>\n\n\n\n<li>Terminez par une discussion de groupe, en r\u00e9fl\u00e9chissant aux points suivants :<\/li>\n<\/ol>\n\n\n\n<ul class=\"wp-block-list\">\n<li>Surprises en d\u00e9couvrant des <strong>similitudes inattendues<\/strong><\/li>\n\n\n\n<li>Comment vous vous \u00eates sentis en <strong>partageant des <\/strong>aspects de votre identit\u00e9<\/li>\n\n\n\n<li>Ce que vous <strong>avez appris <\/strong>sur la diversit\u00e9 au sein de l&rsquo;\u00e9quipe<\/li>\n\n\n\n<li>Comment cette activit\u00e9 peut <strong>influencer votre <\/strong>fa\u00e7on de travailler ensemble<\/li>\n<\/ul>\n\n\n\n<p>Cette activit\u00e9 aide les participants \u00e0 reconna\u00eetre la <strong>multidimensionnalit\u00e9 de l&rsquo;identit\u00e9,<\/strong> encourage l&#8217;empathie en partageant des exp\u00e9riences personnelles et met en \u00e9vidence les similitudes et les diff\u00e9rences entre les membres de l&rsquo;\u00e9quipe, favorisant ainsi une culture DEIB plus forte et plus efficace, ce qui, par cons\u00e9quent, <strong>permet de renforcer l&rsquo;impact DEIB sur la performance des collaborateurs.<\/strong><\/p>\n\n\n\n<figure class=\"wp-block-image size-full\"><img decoding=\"async\" width=\"839\" height=\"696\" src=\"https:\/\/ifeelonline.com\/fr\/wp-content\/uploads\/sites\/3\/2025\/03\/avantages-programmes-bien-etre.jpg\" alt=\"sant\u00e9 mentale au travail\" class=\"wp-image-12460\" srcset=\"https:\/\/ifeelonline.com\/fr\/wp-content\/uploads\/sites\/3\/2025\/03\/avantages-programmes-bien-etre.jpg 839w, https:\/\/ifeelonline.com\/fr\/wp-content\/uploads\/sites\/3\/2025\/03\/avantages-programmes-bien-etre-300x249.jpg 300w, https:\/\/ifeelonline.com\/fr\/wp-content\/uploads\/sites\/3\/2025\/03\/avantages-programmes-bien-etre-768x637.jpg 768w\" sizes=\"(max-width: 839px) 100vw, 839px\" \/><\/figure>\n\n\n\n<h2 class=\"wp-block-heading\">La sant\u00e9 mentale au travail, l&rsquo;un des plus grands d\u00e9fis des entreprises aujourd&rsquo;hui<\/h2>\n\n\n\n<p>Chez <strong>ifeel, <\/strong>nous savons que la mise en \u0153uvre d&rsquo;une culture DEIB solide est non seulement \u00e9thiquement correcte, mais qu&rsquo;elle a \u00e9galement<strong> un impact direct et positif sur les performances des collaborateurs et le succ\u00e8s global de l&rsquo;organisation<\/strong>.<\/p>\n\n\n\n<p>Pour soutenir ce processus, ifeel a con\u00e7u <strong><a href=\"https:\/\/ifeelonline.com\/fr\/boite-a-outils-rh\/guide-pour-integrer-une-strategie-deib-dans-votre-culture-dentreprise\/?partner=ifeel_internLinkPost\">un guide pour int\u00e9grer la strat\u00e9gie DEIB dans votre culture d&rsquo;entreprise<\/a>, <\/strong>afin que vous puissiez apprendre des outils cl\u00e9s pour promouvoir la diversit\u00e9, l&rsquo;\u00e9quit\u00e9, l&rsquo;inclusion et l&rsquo;appartenance dans votre entreprise. Priorisez une culture d&rsquo;entreprise inclusive et renforc\u00e9e en un seul clic.<\/p>\n\n\n\n<p>De plus, notre \u00e9quipe clinique offre aux entreprises leaders de leur secteur&nbsp;<strong><a href=\"https:\/\/ifeelonline.com\/fr\/comment-ca-marche\/?partner=ifeel_internLinkPost\">une solution dynamique, \u00e9volutive et enti\u00e8rement personnalis\u00e9e, optimis\u00e9e par l\u2019IA<\/a><\/strong>. Nous avons une strat\u00e9gie et une approche bas\u00e9es sur des donn\u00e9es cl\u00e9s pour aider les organisations ayant une pr\u00e9sence mondiale \u00e0 relever l\u2019<strong>un des plus grands d\u00e9fis commerciaux actuels : la sant\u00e9 mentale au travail.<\/strong><br><br>Nous travaillons en partenariat avec des entreprises du monde entier pour&nbsp;<strong>inspirer la croissance humaine et guider les organisations<\/strong>&nbsp;dans l\u2019instauration d\u2019une&nbsp;<strong><a href=\"https:\/\/ifeelonline.com\/fr\/culture-positive\/?partner=ifeel_internLinkPost\">culture positive du bien-\u00eatre mental<\/a><\/strong>. Une approche sur mesure et centr\u00e9e sur les personnes qui place la sant\u00e9 de vos collaborateurs au centre, en tant que pilier fondamental pour<strong><a href=\"https:\/\/ifeelonline.com\/fr\/guide-pour-renforcer-votre-strategie-en-matiere-de-talents\/?partner=ifeel_internLinkPost\">&nbsp;attirer et retenir les talents<\/a><\/strong>&nbsp;ainsi que pour renforcer leur sentiment d\u2019appartenance.<\/p>\n\n\n\n<p>Cette solution offre aux collaborateurs un service de soins de sant\u00e9 mentale structur\u00e9 en diff\u00e9rents niveaux&nbsp;<strong>en fonction de leurs besoins \u00e0 tout moment<\/strong>. D\u00e9couvrez notre section Ressources o\u00f9 vous trouverez diff\u00e9rents supports, tels que&nbsp;<a href=\"https:\/\/ifeelonline.com\/fr\/media-hub-ifeel\/?partner=ifeel_internLinkPost\">des webinaires, des podcasts<\/a>,&nbsp;<a href=\"https:\/\/ifeelonline.com\/fr\/boite-a-outils-rh\/?partner=ifeel_internLinkPost\">des guides pour les ressources humaines<\/a>&nbsp;sur des sujets d\u2019actualit\u00e9 et des&nbsp;<a href=\"https:\/\/ifeelonline.com\/entrevistas-ifeel\/\">entretiens avec<\/a>&nbsp;des dirigeants de grandes organisations.<\/p>\n\n\n\n<h4 class=\"wp-block-heading\"><strong>M\u00e9thodologie bas\u00e9e sur les donn\u00e9es :<\/strong><\/h4>\n\n\n\n<p>Notre solution de sant\u00e9 mentale pour les entreprises utilise des pratiques fond\u00e9es sur des preuves et des m\u00e9thodes innovantes, \u00e9tay\u00e9es par les recherches les plus r\u00e9centes et un r\u00e9seau de plus de 600 professionnels de la sant\u00e9 mentale. Vous souhaitez en savoir plus sur&nbsp;<strong><a href=\"https:\/\/ifeelonline.com\/fr\/notre-departement-de-recherche-clinique\/\">notre d\u00e9partement de recherche clinique<\/a><\/strong>&nbsp;? N\u2019oubliez pas de visiter cette section pour vous tenir inform\u00e9 des&nbsp;<strong>derni\u00e8res \u00e9tudes et recherches en mati\u00e8re de sant\u00e9 mentale en entreprise.<\/strong><\/p>\n\n\n\n<p>Nous esp\u00e9rons que cet article sur&nbsp;<strong><strong>le r\u00f4le des dirigeants dans la mise en \u0153uvre DEIB<\/strong><\/strong>&nbsp;vous a int\u00e9ress\u00e9. Pour&nbsp;<a href=\"https:\/\/ifeelonline.com\/fr\/comment-ca-marche\/?partner=ifeel_internLinkPost\">plus d\u2019informations<\/a>&nbsp;sur sur le&nbsp;<strong>ROI de notre solution personnalis\u00e9e de sant\u00e9 mentale pour les entreprises<\/strong>,&nbsp;<a href=\"https:\/\/ifeelonline.com\/fr\/demander-une-demo\/?partner=ifeel_internLinkPost\">contactez-nous<\/a>&nbsp;!<\/p>\n\n    <div class=\"xs_social_share_widget xs_share_url after_content \t\tmain_content  wslu-style-1 wslu-share-box-shaped wslu-fill-colored wslu-none wslu-share-horizontal wslu-theme-font-no wslu-main_content\">\n\n\t\t\n        <ul>\n\t\t\t        <\/ul>\n    <\/div> \n","protected":false},"excerpt":{"rendered":"<p>Les organisations modernes ont d\u00e9montr\u00e9 que le v\u00e9ritable avantage concurrentiel r\u00e9side dans la mani\u00e8re dont elles g\u00e8rent et valorisent leur atout le plus important : leurs collaborateurs. C&rsquo;est pourquoi la mise en \u0153uvre d&rsquo;une culture DEIB (Diversit\u00e9, \u00c9quit\u00e9, Inclusion et Appartenance) dans les entreprises s&rsquo;est impos\u00e9e comme un facteur crucial permettant le d\u00e9veloppement d&rsquo;une culture [&hellip;]<\/p>\n","protected":false},"author":62,"featured_media":12568,"comment_status":"closed","ping_status":"open","sticky":false,"template":"","format":"standard","meta":{"content-type":"","postBodyCss":"","postBodyMargin":[],"postBodyPadding":[],"postBodyBackground":{"backgroundType":"classic","gradient":""},"footnotes":""},"categories":[27,37],"tags":[],"class_list":["post-12567","post","type-post","status-publish","format-standard","has-post-thumbnail","hentry","category-bien-etre-au-travail","category-motivation-au-travail"],"_links":{"self":[{"href":"https:\/\/ifeelonline.com\/fr\/wp-json\/wp\/v2\/posts\/12567","targetHints":{"allow":["GET"]}}],"collection":[{"href":"https:\/\/ifeelonline.com\/fr\/wp-json\/wp\/v2\/posts"}],"about":[{"href":"https:\/\/ifeelonline.com\/fr\/wp-json\/wp\/v2\/types\/post"}],"author":[{"embeddable":true,"href":"https:\/\/ifeelonline.com\/fr\/wp-json\/wp\/v2\/users\/62"}],"replies":[{"embeddable":true,"href":"https:\/\/ifeelonline.com\/fr\/wp-json\/wp\/v2\/comments?post=12567"}],"version-history":[{"count":0,"href":"https:\/\/ifeelonline.com\/fr\/wp-json\/wp\/v2\/posts\/12567\/revisions"}],"wp:featuredmedia":[{"embeddable":true,"href":"https:\/\/ifeelonline.com\/fr\/wp-json\/wp\/v2\/media\/12568"}],"wp:attachment":[{"href":"https:\/\/ifeelonline.com\/fr\/wp-json\/wp\/v2\/media?parent=12567"}],"wp:term":[{"taxonomy":"category","embeddable":true,"href":"https:\/\/ifeelonline.com\/fr\/wp-json\/wp\/v2\/categories?post=12567"},{"taxonomy":"post_tag","embeddable":true,"href":"https:\/\/ifeelonline.com\/fr\/wp-json\/wp\/v2\/tags?post=12567"}],"curies":[{"name":"wp","href":"https:\/\/api.w.org\/{rel}","templated":true}]}}