{"id":12472,"date":"2025-03-17T10:51:27","date_gmt":"2025-03-17T09:51:27","guid":{"rendered":"https:\/\/ifeelonline.com\/fr\/?p=12472"},"modified":"2025-03-17T12:50:07","modified_gmt":"2025-03-17T11:50:07","slug":"reformes-indemnisation-arrets-maladie-en-france","status":"publish","type":"post","link":"https:\/\/ifeelonline.com\/fr\/reformes-indemnisation-arrets-maladie-en-france\/","title":{"rendered":"Arr\u00eats maladie en France : Tout savoir sur les nouvelles r\u00e8gles \u00e0 partir du 1er avril 2025"},"content":{"rendered":"\n<p><strong>Les r\u00e9formes de l&rsquo;indemnisation des arr\u00eats maladie en France<\/strong>, annonc\u00e9es pour entrer en vigueur le 1er avril 2025, suscitent de nombreuses interrogations et pr\u00e9occupations aussi bien chez les salari\u00e9s que chez les employeurs. Dans un contexte \u00e9conomique o\u00f9 la gestion des ressources financi\u00e8res de l&rsquo;\u00c9tat est scrut\u00e9e avec attention, <strong>ces nouvelles mesures s&rsquo;inscrivent dans un effort plus large de rationalisation des d\u00e9penses publiques<\/strong>. Cependant, elles soul\u00e8vent des questions cruciales sur l&rsquo;\u00e9quilibre entre les n\u00e9cessit\u00e9s budg\u00e9taires et <a href=\"https:\/\/ifeelonline.com\/fr\/bien-etre-des-collaborateurs-en-entreprise\/\">le bien-\u00eatre des travailleurs<\/a>.<br><br>L&rsquo;indemnisation des arr\u00eats maladie est un pilier essentiel de <a href=\"https:\/\/ifeelonline.com\/fr\/prise-en-charge-du-burn-out\/\">la s\u00e9curit\u00e9 sociale<\/a>, garantissant aux salari\u00e9s une certaine stabilit\u00e9 financi\u00e8re en p\u00e9riode de maladie ou de convalescence. Ainsi, les changements annonc\u00e9s, qui visent \u00e0 <strong>r\u00e9duire les plafonds des indemnit\u00e9s journali\u00e8res, pourraient avoir des r\u00e9percussions profondes sur la vie quotidienne des millions de travailleurs fran\u00e7ais<\/strong>. Ces r\u00e9formes, bien que motiv\u00e9es par des imp\u00e9ratifs \u00e9conomiques, doivent \u00e9galement \u00eatre per\u00e7ues \u00e0 travers le prisme de leur impact social, soulignant <a href=\"https:\/\/ifeelonline.com\/fr\/plateforme-bien-etre-en-entreprise\/\">le besoin de solutions compl\u00e8tes<\/a> et \u00e9quilibr\u00e9es pour s&rsquo;assurer qu&rsquo;elles ne compromettent pas la qualit\u00e9 de vie des individus concern\u00e9s.<\/p>\n\n\n\n<figure class=\"wp-block-image size-large\"><img fetchpriority=\"high\" decoding=\"async\" width=\"1024\" height=\"673\" src=\"https:\/\/ifeelonline.com\/fr\/wp-content\/uploads\/sites\/3\/2025\/02\/1-1024x673.webp\" alt=\"arr\u00eats maladie en France\" class=\"wp-image-12318\" srcset=\"https:\/\/ifeelonline.com\/fr\/wp-content\/uploads\/sites\/3\/2025\/02\/1-1024x673.webp 1024w, https:\/\/ifeelonline.com\/fr\/wp-content\/uploads\/sites\/3\/2025\/02\/1-300x197.webp 300w, https:\/\/ifeelonline.com\/fr\/wp-content\/uploads\/sites\/3\/2025\/02\/1-768x504.webp 768w, https:\/\/ifeelonline.com\/fr\/wp-content\/uploads\/sites\/3\/2025\/02\/1.webp 1530w\" sizes=\"(max-width: 1024px) 100vw, 1024px\" \/><\/figure>\n\n\n\n<h2 class=\"wp-block-heading\">Baisse des indemnit\u00e9s journali\u00e8res pour les salari\u00e9s<\/h2>\n\n\n\n<p>L&rsquo;un des changements majeurs concerne<strong> <a href=\"https:\/\/www.economie.gouv.fr\/actualites\/loi-de-financement-de-la-securite-sociale-2025-ce-qui-change\" target=\"_blank\" rel=\"noopener\">la r\u00e9duction des plafonds d&rsquo;indemnit\u00e9s journali\u00e8res vers\u00e9es par l&rsquo;Assurance maladie<\/a><\/strong>. Actuellement, ces indemnit\u00e9s couvrent <strong>50% du salaire brut du salari\u00e9, plafonn\u00e9es \u00e0 1,8 fois <\/strong><a href=\"https:\/\/ifeelonline.com\/fr\/revalorisation-smic-france-2024\/\"><strong>le SMIC<\/strong>.<\/a> D\u00e8s avril, <strong>ce plafond sera abaiss\u00e9 \u00e0 1,4 fois le SMIC<\/strong>, ce qui repr\u00e9sente une diminution significative des indemnit\u00e9s, <strong>soit environ 12 euros de moins par jour<\/strong>. Pour les fonctionnaires, une r\u00e9duction similaire sera appliqu\u00e9e d\u00e8s le 1er mars o\u00f9 ils ne percevront plus que 90% de leur salaire pendant les trois premiers mois d&rsquo;arr\u00eat, contre 100% auparavant.<\/p>\n\n\n\n<h3 class=\"wp-block-heading\">Impact pour les entreprises et le secteur public<\/h3>\n\n\n\n<p>Ce changement entra\u00eenera aussi une augmentation des indemnisations compl\u00e9mentaires vers\u00e9es par les employeurs. Pour les salari\u00e9s ayant plus d&rsquo;un an d&rsquo;anciennet\u00e9, l&#8217;employeur devra garantir le maintien du salaire \u00e0 90% minimum en cas d&rsquo;arr\u00eat maladie. Cela signifie que <strong>les entreprises devront compenser la baisse des indemnit\u00e9s journali\u00e8res<\/strong>, une mesure qui pourrait peser davantage sur leurs finances. Pour le gouvernement, ces modifications devraient permettre de <strong>r\u00e9aliser pr\u00e8s de 800 millions d&rsquo;euros d&rsquo;\u00e9conomies annuelles<\/strong>.<\/p>\n\n\n\n<h3 class=\"wp-block-heading\">Un abaissement critiqu\u00e9 par les organismes de pr\u00e9voyance<\/h3>\n\n\n\n<p>Les modifications propos\u00e9es ont suscit\u00e9 de vives r\u00e9actions de la part de plusieurs organismes de pr\u00e9voyance, dont le Centre technique des institutions de pr\u00e9voyance <a href=\"https:\/\/www.ctip.asso.fr\/\" target=\"_blank\" rel=\"noopener\">(CTIP)<\/a>. Ce dernier a exprim\u00e9 son refus de voir les salari\u00e9s et les entreprises subir une nouvelle ponction de 800 millions d&rsquo;euros en l&rsquo;absence de concertation pr\u00e9alable. Le CTIP craint que les changements n&rsquo;affectent directement <a href=\"https:\/\/ifeelonline.com\/fr\/bien-etre-financier-des-salaries-en-france\/\">le pouvoir d&rsquo;achat des Fran\u00e7ais<\/a>, en particulier les plus jeunes et les plus vuln\u00e9rables, et il insiste sur la n\u00e9cessit\u00e9 d&rsquo;un diagnostic partag\u00e9 pour comprendre l&rsquo;impact r\u00e9el de ces mesures.<\/p>\n\n\n\n<h2 class=\"wp-block-heading\">R\u00e9flexion sur la pr\u00e9vention des arr\u00eats maladie en France<\/h2>\n\n\n\n<p>Dans le cadre de ces r\u00e9formes, le gouvernement pr\u00e9voit \u00e9galement d&rsquo;initier une r\u00e9flexion globale sur <strong>les causes de l&rsquo;augmentation des arr\u00eats maladie et sur les solutions permettant de les pr\u00e9venir<\/strong>. Cette d\u00e9marche pourrait inclure des <strong>initiatives pour am\u00e9liorer le bien-\u00eatre au travail et r\u00e9duire l&rsquo;absent\u00e9isme<\/strong>, une probl\u00e9matique de plus en plus observ\u00e9e dans le milieu professionnel. <strong><a href=\"https:\/\/ifeelonline.com\/fr\/boite-a-outils-rh\/ameliorer-la-qvct-dans-votre-entreprise\/?partner=ifeel_internLinkPost\">En savoir plus sur comment am\u00e9liorer la QVCT au sen de votre entreprise.<\/a><\/strong><\/p>\n\n\n\n<p>Ces changements des indemnit\u00e9s d&rsquo;arr\u00eat maladie illustrent la volont\u00e9 de l&rsquo;\u00c9tat de ma\u00eetriser les d\u00e9penses publiques, tout en soulevant des questions sur l&rsquo;\u00e9quilibre entre \u00e9conomies budg\u00e9taires et bien-\u00eatre des salari\u00e9s. Les r\u00e9actions des syndicats et des <a href=\"https:\/\/ifeelonline.com\/fr\/complementaire-sante-et-reduction-absenteisme\/\">organismes de pr\u00e9voyance<\/a>, qui craignent un impact n\u00e9gatif sur le pouvoir d&rsquo;achat et la couverture sociale, montrent que le d\u00e9bat est loin d&rsquo;\u00eatre termin\u00e9.<\/p>\n\n\n\n<h3 class=\"wp-block-heading\">Un regard sur les cons\u00e9quences sociales et \u00e9conomiques<\/h3>\n\n\n\n<p>Au-del\u00e0 des implications imm\u00e9diates sur le revenu des salari\u00e9s, ces ajustements pourraient avoir des r\u00e9percussions plus larges sur la dynamique sociale et \u00e9conomique du pays. La r\u00e9duction des indemnit\u00e9s pourrait, en effet, encourager certains collaborateurs \u00e0 se remettre au travail plus t\u00f4t que pr\u00e9vu, augmentant potentiellement <strong>les risques de rechutes ou de complications li\u00e9es \u00e0 une convalescence incompl\u00e8te<\/strong>. De plus, la pression accrue sur les entreprises pour maintenir les niveaux de salaires pourrait conduire \u00e0 <strong>une r\u00e9\u00e9valuation des politiques internes concernant les arr\u00eats maladie et <a href=\"https:\/\/ifeelonline.com\/fr\/lois-bien-etre-et-travail-en-france\/\">le bien-\u00eatre des employ\u00e9s<\/a><\/strong>.<\/p>\n\n\n\n<h2 class=\"wp-block-heading\">Vers une am\u00e9lioration du bien-\u00eatre au travail gr\u00e2ce \u00e0 la sant\u00e9 mentale<\/h2>\n\n\n\n<p><strong><a href=\"https:\/\/ifeelonline.com\/fr\/causes-consequences-de-l-absenteisme-en-france\/\">L&rsquo;absent\u00e9isme au travail <\/a><\/strong>est souvent symptomatique de probl\u00e8mes sous-jacents, notamment ceux li\u00e9s \u00e0 la sant\u00e9 mentale. Une partie de la solution pourrait r\u00e9sider dans<strong> l&rsquo;am\u00e9lioration du cadre de travail et du <a href=\"https:\/\/ifeelonline.com\/fr\/soutien-psychologique-en-entreprise-un-atout-pour-vos-colloborateurs\/\">soutien psychologique<\/a> offert aux collaborateurs<\/strong>. <a href=\"https:\/\/ifeelonline.com\/fr\/demander-une-demo\/\">Des programmes de bien-\u00eatre et de sant\u00e9 mentale<\/a>, tels que ceux propos\u00e9s par des solutions comme <strong>ifeel<\/strong>, jouent un r\u00f4le crucial en r\u00e9duisant le stress et en pr\u00e9venant les situations qui m\u00e8nent aux arr\u00eats maladie. En se concentrant sur la pr\u00e9vention des maladies professionnelles et e<strong><a href=\"https:\/\/ifeelonline.com\/fr\/tendances-bien-etre-travail\/\">n am\u00e9liorant la qualit\u00e9 de vie au travail,<\/a><\/strong> les entreprises peuvent non seulement enrichir l&rsquo;exp\u00e9rience de leurs employ\u00e9s mais aussi r\u00e9duire significativement les co\u00fbts associ\u00e9s \u00e0 l&rsquo;absent\u00e9isme.<\/p>\n\n\n\n<h3 class=\"wp-block-heading\">Un appel \u00e0 l&rsquo;action pour les employeurs et les d\u00e9cideurs politiques<\/h3>\n\n\n\n<p>Il est primordial pour les employeurs et les d\u00e9cideurs de concevoir des solutions innovantes pour le bien-\u00eatre des travailleurs. <strong>La mise en place de politiques proactives, telles que des formations sur la gestion du stress, des s\u00e9ances de conseils psychologiques, et l&rsquo;adoption de pratiques de travail plus flexibles<\/strong>, pourrait offrir une r\u00e9ponse efficace \u00e0 la pr\u00e9vention des arr\u00eats maladie. Des outils comme ifeel facilitent l&rsquo;int\u00e9gration de ces pratiques en permettant un suivi personnalis\u00e9 et continu du bien-\u00eatre mental des collaborateurs, garantissant ainsi une approche globale et durable envers <a href=\"https:\/\/ifeelonline.com\/fr\/ameliorer-sante-mentale-au-travail\/\">la sant\u00e9 mentale au travail<\/a>. Cette d\u00e9marche proactive m\u00e9rite d&rsquo;\u00eatre soutenue et encourag\u00e9e par des politiques robustes pour maximiser son impact b\u00e9n\u00e9fique.<\/p>\n\n\n\n<figure class=\"wp-block-image size-large\"><img decoding=\"async\" width=\"1024\" height=\"1024\" src=\"https:\/\/ifeelonline.com\/fr\/wp-content\/uploads\/sites\/3\/2025\/03\/FR_Labsenteisme-en-France_2-1024x1024.jpg\" alt=\"absent\u00e9isme en France\" class=\"wp-image-12474\" srcset=\"https:\/\/ifeelonline.com\/fr\/wp-content\/uploads\/sites\/3\/2025\/03\/FR_Labsenteisme-en-France_2-1024x1024.jpg 1024w, https:\/\/ifeelonline.com\/fr\/wp-content\/uploads\/sites\/3\/2025\/03\/FR_Labsenteisme-en-France_2-300x300.jpg 300w, https:\/\/ifeelonline.com\/fr\/wp-content\/uploads\/sites\/3\/2025\/03\/FR_Labsenteisme-en-France_2-150x150.jpg 150w, https:\/\/ifeelonline.com\/fr\/wp-content\/uploads\/sites\/3\/2025\/03\/FR_Labsenteisme-en-France_2-768x768.jpg 768w, https:\/\/ifeelonline.com\/fr\/wp-content\/uploads\/sites\/3\/2025\/03\/FR_Labsenteisme-en-France_2-1536x1536.jpg 1536w, https:\/\/ifeelonline.com\/fr\/wp-content\/uploads\/sites\/3\/2025\/03\/FR_Labsenteisme-en-France_2-2048x2048.jpg 2048w\" sizes=\"(max-width: 1024px) 100vw, 1024px\" \/><\/figure>\n\n\n\n<h2 class=\"wp-block-heading\">La sant\u00e9 mentale au travail, l&rsquo;un des plus grands d\u00e9fis des entreprises aujourd&rsquo;hui<\/h2>\n\n\n\n<p>Alors que ces r\u00e9formes se mettent en place, il sera crucial de suivre leur impact r\u00e9el sur les collaborateurs et les entreprises, et d&rsquo;\u00e9valuer<a href=\"https:\/\/ifeelonline.com\/fr\/initiatives-prevention-bien-etre-mental\/\"> les mesures de pr\u00e9vention<\/a> qui pourraient \u00eatre d\u00e9ploy\u00e9es pour <a href=\"https:\/\/ifeelonline.com\/fr\/causes-consequences-de-l-absenteisme-en-france\/\">limiter le recours aux arr\u00eats maladie<\/a>. La balance entre \u00e9conomies budg\u00e9taires et bien-\u00eatre des collaborateurs est d\u00e9licate et n\u00e9cessite une approche \u00e9quilibr\u00e9e et consciente.<\/p>\n\n\n\n<p>Pour vous aider dans ce processus, notre \u00e9quipe de psychologues cliniciens a d\u00e9velopp\u00e9 <strong><a href=\"https:\/\/ifeelonline.com\/fr\/guide-pour-renforcer-votre-strategie-en-matiere-de-talents\/?partner=ifeel_internLinkPost\">un guide pour stimuler votre strat\u00e9gie en mati\u00e8re de talents<\/a><\/strong> ainsi qu&rsquo;<strong><a href=\"https:\/\/ifeelonline.com\/fr\/boite-a-outils-rh\/agenda-annuel-pour-les-grandes-entreprises\/?partner=ifeel_internLinkPost\">un planning annuel pour les grandes entreprises<\/a><\/strong>, qui propose un guide de strat\u00e9gies pour promouvoir la sant\u00e9 et la productivit\u00e9 tout au long de l\u2019ann\u00e9e.&nbsp;<strong><a href=\"https:\/\/ifeelonline.com\/fr\/boite-a-outils-rh\/agenda-annuel-pour-les-grandes-entreprises\/?partner=ifeel_internLinkPost\">T\u00e9l\u00e9chargez-le gratuitemen<\/a><\/strong>t !<\/p>\n\n\n\n<p>De plus, notre \u00e9quipe clinique offre aux entreprises leaders de leur secteur&nbsp;<strong><a href=\"https:\/\/ifeelonline.com\/fr\/comment-ca-marche\/?partner=ifeel_internLinkPost\">une solution dynamique, \u00e9volutive et enti\u00e8rement personnalis\u00e9e, optimis\u00e9e par l\u2019IA<\/a><\/strong>. Nous avons une strat\u00e9gie et une approche bas\u00e9es sur des donn\u00e9es cl\u00e9s pour aider les organisations ayant une pr\u00e9sence mondiale \u00e0 relever l\u2019<strong>un des plus grands d\u00e9fis commerciaux actuels : la sant\u00e9 mentale au travail.<\/strong><br><br>Nous travaillons en partenariat avec des entreprises du monde entier pour&nbsp;<strong>inspirer la croissance humaine et guider les organisations<\/strong>&nbsp;dans l\u2019instauration d\u2019une&nbsp;<strong><a href=\"https:\/\/ifeelonline.com\/fr\/culture-positive\/?partner=ifeel_internLinkPost\">culture positive du bien-\u00eatre mental<\/a><\/strong>. Une approche sur mesure et centr\u00e9e sur les personnes qui place la sant\u00e9 de vos collaborateurs au centre, en tant que pilier fondamental pour<strong><a href=\"https:\/\/ifeelonline.com\/fr\/guide-pour-renforcer-votre-strategie-en-matiere-de-talents\/?partner=ifeel_internLinkPost\">&nbsp;attirer et retenir les talents<\/a><\/strong>&nbsp;ainsi que pour renforcer leur sentiment d\u2019appartenance.<\/p>\n\n\n\n<p>Cette solution offre aux collaborateurs un service de soins de sant\u00e9 mentale structur\u00e9 en diff\u00e9rents niveaux&nbsp;<strong>en fonction de leurs besoins \u00e0 tout moment<\/strong>. D\u00e9couvrez notre section Ressources o\u00f9 vous trouverez diff\u00e9rents supports, tels que&nbsp;<a href=\"https:\/\/ifeelonline.com\/fr\/media-hub-ifeel\/?partner=ifeel_internLinkPost\">des webinaires, des podcasts<\/a>,&nbsp;<a href=\"https:\/\/ifeelonline.com\/fr\/boite-a-outils-rh\/?partner=ifeel_internLinkPost\">des guides pour les ressources humaines<\/a>&nbsp;sur des sujets d\u2019actualit\u00e9 et des&nbsp;<a href=\"https:\/\/ifeelonline.com\/entrevistas-ifeel\/\">entretiens avec<\/a>&nbsp;des dirigeants de grandes organisations.<\/p>\n\n\n\n<h4 class=\"wp-block-heading\"><strong>M\u00e9thodologie bas\u00e9e sur les donn\u00e9es :<\/strong><\/h4>\n\n\n\n<p>Notre solution de sant\u00e9 mentale pour les entreprises utilise des pratiques fond\u00e9es sur des preuves et des m\u00e9thodes innovantes, \u00e9tay\u00e9es par les recherches les plus r\u00e9centes et un r\u00e9seau de plus de 600 professionnels de la sant\u00e9 mentale. Vous souhaitez en savoir plus sur&nbsp;<strong><a href=\"https:\/\/ifeelonline.com\/fr\/notre-departement-de-recherche-clinique\/\">notre d\u00e9partement de recherche clinique<\/a><\/strong>&nbsp;? N\u2019oubliez pas de visiter cette section pour vous tenir inform\u00e9 des&nbsp;<strong>derni\u00e8res \u00e9tudes et recherches en mati\u00e8re de sant\u00e9 mentale en entreprise.<\/strong><\/p>\n\n\n\n<p>Nous esp\u00e9rons que cet article sur <strong>les r\u00e9formes de l&rsquo;indemnisation des arr\u00eats maladie en France<\/strong> vous a int\u00e9ress\u00e9. Pour\u00a0<a href=\"https:\/\/ifeelonline.com\/fr\/comment-ca-marche\/?partner=ifeel_internLinkPost\">plus d\u2019informations<\/a>\u00a0sur sur le <strong>ROI de notre solution personnalis\u00e9e de sant\u00e9 mentale pour les entreprises<\/strong>,\u00a0<a href=\"https:\/\/ifeelonline.com\/fr\/demander-une-demo\/?partner=ifeel_internLinkPost\">contactez-nous<\/a>\u00a0!<\/p>\n\n    <div class=\"xs_social_share_widget xs_share_url after_content \t\tmain_content  wslu-style-1 wslu-share-box-shaped wslu-fill-colored wslu-none wslu-share-horizontal wslu-theme-font-no wslu-main_content\">\n\n\t\t\n        <ul>\n\t\t\t        <\/ul>\n    <\/div> \n","protected":false},"excerpt":{"rendered":"<p>Les r\u00e9formes de l&rsquo;indemnisation des arr\u00eats maladie en France, annonc\u00e9es pour entrer en vigueur le 1er avril 2025, suscitent de nombreuses interrogations et pr\u00e9occupations aussi bien chez les salari\u00e9s que chez les employeurs. Dans un contexte \u00e9conomique o\u00f9 la gestion des ressources financi\u00e8res de l&rsquo;\u00c9tat est scrut\u00e9e avec attention, ces nouvelles mesures s&rsquo;inscrivent dans un [&hellip;]<\/p>\n","protected":false},"author":53,"featured_media":12473,"comment_status":"closed","ping_status":"open","sticky":false,"template":"","format":"standard","meta":{"content-type":"","postBodyCss":"","postBodyMargin":[],"postBodyPadding":[],"postBodyBackground":{"backgroundType":"classic","gradient":""},"footnotes":""},"categories":[27,40],"tags":[],"class_list":["post-12472","post","type-post","status-publish","format-standard","has-post-thumbnail","hentry","category-bien-etre-au-travail","category-ressources-humaines"],"_links":{"self":[{"href":"https:\/\/ifeelonline.com\/fr\/wp-json\/wp\/v2\/posts\/12472","targetHints":{"allow":["GET"]}}],"collection":[{"href":"https:\/\/ifeelonline.com\/fr\/wp-json\/wp\/v2\/posts"}],"about":[{"href":"https:\/\/ifeelonline.com\/fr\/wp-json\/wp\/v2\/types\/post"}],"author":[{"embeddable":true,"href":"https:\/\/ifeelonline.com\/fr\/wp-json\/wp\/v2\/users\/53"}],"replies":[{"embeddable":true,"href":"https:\/\/ifeelonline.com\/fr\/wp-json\/wp\/v2\/comments?post=12472"}],"version-history":[{"count":0,"href":"https:\/\/ifeelonline.com\/fr\/wp-json\/wp\/v2\/posts\/12472\/revisions"}],"wp:featuredmedia":[{"embeddable":true,"href":"https:\/\/ifeelonline.com\/fr\/wp-json\/wp\/v2\/media\/12473"}],"wp:attachment":[{"href":"https:\/\/ifeelonline.com\/fr\/wp-json\/wp\/v2\/media?parent=12472"}],"wp:term":[{"taxonomy":"category","embeddable":true,"href":"https:\/\/ifeelonline.com\/fr\/wp-json\/wp\/v2\/categories?post=12472"},{"taxonomy":"post_tag","embeddable":true,"href":"https:\/\/ifeelonline.com\/fr\/wp-json\/wp\/v2\/tags?post=12472"}],"curies":[{"name":"wp","href":"https:\/\/api.w.org\/{rel}","templated":true}]}}