{"id":12312,"date":"2025-03-04T17:43:58","date_gmt":"2025-03-04T16:43:58","guid":{"rendered":"https:\/\/ifeelonline.com\/fr\/?p=12312"},"modified":"2025-03-04T17:44:00","modified_gmt":"2025-03-04T16:44:00","slug":"les-avantages-preferes-des-travailleurs","status":"publish","type":"post","link":"https:\/\/ifeelonline.com\/fr\/les-avantages-preferes-des-travailleurs\/","title":{"rendered":"Top 5 des avantages pr\u00e9f\u00e9r\u00e9s des salari\u00e9s fran\u00e7ais"},"content":{"rendered":"\n<p>Dans un march\u00e9 de l&#8217;emploi en constante \u00e9volution, <strong>les entreprises cherchent \u00e0 se d\u00e9marquer en offrant des avantages salariaux attractifs<\/strong> qui r\u00e9pondent aux attentes changeantes des travailleurs. <br><br>En 2025, <strong>les attentes des travailleurs fran\u00e7ais se concentrent sur des avantages qui favorisent la flexibilit\u00e9, le bien-\u00eatre et la s\u00e9curit\u00e9 financi\u00e8re.<\/strong> Les entreprises qui r\u00e9ussissent \u00e0 int\u00e9grer ces \u00e9l\u00e9ments dans leur politique de ressources humaines non seulement <strong><a href=\"https:\/\/ifeelonline.com\/fr\/guide-pour-renforcer-votre-strategie-en-matiere-de-talents\/?partner=ifeel_internLinkPost\">attirent de nouveaux talents, mais parviennent \u00e9galement \u00e0 fid\u00e9liser leurs employ\u00e9s actuels<\/a><\/strong>. R\u00e9pondre \u00e0 ces besoins \u00e9volutifs est crucial pour <strong><a href=\"https:\/\/ifeelonline.com\/fr\/future-of-work-sante-mentale\/\">cr\u00e9er un environnement de travail attractif et motivant<\/a><\/strong>. Voici un aper\u00e7u des avantages salariaux pr\u00e9f\u00e9r\u00e9s des travailleurs fran\u00e7ais, bas\u00e9 sur les tendances et \u00e9tudes r\u00e9centes.<\/p>\n\n\n\n<figure class=\"wp-block-image size-full\"><img fetchpriority=\"high\" decoding=\"async\" width=\"632\" height=\"614\" src=\"https:\/\/ifeelonline.com\/fr\/wp-content\/uploads\/sites\/3\/2024\/11\/FR_\u00bfQue-buscan-los-empleados-en-una-empresa_.png\" alt=\"avantages salari\u00e9s\" class=\"wp-image-11655\" srcset=\"https:\/\/ifeelonline.com\/fr\/wp-content\/uploads\/sites\/3\/2024\/11\/FR_\u00bfQue-buscan-los-empleados-en-una-empresa_.png 632w, https:\/\/ifeelonline.com\/fr\/wp-content\/uploads\/sites\/3\/2024\/11\/FR_\u00bfQue-buscan-los-empleados-en-una-empresa_-300x291.png 300w\" sizes=\"(max-width: 632px) 100vw, 632px\" \/><\/figure>\n\n\n\n<h2 class=\"wp-block-heading\">Flexibilit\u00e9 et t\u00e9l\u00e9travail : un besoin incontournable<\/h2>\n\n\n\n<p>La flexibilit\u00e9 horaire, souvent associ\u00e9e au <a href=\"https:\/\/ifeelonline.com\/fr\/teletravail-defis-et-perspectives\/\">t\u00e9l\u00e9travail<\/a>, est <strong>l&rsquo;avantage le plus pris\u00e9 parmi les salari\u00e9s fran\u00e7ais<\/strong>. Cet avantage permet aux employ\u00e9s de g\u00e9rer leur emploi du temps de mani\u00e8re autonome, facilitant ainsi <strong><a href=\"https:\/\/ifeelonline.com\/fr\/equilibre-vie-professionnelle-vie-personnelle\/\">l&rsquo;\u00e9quilibre entre vie professionnelle et personnelle<\/a><\/strong>. La possibilit\u00e9 de travailler \u00e0 distance ou d&rsquo;adapter ses horaires est devenue essentielle pour les travailleurs, particuli\u00e8rement dans les secteurs o\u00f9 la pr\u00e9sence physique n&rsquo;est pas indispensable. D&rsquo;apr\u00e8s <a href=\"https:\/\/www.weforum.org\/stories\/2024\/01\/remote-global-digital-jobs-whitepaper\/\" target=\"_blank\" rel=\"noopener\">une \u00e9tude<\/a>, d&rsquo;ici 2030, on estime que le nombre de ces emplois num\u00e9riques mondiaux pouvant \u00eatre exerc\u00e9s \u00e0 distance depuis n&rsquo;importe o\u00f9 devrait augmenter d&rsquo;environ 25 % pour atteindre environ 92 millions.<\/p>\n\n\n\n<h2 class=\"wp-block-heading\">Bien-\u00eatre et sant\u00e9 mentale au travail : au-del\u00e0 de la simple r\u00e9mun\u00e9ration<\/h2>\n\n\n\n<p>La sant\u00e9 mentale en entreprise est devenue un enjeu crucial dans le monde professionnel, notamment depuis l\u2019annonce de\u00a0<strong>la sant\u00e9 mentale comme <a href=\"https:\/\/ifeelonline.com\/fr\/sante-mentale-grande-cause-nationale-2025\/\">grande cause nationale 2025<\/a><\/strong>\u00a0par\u00a0<a href=\"https:\/\/www.youtube.com\/watch?v=XVHFDfaqMF8\" target=\"_blank\" rel=\"noreferrer noopener\">le Premier Ministre Michel Barnier<\/a>. Avec l&rsquo;acc\u00e9l\u00e9ration des rythmes de travail et l&rsquo;augmentation des exigences professionnelles, les entreprises prennent conscience de l&rsquo;importance de <a href=\"https:\/\/ifeelonline.com\/fr\/soutien-psychologique-en-entreprise-un-atout-pour-vos-colloborateurs\/\">soutenir le bien-\u00eatre psychologique de leurs collaborateurs<\/a>. <a href=\"https:\/\/ifeelonline.com\/fr\/6-etapes-creer-un-environnement-de-travail-sain\/\">Un environnement de travail sain<\/a> et psychologiquement s\u00fbr favorise non seulement le bien-\u00eatre des collaborateurs, mais \u00e9galement leur productivit\u00e9 et leur engagement. Pour ce faire, de nombreuses entreprises int\u00e8grent d\u00e9sormais <a href=\"https:\/\/ifeelonline.com\/fr\/soutien-psychologique-en-entreprise-un-atout-pour-vos-colloborateurs\/\">des programmes de soutien psychologique<\/a> comme ifeel, des acc\u00e8s \u00e0 des services de th\u00e9rapie en ligne, et des initiatives visant \u00e0 r\u00e9duire le stress, telles que des ateliers de mindfulness et des s\u00e9ances de relaxation.<br><br>Ces mesures ne sont pas seulement b\u00e9n\u00e9fiques pour les \u00e9quipes, mais elles contribuent aussi \u00e0 <strong>r\u00e9duire <a href=\"https:\/\/ifeelonline.com\/fr\/causes-consequences-de-l-absenteisme-en-france\/\">l&rsquo;absent\u00e9isme<\/a> et le turnover<\/strong>, tout en am\u00e9liorant l&rsquo;image de l&rsquo;entreprise. En investissant dans la sant\u00e9 mentale, les entreprises montrent leur engagement envers le bien-\u00eatre global de leurs collaborateurs,<strong> renfor\u00e7ant ainsi la culture d&rsquo;entreprise et la coh\u00e9sion des \u00e9quipes<\/strong>.<\/p>\n\n\n\n<h2 class=\"wp-block-heading\">Protection sociale renforc\u00e9e : une s\u00e9curit\u00e9 sssentielle<\/h2>\n\n\n\n<p>Dans un monde professionnel en constante \u00e9volution, <strong>les collaborateurs recherchent de plus en plus une s\u00e9curit\u00e9 accrue en mati\u00e8re de sant\u00e9<\/strong>. <a href=\"https:\/\/ifeelonline.com\/fr\/complementaire-sante-et-reduction-absenteisme\/\">Les compl\u00e9mentaires sant\u00e9 et les services de t\u00e9l\u00e9consultation<\/a> sont devenus des \u00e9l\u00e9ments cl\u00e9s de cette protection sociale renforc\u00e9e. Ils offrent une tranquillit\u00e9 d&rsquo;esprit face aux incertitudes de la vie, en garantissant un acc\u00e8s rapide et facile aux soins de sant\u00e9 sans les contraintes financi\u00e8res et logistiques habituelles.<br><br>En proposant de tels avantages, <strong>les entreprises d\u00e9montrent leur engagement envers la sant\u00e9 et le bien-\u00eatre de leurs collaborateurs<\/strong>, ce qui peut \u00e9galement renforcer la fid\u00e9lit\u00e9 et l&rsquo;attractivit\u00e9 de l&rsquo;entreprise. Une bonne couverture sant\u00e9 est souvent un facteur d\u00e9terminant dans le choix d&rsquo;un employeur pour les candidats, et elle contribue \u00e0 <strong>r\u00e9duire l&rsquo;absent\u00e9isme li\u00e9 \u00e0 des probl\u00e8mes de sant\u00e9 non trait\u00e9s<\/strong>.<\/p>\n\n\n\n<h2 class=\"wp-block-heading\">Avantages financiers : une s\u00e9curit\u00e9 renforc\u00e9e<\/h2>\n\n\n\n<p><strong>Les employ\u00e9s attachent une grande importance \u00e0 des avantages financiers qui compl\u00e8tent leur r\u00e9mun\u00e9ration.<\/strong> Les titres-restaurants, les ch\u00e8ques-cadeaux et les primes d&rsquo;int\u00e9ressement restent tr\u00e8s populaires. Ces avantages offrent une s\u00e9curit\u00e9 suppl\u00e9mentaire et montrent l&rsquo;engagement de l&rsquo;entreprise envers <strong><a href=\"https:\/\/ifeelonline.com\/fr\/bien-etre-financier-des-salaries-en-france\/\">le bien-\u00eatre financier de ses collaborateurs<\/a><\/strong>.<\/p>\n\n\n\n<h3 class=\"wp-block-heading\">Tickets restaurant<\/h3>\n\n\n\n<p><strong><a href=\"https:\/\/ifeelonline.com\/fr\/tickets-restaurant-flexibilite-et-avantages\/\">Les tickets restaurant <\/a>demeurent un pilier des avantages sociaux en France<\/strong>, appr\u00e9ci\u00e9s tant par les employ\u00e9s que par les employeurs. Ils permettent aux salari\u00e9s de b\u00e9n\u00e9ficier de repas \u00e9quilibr\u00e9s \u00e0 moindre co\u00fbt, ce qui contribue significativement \u00e0 leur bien-\u00eatre quotidien et \u00e0 leur performance au travail. De plus, <strong>avec l&rsquo;augmentation constante du co\u00fbt de la vie, cet avantage se r\u00e9v\u00e8le particuli\u00e8rement pertinent<\/strong>, offrant une aide financi\u00e8re bienvenue pour les frais de restauration. Les titres-restaurants encouragent \u00e9galement la convivialit\u00e9 entre coll\u00e8gues, car ils sont souvent utilis\u00e9s pour partager des repas en groupe, <strong>renfor\u00e7ant ainsi les liens sociaux et la coh\u00e9sion d&rsquo;\u00e9quipe<\/strong>. Pour les employeurs, proposer des tickets restaurants peut \u00e9galement \u00eatre fiscalement avantageux, ce qui en fait <strong>une solution gagnant-gagnant<\/strong>.<\/p>\n\n\n\n<h3 class=\"wp-block-heading\">Primes et int\u00e9ressement financier<\/h3>\n\n\n\n<p>Les primes et l&rsquo;int\u00e9ressement aux r\u00e9sultats de l&rsquo;entreprise sont des \u00e9l\u00e9ments financiers qui compl\u00e8tent le salaire de base. Ils permettent aux collaborateurs de b\u00e9n\u00e9ficier directement de la r\u00e9ussite de l&rsquo;entreprise, <strong>renfor\u00e7ant ainsi <a href=\"https:\/\/ifeelonline.com\/fr\/l-engagement-dans-les-grandes-entreprises\/\">leur engagement<\/a> et leur motivation.<\/strong><\/p>\n\n\n\n<p><strong>Les avantages salariaux pr\u00e9f\u00e9r\u00e9s par les travailleurs fran\u00e7ais<\/strong><\/p>\n\n\n\n<figure class=\"wp-block-table\"><table class=\"has-fixed-layout\"><thead><tr><th><strong>Avantage<\/strong><\/th><th><strong>Description<\/strong><\/th><\/tr><\/thead><tbody><tr><td><strong>Flexibilit\u00e9 horaire<\/strong><\/td><td>Adaptation des horaires de travail aux besoins personnels<\/td><\/tr><tr><td><strong>T\u00e9l\u00e9travail<\/strong><\/td><td>Possibilit\u00e9 de travailler \u00e0 distance pour un meilleur \u00e9quilibre vie pro\/vie perso<\/td><\/tr><tr><td><strong>Programmes de bien-\u00eatre<\/strong><\/td><td>Acc\u00e8s \u00e0 des activit\u00e9s sportives et de relaxation<\/td><\/tr><tr><td><strong>Protection sociale et sant\u00e9<\/strong><\/td><td>Compl\u00e9mentaire sant\u00e9, t\u00e9l\u00e9consultations m\u00e9dicales, soutien psychologique<\/td><\/tr><tr><td><strong>Avantages financiers<\/strong><\/td><td>Titres-restaurants, ch\u00e8ques-cadeaux, primes et int\u00e9ressement<\/td><\/tr><\/tbody><\/table><\/figure>\n\n\n\n<figure class=\"wp-block-image size-full\"><img decoding=\"async\" width=\"700\" height=\"769\" src=\"https:\/\/ifeelonline.com\/fr\/wp-content\/uploads\/sites\/3\/2025\/02\/beneficios-sociales-FR.webp\" alt=\"avantages sociaux\" class=\"wp-image-12286\" srcset=\"https:\/\/ifeelonline.com\/fr\/wp-content\/uploads\/sites\/3\/2025\/02\/beneficios-sociales-FR.webp 700w, https:\/\/ifeelonline.com\/fr\/wp-content\/uploads\/sites\/3\/2025\/02\/beneficios-sociales-FR-273x300.webp 273w\" sizes=\"(max-width: 700px) 100vw, 700px\" \/><\/figure>\n\n\n\n<h2 class=\"wp-block-heading\">La sant\u00e9 mentale au travail, l\u2019un des plus grands d\u00e9fis des entreprises aujourd\u2019hui<\/h2>\n\n\n\n<p>Chez ifeel, nous savons que<strong> les attentes des travailleurs fran\u00e7ais en mati\u00e8re d&rsquo;avantages salariaux \u00e9voluent vers des offres qui pr\u00f4nent la flexibilit\u00e9, le bien-\u00eatre et la s\u00e9curit\u00e9 financi\u00e8re.<\/strong> En 2025, les entreprises doivent s&rsquo;adapter pour r\u00e9pondre \u00e0 ces besoins, en int\u00e9grant des pratiques qui soutiennent un environnement de travail inclusif et motivant. En se concentrant sur ces aspects, elles peuvent non seulement attirer de nouveaux talents, mais aussi fid\u00e9liser leurs employ\u00e9s actuels.<\/p>\n\n\n\n<p>Pour vous aider dans ce processus, ifeel a d\u00e9velopp\u00e9&nbsp;<strong><a href=\"https:\/\/ifeelonline.com\/fr\/boite-a-outils-rh\/agenda-annuel-pour-les-grandes-entreprises\/?partner=ifeel_internLinkPost\">un planning annuel pour les grandes entreprises<\/a><\/strong>, qui propose un guide de strat\u00e9gies pour promouvoir la sant\u00e9 et la productivit\u00e9 tout au long de l\u2019ann\u00e9e dans votre organisation.&nbsp;<strong><a href=\"https:\/\/ifeelonline.com\/fr\/boite-a-outils-rh\/agenda-annuel-pour-les-grandes-entreprises\/?partner=ifeel_internLinkPost\">T\u00e9l\u00e9chargez-le gratuitemen<\/a><\/strong>t !<\/p>\n\n\n\n<p>De plus, notre \u00e9quipe clinique offre aux entreprises leaders de leur secteur&nbsp;<strong><a href=\"https:\/\/ifeelonline.com\/fr\/comment-ca-marche\/?partner=ifeel_internLinkPost\">une solution dynamique, \u00e9volutive et enti\u00e8rement personnalis\u00e9e, optimis\u00e9e par l\u2019IA<\/a><\/strong>. Nous avons une strat\u00e9gie et une approche bas\u00e9es sur des donn\u00e9es cl\u00e9s pour aider les organisations ayant une pr\u00e9sence mondiale \u00e0 relever&nbsp;<strong>l<\/strong>\u2018<strong>un des plus grands d\u00e9fis commerciaux actuels : la sant\u00e9 mentale au travail.<\/strong><br><br>Nous travaillons en partenariat avec des entreprises du monde entier pour&nbsp;<strong>inspirer la croissance humaine et guider les organisations<\/strong>&nbsp;dans l\u2019instauration d\u2019une&nbsp;<strong><a href=\"https:\/\/ifeelonline.com\/fr\/culture-positive\/?partner=ifeel_internLinkPost\">culture positive du bien-\u00eatre mental<\/a><\/strong>. Une approche sur mesure et centr\u00e9e sur les personnes qui place la sant\u00e9 de vos collaborateurs au centre, en tant que pilier fondamental pour<strong><a href=\"https:\/\/ifeelonline.com\/fr\/guide-pour-renforcer-votre-strategie-en-matiere-de-talents\/?partner=ifeel_internLinkPost\">&nbsp;attirer et retenir les talents<\/a><\/strong>&nbsp;ainsi que pour renforcer leur sentiment d\u2019appartenance.<\/p>\n\n\n\n<p>Cette solution offre aux collaborateurs un service de soins de sant\u00e9 mentale structur\u00e9 en diff\u00e9rents niveaux&nbsp;<strong>en fonction de leurs besoins \u00e0 tout moment<\/strong>. D\u00e9couvrez notre section Ressources o\u00f9 vous trouverez diff\u00e9rents supports, tels que&nbsp;<a href=\"https:\/\/ifeelonline.com\/fr\/media-hub-ifeel\/?partner=ifeel_internLinkPost\">des webinaires, des podcasts<\/a>,&nbsp;<a href=\"https:\/\/ifeelonline.com\/fr\/boite-a-outils-rh\/?partner=ifeel_internLinkPost\">des guides pour les ressources humaines<\/a>&nbsp;sur des sujets d\u2019actualit\u00e9 et des&nbsp;<a href=\"https:\/\/ifeelonline.com\/entrevistas-ifeel\/\">entretiens avec<\/a>&nbsp;des dirigeants de grandes organisations.<\/p>\n\n\n\n<h4 class=\"wp-block-heading\"><strong>M\u00e9thodologie bas\u00e9e sur les donn\u00e9es :<\/strong><\/h4>\n\n\n\n<p>Notre solution de sant\u00e9 mentale pour les entreprises utilise des pratiques fond\u00e9es sur des preuves et des m\u00e9thodes innovantes, \u00e9tay\u00e9es par les recherches les plus r\u00e9centes et un r\u00e9seau de plus de 600 professionnels de la sant\u00e9 mentale. Vous souhaitez en savoir plus sur&nbsp;<strong><a href=\"https:\/\/ifeelonline.com\/fr\/notre-departement-de-recherche-clinique\/\">notre d\u00e9partement de recherche clinique<\/a><\/strong>&nbsp;? N\u2019oubliez pas de visiter cette section pour vous tenir inform\u00e9 des&nbsp;<strong>derni\u00e8res \u00e9tudes et recherches en mati\u00e8re de sant\u00e9 mentale en entreprise.<\/strong><\/p>\n\n\n\n<p>Nous esp\u00e9rons que cet article sur\u00a0<strong>les avantages pr\u00e9f\u00e9r\u00e9s des salari\u00e9s fran\u00e7ais<\/strong>\u00a0vous a int\u00e9ress\u00e9. Pour\u00a0<a href=\"https:\/\/ifeelonline.com\/fr\/comment-ca-marche\/?partner=ifeel_internLinkPost\">plus d\u2019informations<\/a>\u00a0sur les solutions d\u2019ifeel en mati\u00e8re de bien-\u00eatre mental pour les entreprises,\u00a0<a href=\"https:\/\/ifeelonline.com\/fr\/demander-une-demo\/?partner=ifeel_internLinkPost\">contactez-nous<\/a>\u00a0!<\/p>\n\n    <div class=\"xs_social_share_widget xs_share_url after_content \t\tmain_content  wslu-style-1 wslu-share-box-shaped wslu-fill-colored wslu-none wslu-share-horizontal wslu-theme-font-no wslu-main_content\">\n\n\t\t\n        <ul>\n\t\t\t        <\/ul>\n    <\/div> \n","protected":false},"excerpt":{"rendered":"<p>Dans un march\u00e9 de l&#8217;emploi en constante \u00e9volution, les entreprises cherchent \u00e0 se d\u00e9marquer en offrant des avantages salariaux attractifs qui r\u00e9pondent aux attentes changeantes des travailleurs. En 2025, les attentes des travailleurs fran\u00e7ais se concentrent sur des avantages qui favorisent la flexibilit\u00e9, le bien-\u00eatre et la s\u00e9curit\u00e9 financi\u00e8re. Les entreprises qui r\u00e9ussissent \u00e0 int\u00e9grer [&hellip;]<\/p>\n","protected":false},"author":53,"featured_media":12313,"comment_status":"closed","ping_status":"open","sticky":false,"template":"","format":"standard","meta":{"content-type":"","postBodyCss":"","postBodyMargin":[],"postBodyPadding":[],"postBodyBackground":{"backgroundType":"classic","gradient":""},"footnotes":""},"categories":[27,37],"tags":[],"class_list":["post-12312","post","type-post","status-publish","format-standard","has-post-thumbnail","hentry","category-bien-etre-au-travail","category-motivation-au-travail"],"_links":{"self":[{"href":"https:\/\/ifeelonline.com\/fr\/wp-json\/wp\/v2\/posts\/12312","targetHints":{"allow":["GET"]}}],"collection":[{"href":"https:\/\/ifeelonline.com\/fr\/wp-json\/wp\/v2\/posts"}],"about":[{"href":"https:\/\/ifeelonline.com\/fr\/wp-json\/wp\/v2\/types\/post"}],"author":[{"embeddable":true,"href":"https:\/\/ifeelonline.com\/fr\/wp-json\/wp\/v2\/users\/53"}],"replies":[{"embeddable":true,"href":"https:\/\/ifeelonline.com\/fr\/wp-json\/wp\/v2\/comments?post=12312"}],"version-history":[{"count":0,"href":"https:\/\/ifeelonline.com\/fr\/wp-json\/wp\/v2\/posts\/12312\/revisions"}],"wp:featuredmedia":[{"embeddable":true,"href":"https:\/\/ifeelonline.com\/fr\/wp-json\/wp\/v2\/media\/12313"}],"wp:attachment":[{"href":"https:\/\/ifeelonline.com\/fr\/wp-json\/wp\/v2\/media?parent=12312"}],"wp:term":[{"taxonomy":"category","embeddable":true,"href":"https:\/\/ifeelonline.com\/fr\/wp-json\/wp\/v2\/categories?post=12312"},{"taxonomy":"post_tag","embeddable":true,"href":"https:\/\/ifeelonline.com\/fr\/wp-json\/wp\/v2\/tags?post=12312"}],"curies":[{"name":"wp","href":"https:\/\/api.w.org\/{rel}","templated":true}]}}