{"id":11695,"date":"2024-12-11T16:38:43","date_gmt":"2024-12-11T15:38:43","guid":{"rendered":"https:\/\/ifeelonline.com\/fr\/?p=11695"},"modified":"2024-12-11T16:38:45","modified_gmt":"2024-12-11T15:38:45","slug":"creer-systeme-de-reconnaissance-en-entreprise","status":"publish","type":"post","link":"https:\/\/ifeelonline.com\/fr\/creer-systeme-de-reconnaissance-en-entreprise\/","title":{"rendered":"5 \u00e9tapes pour cr\u00e9er un syst\u00e8me de reconnaissance en entreprise"},"content":{"rendered":"\n<p>Imaginez un environnement d&rsquo;entreprise o\u00f9 chaque r\u00e9ussite est c\u00e9l\u00e9br\u00e9e et chaque effort reconnu ; dans ce cadre, <strong>la reconnaissance en entreprise<\/strong> n&rsquo;est pas un simple compl\u00e9ment, <strong>mais une composante essentielle pour <a href=\"https:\/\/ifeelonline.com\/fr\/programmes-de-recompense-reconnaissance-des-collaborateurs\/\">cultiver la loyaut\u00e9 et la motivation des employ\u00e9s<\/a>.<\/strong><\/p>\n\n\n\n<p>R\u00e9fl\u00e9chissez aux r\u00e9sultats qu&rsquo;une entreprise pourrait obtenir en valorisant et en reconnaissant constamment ses collaborateurs. Il est probable qu&rsquo;elle atteigne des niveaux plus \u00e9lev\u00e9s de productivit\u00e9, d&rsquo;innovation, et de loyaut\u00e9, cr\u00e9ant ainsi un environnement de travail o\u00f9 r\u00e9ussite et bien-\u00eatre se renforcent mutuellement.<\/p>\n\n\n\n<p>Dans le contexte commercial dynamique actuel, <strong>\u00e9laborer une strat\u00e9gie efficace de reconnaissance des employ\u00e9s dans une culture d&rsquo;entreprise positive<\/strong> permet non seulement d&rsquo;am\u00e9liorer <a href=\"https:\/\/ifeelonline.com\/fr\/satisfaction-professionnelle\/\">la satisfaction au travail<\/a>, mais aussi d&rsquo;impacter positivement la productivit\u00e9 et le bien-\u00eatre g\u00e9n\u00e9ral de la main-d&rsquo;\u0153uvre.<\/p>\n\n\n\n<h2 class=\"wp-block-heading\">Qu&rsquo;est-ce que la reconnaissance sur le lieu de travail ?<\/h2>\n\n\n\n<p>La reconnaissance sur le lieu de travail consiste \u00e0<strong> valoriser et \u00e0 r\u00e9compenser les r\u00e9alisations, les efforts et les comportements positifs des collaborateurs<\/strong> au sein d&rsquo;une organisation. L&rsquo;objectif d&rsquo;une strat\u00e9gie de reconnaissance sur le lieu de travail est donc de motiver les collaborateurs, d&rsquo;am\u00e9liorer leur moral et de favoriser un environnement de travail positif.<\/p>\n\n\n\n<figure class=\"wp-block-table\"><table class=\"has-fixed-layout\"><thead><tr><th><strong>Forme de Reconnaissance<\/strong><\/th><th><strong>Description<\/strong><\/th><\/tr><\/thead><tbody><tr><td><strong>Reconnaissance verbale<\/strong><\/td><td>Remerciements ou \u00e9loges lors de r\u00e9unions.<\/td><\/tr><tr><td><strong>Prix et certificats<\/strong><\/td><td>Attribu\u00e9s lors de c\u00e9r\u00e9monies pour souligner des r\u00e9alisations sp\u00e9cifiques ou des anniversaires de travail.<\/td><\/tr><tr><td><strong>Primes et avantages<\/strong><\/td><td>Incitations financi\u00e8res li\u00e9es aux performances ou \u00e0 la r\u00e9alisation d&rsquo;objectifs. Offrir des r\u00e9compenses financi\u00e8res ou des primes pour la r\u00e9alisation d&rsquo;objectifs strat\u00e9giques est un moyen tangible de montrer son appr\u00e9ciation.<\/td><\/tr><tr><td><strong>D\u00e9veloppement professionnel<\/strong><\/td><td>Offrir des possibilit\u00e9s de formation et de d\u00e9veloppement professionnel n&rsquo;est pas seulement motivant, mais contribue \u00e9galement au d\u00e9veloppement de comp\u00e9tences essentielles.<\/td><\/tr><tr><td><strong>Flexibilit\u00e9 du travail<\/strong><\/td><td>La mise en \u0153uvre de politiques de travail flexibles est une forme de reconnaissance qui valorise l&rsquo;\u00e9quilibre entre vie professionnelle et vie priv\u00e9e des collaborateurs.<\/td><\/tr><\/tbody><\/table><\/figure>\n\n\n\n<p>Une bonne strat\u00e9gie de reconnaissance du travail n&rsquo;am\u00e9liore pas seulement la satisfaction et l&rsquo;engagement des employ\u00e9s, mais contribue \u00e9galement \u00e0 r\u00e9duire <a href=\"https:\/\/ifeelonline.com\/fr\/turnover-rotation-du-personnel\/\">la rotation du personnel<\/a> et \u00e0 favoriser une culture organisationnelle positive. En substance, il s&rsquo;agit de <strong>montrer aux collaborateurs que leur travail et leurs contributions sont appr\u00e9ci\u00e9s<\/strong>, ce qui stimule leur motivation et leur productivit\u00e9.<\/p>\n\n\n\n<figure class=\"wp-block-image size-full\"><img fetchpriority=\"high\" decoding=\"async\" width=\"1024\" height=\"683\" src=\"https:\/\/ifeelonline.com\/fr\/wp-content\/uploads\/sites\/3\/2024\/11\/reconaissance-salaries.png\" alt=\"reconnaissance en entreprise\" class=\"wp-image-11700\" srcset=\"https:\/\/ifeelonline.com\/fr\/wp-content\/uploads\/sites\/3\/2024\/11\/reconaissance-salaries.png 1024w, https:\/\/ifeelonline.com\/fr\/wp-content\/uploads\/sites\/3\/2024\/11\/reconaissance-salaries-300x200.png 300w, https:\/\/ifeelonline.com\/fr\/wp-content\/uploads\/sites\/3\/2024\/11\/reconaissance-salaries-768x512.png 768w\" sizes=\"(max-width: 1024px) 100vw, 1024px\" \/><\/figure>\n\n\n\n<h2 class=\"wp-block-heading\">L&rsquo;importance d&rsquo;une strat\u00e9gie de reconnaissance en entreprise dans une culture positive<\/h2>\n\n\n\n<p>Selon des <a href=\"https:\/\/www.gallup.com\/workplace\/349484\/state-of-the-global-workplace.aspx#gcbShowPreferences\" target=\"_blank\" rel=\"noopener\">\u00e9tudes<\/a>, les entreprises qui mettent en \u0153uvre des pratiques de reconnaissance efficaces sont 21 % plus susceptibles d&rsquo;<strong>accro\u00eetre leur productivit\u00e9 et leur rentabilit\u00e9.<\/strong><\/p>\n\n\n\n<p>En effet, lorsque les collaborateurs se sentent reconnus et valoris\u00e9s,<strong> leur motivation \u00e0 contribuer et \u00e0 donner le meilleur d&rsquo;eux-m\u00eames augmente.<\/strong> Un plus grand engagement se traduit par une plus grande volont\u00e9 d&rsquo;investir des efforts et de la cr\u00e9ativit\u00e9 dans leur travail, ce qui stimule la productivit\u00e9.<\/p>\n\n\n\n<h4 class=\"wp-block-heading\"><strong>D\u00e9couvrez la premi\u00e8re solution de bien-\u00eatre mental<\/strong><\/h4>\n\n\n\n<p>En cons\u00e9quence, non seulement le bien-\u00eatre mental r\u00e9duit la rotation du personnel, <strong>diminuant <\/strong>ainsi <strong>les co\u00fbts <\/strong>li\u00e9s au recrutement et \u00e0 la formation, mais il favorise \u00e9galement une plus grande efficacit\u00e9 organisationnelle. Les <strong>entreprises peuvent ainsi fonctionner plus efficacement<\/strong> et se concentrer en permanence sur leurs objectifs strat\u00e9giques, ce qui se traduit par une <strong>rentabilit\u00e9 accrue.<\/strong><\/p>\n\n\n\n<p>\u00ab <em>Recevoir une reconnaissance, quelle qu&rsquo;elle soit, est toujours motivant, car cela signifie que ce que vous faites, ce qu&rsquo;une organisation s&rsquo;efforce d&rsquo;atteindre, fonctionne probablement bien.<\/em><\/p>\n\n\n\n<p><a href=\"https:\/\/ifeelonline.com\/entrevistas-ifeel-2024\/isabel-ruiz-maldonado\/\"><strong>Isabel Ruiz Maldonado, <\/strong>responsable des syst\u00e8mes de gestion int\u00e9gr\u00e9s chez <strong>Emasagra<\/strong>, une<\/a> entreprise partenaire d&rsquo;ifeel.<\/p>\n\n\n\n<h2 class=\"wp-block-heading\">Une strat\u00e9gie personnalis\u00e9e pour les grandes entreprises<\/h2>\n\n\n\n<p>Chaque grande entreprise a sa propre culture et sa propre dynamique, et la strat\u00e9gie de reconnaissance doit donc \u00eatre personnalis\u00e9e. En ce sens, l&rsquo;<strong>\u00e9coute des collaborateurs<\/strong> et l&rsquo;adaptation des strat\u00e9gies \u00e0 leurs besoins sp\u00e9cifiques sont fondamentales pour la r\u00e9ussite de tout programme de reconnaissance.<\/p>\n\n\n\n<p>Une strat\u00e9gie efficace de reconnaissance des employ\u00e9s doit s&rsquo;aligner sur les <a href=\"https:\/\/ifeelonline.com\/salud-laboral\/kpis-recursos-humanos\/\">indicateurs cl\u00e9s de performance des ressources humaines<\/a>. En mesurant l&rsquo;impact de la reconnaissance sur des indicateurs tels que le chiffre d&rsquo;affaires, l&rsquo;absent\u00e9isme et la satisfaction des employ\u00e9s, les organisations peuvent <strong>ajuster leurs programmes pour maximiser leur efficacit\u00e9.<\/strong><\/p>\n\n\n\n<p>Ces indicateurs aident les entreprises \u00e0 g\u00e9rer et \u00e0 optimiser leurs ressources humaines de mani\u00e8re plus efficace, en veillant \u00e0 ce que la strat\u00e9gie de reconnaissance des employ\u00e9s contribue directement aux objectifs de l&rsquo;organisation.<\/p>\n\n\n\n<p>Voici quelques \u00e9l\u00e9ments \u00e0 prendre en compte pour personnaliser une strat\u00e9gie de reconnaissance sur le lieu de travail dans les grandes entreprises :<\/p>\n\n\n\n<h3 class=\"wp-block-heading\"><strong>1.<\/strong> \u00c9valuer la culture d&rsquo;entreprise<\/h3>\n\n\n\n<p>Il est essentiel de <strong>comprendre les valeurs et croyances dominantes de l&rsquo;organisation<\/strong>. Cela vous permet de concevoir une strat\u00e9gie de reconnaissance au travail qui trouve un \u00e9cho aupr\u00e8s des collaborateurs et renforce la culture d&rsquo;entreprise existante.<\/p>\n\n\n\n<h3 class=\"wp-block-heading\">2. Segmentation du personnel<\/h3>\n\n\n\n<p>Les diff\u00e9rents d\u00e9partements ou r\u00e9gions peuvent avoir<strong>des besoins et des attentes diff\u00e9rents.<\/strong> En adaptant les programmes de reconnaissance \u00e0 chaque groupe, vous pouvez en accro\u00eetre l&rsquo;efficacit\u00e9.<\/p>\n\n\n\n<h3 class=\"wp-block-heading\"><strong>3.<\/strong> Int\u00e9gration de la technologie<\/h3>\n\n\n\n<p>Aujourd&rsquo;hui, la capacit\u00e9 d&rsquo;int\u00e9grer des outils d&rsquo;<a href=\"https:\/\/ifeelonline.com\/salud-laboral\/inteligencia-artificial-y-recursos-humanos\/\"> intelligence artificielle<\/a> dans les<a href=\"https:\/\/ifeelonline.com\/salud-laboral\/inteligencia-artificial-y-recursos-humanos\/\"> RH<\/a> a facilit\u00e9 de nombreuses proc\u00e9dures. En ce sens, l&rsquo;utilisation de plateformes num\u00e9riques pour g\u00e9rer et suivre la reconnaissance peut simplifier le processus et <strong>fournir des donn\u00e9es pr\u00e9cieuses <\/strong>sur son impact. Ces outils peuvent \u00e9galement faciliter la reconnaissance dans les entreprises dont les \u00e9quipes sont g\u00e9ographiquement dispers\u00e9es.<\/p>\n\n\n\n<h3 class=\"wp-block-heading\"><strong>4.<\/strong> <strong>Implication des dirigeants<\/strong><\/h3>\n\n\n\n<p>Les dirigeants devraient \u00eatre <strong>activement impliqu\u00e9s <\/strong>dans les initiatives de reconnaissance. Non seulement leur participation l\u00e9gitime le programme, mais elle <strong>incite <\/strong>\u00e9galement <strong>les autres \u00e0 appr\u00e9cier l <\/strong>&lsquo;importance de la reconnaissance.<\/p>\n\n\n\n<p>Ifeel vous invite \u00e0 t\u00e9l\u00e9charger son <a href=\"\u00ab\"><strong>\u00ab Guide des strat\u00e9gies pratiques pour pr\u00e9venir le micromanagement dans les \u00e9quipes de direction \u00bb,<\/strong><\/a> qui vous fournira les outils n\u00e9cessaires pour aborder ces questions et mettre en place un leadership sain et efficace.<\/p>\n\n\n\n<h2 class=\"wp-block-heading\">Impact sur le bien-\u00eatre des collaborateurs<\/h2>\n\n\n\n<p>La mise en \u0153uvre d&rsquo;une strat\u00e9gie de reconnaissance efficace sur le lieu de travail va au-del\u00e0 de la stimulation du moral : elle a un impact tangible sur la <a href=\"https:\/\/ifeelonline.com\/salud-laboral\/salud-mental-empleados\/\">sant\u00e9 et le bien-\u00eatre des collaborateurs<\/a>. Lorsque les employ\u00e9s se sentent r\u00e9ellement appr\u00e9ci\u00e9s, ils ressentent moins de stress et leur sant\u00e9 mentale s&rsquo;am\u00e9liore, ce qui se traduit par une baisse du taux d&rsquo;absent\u00e9isme et une augmentation de la productivit\u00e9.<\/p>\n\n\n\n<p>Il n&rsquo;existe pas de m\u00e9thode unique pour mettre en \u0153uvre une strat\u00e9gie de reconnaissance, car chaque organisation peut l&rsquo;adapter \u00e0 sa culture et \u00e0 <strong>ses besoins sp\u00e9cifiques<\/strong>. Par exemple, des initiatives innovantes telles que les <a href=\"https:\/\/ifeelonline.com\/salud-laboral\/recharge-day\/\">\u00ab journ\u00e9es de recharge \u00bb,<\/a> qui offrent des jours de cong\u00e9 suppl\u00e9mentaires, montrent comment la reconnaissance peut \u00eatre efficacement int\u00e9gr\u00e9e dans des programmes de bien-\u00eatre complets.<\/p>\n\n\n\n<p>Ces approches <strong>permettent non seulement de reconna\u00eetre les efforts individuels, mais aussi de favoriser un environnement de travail plus sain et plus \u00e9quilibr\u00e9<\/strong>, o\u00f9 les collaborateurs peuvent s&rsquo;\u00e9panouir tant sur le plan personnel que professionnel.<\/p>\n\n\n\n<figure class=\"wp-block-image size-full\"><img decoding=\"async\" width=\"1024\" height=\"683\" src=\"https:\/\/ifeelonline.com\/fr\/wp-content\/uploads\/sites\/3\/2024\/09\/bien-etre-en-entreprise.jpg\" alt=\"bien etre en entreprise\" class=\"wp-image-11163\" srcset=\"https:\/\/ifeelonline.com\/fr\/wp-content\/uploads\/sites\/3\/2024\/09\/bien-etre-en-entreprise.jpg 1024w, https:\/\/ifeelonline.com\/fr\/wp-content\/uploads\/sites\/3\/2024\/09\/bien-etre-en-entreprise-300x200.jpg 300w, https:\/\/ifeelonline.com\/fr\/wp-content\/uploads\/sites\/3\/2024\/09\/bien-etre-en-entreprise-768x512.jpg 768w\" sizes=\"(max-width: 1024px) 100vw, 1024px\" \/><\/figure>\n\n\n\n<h2 class=\"wp-block-heading\">Le leader europ\u00e9en des solutions de bien-\u00eatre mental pour les grandes organisations<\/h2>\n\n\n\n<p>Chez ifeel, nous savons que<strong>\u00a0le<\/strong>s programmes de reconnaissance et de r\u00e9compenses bien con\u00e7us peuvent\u00a0<strong>transformer la culture d\u2019entreprise<\/strong>\u00a0et<strong>\u00a0favoriser un environnement de travail positif et productif<\/strong>. En adoptant cette approche, les entreprises peuvent\u00a0<strong>am\u00e9liorer l\u2019<a href=\"https:\/\/ifeelonline.com\/fr\/programmes-incentive\/\">engagement des collaborateurs<\/a><\/strong>,\u00a0<strong>les motiver et les fid\u00e9liser.<\/strong><\/p>\n\n\n\n<p>Pour vous aider, notre \u00e9quipe de&nbsp;<a href=\"https:\/\/ifeelonline.com\/fr\/notre-departement-de-recherche-clinique\/\">psychologues<\/a>, experts en bien-\u00eatre au travail, a cr\u00e9\u00e9<strong>&nbsp;un programme de bien-\u00eatre mental pour les travailleurs&nbsp;<\/strong>qui a un impact positif sur&nbsp;<strong><a href=\"https:\/\/ifeelonline.com\/fr\/boite-a-outils-rh\/manuel-comment-prevenir-le-burnout-au-travail\/?partner=ifeel_internLinkPost\">la pr\u00e9vention du burnout<\/a><\/strong>,&nbsp;<strong><a href=\"https:\/\/ifeelonline.com\/fr\/comment-reduire-l-absenteisme\/\">la r\u00e9duction de l\u2019absent\u00e9isme<\/a><\/strong>&nbsp;et la lutte contre&nbsp;<strong><a href=\"https:\/\/ifeelonline.com\/fr\/outils\/identifier-le-stress-parmi-vos-employes\/?partner=ifeel_internLinkPost\">le stress des collaborateurs<\/a><\/strong>.<\/p>\n\n\n\n<p>Nous travaillons en partenariat avec des entreprises du monde entier pour&nbsp;<strong>inspirer la croissance humaine et guider les organisations<\/strong>&nbsp;dans l\u2019instauration d\u2019une&nbsp;<strong><a href=\"https:\/\/ifeelonline.com\/fr\/culture-positive\/?partner=ifeel_internLinkPost\">culture positive du bien-\u00eatre mental<\/a><\/strong>. Une approche sur mesure et centr\u00e9e sur les personnes qui place la sant\u00e9 de vos collaborateurs au centre, en tant que pilier fondamental pour<strong><a href=\"https:\/\/ifeelonline.com\/fr\/guide-pour-renforcer-votre-strategie-en-matiere-de-talents\/?partner=ifeel_internLinkPost\">&nbsp;attirer et retenir les talents<\/a><\/strong>&nbsp;ainsi que pour renforcer leur sentiment d\u2019appartenance.<\/p>\n\n\n\n<p><strong>Une solution unique, compl\u00e8te et \u00e9volutive&nbsp;<\/strong>qui utilise la puissance des donn\u00e9es pour fournir une compr\u00e9hension holistique du&nbsp;<strong><a href=\"https:\/\/ifeelonline.com\/fr\/soutien-psychologique-en-entreprise-un-atout-pour-vos-colloborateurs\/\">bien-\u00eatre psychologique de vos employ\u00e9s<\/a><\/strong>, tout en garantissant la qualit\u00e9 du service et la confidentialit\u00e9 pour votre \u00e9quipe.<\/p>\n\n\n\n<p>Nous esp\u00e9rons que cet article sur\u00a0<strong>les strat\u00e9gies de reconnaissances dans une culture d&rsquo;entreprise positive<\/strong>\u00a0vous a int\u00e9ress\u00e9. Pour\u00a0<a href=\"https:\/\/ifeelonline.com\/fr\/comment-ca-marche\/?partner=ifeel_internLinkPost\">plus d\u2019informations<\/a>\u00a0sur les solutions d\u2019ifeel en mati\u00e8re de bien-\u00eatre mental pour les entreprises, contactez-nous.<\/p>\n\n    <div class=\"xs_social_share_widget xs_share_url after_content \t\tmain_content  wslu-style-1 wslu-share-box-shaped wslu-fill-colored wslu-none wslu-share-horizontal wslu-theme-font-no wslu-main_content\">\n\n\t\t\n        <ul>\n\t\t\t        <\/ul>\n    <\/div> \n","protected":false},"excerpt":{"rendered":"<p>Imaginez un environnement d&rsquo;entreprise o\u00f9 chaque r\u00e9ussite est c\u00e9l\u00e9br\u00e9e et chaque effort reconnu ; dans ce cadre, la reconnaissance en entreprise n&rsquo;est pas un simple compl\u00e9ment, mais une composante essentielle pour cultiver la loyaut\u00e9 et la motivation des employ\u00e9s. R\u00e9fl\u00e9chissez aux r\u00e9sultats qu&rsquo;une entreprise pourrait obtenir en valorisant et en reconnaissant constamment ses collaborateurs. Il [&hellip;]<\/p>\n","protected":false},"author":62,"featured_media":11696,"comment_status":"closed","ping_status":"open","sticky":false,"template":"","format":"standard","meta":{"content-type":"","postBodyCss":"","postBodyMargin":[],"postBodyPadding":[],"postBodyBackground":{"backgroundType":"classic","gradient":""},"footnotes":""},"categories":[27,37],"tags":[],"class_list":["post-11695","post","type-post","status-publish","format-standard","has-post-thumbnail","hentry","category-bien-etre-au-travail","category-motivation-au-travail"],"_links":{"self":[{"href":"https:\/\/ifeelonline.com\/fr\/wp-json\/wp\/v2\/posts\/11695","targetHints":{"allow":["GET"]}}],"collection":[{"href":"https:\/\/ifeelonline.com\/fr\/wp-json\/wp\/v2\/posts"}],"about":[{"href":"https:\/\/ifeelonline.com\/fr\/wp-json\/wp\/v2\/types\/post"}],"author":[{"embeddable":true,"href":"https:\/\/ifeelonline.com\/fr\/wp-json\/wp\/v2\/users\/62"}],"replies":[{"embeddable":true,"href":"https:\/\/ifeelonline.com\/fr\/wp-json\/wp\/v2\/comments?post=11695"}],"version-history":[{"count":0,"href":"https:\/\/ifeelonline.com\/fr\/wp-json\/wp\/v2\/posts\/11695\/revisions"}],"wp:featuredmedia":[{"embeddable":true,"href":"https:\/\/ifeelonline.com\/fr\/wp-json\/wp\/v2\/media\/11696"}],"wp:attachment":[{"href":"https:\/\/ifeelonline.com\/fr\/wp-json\/wp\/v2\/media?parent=11695"}],"wp:term":[{"taxonomy":"category","embeddable":true,"href":"https:\/\/ifeelonline.com\/fr\/wp-json\/wp\/v2\/categories?post=11695"},{"taxonomy":"post_tag","embeddable":true,"href":"https:\/\/ifeelonline.com\/fr\/wp-json\/wp\/v2\/tags?post=11695"}],"curies":[{"name":"wp","href":"https:\/\/api.w.org\/{rel}","templated":true}]}}