{"id":11656,"date":"2024-11-26T17:14:59","date_gmt":"2024-11-26T16:14:59","guid":{"rendered":"https:\/\/ifeelonline.com\/fr\/?p=11656"},"modified":"2024-11-26T17:15:01","modified_gmt":"2024-11-26T16:15:01","slug":"10-tendances-rh-a-adopter-en-2025","status":"publish","type":"post","link":"https:\/\/ifeelonline.com\/fr\/10-tendances-rh-a-adopter-en-2025\/","title":{"rendered":"10 priorit\u00e9s et tendances RH \u00e0 adopter en 2025"},"content":{"rendered":"\n<p>\u00c0 mesure que nous approchons de 2025, <strong>les tendances RH<\/strong> promettent de transformer non seulement la fa\u00e7on dont les entreprises g\u00e8rent leurs \u00e9quipes, mais aussi la mani\u00e8re dont elles se positionnent pour l&rsquo;avenir. Pour <strong><a href=\"https:\/\/ifeelonline.com\/fr\/responsable-ressources-humaines\/\">les responsables RH<\/a><\/strong>, rester \u00e0 la pointe de ces technologies sera essentiel pour attirer, retenir et engager les talents dans un march\u00e9 mondial comp\u00e9titif.<br><br>Alors que les entreprises continuent de s\u2019adapter \u00e0 <strong><a href=\"https:\/\/ifeelonline.com\/fr\/differents-environnements-de-travail\/\">un environnement de travail<\/a><\/strong> qui \u00e9volue rapidement, voici <strong>10 tendances RH<\/strong> que chaque organisation devrait surveiller pour rester comp\u00e9titive et efficace.<br>Ces innovations d\u00e9montrent que les RH sont en passe de devenir un v\u00e9ritable moteur de valeur ajout\u00e9e pour l&rsquo;entreprise. <\/p>\n\n\n\n<figure class=\"wp-block-image size-full\"><img fetchpriority=\"high\" decoding=\"async\" width=\"900\" height=\"500\" src=\"https:\/\/ifeelonline.com\/fr\/wp-content\/uploads\/sites\/3\/2024\/09\/FR_Avantages-des-programmes-de-sante-mentale-en-entreprise.jpg\" alt=\"sant\u00e9 mentale en entreprise\" class=\"wp-image-11254\" srcset=\"https:\/\/ifeelonline.com\/fr\/wp-content\/uploads\/sites\/3\/2024\/09\/FR_Avantages-des-programmes-de-sante-mentale-en-entreprise.jpg 900w, https:\/\/ifeelonline.com\/fr\/wp-content\/uploads\/sites\/3\/2024\/09\/FR_Avantages-des-programmes-de-sante-mentale-en-entreprise-300x167.jpg 300w, https:\/\/ifeelonline.com\/fr\/wp-content\/uploads\/sites\/3\/2024\/09\/FR_Avantages-des-programmes-de-sante-mentale-en-entreprise-768x427.jpg 768w\" sizes=\"(max-width: 900px) 100vw, 900px\" \/><\/figure>\n\n\n\n<h3 class=\"wp-block-heading\">1. Priorit\u00e9 au bien-\u00eatre: investir dans la sant\u00e9 mentale<\/h3>\n\n\n\n<p>Les entreprises reconnaissent l&rsquo;importance de <strong><a href=\"https:\/\/ifeelonline.com\/fr\/sante-mentale-des-collaborateurs\/\">la sant\u00e9 mentale au travail<\/a><\/strong> et investissent dans des programmes pour r\u00e9duire le stress et promouvoir le bien-\u00eatre g\u00e9n\u00e9ral. Ces initiatives incluent l&rsquo;acc\u00e8s \u00e0 des conseillers, des programmes de soutien psychologique, et des options pour des jours de repos mental. La sensibilisation accrue autour de la sant\u00e9 mentale encourage un environnement de travail plus ouvert et supportif.<\/p>\n\n\n\n<h3 class=\"wp-block-heading\">2. IA pr\u00e9dictive: r\u00e9volutionner la gestion des talents<\/h3>\n\n\n\n<p>L&rsquo;IA pr\u00e9dictive r\u00e9volutionnera les RH en am\u00e9liorant la pr\u00e9diction des besoins de recrutement et la gestion des talents. Ces syst\u00e8mes pourront anticiper les d\u00e9parts d&#8217;employ\u00e9s et identifier les besoins en formation, en ajustant les parcours de carri\u00e8re pour maximiser l&rsquo;ad\u00e9quation entre les comp\u00e9tences des employ\u00e9s et les besoins de l&rsquo;entreprise.<a href=\"https:\/\/ifeelonline.com\/fr\/outils-ia-pour-les-rh-7-etapes-pour-choisir\/\"> L&rsquo;utilisation de l&rsquo;IA<\/a> permettra \u00e9galement une personnalisation accrue des recommandations de carri\u00e8re, bas\u00e9e sur l&rsquo;analyse de donn\u00e9es complexes sur la performance et les pr\u00e9f\u00e9rences personnelles.<\/p>\n\n\n\n<h3 class=\"wp-block-heading\">3. Flexibilit\u00e9 organisationnelle : red\u00e9finir le lieu de travail<\/h3>\n\n\n\n<p><strong>La flexibilit\u00e9 devient un standard essentiel pour attirer et retenir les talents.<\/strong> Les entreprises qui offrent du <strong><a href=\"https:\/\/ifeelonline.com\/fr\/teletravail-defis-et-perspectives\/\">t\u00e9l\u00e9travail<\/a><\/strong> et des horaires flexibles sont mieux plac\u00e9es pour r\u00e9pondre aux besoins d&rsquo;une main-d&rsquo;\u0153uvre qui valorise de plus en plus <strong>l&rsquo;\u00e9quilibre travail-vie personnelle<\/strong>. Cette tendance inclut \u00e9galement le travail hybride, qui permet aux employ\u00e9s de diviser leur temps entre le bureau et des lieux alternatifs, offrant une meilleure int\u00e9gration de la vie professionnelle et personnelle.<\/p>\n\n\n\n<h3 class=\"wp-block-heading\">4. Cultiver la Diversit\u00e9, \u00c9quit\u00e9, et Inclusion (DEIB)<\/h3>\n\n\n\n<p>Promouvoir la diversit\u00e9 et l&rsquo;inclusion est crucial pour b\u00e2tir des \u00e9quipes plus fortes et plus cr\u00e9atives. Les <strong><a href=\"https:\/\/ifeelonline.com\/fr\/strategie-deib-au-travail\/\">programmes DEIB<\/a><\/strong> efficaces ne se contentent pas de recruter des talents divers ; ils impliquent \u00e9galement de cultiver un environnement o\u00f9 tous les collaborateurs se sentent valoris\u00e9s et o\u00f9 leurs voix sont entendues. Les entreprises peuvent utiliser des outils d&rsquo;analyse pour \u00e9valuer et am\u00e9liorer en continu leurs pratiques DEI.<\/p>\n\n\n\n<h3 class=\"wp-block-heading\">5. D\u00e9veloppement des comp\u00e9tences<\/h3>\n\n\n\n<p>\u00c0 mesure que le paysage technologique \u00e9volue, le d\u00e9veloppement continu des comp\u00e9tences est vital. Les entreprises investissent dans des plateformes d&rsquo;apprentissage num\u00e9rique pour fournir une formation continue qui aide les employ\u00e9s \u00e0 rester comp\u00e9titifs. Ces plateformes facilitent l&rsquo;apprentissage collaboratif et le micro-learning, offrant des parcours personnalis\u00e9s qui r\u00e9pondent aux besoins individuels et aux objectifs de l&rsquo;entreprise.<\/p>\n\n\n\n<h3 class=\"wp-block-heading\">6. Exp\u00e9rience collaborateur<\/h3>\n\n\n\n<p>Am\u00e9liorer l&rsquo;exp\u00e9rience employ\u00e9 est essentiel pour augmenter la satisfaction et la r\u00e9tention. Cela inclut tout, de l&rsquo;onboarding personnalis\u00e9 aux programmes de d\u00e9veloppement de carri\u00e8re, en passant par la reconnaissance r\u00e9guli\u00e8re des performances. Les entreprises qui excellent dans la cr\u00e9ation d&rsquo;une exp\u00e9rience employ\u00e9 positive peuvent voir une augmentation de l&rsquo;engagement et de la productivit\u00e9.<\/p>\n\n\n\n<h3 class=\"wp-block-heading\">7. RH bas\u00e9e sur les donn\u00e9es (Data-Driven HR)<\/h3>\n\n\n\n<p><strong><a href=\"https:\/\/ifeelonline.com\/fr\/analytique-des-donnees-et-decisions-rh\/\">L&rsquo;analyse des donn\u00e9es<\/a><\/strong> est devenue un outil indispensable pour les d\u00e9cisions RH strat\u00e9giques. En comprenant mieux les mod\u00e8les de comportement des employ\u00e9s et les tendances de l&rsquo;engagement, les RH peuvent optimiser les strat\u00e9gies de recrutement, de r\u00e9tention et de d\u00e9veloppement. Cela permet \u00e9galement une personnalisation plus pouss\u00e9e des parcours professionnels et une meilleure anticipation des besoins futurs.<\/p>\n\n\n\n<h3 class=\"wp-block-heading\">8. Recrutement innovant<\/h3>\n\n\n\n<p><strong>Les technologies comme la r\u00e9alit\u00e9 virtuelle et l&rsquo;IA transforment le recrutement<\/strong> en permettant des \u00e9valuations plus pr\u00e9cises et en r\u00e9duisant les biais. Ces outils peuvent simuler des environnements de travail pour \u00e9valuer les comp\u00e9tences en situation r\u00e9elle, offrant ainsi une meilleure appr\u00e9ciation du potentiel des candidats.<\/p>\n\n\n\n<h3 class=\"wp-block-heading\">9. Sant\u00e9 et s\u00e9curit\u00e9 au travail : environnement sain<\/h3>\n\n\n\n<p><strong><a href=\"https:\/\/ifeelonline.com\/fr\/securite-et-sante-au-travail\/\">La sant\u00e9 et la s\u00e9curit\u00e9 <\/a><\/strong>vont au-del\u00e0 des normes physiques pour inclure le bien-\u00eatre psychologique. Les programmes modernes de sant\u00e9 et s\u00e9curit\u00e9 int\u00e8grent des \u00e9valuations r\u00e9guli\u00e8res du stress et des risques psychosociaux, en proposant des interventions proactives pour maintenir un environnement de travail sain.<\/p>\n\n\n\n<h3 class=\"wp-block-heading\">10. Agilit\u00e9 organisationnelle : soutenir le changement continu<\/h3>\n\n\n\n<p>Les entreprises doivent \u00eatre agile pour s&rsquo;adapter aux changements rapides du march\u00e9. Les RH jouent un r\u00f4le cl\u00e9 dans la gestion de ce changement, en soutenant les employ\u00e9s \u00e0 travers des formations et des ressources pour les aider \u00e0 s&rsquo;adapter aux nouvelles technologies et processus.<\/p>\n\n\n\n<figure class=\"wp-block-image size-large\"><a href=\"https:\/\/ifeelonline.com\/fr\/webinar-parlons-ifeel-la-sante-mentale\/?partner=ifeel_internLinkPost\"><img decoding=\"async\" width=\"1024\" height=\"1024\" src=\"https:\/\/ifeelonline.com\/fr\/wp-content\/uploads\/sites\/3\/2024\/10\/FR_Webinar_quote_1-1024x1024.jpg\" alt=\"sant\u00e9 mentale au travail\" class=\"wp-image-11589\" srcset=\"https:\/\/ifeelonline.com\/fr\/wp-content\/uploads\/sites\/3\/2024\/10\/FR_Webinar_quote_1-1024x1024.jpg 1024w, https:\/\/ifeelonline.com\/fr\/wp-content\/uploads\/sites\/3\/2024\/10\/FR_Webinar_quote_1-300x300.jpg 300w, https:\/\/ifeelonline.com\/fr\/wp-content\/uploads\/sites\/3\/2024\/10\/FR_Webinar_quote_1-150x150.jpg 150w, https:\/\/ifeelonline.com\/fr\/wp-content\/uploads\/sites\/3\/2024\/10\/FR_Webinar_quote_1-768x768.jpg 768w, https:\/\/ifeelonline.com\/fr\/wp-content\/uploads\/sites\/3\/2024\/10\/FR_Webinar_quote_1-1536x1536.jpg 1536w, https:\/\/ifeelonline.com\/fr\/wp-content\/uploads\/sites\/3\/2024\/10\/FR_Webinar_quote_1-2048x2048.jpg 2048w, https:\/\/ifeelonline.com\/fr\/wp-content\/uploads\/sites\/3\/2024\/10\/FR_Webinar_quote_1-700x700.jpg 700w\" sizes=\"(max-width: 1024px) 100vw, 1024px\" \/><\/a><\/figure>\n\n\n\n<p><a href=\"https:\/\/ifeelonline.com\/fr\/webinar-parlons-ifeel-la-sante-mentale\/?partner=ifeel_internLinkPost\">Webinar ifeel<\/a><br>Ces tendances montrent que les RH ne se limitent plus \u00e0 des fonctions administratives mais sont devenues un moteur strat\u00e9gique essentiel pour la r\u00e9ussite des entreprises modernes. En adoptant ces tendances, les entreprises peuvent non seulement am\u00e9liorer leur efficacit\u00e9 mais aussi cr\u00e9er un environnement de travail plus attrayant et inclusif.<\/p>\n\n\n\n<h2 class=\"wp-block-heading\">Prendre soin du bien-\u00eatre mental dans les organisations<\/h2>\n\n\n\n<p>Chez ifeel, nous savons que\u00a0ces <strong>tendances RH<\/strong> ne sont pas exhaustives mais offrent un aper\u00e7u des transformations qui fa\u00e7onnent l&rsquo;avenir des ressources humaines. Pour rester comp\u00e9titives, les entreprises doivent \u00eatre proactives en adoptant ces innovations et en adaptant leurs strat\u00e9gies RH aux besoins changeants du march\u00e9.<\/p>\n\n\n\n<p>Pour vous aider notre \u00e9quipe de&nbsp;<a href=\"https:\/\/ifeelonline.com\/fr\/notre-departement-de-recherche-clinique\/\">psychologues<\/a>, experts en bien-\u00eatre au travail, a cr\u00e9\u00e9<strong>&nbsp;un programme de bien-\u00eatre mental pour les travailleurs&nbsp;<\/strong>qui a un impact positif sur&nbsp;<strong><a href=\"https:\/\/ifeelonline.com\/fr\/boite-a-outils-rh\/manuel-comment-prevenir-le-burnout-au-travail\/?partner=ifeel_internLinkPost\">la pr\u00e9vention du burnout<\/a><\/strong>,&nbsp;<strong><a href=\"https:\/\/ifeelonline.com\/fr\/comment-reduire-l-absenteisme\/\">la r\u00e9duction de l\u2019absent\u00e9isme<\/a><\/strong>&nbsp;et la lutte contre&nbsp;<strong><a href=\"https:\/\/ifeelonline.com\/fr\/outils\/identifier-le-stress-parmi-vos-employes\/?partner=ifeel_internLinkPost\">le stress des collaborateurs<\/a><\/strong>.<\/p>\n\n\n\n<p>Nous travaillons en partenariat avec des entreprises du monde entier pour&nbsp;<strong>inspirer la croissance humaine et guider les organisations<\/strong>&nbsp;dans l\u2019instauration d\u2019une&nbsp;<strong><a href=\"https:\/\/ifeelonline.com\/fr\/culture-positive\/?partner=ifeel_internLinkPost\">culture positive du bien-\u00eatre mental<\/a><\/strong>. Une approche sur mesure et centr\u00e9e sur les personnes qui place la sant\u00e9 de vos collaborateurs au centre, en tant que pilier fondamental pour<strong><a href=\"https:\/\/ifeelonline.com\/fr\/guide-pour-renforcer-votre-strategie-en-matiere-de-talents\/?partner=ifeel_internLinkPost\">&nbsp;attirer et retenir les talents<\/a><\/strong>&nbsp;ainsi que pour renforcer leur sentiment d\u2019appartenance.<\/p>\n\n\n\n<p>Nous esp\u00e9rons que cet article sur\u00a0<strong>les 10 tendances RH \u00e0 suivre en 2025<\/strong>\u00a0vous a int\u00e9ress\u00e9 et nous vous invitons \u00e0 jeter un coup d\u2019\u0153il \u00e0 notre nouvelle section sur\u00a0<a href=\"https:\/\/ifeelonline.com\/fr\/sante-mentale-pour-les-assureurs\/\">la sant\u00e9 mentale pour les assureurs<\/a>. Pour\u00a0<a href=\"https:\/\/ifeelonline.com\/fr\/demander-une-demo\/\">plus d\u2019informations<\/a>\u00a0sur notre programme de bien-\u00eatre mental pour les entreprises, contactez-nous !<\/p>\n\n    <div class=\"xs_social_share_widget xs_share_url after_content \t\tmain_content  wslu-style-1 wslu-share-box-shaped wslu-fill-colored wslu-none wslu-share-horizontal wslu-theme-font-no wslu-main_content\">\n\n\t\t\n        <ul>\n\t\t\t        <\/ul>\n    <\/div> \n","protected":false},"excerpt":{"rendered":"<p>\u00c0 mesure que nous approchons de 2025, les tendances RH promettent de transformer non seulement la fa\u00e7on dont les entreprises g\u00e8rent leurs \u00e9quipes, mais aussi la mani\u00e8re dont elles se positionnent pour l&rsquo;avenir. Pour les responsables RH, rester \u00e0 la pointe de ces technologies sera essentiel pour attirer, retenir et engager les talents dans un [&hellip;]<\/p>\n","protected":false},"author":53,"featured_media":11657,"comment_status":"closed","ping_status":"open","sticky":false,"template":"","format":"standard","meta":{"content-type":"","postBodyCss":"","postBodyMargin":[],"postBodyPadding":[],"postBodyBackground":{"backgroundType":"classic","gradient":""},"footnotes":""},"categories":[27,40],"tags":[],"class_list":["post-11656","post","type-post","status-publish","format-standard","has-post-thumbnail","hentry","category-bien-etre-au-travail","category-ressources-humaines"],"_links":{"self":[{"href":"https:\/\/ifeelonline.com\/fr\/wp-json\/wp\/v2\/posts\/11656","targetHints":{"allow":["GET"]}}],"collection":[{"href":"https:\/\/ifeelonline.com\/fr\/wp-json\/wp\/v2\/posts"}],"about":[{"href":"https:\/\/ifeelonline.com\/fr\/wp-json\/wp\/v2\/types\/post"}],"author":[{"embeddable":true,"href":"https:\/\/ifeelonline.com\/fr\/wp-json\/wp\/v2\/users\/53"}],"replies":[{"embeddable":true,"href":"https:\/\/ifeelonline.com\/fr\/wp-json\/wp\/v2\/comments?post=11656"}],"version-history":[{"count":0,"href":"https:\/\/ifeelonline.com\/fr\/wp-json\/wp\/v2\/posts\/11656\/revisions"}],"wp:featuredmedia":[{"embeddable":true,"href":"https:\/\/ifeelonline.com\/fr\/wp-json\/wp\/v2\/media\/11657"}],"wp:attachment":[{"href":"https:\/\/ifeelonline.com\/fr\/wp-json\/wp\/v2\/media?parent=11656"}],"wp:term":[{"taxonomy":"category","embeddable":true,"href":"https:\/\/ifeelonline.com\/fr\/wp-json\/wp\/v2\/categories?post=11656"},{"taxonomy":"post_tag","embeddable":true,"href":"https:\/\/ifeelonline.com\/fr\/wp-json\/wp\/v2\/tags?post=11656"}],"curies":[{"name":"wp","href":"https:\/\/api.w.org\/{rel}","templated":true}]}}