{"id":11603,"date":"2024-11-26T15:34:14","date_gmt":"2024-11-26T14:34:14","guid":{"rendered":"https:\/\/ifeelonline.com\/fr\/?p=11603"},"modified":"2024-11-29T12:37:42","modified_gmt":"2024-11-29T11:37:42","slug":"bonnes-pratiques-glocales-rh","status":"publish","type":"post","link":"https:\/\/ifeelonline.com\/fr\/bonnes-pratiques-glocales-rh\/","title":{"rendered":"Les bonnes pratiques glocales RH"},"content":{"rendered":"\n<p>Dans un monde de plus en plus globalis\u00e9, <strong>les bonnes pratiques glocales RH <\/strong>sont essentielles pour les entreprises qui doivent s\u2019adapter \u00e0 des march\u00e9s diversifi\u00e9s tout en pr\u00e9servant une coh\u00e9sion organisationnelle. Les entreprises multinationales et leur d\u00e9partement RH, plus particuli\u00e8rement, sont confront\u00e9s \u00e0 l&rsquo;imp\u00e9ratif de naviguer entre <strong>les exigences globales et les particularit\u00e9s locales<\/strong>, autrement dit, <strong>\u00ab glocale \u00bb<\/strong>. <br>Cet article explore les bonnes pratiques glocales RH, une approche qui permet aux grandes entreprises internationales de<strong> g\u00e9rer efficacement leurs ressources humaines en tenant compte des nuances culturelles et r\u00e9glementaires locales.<\/strong><\/p>\n\n\n\n<h2 class=\"wp-block-heading\">Comprendre l&rsquo;approche glocale dans les RH<\/h2>\n\n\n\n<p><strong>La strat\u00e9gie glocale se base sur l&rsquo;id\u00e9e de \u00ab\u00a0penser global, agir local\u00a0\u00bb<\/strong>. Elle s&rsquo;est impos\u00e9e comme une n\u00e9cessit\u00e9 pour les entreprises qui cherchent \u00e0 s&rsquo;internationaliser tout en conservant une pertinence locale. La mission principale de cette approche est de <strong>cr\u00e9er un \u00e9quilibre coh\u00e9rent entre les politiques mondiales de l&rsquo;entreprise et les sp\u00e9cificit\u00e9s culturelles<\/strong>, l\u00e9gislatives et \u00e9conomiques de chaque pays.<br><br><strong>La strat\u00e9gie glocale en RH est essentielle pour les multinationales<\/strong> op\u00e9rant dans plusieurs pays. Elle repose sur l\u2019\u00e9quilibre entre une standardisation des politiques RH \u00e0 l\u2019\u00e9chelle mondiale et une adaptation aux sp\u00e9cificit\u00e9s locales. Pour <strong><a href=\"https:\/\/ifeelonline.com\/fr\/lois-bien-etre-et-travail-en-france\/\">les leaders, directeurs et managers RH<\/a><\/strong>, cette approche offre une flexibilit\u00e9 qui facilite l&rsquo;impl\u00e9mentation de politiques d&rsquo;entreprise uniformes tout en respectant les besoins locaux des employ\u00e9s. <\/p>\n\n\n\n<figure class=\"wp-block-image size-large\"><img fetchpriority=\"high\" decoding=\"async\" width=\"1024\" height=\"683\" src=\"https:\/\/ifeelonline.com\/fr\/wp-content\/uploads\/sites\/3\/2024\/11\/approche-glocale-1024x683.jpg\" alt=\"pratiques glocales RH\" class=\"wp-image-11604\" srcset=\"https:\/\/ifeelonline.com\/fr\/wp-content\/uploads\/sites\/3\/2024\/11\/approche-glocale-1024x683.jpg 1024w, https:\/\/ifeelonline.com\/fr\/wp-content\/uploads\/sites\/3\/2024\/11\/approche-glocale-300x200.jpg 300w, https:\/\/ifeelonline.com\/fr\/wp-content\/uploads\/sites\/3\/2024\/11\/approche-glocale-768x512.jpg 768w, https:\/\/ifeelonline.com\/fr\/wp-content\/uploads\/sites\/3\/2024\/11\/approche-glocale-1536x1024.jpg 1536w, https:\/\/ifeelonline.com\/fr\/wp-content\/uploads\/sites\/3\/2024\/11\/approche-glocale-2048x1365.jpg 2048w\" sizes=\"(max-width: 1024px) 100vw, 1024px\" \/><\/figure>\n\n\n\n<p><strong>Pourquoi l&rsquo;approche glocale est-elle cruciale ?<\/strong><\/p>\n\n\n\n<ul class=\"wp-block-list\">\n<li><strong>Gestion de la diversit\u00e9 culturelle :<\/strong> En int\u00e9grant les perspectives locales, les entreprises peuvent mieux <a href=\"https:\/\/ifeelonline.com\/fr\/leadership-inclusif-6-avantages\/\">g\u00e9rer la diversit\u00e9 culturelle<\/a>, ce qui est essentiel pour maintenir l&rsquo;engagement et la motivation des employ\u00e9s dans diff\u00e9rents march\u00e9s.<\/li>\n<\/ul>\n\n\n\n<ul class=\"wp-block-list\">\n<li><strong>Harmonisation et flexibilit\u00e9 :<\/strong> Les entreprises doivent \u00eatre capables de standardiser leurs pratiques RH pour maintenir une coh\u00e9rence organisationnelle tout en \u00e9tant suffisamment <a href=\"https:\/\/ifeelonline.com\/fr\/smart-working\/\">flexibles<\/a> pour adapter ces pratiques aux contextes locaux.<\/li>\n<\/ul>\n\n\n\n<ul class=\"wp-block-list\">\n<li><strong>Renforcement de la marque employeur :<\/strong> Une strat\u00e9gie glocale efficace renforce la marque employeur en cr\u00e9ant <a href=\"https:\/\/ifeelonline.com\/fr\/strategie-deib-au-travail\/\">un sentiment d&rsquo;appartenance<\/a> tant sur le plan global que local. Cela aide \u00e0 attirer et \u00e0 retenir les talents, en montrant que l&rsquo;entreprise valorise <a href=\"https:\/\/ifeelonline.com\/fr\/strategie-dei-diversite-equite-inclusion\/\">la diversit\u00e9 et l&rsquo;inclusion<\/a>.<br><\/li>\n<\/ul>\n\n\n\n<h2 class=\"wp-block-heading\">Strat\u00e9gies pour une gestion glocale RH r\u00e9ussie<\/h2>\n\n\n\n<p>Le tableau ci-dessous pr\u00e9sente des strat\u00e9gies cl\u00e9s pour la mise en \u0153uvre efficace des bonnes pratiques glocales RH dans <a href=\"https:\/\/ifeelonline.com\/fr\/attirer-et-fideliser-les-talents-internationaux\/\">les entreprises multinationales<\/a>. Ces strat\u00e9gies visent \u00e0 \u00e9quilibrer les besoins globaux et locaux, tout en renfor\u00e7ant<a href=\"https:\/\/ifeelonline.com\/fr\/engagement-des-salaries\/\"> l&rsquo;engagement collaborateur<\/a> et en optimisant les op\u00e9rations \u00e0 travers des <a href=\"https:\/\/ifeelonline.com\/fr\/innovation-en-entreprise-strategie-pour-les-drh\/\">approches flexibles et innovantes<\/a>. En int\u00e9grant ces \u00e9l\u00e9ments, les entreprises peuvent mieux naviguer dans <strong>la complexit\u00e9 des environnements culturels diversifi\u00e9s<\/strong> et r\u00e9pondre aux exigences sp\u00e9cifiques de chaque march\u00e9.<br><br>Dans ce <a href=\"https:\/\/ifeelonline.com\/fr\/boite-a-outils-rh\/guide-pour-integrer-une-strategie-deib-dans-votre-culture-dentreprise\/?partner=ifeel_internLinkPost\">livre blanc<\/a>, nous vous fournissons des outils essentiels pour comprendre, <strong>mettre en \u0153uvre et renforcer une strat\u00e9gie DEIB : la diversit\u00e9, l\u2019\u00e9quit\u00e9, l\u2019inclusion et l\u2019appartenance<\/strong> au c\u0153ur de votre organisation.<\/p>\n\n\n\n<figure class=\"wp-block-table\"><table class=\"has-fixed-layout\"><thead><tr><th>Strat\u00e9gie<\/th><th>Description<\/th><\/tr><\/thead><tbody><tr><td><strong>D\u00e9veloppement de politiques flexibles<\/strong><\/td><td>Les politiques RH devraient \u00eatre suffisamment flexibles pour s\u2019adapter aux changements locaux tout en soutenant les objectifs globaux de l\u2019entreprise. Cr\u00e9ation de lignes directrices claires et adaptables.<\/td><\/tr><tr><td><strong>Int\u00e9gration des perspectives locales<\/strong><\/td><td>Impliquez les leaders locaux dans le d\u00e9veloppement et l\u2019impl\u00e9mentation des politiques RH pour renforcer la pertinence locale et encourager l\u2019engagement des collaborateurs locaux.<\/td><\/tr><tr><td><strong>Formation interculturelle<\/strong><\/td><td>Offrez une formation interculturelle aux managers et employ\u00e9s pour renforcer la compr\u00e9hension des diversit\u00e9s culturelles, incluant des ateliers sur la communication interculturelle.<\/td><\/tr><tr><td><strong>Utilisation de la technologie<\/strong><\/td><td>Les <a href=\"https:\/\/ifeelonline.com\/fr\/outils-ia-pour-les-rh-7-etapes-pour-choisir\/\">outils num\u00e9riques<\/a> facilitent la gestion des <a href=\"https:\/\/ifeelonline.com\/fr\/travailler-en-equipes-distribuees-hybrides\/\">\u00e9quipes dispers\u00e9es<\/a>, la communication, la collaboration \u00e0 distance et l\u2019analyse des donn\u00e9es RH \u00e0 l&rsquo;\u00e9chelle globale et locale.<\/td><\/tr><\/tbody><\/table><\/figure>\n\n\n\n<h2 class=\"wp-block-heading\">Les avantages d&rsquo;une strat\u00e9gie glocale RH<\/h2>\n\n\n\n<p>Le tableau ci-dessous illustre les principaux avantages de l&rsquo;approche glocale RH, une strat\u00e9gie essentielle pour les entreprises multinationales cherchant \u00e0 harmoniser leurs pratiques \u00e0 l&rsquo;\u00e9chelle mondiale tout en s&rsquo;adaptant aux particularit\u00e9s locales. Cette approche permet non seulement de maintenir une coh\u00e9rence organisationnelle et de renforcer la marque employeur, mais elle favorise \u00e9galement l&rsquo;innovation en int\u00e9grant des perspectives locales diversifi\u00e9es. De plus, elle assure une gestion efficace des talents en prenant en compte les contextes culturels et l\u00e9gislatifs sp\u00e9cifiques, tout en am\u00e9liorant la productivit\u00e9 et <strong><a href=\"https:\/\/ifeelonline.com\/fr\/engagement-des-salaries\/\" data-type=\"post\" data-id=\"8901\">l&rsquo;engagement des employ\u00e9s<\/a><\/strong> gr\u00e2ce \u00e0 une attention particuli\u00e8re au bien-\u00eatre mental.<\/p>\n\n\n\n<figure class=\"wp-block-table\"><table class=\"has-fixed-layout\"><thead><tr><th>Aspect<\/th><th>Avantage<\/th><th>Description<\/th><\/tr><\/thead><tbody><tr><td>Standardisation<\/td><td>Coh\u00e9rence globale<\/td><td>Permet un cadre coh\u00e9rent et transparent \u00e0 travers l\u2019entreprise tout en renfor\u00e7ant la marque employeur.<\/td><\/tr><tr><td>Adaptation locale<\/td><td>Pertinence locale<\/td><td>Prend en compte les aspects culturels, l\u00e9gislatifs et sociaux sp\u00e9cifiques de chaque r\u00e9gion pour une gestion efficace des talents.<\/td><\/tr><tr><td>Innovation<\/td><td>Comp\u00e9titivit\u00e9 globale<\/td><td>L\u2019int\u00e9gration de perspectives locales enrichit l\u2019innovation et am\u00e9liore la comp\u00e9titivit\u00e9 globale.<\/td><\/tr><tr><td>Bien-\u00eatre mental<\/td><td>Productivit\u00e9 et engagement<\/td><td>R\u00e9duction du stress et am\u00e9lioration de la satisfaction.<\/td><\/tr><\/tbody><\/table><\/figure>\n\n\n\n<h2 class=\"wp-block-heading\">Les d\u00e9fis de l&rsquo;impl\u00e9mentation glocale<\/h2>\n\n\n\n<p>Bien que l&rsquo;approche glocale offre de nombreux avantages, elle pose \u00e9galement des d\u00e9fis significatifs. Les entreprises doivent comprendre les complexit\u00e9s des contextes locaux tout en maintenant leur vision et leurs valeurs d\u2019entreprise. Voici quelques-uns des d\u00e9fis majeurs :<\/p>\n\n\n\n<ul class=\"wp-block-list\">\n<li><strong>Complexit\u00e9 de la conformit\u00e9 r\u00e9glementaire :<\/strong> Adaptez les politiques pour r\u00e9pondre aux diff\u00e9rentes exigences l\u00e9gales locales.<\/li>\n\n\n\n<li><strong>Gestion de la diversit\u00e9 culturelle :<\/strong> Encouragez l&rsquo;inclusion et la diversit\u00e9 en tenant compte des sensibilit\u00e9s culturelles locales.<\/li>\n\n\n\n<li><strong><a href=\"https:\/\/ifeelonline.com\/fr\/objectifs-communication-interne\/\" data-type=\"post\" data-id=\"9387\">Communication efficace<\/a> :<\/strong> Assurez une communication claire et respectueuse des diff\u00e9rences linguistiques et culturelles.<\/li>\n<\/ul>\n\n\n\n<p>En France, o\u00f9 la <a href=\"https:\/\/code.travail.gouv.fr\/droit-du-travail\" target=\"_blank\" rel=\"noopener\">l\u00e9gislation du travail<\/a> est particuli\u00e8rement stricte, les multinationales doivent naviguer entre l&rsquo;application des lois locales et la mise en \u0153uvre de strat\u00e9gies RH globales. Par exemple, les entreprises doivent se conformer aux <strong>r\u00e9glementations sur la dur\u00e9e l\u00e9gale du travail, le salaire minimum, et les droits syndicaux, tout en promouvant un environnement de travail inclusif et innovant.<\/strong><\/p>\n\n\n\n<p>Une \u00e9tude de <a href=\"https:\/\/www.institutmontaigne.org\/expressions\/ce-qui-se-cache-derriere-les-chiffres-du-teletravail-en-france\" target=\"_blank\" rel=\"noopener\">l\u2019Institut Montaigne<\/a> souligne que la flexibilit\u00e9 et l\u2019adaptation locale des politiques RH ont \u00e9t\u00e9 essentielles pour les entreprises op\u00e9rant en France, particuli\u00e8rement dans le contexte post-pand\u00e9mique o\u00f9 <strong><a href=\"https:\/\/ifeelonline.com\/fr\/teletravail-retour-au-bureau-en-france\/\">le t\u00e9l\u00e9travail a modifi\u00e9 les dynamiques de travail.<\/a><\/strong><\/p>\n\n\n\n<figure class=\"wp-block-image size-large\"><img decoding=\"async\" width=\"1024\" height=\"683\" src=\"https:\/\/ifeelonline.com\/fr\/wp-content\/uploads\/sites\/3\/2024\/11\/les-talents-internationaux-2-1024x683.jpg\" alt=\"approche glocale RH\" class=\"wp-image-11605\" srcset=\"https:\/\/ifeelonline.com\/fr\/wp-content\/uploads\/sites\/3\/2024\/11\/les-talents-internationaux-2-1024x683.jpg 1024w, https:\/\/ifeelonline.com\/fr\/wp-content\/uploads\/sites\/3\/2024\/11\/les-talents-internationaux-2-300x200.jpg 300w, https:\/\/ifeelonline.com\/fr\/wp-content\/uploads\/sites\/3\/2024\/11\/les-talents-internationaux-2-768x512.jpg 768w, https:\/\/ifeelonline.com\/fr\/wp-content\/uploads\/sites\/3\/2024\/11\/les-talents-internationaux-2-1536x1024.jpg 1536w, https:\/\/ifeelonline.com\/fr\/wp-content\/uploads\/sites\/3\/2024\/11\/les-talents-internationaux-2-2048x1365.jpg 2048w\" sizes=\"(max-width: 1024px) 100vw, 1024px\" \/><\/figure>\n\n\n\n<h2 class=\"wp-block-heading\">Le leader europ\u00e9en des solutions de bien-\u00eatre mental pour les grandes organisations<\/h2>\n\n\n\n<p>Chez ifeel, nous savons que des strat\u00e9gies RH glocales bien con\u00e7ues peuvent&nbsp;<strong>transformer la culture d\u2019entreprise<\/strong>&nbsp;et<strong>&nbsp;favoriser un environnement de travail positif et productif<\/strong>. En adoptant cette approche, les entreprises peuvent&nbsp;<strong>am\u00e9liorer l\u2019<a href=\"https:\/\/ifeelonline.com\/fr\/programmes-incentive\/\">engagement des collaborateurs<\/a><\/strong>,&nbsp;<strong>les motiver et les fid\u00e9liser.<\/strong><\/p>\n\n\n\n<p>Pour vous aider notre \u00e9quipe de&nbsp;<a href=\"https:\/\/ifeelonline.com\/fr\/notre-departement-de-recherche-clinique\/\">psychologues<\/a>, experts en bien-\u00eatre au travail, a cr\u00e9\u00e9<strong>&nbsp;un programme de bien-\u00eatre mental pour les travailleurs&nbsp;<\/strong>qui a un impact positif sur&nbsp;<strong><a href=\"https:\/\/ifeelonline.com\/fr\/boite-a-outils-rh\/manuel-comment-prevenir-le-burnout-au-travail\/?partner=ifeel_internLinkPost\">la pr\u00e9vention du burnout<\/a><\/strong>,&nbsp;<strong><a href=\"https:\/\/ifeelonline.com\/fr\/comment-reduire-l-absenteisme\/\">la r\u00e9duction de l\u2019absent\u00e9isme<\/a><\/strong>&nbsp;et la lutte contre&nbsp;<strong><a href=\"https:\/\/ifeelonline.com\/fr\/outils\/identifier-le-stress-parmi-vos-employes\/?partner=ifeel_internLinkPost\">le stress des collaborateurs<\/a><\/strong>.<\/p>\n\n\n\n<p>Nous travaillons en partenariat avec des entreprises du monde entier pour&nbsp;<strong>inspirer la croissance humaine et guider les organisations<\/strong>&nbsp;dans l\u2019instauration d\u2019une&nbsp;<strong><a href=\"https:\/\/ifeelonline.com\/fr\/culture-positive\/?partner=ifeel_internLinkPost\">culture positive du bien-\u00eatre mental<\/a><\/strong>. Une approche sur mesure et centr\u00e9e sur les personnes qui place la sant\u00e9 de vos collaborateurs au centre, en tant que pilier fondamental pour<strong><a href=\"https:\/\/ifeelonline.com\/fr\/guide-pour-renforcer-votre-strategie-en-matiere-de-talents\/?partner=ifeel_internLinkPost\">&nbsp;attirer et retenir les talents<\/a><\/strong>&nbsp;ainsi que pour renforcer leur sentiment d\u2019appartenance.<\/p>\n\n\n\n<p>Nous esp\u00e9rons que cet article sur\u00a0<strong>les bonnes pratiques glocales RH<\/strong>\u00a0vous a int\u00e9ress\u00e9 et nous vous invitons \u00e0 jeter un coup d\u2019\u0153il \u00e0 notre nouvelle section sur\u00a0<a href=\"https:\/\/ifeelonline.com\/fr\/sante-mentale-pour-les-assureurs\/\">la sant\u00e9 mentale pour les assureurs<\/a>. Pour\u00a0<a href=\"https:\/\/ifeelonline.com\/fr\/demander-une-demo\/\">plus d\u2019informations<\/a>\u00a0sur notre programme de bien-\u00eatre mental pour les entreprises, contactez-nous !<\/p>\n\n    <div class=\"xs_social_share_widget xs_share_url after_content \t\tmain_content  wslu-style-1 wslu-share-box-shaped wslu-fill-colored wslu-none wslu-share-horizontal wslu-theme-font-no wslu-main_content\">\n\n\t\t\n        <ul>\n\t\t\t        <\/ul>\n    <\/div> \n","protected":false},"excerpt":{"rendered":"<p>Dans un monde de plus en plus globalis\u00e9, les bonnes pratiques glocales RH sont essentielles pour les entreprises qui doivent s\u2019adapter \u00e0 des march\u00e9s diversifi\u00e9s tout en pr\u00e9servant une coh\u00e9sion organisationnelle. Les entreprises multinationales et leur d\u00e9partement RH, plus particuli\u00e8rement, sont confront\u00e9s \u00e0 l&rsquo;imp\u00e9ratif de naviguer entre les exigences globales et les particularit\u00e9s locales, autrement [&hellip;]<\/p>\n","protected":false},"author":53,"featured_media":11606,"comment_status":"closed","ping_status":"open","sticky":false,"template":"","format":"standard","meta":{"content-type":"","postBodyCss":"","postBodyMargin":[],"postBodyPadding":[],"postBodyBackground":{"backgroundType":"classic","gradient":""},"footnotes":""},"categories":[27,40],"tags":[],"class_list":["post-11603","post","type-post","status-publish","format-standard","has-post-thumbnail","hentry","category-bien-etre-au-travail","category-ressources-humaines"],"_links":{"self":[{"href":"https:\/\/ifeelonline.com\/fr\/wp-json\/wp\/v2\/posts\/11603","targetHints":{"allow":["GET"]}}],"collection":[{"href":"https:\/\/ifeelonline.com\/fr\/wp-json\/wp\/v2\/posts"}],"about":[{"href":"https:\/\/ifeelonline.com\/fr\/wp-json\/wp\/v2\/types\/post"}],"author":[{"embeddable":true,"href":"https:\/\/ifeelonline.com\/fr\/wp-json\/wp\/v2\/users\/53"}],"replies":[{"embeddable":true,"href":"https:\/\/ifeelonline.com\/fr\/wp-json\/wp\/v2\/comments?post=11603"}],"version-history":[{"count":0,"href":"https:\/\/ifeelonline.com\/fr\/wp-json\/wp\/v2\/posts\/11603\/revisions"}],"wp:featuredmedia":[{"embeddable":true,"href":"https:\/\/ifeelonline.com\/fr\/wp-json\/wp\/v2\/media\/11606"}],"wp:attachment":[{"href":"https:\/\/ifeelonline.com\/fr\/wp-json\/wp\/v2\/media?parent=11603"}],"wp:term":[{"taxonomy":"category","embeddable":true,"href":"https:\/\/ifeelonline.com\/fr\/wp-json\/wp\/v2\/categories?post=11603"},{"taxonomy":"post_tag","embeddable":true,"href":"https:\/\/ifeelonline.com\/fr\/wp-json\/wp\/v2\/tags?post=11603"}],"curies":[{"name":"wp","href":"https:\/\/api.w.org\/{rel}","templated":true}]}}