{"id":11500,"date":"2024-11-11T16:25:50","date_gmt":"2024-11-11T15:25:50","guid":{"rendered":"https:\/\/ifeelonline.com\/fr\/?p=11500"},"modified":"2024-11-11T16:25:52","modified_gmt":"2024-11-11T15:25:52","slug":"dissiper-la-peur-de-l-ia-au-travail","status":"publish","type":"post","link":"https:\/\/ifeelonline.com\/fr\/dissiper-la-peur-de-l-ia-au-travail\/","title":{"rendered":"Dissiper la peur de l&rsquo;IA au travail : 3 Strat\u00e9gies efficaces pour rassurer vos collaborateurs"},"content":{"rendered":"\n<p>La raison pour laquelle<strong> les collaborateurs ont peur de l&rsquo;IA<\/strong> n&rsquo;est pas difficile \u00e0 deviner. En effet, dans un monde o\u00f9 <strong>la technologie progresse \u00e0 un rythme vertigineux<\/strong>, l&rsquo;intelligence artificielle (IA) s&rsquo;est positionn\u00e9e comme <strong>une solution cl\u00e9 pour r\u00e9soudre des probl\u00e8mes complexes dans une vari\u00e9t\u00e9 de secteurs.<\/strong><\/p>\n\n\n\n<p>Sa capacit\u00e9 \u00e0 <strong><a href=\"https:\/\/ifeelonline.com\/fr\/automatisation-des-taches-administratives\/\">automatiser les processus<\/a><\/strong> et \u00e0 am\u00e9liorer l&rsquo;efficacit\u00e9 a attir\u00e9 l&rsquo;attention des organisations mondiales. Cependant, ce ph\u00e9nom\u00e8ne technologique implique \u00e9galement des changements significatifs dans l&rsquo;environnement de travail, g\u00e9n\u00e9rant des inqui\u00e9tudes compr\u00e9hensibles chez les employ\u00e9s.<\/p>\n\n\n\n<p>Dans ce contexte, la peur de l&rsquo;IA est une r\u00e9action naturelle \u00e0 l&rsquo;incertitude concernant l&rsquo;avenir du travail et <a href=\"https:\/\/ifeelonline.com\/fr\/transformation-culturelle-des-entreprises\/\">la transformation des r\u00f4les traditionnels<\/a>. Cet article explore la mani\u00e8re dont les entreprises peuvent transformer ces d\u00e9fis en opportunit\u00e9s de croissance et de d\u00e9veloppement.<\/p>\n\n\n\n<p>En outre, pour vous aider dans ce processus, <strong>ifeel<\/strong> a d\u00e9velopp\u00e9 une<a href=\"https:\/\/ifeelonline.com\/fr\/strategie-de-mise-en-oeuvre-de-lia-dans-les-rh\/?partner=ifeel_internLinkPost\"> <strong>strat\u00e9gie de mise en \u0153uvre de l&rsquo;IA dans les RH<\/strong><\/a>, t\u00e9l\u00e9chargeable gratuitement,<strong> <\/strong>qui<strong> <\/strong>vous aidera non seulement \u00e0 \u00e9valuer vos processus, mais vous guidera pas \u00e0 pas dans l&rsquo;adaptation de l&rsquo;IA \u00e0 votre organisation.<\/p>\n\n\n\n<h2 class=\"wp-block-heading\">L&rsquo;IA et le march\u00e9 du travail en France<\/h2>\n\n\n\n<p><strong>Nous vivons une p\u00e9riode de r\u00e9volution technologique sans pr\u00e9c\u00e9dent. <\/strong>Depuis le lancement de Chat GPT par OpenAI en novembre 2022, l&rsquo;IA g\u00e9n\u00e9rative a suscit\u00e9 un engouement consid\u00e9rable gr\u00e2ce \u00e0 sa capacit\u00e9 \u00e0 cr\u00e9er facilement du contenu. <a href=\"https:\/\/www.weforum.org\/\" target=\"_blank\" rel=\"noopener\">Le Forum \u00e9conomique mondial<\/a> pr\u00e9voit que l\u2019intelligence artificielle remplacera\u00a0<a href=\"https:\/\/www.dataclarity.uk.com\/2023\/12\/11\/will-ai-put-an-end-to-traditional-work\/#:~:text=The%20World%20Economic%20Forum&#039;s%20%E2%80%9CThe,a%20opportunity%20for%20collaborate%20endeavors.\" target=\"_blank\" rel=\"noreferrer noopener\">85 millions d\u2019emplois<\/a>\u00a0dans le monde d\u2019ici 2025. Cependant, il estime \u00e9galement que <strong>l\u2019IA cr\u00e9era 89 millions de nouveaux emplois.<\/strong><br><br><strong><a href=\"https:\/\/www.rolandberger.com\/fr\/Insights\/Publications\/L-impact-de-l-IA-g%C3%A9n%C3%A9rative-sur-l-emploi-en-France.html\" target=\"_blank\" rel=\"noopener\">Une \u00e9tude<\/a><\/strong> examine l&rsquo;impact de l&rsquo;IA g\u00e9n\u00e9rative sur l&#8217;emploi en France, en \u00e9valuant 3 123 t\u00e2ches associ\u00e9es \u00e0 436 m\u00e9tiers. Elle r\u00e9v\u00e8le <strong>qu&rsquo;un tiers de l&rsquo;activit\u00e9 professionnelle est expos\u00e9 \u00e0 l&rsquo;IA<\/strong>, avec des variations importantes selon les m\u00e9tiers. Les employ\u00e9s de bureau et de r\u00e9ception sont les plus \u00e0 risque. Pr\u00e8s de 800 000 emplois sont menac\u00e9s par une automatisation compl\u00e8te, tandis que <strong>1,4 million pourraient voir certaines t\u00e2ches all\u00e9g\u00e9es, permettant un recentrage sur d&rsquo;autres activit\u00e9s.<\/strong><\/p>\n\n\n\n<p>Les secteurs les plus concern\u00e9s incluent les services financiers, les m\u00e9tiers scientifiques et techniques, ainsi que<strong> le secteur public, o\u00f9 37 % des emplois sont expos\u00e9s contre 32 % dans le priv\u00e9<\/strong>. De plus, l&rsquo;IA aura un impact disproportionn\u00e9 sur les femmes : 54 % des emplois expos\u00e9s sont actuellement occup\u00e9s par des femmes, qui repr\u00e9sentent 49 % de la main-d&rsquo;\u0153uvre. Ainsi, 3<strong>6 % des emplois f\u00e9minins sont expos\u00e9s, contre 30 % des emplois masculins.<\/strong> Les auteurs recommandent des programmes d&rsquo;adaptation et de formation pour att\u00e9nuer ces effets.<\/p>\n\n\n\n<h3 class=\"wp-block-heading\">Avantages d&rsquo;une IA bien mise en \u0153uvre<\/h3>\n\n\n\n<p>Si elle est correctement mise en \u0153uvre, l&rsquo;IA peut offrir des avantages tels que<\/p>\n\n\n\n<ul class=\"wp-block-list\">\n<li>Am\u00e9lioration de la <a href=\"https:\/\/ifeelonline.com\/fr\/augmenter-la-productivite\/\">productivit\u00e9 au travail<\/a><\/li>\n\n\n\n<li><a href=\"https:\/\/ifeelonline.com\/fr\/c-level-stimulent-linnovation-technologique\/\">L&rsquo;innovation<\/a><\/li>\n\n\n\n<li>Augmentation de la <a href=\"https:\/\/ifeelonline.com\/fr\/satisfaction-professionnelle\/\">satisfaction au travail<\/a><\/li>\n<\/ul>\n\n\n\n<h2 class=\"wp-block-heading\">Mais&#8230; Pourquoi les collaborateurs ont-ils peur de l&rsquo;IA ?<\/h2>\n\n\n\n<p>\u00c0 mesure que l&rsquo;intelligence artificielle s&rsquo;int\u00e8gre dans les processus de travail, il est naturel que <strong>les employ\u00e9s s&rsquo;inqui\u00e8tent<\/strong>. C&rsquo;est pourquoi nous explorons ci-dessous quelques-unes des raisons qui peuvent expliquer cette crainte :<\/p>\n\n\n\n<ol class=\"wp-block-list\">\n<li><strong>Manque de connaissances : <\/strong>de nombreux employ\u00e9s ont peur de l&rsquo;IA car ils ne comprennent pas l&rsquo;impact qu&rsquo;elle a sur leurs t\u00e2ches quotidiennes. Ce manque de connaissances alimente la peur du changement. En fait, selon une<a href=\"https:\/\/www.randstadresearch.es\/ia-mercado-trabajo-espana\/\" target=\"_blank\" rel=\"noopener\"> \u00e9tude,<\/a> seuls <strong>17,3 %<\/strong> des travailleurs utilisent actuellement des outils d&rsquo;IA dans le cadre de leur travail, ce qui fait qu&rsquo;une grande majorit\u00e9 d&rsquo;entre eux se demandent <strong>comment ces technologies pourraient transformer leur environnement de travail et leur avenir professionnel.<\/strong><br><\/li>\n\n\n\n<li><strong>Risque de substitution :<\/strong> Il est normal que l&rsquo;id\u00e9e que <strong>les machines puissent prendre en charge de nombreuses t\u00e2ches<\/strong> routini\u00e8res qui font aujourd&rsquo;hui partie de nos emplois suscite des inqui\u00e9tudes. En particulier dans les secteurs o\u00f9 le travail manuel est essentiel, les salari\u00e9s craignent que l&rsquo;automatisation ne les laisse sur la touche, face \u00e0 la possibilit\u00e9 d&rsquo;\u00eatre remplac\u00e9s par la technologie.<br><\/li>\n\n\n\n<li><strong>Changement de comp\u00e9tences : <\/strong>avec les progr\u00e8s technologiques, la demande de nouvelles <br>comp\u00e9tences est in\u00e9vitable. Cette \u00e9volution rapide g\u00e9n\u00e8re de l&rsquo;anxi\u00e9t\u00e9 chez les employ\u00e9s, qui peuvent se sentir oblig\u00e9s de s&rsquo;adapter afin de <strong>rester pertinents dans leurs fonctions actuelles.<\/strong><\/li>\n<\/ol>\n\n\n\n<h2 class=\"wp-block-heading\">Impact de la peur sur l&rsquo;environnement de travail<\/h2>\n\n\n\n<p>L&rsquo;int\u00e9gration de l&rsquo;intelligence artificielle dans l&rsquo;environnement de travail<strong> a introduit une nouvelle dimension de d\u00e9fis pour les organisations.<\/strong> Les employ\u00e9s craignent l&rsquo;IA, et cette r\u00e9alit\u00e9 n&rsquo;affecte pas seulement leur perception de leur avenir au sein de l&rsquo;entreprise ; elle peut \u00e9galement transformer de mani\u00e8re significative la dynamique du lieu de travail.<\/p>\n\n\n\n<p>Nous examinons ci-dessous l&rsquo;<strong>impact de cette peur sur des domaines cl\u00e9s<\/strong> tels que le moral, le stress et l&rsquo;adoption de nouvelles technologies.<\/p>\n\n\n\n<figure class=\"wp-block-table\"><table class=\"has-fixed-layout\"><thead><tr><th>Impact de la peur de l&rsquo;IA<\/th><th>Description<\/th><\/tr><\/thead><tbody><tr><td><strong>Baisse du moral<\/strong><\/td><td>L&rsquo;<a href=\"https:\/\/ifeelonline.com\/fr\/incertitude-professionnelle\/\">incertitude<\/a> quant \u00e0 l&rsquo;impact de l&rsquo;IA r\u00e9duit le sentiment d&rsquo;appartenance et d&rsquo;engagement des employ\u00e9s.<\/td><\/tr><tr><td><strong>Augmentation du stress<\/strong><\/td><td>L&rsquo;<a href=\"https:\/\/ifeelonline.com\/fr\/anxiete-au-travail\/\">anxi\u00e9t\u00e9<\/a>, face \u00e0 l&rsquo;incertitude et \u00e0 l&rsquo;avenir du travail, affecte la sant\u00e9 mentale et la productivit\u00e9 des employ\u00e9s.<\/td><\/tr><tr><td><strong>R\u00e9sistance au changement<\/strong><\/td><td>La peur de l&rsquo;inconnu emp\u00eache l&rsquo;adoption de nouvelles technologies, ce qui aboutit finalement \u00e0 une stagnation organisationnelle.<\/td><\/tr><tr><td><strong>D\u00e9t\u00e9rioration de la culture organisationnelle<\/strong><\/td><td>La peur g\u00e9n\u00e8re un malaise et un mauvais <a href=\"https:\/\/ifeelonline.com\/fr\/environnement-de-travail-toxique\/\">environnement de travail<\/a>, ce qui affecte la coh\u00e9sion de l&rsquo;\u00e9quipe.<\/td><\/tr><\/tbody><\/table><\/figure>\n\n\n\n<p>Pour \u00e9viter de telles cons\u00e9quences, il est essentiel de travailler \u00e0 la cr\u00e9ation d&rsquo;<a href=\"https:\/\/ifeelonline.com\/fr\/future-of-work-sante-mentale\/\">environnements psychologiquement s\u00fbrs <\/a>o\u00f9 les <strong>pr\u00e9occupations des employ\u00e9s<\/strong> sont abord\u00e9es ouvertement. Cela implique de favoriser une culture de communication transparente, o\u00f9 chacun se sent \u00e0 l&rsquo;aise pour exprimer ses pr\u00e9occupations sans crainte de repr\u00e9sailles.<\/p>\n\n\n\n<p>En outre, il est essentiel de<strong> mettre en \u0153uvre des programmes de <a href=\"https:\/\/ifeelonline.com\/fr\/culture-du-bien-etre-mental\/\">bien-\u00eatre sur le lieu de travail<\/a> qui soutiennent la sant\u00e9 mentale en <\/strong>favorisant un environnement de soutien et de collaboration. Ce faisant, les organisations peuvent renforcer la r\u00e9silience de leurs \u00e9quipes et faciliter la transition vers l&rsquo;int\u00e9gration des nouvelles technologies.<\/p>\n\n\n\n<p><strong>Lisa Porres,<\/strong> Chief People Officer chez <strong>Spotahome,<\/strong> entreprise partenaire d&rsquo;ifeel, souligne ce point :<\/p>\n\n\n\n<p>\u00ab <a href=\"https:\/\/ifeelonline.com\/salud-laboral\/bienestar-emocional-de-los-empleados\/\"><em>Le bien-\u00eatre \u00e9motionnel<\/em><\/a><em> est fondamental pour favoriser la cr\u00e9ativit\u00e9, la g\u00e9n\u00e9ration de nouvelles id\u00e9es et la d\u00e9termination \u00e0 les mettre en \u0153uvre, garantissant ainsi le succ\u00e8s \u00e0 moyen et long terme \u00bb.<\/em> <strong><a href=\"https:\/\/ifeelonline.com\/fr\/interview-lisa-porres-spotahome\/\">Interview compl\u00e8te.<\/a><\/strong><\/p>\n\n\n\n<p>Cela souligne \u00e0 quel point nos experts <strong>reconnaissent l&rsquo;importance de r\u00e9pondre de mani\u00e8re proactive aux<\/strong> pr\u00e9occupations des employ\u00e9s.<\/p>\n\n\n\n<div class=\"wp-block-group .tu-clase-de-bloque is-layout-constrained wp-block-group-is-layout-constrained\">\n<div class=\"wp-block-group tu-clase-de-bloque has-background is-layout-constrained wp-block-group-is-layout-constrained\" style=\"background-color:#1b4291\">\n<h2 class=\"wp-block-heading has-text-color has-link-color wp-elements-4d5653ee39e678f5ba577fa6bb8b3cae\" style=\"color:#ffa593\">Leadership Lens \ud83d\udd0e<\/h2>\n\n\n\n<p class=\"has-white-color has-text-color has-link-color wp-elements-6910357a07ce8076d5bbb14f2ed31c5a\">Les dirigeants jouent un r\u00f4le cl\u00e9 dans la mise en \u0153uvre de strat\u00e9gies permettant \u00e0 leurs \u00e9quipes d&rsquo;att\u00e9nuer la peur de l&rsquo;incertitude, fr\u00e9quente dans le contexte de l&rsquo;adoption de nouveaux outils technologiques.<\/p>\n<\/div>\n<\/div>\n\n\n\n<h2 class=\"wp-block-heading\">Exercice pratique : Identifier les peurs li\u00e9es \u00e0 l&rsquo;IA<\/h2>\n\n\n\n<p>Cet exercice est con\u00e7u pour permettre aux dirigeants d&rsquo;identifier et de traiter efficacement les cas o\u00f9 les employ\u00e9s ont peur de l&rsquo;IA,<\/p>\n\n\n\n<h3 class=\"wp-block-heading\">\u00c9tape 1 : R\u00e9aliser des enqu\u00eates anonymes<\/h3>\n\n\n\n<p>Mettez en place des <strong>enqu\u00eates anonymes afin de recueillir des commentaires<\/strong> honn\u00eates de la part des employ\u00e9s sur leurs pr\u00e9occupations li\u00e9es \u00e0 l&rsquo;IA. Dans ces enqu\u00eates, des questions telles que les suivantes peuvent \u00eatre pos\u00e9es pour faciliter l&rsquo;identification des craintes des employ\u00e9s. Par exemple : \u00ab Que pensez-vous de la mise en \u0153uvre de l&rsquo;IA ?<\/p>\n\n\n\n<ul class=\"wp-block-list\">\n<li>Que pensez-vous de la mise en \u0153uvre de l&rsquo;IA dans votre domaine de travail ?<\/li>\n\n\n\n<li>Quels sont les aspects de votre travail qui, selon vous, pourraient \u00eatre affect\u00e9s par l&rsquo;IA ?<\/li>\n\n\n\n<li>Y a-t-il une partie du processus de mise en \u0153uvre de l&rsquo;IA qui vous pr\u00e9occupe ?<\/li>\n\n\n\n<li>De quel type de soutien ou de formation pensez-vous avoir besoin pour vous sentir plus \u00e0 l&rsquo;aise avec l&rsquo;IA ?<\/li>\n\n\n\n<li>Vous sentez-vous \u00e9cout\u00e9 lorsque vous faites part de vos pr\u00e9occupations concernant l&rsquo;IA ?<\/li>\n\n\n\n<li>Comment pr\u00e9f\u00e9rez-vous recevoir des informations et des mises \u00e0 jour sur la mise en \u0153uvre de l&rsquo;IA au sein de l&rsquo;organisation ?<\/li>\n<\/ul>\n\n\n\n<h3 class=\"wp-block-heading\">\u00c9tape 2 : Organiser des s\u00e9ances d&rsquo;\u00e9coute<\/h3>\n\n\n\n<p>Faciliter les r\u00e9unions au cours desquelles les employ\u00e9s peuvent <strong>exprimer leurs pr\u00e9occupations implique la cr\u00e9ation d&rsquo;un espace accueillant et confidentiel<\/strong> o\u00f9 chacun se sent en s\u00e9curit\u00e9 pour partager ses pens\u00e9es et ses pr\u00e9occupations sans crainte de repr\u00e9sailles ou de jugement.<\/p>\n\n\n\n<p>Ces s\u00e9ances doivent \u00eatre dirig\u00e9es par un facilitateur neutre qui encourage une communication ouverte et empathique, en veillant \u00e0 ce que tous les participants aient la possibilit\u00e9 <strong>d&rsquo;\u00eatre entendus et compris.<\/strong><\/p>\n\n\n\n<p>L&rsquo;instauration de ce type d&rsquo;environnement contribue \u00e0 <strong>instaurer la confiance et \u00e0 renforcer la coh\u00e9sion de l&rsquo;\u00e9quipe, ce qui favorise un environnement de travail plus positif et plus collaboratif<\/strong>. En outre, la dynamique de groupe peut \u00eatre utilis\u00e9e pour encourager la participation active et l&rsquo;\u00e9change constructif d&rsquo;id\u00e9es.<\/p>\n\n\n\n<h3 class=\"wp-block-heading\"><strong>\u00c9tape 3 : Analyser le feedback et agir en cons\u00e9quence<\/strong><\/h3>\n\n\n\n<p>L&rsquo;\u00e9valuation des informations collect\u00e9es n\u00e9cessite une analyse d\u00e9taill\u00e9e afin d&rsquo;<strong>identifier les sch\u00e9mas et les th\u00e8mes communs aux pr\u00e9occupations des employ\u00e9s<\/strong>. Cette analyse doit servir de base \u00e0 l&rsquo;\u00e9laboration d&rsquo;un plan d&rsquo;action efficace qui r\u00e9ponde \u00e0 ces pr\u00e9occupations de mani\u00e8re globale.<\/p>\n\n\n\n<p>Ce plan devrait inclure la cr\u00e9ation de ressources \u00e9ducatives sp\u00e9cifiques pour aider les employ\u00e9s \u00e0 comprendre les changements technologiques et \u00e0 s&rsquo;y adapter. En outre, il est essentiel de mettre en place un <strong>syst\u00e8me de soutien continu qui offre une assistance et un suivi r\u00e9guliers, afin<\/strong> que les employ\u00e9s se sentent soutenus tout au long du processus de transition.<\/p>\n\n\n\n<p>Cette approche proactive permet non seulement <strong>d&rsquo;att\u00e9nuer les craintes,<\/strong> mais aussi de <strong>renforcer la confiance et l&rsquo;<a href=\"https:\/\/ifeelonline.com\/fr\/engagement-des-collaborateurs\/\">engagement<\/a> au sein de l&rsquo;organisation.<\/strong><\/p>\n\n\n\n<h2 class=\"wp-block-heading\">Strat\u00e9gies pour att\u00e9nuer la peur de l&rsquo;IA chez les collaborateurs<\/h2>\n\n\n\n<p>Pour transformer la peur en opportunit\u00e9, il est important que les organisations se souviennent que les employ\u00e9s ont peur de l&rsquo;IA et qu&rsquo;il s&rsquo;agit d&rsquo;une<strong> r\u00e9action naturelle au changement.<\/strong><\/p>\n\n\n\n<p>Pour vous aider dans ce processus, <strong>ifeel<\/strong> a d\u00e9velopp\u00e9 une <strong><a href=\"https:\/\/ifeelonline.com\/fr\/strategie-de-mise-en-oeuvre-de-lia-dans-les-rh\/?partner=ifeel_internLinkPost\">strat\u00e9gie de mise en \u0153uvre de l&rsquo;IA dans les RH<\/a><\/strong>, t\u00e9l\u00e9chargeable gratuitement,<strong> qui <\/strong>vous aidera non seulement \u00e0 \u00e9valuer vos processus, mais vous guidera pas \u00e0 pas dans l&rsquo;adaptation de l&rsquo;IA \u00e0 votre organisation.<\/p>\n\n\n\n<p>Les entreprises doivent faire preuve d&rsquo;intelligence lorsqu&rsquo;elles int\u00e8grent ces nouvelles technologies, en appliquant une s\u00e9rie de <strong>strat\u00e9gies efficaces<\/strong> qui permettront \u00e0 cette mise en \u0153uvre d&rsquo;\u00eatre positive pour tout le monde. Ces strat\u00e9gies sont les suivantes<\/p>\n\n\n\n<h3 class=\"wp-block-heading\">1. La formation continue<\/h3>\n\n\n\n<p>La formation est essentielle pour que les employ\u00e9s<strong>s&rsquo;adaptent \u00e0 un environnement technologique.<\/strong> En ce sens, la formation doit porter sur les points suivants<\/p>\n\n\n\n<ul class=\"wp-block-list\">\n<li><strong>Nouvelles comp\u00e9tences :<\/strong> transmettre des comp\u00e9tences techniques et promouvoir la r\u00e9solution de probl\u00e8mes.<br><\/li>\n\n\n\n<li><strong>L&rsquo;adaptation au changement :<\/strong> il est essentiel de favoriser un \u00e9tat d&rsquo;esprit d&rsquo;apprentissage continu pour que les salari\u00e9s restent flexibles et ouverts \u00e0 de nouvelles m\u00e9thodes de travail. Cela <strong>permet de r\u00e9duire la r\u00e9sistance au changement<\/strong> et de favoriser l&rsquo;<a href=\"https:\/\/ifeelonline.com\/fr\/ce-que-les-collaborateurs-valorisent-le-plus\/\">\u00e9panouissement personnel et professionnel<\/a>.<br><\/li>\n\n\n\n<li><strong>Formation des dirigeants en mati\u00e8re de sant\u00e9 mentale<\/strong>: les dirigeants doivent \u00eatre form\u00e9s \u00e0 identifier et \u00e0 r\u00e9pondre aux pr\u00e9occupations de leurs \u00e9quipes en temps opportun. Il s&rsquo;agit notamment de <strong>d\u00e9velopper l&rsquo;\u00e9coute active et les capacit\u00e9s d&rsquo;<a href=\"https:\/\/ifeelonline.com\/fr\/empathie-au-travail\/\">empathie<\/a>, <\/strong>ce qui permet aux dirigeants de cr\u00e9er un environnement de s\u00e9curit\u00e9 psychologique dans lequel les employ\u00e9s se sentent \u00e9cout\u00e9s et soutenus.<\/li>\n<\/ul>\n\n\n\n<h3 class=\"wp-block-heading\"><strong>2.<\/strong> Une communication ouverte<\/h3>\n\n\n\n<p>Il est essentiel de favoriser un dialogue ouvert entre les dirigeants et les employ\u00e9s, afin que<strong> les pr\u00e9occupations puissent \u00eatre abord\u00e9es sur le lieu de travail<\/strong>. Cela permet non seulement d&rsquo;instaurer un climat de confiance, mais aussi d&rsquo;apprendre aux dirigeants \u00e0<\/p>\n\n\n\n<ul class=\"wp-block-list\">\n<li><strong>Informer et \u00e9duquer : <\/strong>fournir des informations claires et transparentes sur <strong>la mani\u00e8re dont l&rsquo;IA affectera les r\u00f4les et les responsabilit\u00e9s<\/strong>. Cela permet de r\u00e9duire l&rsquo;incertitude et de pr\u00e9parer les employ\u00e9s aux changements \u00e0 venir.<br><\/li>\n\n\n\n<li><strong>Impliquer les employ\u00e9s :<\/strong> Inclure les employ\u00e9s dans les discussions sur l&rsquo;adoption de la technologie, en leur permettant d&rsquo;<strong> apporter des id\u00e9es et de donner leur avis.<\/strong> Cela permet non seulement d&rsquo;accro\u00eetre leur sentiment d&rsquo;appropriation, mais aussi d&rsquo;enrichir le processus de mise en \u0153uvre de perspectives pr\u00e9cieuses.<br><\/li>\n\n\n\n<li><strong>\u00c9coute active :<\/strong> D\u00e9veloppez votre capacit\u00e9 \u00e0 \u00e9couter les pr\u00e9occupations et les suggestions des employ\u00e9s, en faisant preuve d&#8217;empathie et de compr\u00e9hension. C&rsquo;est essentiel pour cr\u00e9er un <strong>environnement o\u00f9 chacun se sent valoris\u00e9 et \u00e9cout\u00e9.<\/strong><\/li>\n<\/ul>\n\n\n\n<h3 class=\"wp-block-heading\"><strong>3.<\/strong> <strong>Proposez des solutions de bien-\u00eatre mental aux employ\u00e9s<\/strong><\/h3>\n\n\n\n<p>Pour att\u00e9nuer les inqui\u00e9tudes des employ\u00e9s face \u00e0 l&rsquo;IA, il est essentiel de <strong>s&rsquo;appuyer sur des <a href=\"https:\/\/ifeelonline.com\/fr\/plateforme-bien-etre-en-entreprise\/\">solutions de bien-\u00eatre mental<\/a> con\u00e7ues par des psychologues experts<\/strong>, comme celle propos\u00e9e par ifeel. Ces solutions, qui int\u00e8grent une technologie de pointe et des connaissances cliniques, offrent un soutien inestimable aux organisations en mati\u00e8re d&rsquo;\u00e9coute et d&rsquo;accompagnement des employ\u00e9s. Cela permet<\/p>\n\n\n\n<ul class=\"wp-block-list\">\n<li><strong>Acc\u00e8s aux ressources :<\/strong> l&rsquo;acc\u00e8s \u00e0 des conseils et \u00e0 des ressources en mati\u00e8re de sant\u00e9 mentale permet aux employ\u00e9s de se sentir soutenus \u00e0 tout moment.<br><\/li>\n\n\n\n<li><strong>Conseils personnalis\u00e9s <\/strong>: collaborer avec des experts en sant\u00e9 mentale pour fournir des conseils sp\u00e9cifiques, fond\u00e9s sur des donn\u00e9es, afin d&rsquo;aider \u00e0 <strong>identifier et \u00e0 r\u00e9soudre les probl\u00e8mes<\/strong> li\u00e9s \u00e0 l&rsquo;IA.<br><\/li>\n\n\n\n<li><strong>Favoriser la r\u00e9silience organisationnelle<\/strong> : promouvoir un environnement dans lequel la sant\u00e9 mentale est une priorit\u00e9. Cela permet non seulement de renforcer l&rsquo;engagement, mais aussi d&rsquo;<strong>am\u00e9liorer la capacit\u00e9 d&rsquo;adaptation de l&rsquo;organisation<\/strong> face aux changements technologiques.<\/li>\n<\/ul>\n\n\n\n<p>En s&rsquo;appuyant sur ces solutions, les entreprises peuvent cr\u00e9er un environnement de travail plus s\u00fbr et plus positif, <strong>transformant la peur en une opportunit\u00e9 de croissance et d&rsquo;innovation.<\/strong><\/p>\n\n\n\n<h2 class=\"wp-block-heading\">Prendre soin du bien-\u00eatre mental dans les organisations<\/h2>\n\n\n\n<p>Chez ifeel, nous savons que les employ\u00e9s ont peur de l&rsquo;IA, c&rsquo;est pourquoi les organisations doivent <strong>r\u00e9pondre \u00e0 ces pr\u00e9occupations par la transparence, une<\/strong> communication efficace et une formation appropri\u00e9e. C&rsquo;est ainsi que l&rsquo;IA peut devenir un moteur d&rsquo;innovation et de croissance, en renfor\u00e7ant les capacit\u00e9s humaines plut\u00f4t qu&rsquo;en les rempla\u00e7ant.<\/p>\n\n\n\n<p>Pour vous aider notre \u00e9quipe de&nbsp;<a href=\"https:\/\/ifeelonline.com\/fr\/notre-departement-de-recherche-clinique\/\">psychologues<\/a>, experts en bien-\u00eatre au travail, a cr\u00e9\u00e9<strong>&nbsp;un programme de bien-\u00eatre mental pour les travailleurs&nbsp;<\/strong>qui a un impact positif sur&nbsp;<strong><a href=\"https:\/\/ifeelonline.com\/fr\/boite-a-outils-rh\/manuel-comment-prevenir-le-burnout-au-travail\/?partner=ifeel_internLinkPost\">la pr\u00e9vention du burnout<\/a><\/strong>,&nbsp;<strong><a href=\"https:\/\/ifeelonline.com\/fr\/comment-reduire-l-absenteisme\/\">la r\u00e9duction de l\u2019absent\u00e9isme<\/a><\/strong>&nbsp;et la lutte contre&nbsp;<strong><a href=\"https:\/\/ifeelonline.com\/fr\/outils\/identifier-le-stress-parmi-vos-employes\/?partner=ifeel_internLinkPost\">le stress des collaborateurs<\/a><\/strong>.<\/p>\n\n\n\n<p>Nous travaillons en partenariat avec des entreprises du monde entier pour&nbsp;<strong>inspirer la croissance humaine et guider les organisations<\/strong>&nbsp;dans l\u2019instauration d\u2019une&nbsp;<strong><a href=\"https:\/\/ifeelonline.com\/fr\/culture-positive\/?partner=ifeel_internLinkPost\">culture positive du bien-\u00eatre mental<\/a><\/strong>. Une approche sur mesure et centr\u00e9e sur les personnes qui place la sant\u00e9 de vos collaborateurs au centre, en tant que pilier fondamental pour<strong><a href=\"https:\/\/ifeelonline.com\/fr\/guide-pour-renforcer-votre-strategie-en-matiere-de-talents\/?partner=ifeel_internLinkPost\">&nbsp;attirer et retenir les talents<\/a><\/strong>&nbsp;ainsi que pour renforcer leur sentiment d\u2019appartenance.<\/p>\n\n\n\n<p>Nous esp\u00e9rons que cet article sur <strong>comment dissiper la peur de l&rsquo;IA au travail<\/strong> vous a int\u00e9ress\u00e9 et nous vous invitons \u00e0 jeter un coup d&rsquo;\u0153il \u00e0 notre nouvelle section sur <a href=\"https:\/\/ifeelonline.com\/fr\/sante-mentale-pour-les-assureurs\/\">la sant\u00e9 mentale pour les assureurs<\/a>. Pour <a href=\"https:\/\/ifeelonline.com\/fr\/demander-une-demo\/\">plus d&rsquo;informations<\/a> sur notre programme de bien-\u00eatre mental pour les entreprises, contactez-nous,<\/p>\n\n\n\n<p><\/p>\n\n    <div class=\"xs_social_share_widget xs_share_url after_content \t\tmain_content  wslu-style-1 wslu-share-box-shaped wslu-fill-colored wslu-none wslu-share-horizontal wslu-theme-font-no wslu-main_content\">\n\n\t\t\n        <ul>\n\t\t\t        <\/ul>\n    <\/div> \n","protected":false},"excerpt":{"rendered":"<p>La raison pour laquelle les collaborateurs ont peur de l&rsquo;IA n&rsquo;est pas difficile \u00e0 deviner. En effet, dans un monde o\u00f9 la technologie progresse \u00e0 un rythme vertigineux, l&rsquo;intelligence artificielle (IA) s&rsquo;est positionn\u00e9e comme une solution cl\u00e9 pour r\u00e9soudre des probl\u00e8mes complexes dans une vari\u00e9t\u00e9 de secteurs. Sa capacit\u00e9 \u00e0 automatiser les processus et \u00e0 [&hellip;]<\/p>\n","protected":false},"author":62,"featured_media":11492,"comment_status":"closed","ping_status":"open","sticky":false,"template":"","format":"standard","meta":{"content-type":"","postBodyCss":"","postBodyMargin":[],"postBodyPadding":[],"postBodyBackground":{"backgroundType":"classic","gradient":""},"footnotes":""},"categories":[27,37],"tags":[],"class_list":["post-11500","post","type-post","status-publish","format-standard","has-post-thumbnail","hentry","category-bien-etre-au-travail","category-motivation-au-travail"],"_links":{"self":[{"href":"https:\/\/ifeelonline.com\/fr\/wp-json\/wp\/v2\/posts\/11500","targetHints":{"allow":["GET"]}}],"collection":[{"href":"https:\/\/ifeelonline.com\/fr\/wp-json\/wp\/v2\/posts"}],"about":[{"href":"https:\/\/ifeelonline.com\/fr\/wp-json\/wp\/v2\/types\/post"}],"author":[{"embeddable":true,"href":"https:\/\/ifeelonline.com\/fr\/wp-json\/wp\/v2\/users\/62"}],"replies":[{"embeddable":true,"href":"https:\/\/ifeelonline.com\/fr\/wp-json\/wp\/v2\/comments?post=11500"}],"version-history":[{"count":0,"href":"https:\/\/ifeelonline.com\/fr\/wp-json\/wp\/v2\/posts\/11500\/revisions"}],"wp:featuredmedia":[{"embeddable":true,"href":"https:\/\/ifeelonline.com\/fr\/wp-json\/wp\/v2\/media\/11492"}],"wp:attachment":[{"href":"https:\/\/ifeelonline.com\/fr\/wp-json\/wp\/v2\/media?parent=11500"}],"wp:term":[{"taxonomy":"category","embeddable":true,"href":"https:\/\/ifeelonline.com\/fr\/wp-json\/wp\/v2\/categories?post=11500"},{"taxonomy":"post_tag","embeddable":true,"href":"https:\/\/ifeelonline.com\/fr\/wp-json\/wp\/v2\/tags?post=11500"}],"curies":[{"name":"wp","href":"https:\/\/api.w.org\/{rel}","templated":true}]}}