{"id":11352,"date":"2024-10-21T11:37:07","date_gmt":"2024-10-21T10:37:07","guid":{"rendered":"https:\/\/ifeelonline.com\/fr\/?p=11352"},"modified":"2024-10-21T14:30:24","modified_gmt":"2024-10-21T13:30:24","slug":"lois-bien-etre-et-travail-en-france","status":"publish","type":"post","link":"https:\/\/ifeelonline.com\/fr\/lois-bien-etre-et-travail-en-france\/","title":{"rendered":"Lois sur le bien-\u00eatre et le travail en France : ce que les dirigeants et managers RH doivent savoir"},"content":{"rendered":"\n<p>Cet article met en lumi\u00e8re les principales <strong>lois sur le bien-\u00eatre et le travail en Francel <\/strong>et pr\u00e9sente des strat\u00e9gies concr\u00e8tes pour les int\u00e9grer efficacement dans votre organisation.<br>En France, les entreprises doivent naviguer dans un cadre juridique strict concernant<strong> le bien-\u00eatre et les droits des travailleurs<\/strong>. Pour les grandes entreprises, en particulier celles avec plus de 1000 employ\u00e9s, la conformit\u00e9 \u00e0 ces r\u00e8glements est non seulement une obligation l\u00e9gale, mais aussi un levier de productivit\u00e9 et de r\u00e9tention des talents.<\/p>\n\n\n\n<h2 class=\"wp-block-heading\">Cadre l\u00e9gal en France<\/h2>\n\n\n\n<p><a href=\"https:\/\/www.legifrance.gouv.fr\/codes\/texte_lc\/LEGITEXT000006072050\/\" target=\"_blank\" rel=\"noopener\">Le Code du travail<\/a> est la pierre angulaire de la l\u00e9gislation fran\u00e7aise sur les droits des travailleurs. Il impose aux employeurs <strong>l\u2019obligation de prendre toutes les mesures n\u00e9cessaires pour assurer la s\u00e9curit\u00e9 et prot\u00e9ger la sant\u00e9 physique et mentale de leurs salari\u00e9s <\/strong>(Article L4121-1).<\/p>\n\n\n\n<p><strong>Principaux \u00e9l\u00e9ments :<\/strong><\/p>\n\n\n\n<ul class=\"wp-block-list\">\n<li><strong>\u00c9valuation des Risques<\/strong> : Les employeurs doivent \u00e9valuer et pr\u00e9venir les risques professionnels.<\/li>\n\n\n\n<li><strong>Formation et Information<\/strong> : Les entreprises doivent former et informer les employ\u00e9s sur les risques et les mesures de pr\u00e9vention.<\/li>\n\n\n\n<li><strong>Documentation<\/strong> : Les \u00e9valuations des risques doivent \u00eatre document\u00e9es.<\/li>\n<\/ul>\n\n\n\n<h3 class=\"wp-block-heading\">Loi Rebsamen (2015)<\/h3>\n\n\n\n<p>Cette <a href=\"https:\/\/www.legifrance.gouv.fr\/loda\/id\/JORFTEXT000031046061\" target=\"_blank\" rel=\"noopener\">loi<\/a> renforce les obligations des entreprises en mati\u00e8re de <strong><a href=\"https:\/\/ifeelonline.com\/fr\/prevention-risques-psychosociaux-rps\/\">pr\u00e9vention des risques psychosociaux<\/a><\/strong> et am\u00e9liore <a href=\"https:\/\/ifeelonline.com\/fr\/qualite-de-vie-au-travail-qvt\/\">la qualit\u00e9 et les conditions de travail<\/a>.<\/p>\n\n\n\n<p><strong>Principaux \u00e9l\u00e9ments :<\/strong><\/p>\n\n\n\n<ul class=\"wp-block-list\">\n<li><strong>Comit\u00e9 Social et \u00c9conomique (CSE)<\/strong> : Le r\u00f4le du CSE est renforc\u00e9 pour inclure la sant\u00e9 et la s\u00e9curit\u00e9.<\/li>\n\n\n\n<li><strong>N\u00e9gociations annuelles obligatoires<\/strong> : Les entreprises doivent n\u00e9gocier annuellement sur la qualit\u00e9 de vie au travail <a href=\"https:\/\/ifeelonline.com\/fr\/tendances-bien-etre-travail\/\">(QVCT).<\/a><\/li>\n\n\n\n<li><strong>Plan d&rsquo;action<\/strong> : Les entreprises doivent \u00e9laborer des plans d&rsquo;action pour pr\u00e9venir le stress et le burnout.<\/li>\n<\/ul>\n\n\n\n<h3 class=\"wp-block-heading\">Loi Travail (Loi El Khomri, 2016)<\/h3>\n\n\n\n<p>Cette <a href=\"https:\/\/www.legifrance.gouv.fr\/loda\/id\/JORFTEXT000032983213\" target=\"_blank\" rel=\"noopener\">loi<\/a> introduit des mesures pour am\u00e9liorer le bien-\u00eatre des employ\u00e9s, en facilitant l&rsquo;\u00e9quilibre entre vie professionnelle et vie personnelle.<\/p>\n\n\n\n<p><strong>Principaux \u00c9l\u00e9ments :<\/strong><\/p>\n\n\n\n<ul class=\"wp-block-list\">\n<li><strong>Droit \u00e0 la d\u00e9connexion<\/strong> : Les employ\u00e9s ont le droit de se d\u00e9connecter des outils num\u00e9riques en dehors des heures de travail.<\/li>\n\n\n\n<li><strong>Flexibilit\u00e9 des horaires<\/strong> : Les horaires de travail peuvent \u00eatre flexibilis\u00e9s pour mieux concilier vie personnelle et professionnelle.<\/li>\n\n\n\n<li><strong>N\u00e9gociation collective<\/strong> : Promotion des n\u00e9gociations collectives sur des sujets li\u00e9s au bien-\u00eatre.<\/li>\n<\/ul>\n\n\n\n<h3 class=\"wp-block-heading\">Statistiques et Donn\u00e9es Cl\u00e9s<\/h3>\n\n\n\n<p>Selon une <a href=\"https:\/\/newsroom.malakoffhumanis.com\/actualites\/malakoff-mederic-humanis-presente-les-resultats-de-la-11e-edition-de-son-barometre-sante-et-qualite-de-vie-au-travail-bcee-63a59.html\" target=\"_blank\" rel=\"noopener\">enqu\u00eate<\/a> de Malakoff M\u00e9d\u00e9ric Humanis en 2020, <strong>56% des salari\u00e9s fran\u00e7ais estiment que leur entreprise se pr\u00e9occupe de leur bien-\u00eatre.<\/strong> De plus, l\u2019Organisation Mondiale de la Sant\u00e9 <a href=\"https:\/\/www.who.int\/fr\" target=\"_blank\" rel=\"noopener\">(OMS)<\/a> indique que chaque dollar investi dans le traitement des troubles mentaux courants rapporte quatre dollars en meilleure sant\u00e9 et en productivit\u00e9.<\/p>\n\n\n\n<figure class=\"wp-block-table\"><table class=\"has-fixed-layout\"><thead><tr><th><strong>Loi\/Obligation<\/strong><\/th><th><strong>Description<\/strong><\/th><th><strong>Impact sur les Entreprises<\/strong><\/th><\/tr><\/thead><tbody><tr><td><strong>Code du Travail<\/strong><\/td><td>Assurer la s\u00e9curit\u00e9 et la sant\u00e9 des travailleurs<\/td><td>Mise en place de mesures pr\u00e9ventives, formations, et documentation.<\/td><\/tr><tr><td><strong>Loi Rebsamen<\/strong><\/td><td>Pr\u00e9vention des risques psychosociaux, renforcement du CSE<\/td><td>N\u00e9gociations QVT, plans d&rsquo;action contre le stress et le burnout.<\/td><\/tr><tr><td><strong>Loi Travail (El Khomri)<\/strong><\/td><td>Droit \u00e0 la d\u00e9connexion, flexibilit\u00e9 des horaires<\/td><td>Promotion de l&rsquo;\u00e9quilibre vie pro\/perso, n\u00e9gociation collective.<\/td><\/tr><\/tbody><\/table><\/figure>\n\n\n\n<figure class=\"wp-block-image size-large\"><img fetchpriority=\"high\" decoding=\"async\" width=\"1024\" height=\"682\" src=\"https:\/\/ifeelonline.com\/fr\/wp-content\/uploads\/sites\/3\/2024\/10\/loi-du-travail-2-1024x682.jpg\" alt=\"Lois sur le bien-\u00eatre et le travail en France\" class=\"wp-image-11353\" srcset=\"https:\/\/ifeelonline.com\/fr\/wp-content\/uploads\/sites\/3\/2024\/10\/loi-du-travail-2-1024x682.jpg 1024w, https:\/\/ifeelonline.com\/fr\/wp-content\/uploads\/sites\/3\/2024\/10\/loi-du-travail-2-300x200.jpg 300w, https:\/\/ifeelonline.com\/fr\/wp-content\/uploads\/sites\/3\/2024\/10\/loi-du-travail-2-768x512.jpg 768w, https:\/\/ifeelonline.com\/fr\/wp-content\/uploads\/sites\/3\/2024\/10\/loi-du-travail-2-1536x1024.jpg 1536w, https:\/\/ifeelonline.com\/fr\/wp-content\/uploads\/sites\/3\/2024\/10\/loi-du-travail-2-2048x1365.jpg 2048w\" sizes=\"(max-width: 1024px) 100vw, 1024px\" \/><\/figure>\n\n\n\n<h2 class=\"wp-block-heading\">Strat\u00e9gies pour les dirigeants et managers RH<\/h2>\n\n\n\n<h3 class=\"wp-block-heading\">Mise en place de programmes de bien-\u00eatre<\/h3>\n\n\n\n<p>Investir dans des <a href=\"https:\/\/ifeelonline.com\/fr\/avantages-programmes-bien-etre-pour-les-collaborateurs\/\">programmes de bien-\u00eatre<\/a> peut avoir <strong>un impact significatif sur la satisfaction<\/strong> et la <a href=\"https:\/\/ifeelonline.com\/fr\/augmenter-la-productivite\/\">productivit\u00e9 des collaborateurs<\/a>. Les outils comme ceux propos\u00e9s par <strong><a href=\"https:\/\/ifeelonline.com\/fr\/plateforme-bien-etre-en-entreprise\/\">ifeel, plateforme leader en bien-\u00eatre mental<\/a><\/strong>, peuvent aider \u00e0 \u00e9valuer et \u00e0 am\u00e9liorer le bien-\u00eatre mental des collaborateurs.<\/p>\n\n\n\n<p><strong>Exemples de Programmes :<\/strong><\/p>\n\n\n\n<ul class=\"wp-block-list\">\n<li><strong>\u00c9valuations r\u00e9guli\u00e8res du bien-\u00eatre mental<\/strong> : Utilisation de questionnaires anonymes pour identifier les principales sources de stress.<\/li>\n\n\n\n<li><strong>Soutien psychologique<\/strong> : Acc\u00e8s \u00e0 des consultations avec des psychologues pour les employ\u00e9s.<\/li>\n\n\n\n<li><strong>Formations sur la gestion du stress<\/strong> : Sessions de formation pour apprendre aux employ\u00e9s comment g\u00e9rer le stress et am\u00e9liorer leur r\u00e9silience.<\/li>\n<\/ul>\n\n\n\n<h3 class=\"wp-block-heading\">Favoriser la s\u00e9curit\u00e9 psychologique<\/h3>\n\n\n\n<p><a href=\"https:\/\/ifeelonline.com\/fr\/securite-psychologique\/\">La s\u00e9curit\u00e9 psychologique<\/a> est essentielle pour cr\u00e9er un environnement de travail o\u00f9 les employ\u00e9s se sentent \u00e0 l&rsquo;aise pour partager leurs id\u00e9es et pr\u00e9occupations sans peur de r\u00e9percussions. Selon une \u00e9tude de Google, la s\u00e9curit\u00e9 psychologique est le facteur le plus important dans les \u00e9quipes performantes.<\/p>\n\n\n\n<p><strong>Actions concr\u00e8tes :<\/strong><\/p>\n\n\n\n<ul class=\"wp-block-list\">\n<li><strong>Encourager l&rsquo;expression des \u00e9motions<\/strong> : Cr\u00e9er des espaces de discussion o\u00f9 les employ\u00e9s peuvent librement exprimer leurs \u00e9motions.<\/li>\n\n\n\n<li><strong>Formation des managers<\/strong> : Former les managers \u00e0 reconna\u00eetre les signes de stress et \u00e0 r\u00e9agir de mani\u00e8re appropri\u00e9e.<\/li>\n\n\n\n<li><strong>Politique de tol\u00e9rance z\u00e9ro<\/strong> : Mettre en place une politique stricte contre le harc\u00e8lement et les comportements toxiques.<\/li>\n<\/ul>\n\n\n\n<h3 class=\"wp-block-heading\">Utilisation des donn\u00e9es pour prendre des d\u00e9cisions \u00e9clair\u00e9es<\/h3>\n\n\n\n<p>L&rsquo;utilisation de donn\u00e9es pour \u00e9valuer le bien-\u00eatre des employ\u00e9s et identifier les domaines d&rsquo;am\u00e9lioration est cruciale. Les outils comme ceux d&rsquo;ifeel permettent de collecter et d&rsquo;analyser des donn\u00e9es sur le bien-\u00eatre mental, offrant ainsi une compr\u00e9hension holistique des besoins des employ\u00e9s.<\/p>\n\n\n\n<p><strong>Exemple de donn\u00e9es \u00e0 collecter :<\/strong><\/p>\n\n\n\n<ul class=\"wp-block-list\">\n<li><strong>Taux d&rsquo;absent\u00e9isme<\/strong> : Suivre les absences pour d\u00e9tecter les tendances li\u00e9es au stress ou au burnout.<\/li>\n\n\n\n<li><strong>Feedback des employ\u00e9s<\/strong> : Utiliser des sondages pour recueillir des feedbacks sur le climat de travail et le bien-\u00eatre.<\/li>\n\n\n\n<li><strong>\u00c9valuations des risques<\/strong> : Analyser les donn\u00e9es des \u00e9valuations des risques pour identifier les secteurs n\u00e9cessitant des interventions.<\/li>\n<\/ul>\n\n\n\n<p><\/p>\n\n\n\n<h4 class=\"wp-block-heading\">Storytelling : l&rsquo;histoire de Sophie<\/h4>\n\n\n\n<p>Pour illustrer l&rsquo;importance des lois sur le <a href=\"https:\/\/ifeelonline.com\/fr\/le-bien-etre-au-travail\/\" data-type=\"post\" data-id=\"8862\">bien-\u00eatre au travail<\/a>, prenons l&rsquo;exemple de Sophie, une cadre sup\u00e9rieure dans une grande entreprise fran\u00e7aise. Sophie est une professionnelle d\u00e9vou\u00e9e, mais apr\u00e8s plusieurs mois de travail intense sur un projet crucial, elle commence \u00e0 ressentir les signes d\u2019\u00e9puisement professionnel. Stress\u00e9e et \u00e9puis\u00e9e, elle se sent de plus en plus d\u00e9connect\u00e9e de son travail et de ses coll\u00e8gues.<\/p>\n\n\n\n<p>Un jour, Sophie d\u00e9cide de parler de ses probl\u00e8mes \u00e0 son <a href=\"https:\/\/ifeelonline.com\/fr\/managers-resolutions-professionnelles\/\" data-type=\"post\" data-id=\"9971\">manager<\/a>, Pierre, qui a r\u00e9cemment suivi une formation sur la <strong>gestion du bien-\u00eatre au travail<\/strong>. Gr\u00e2ce \u00e0 cette formation, Pierre est capable de reconna\u00eetre les signes de burnout chez Sophie. Il l&rsquo;encourage \u00e0 utiliser <strong>les services de soutien <a href=\"https:\/\/ifeelonline.com\/fr\/lois-bien-etre-et-travail-en-france\/\" data-type=\"post\" data-id=\"11352\">psychologique offerts par l&rsquo;entreprise<\/a><\/strong>, et ensemble, ils \u00e9laborent un plan pour r\u00e9\u00e9quilibrer sa charge de travail.<\/p>\n\n\n\n<p>Sophie participe \u00e0 plusieurs s\u00e9ances de coaching et commence \u00e0 int\u00e9grer des pratiques de gestion du stress dans sa routine quotidienne. Elle apprend l&rsquo;importance de la <strong><a href=\"https:\/\/ifeelonline.com\/fr\/deconnecter-du-travail-pendant-les-vacances\/\" data-type=\"post\" data-id=\"9260\">d\u00e9connexion num\u00e9rique<\/a><\/strong> et commence \u00e0 utiliser son droit \u00e0 la d\u00e9connexion pour se ressourcer en dehors des heures de travail. Gr\u00e2ce \u00e0 ces mesures, Sophie retrouve progressivement son \u00e9nergie et son enthousiasme pour son travail.<\/p>\n\n\n\n<p>L&rsquo;histoire de Sophie montre comment les lois sur le bien-\u00eatre au travail et les initiatives de soutien peuvent faire une r\u00e9elle diff\u00e9rence dans la vie des employ\u00e9s. En investissant <strong>dans le bien-\u00eatre menta<\/strong>l, les entreprises ne se contentent pas de se conformer aux exigences l\u00e9gales, elles cr\u00e9ent \u00e9galement un <a href=\"https:\/\/ifeelonline.com\/fr\/differents-environnements-de-travail\/\" data-type=\"post\" data-id=\"8484\">environnement de travail<\/a> o\u00f9 les employ\u00e9s peuvent s&rsquo;\u00e9panouir.<\/p>\n\n\n\n<figure class=\"wp-block-image size-large\"><img decoding=\"async\" width=\"1024\" height=\"683\" src=\"https:\/\/ifeelonline.com\/fr\/wp-content\/uploads\/sites\/3\/2024\/10\/loi-du-travail-3-1024x683.jpg\" alt=\"Lois sur le bien-\u00eatre et le travail en France\" class=\"wp-image-11354\" srcset=\"https:\/\/ifeelonline.com\/fr\/wp-content\/uploads\/sites\/3\/2024\/10\/loi-du-travail-3-1024x683.jpg 1024w, https:\/\/ifeelonline.com\/fr\/wp-content\/uploads\/sites\/3\/2024\/10\/loi-du-travail-3-300x200.jpg 300w, https:\/\/ifeelonline.com\/fr\/wp-content\/uploads\/sites\/3\/2024\/10\/loi-du-travail-3-768x512.jpg 768w, https:\/\/ifeelonline.com\/fr\/wp-content\/uploads\/sites\/3\/2024\/10\/loi-du-travail-3-1536x1024.jpg 1536w, https:\/\/ifeelonline.com\/fr\/wp-content\/uploads\/sites\/3\/2024\/10\/loi-du-travail-3-2048x1365.jpg 2048w\" sizes=\"(max-width: 1024px) 100vw, 1024px\" \/><\/figure>\n\n\n\n<h2 class=\"wp-block-heading\">Le leader europ\u00e9en des solutions de bien-\u00eatre mental pour les grandes organisations<\/h2>\n\n\n\n<p>Chez ifeel,<a href=\"https:\/\/ifeelonline.com\/fr\/notre-departement-de-recherche-clinique\/\"> <strong>notre \u00e9quipe de psychologues<\/strong><\/a>, experts en bien-\u00eatre au travail, a cr\u00e9\u00e9 un programme de bien-\u00eatre mental pour les travailleurs qui a un impact positif sur<a href=\"https:\/\/ifeelonline.com\/fr\/boite-a-outils-rh\/manuel-comment-prevenir-le-burnout-au-travail\/?partner=ifeel_internLinkPost\"> <strong>la pr\u00e9vention du burnout<\/strong><\/a><strong>, la r\u00e9duction de l\u2019absent\u00e9isme et<\/strong><a href=\"https:\/\/ifeelonline.com\/fr\/outils\/identifier-le-stress-parmi-vos-employes\/?partner=ifeel_internLinkPost\"><strong> <\/strong><strong>la lutte contre le stress<\/strong><\/a><strong> des collaborateurs.<\/strong><\/p>\n\n\n\n<p>Nous travaillons en partenariat avec des entreprises du monde entier pour<strong> inspirer la croissance humaine<\/strong> et guider les organisations dans l\u2019instauration d\u2019une <strong><a href=\"https:\/\/ifeelonline.com\/fr\/culture-du-bien-etre-mental\/\" data-type=\"post\" data-id=\"11038\">culture positive du bien-\u00eatre mental<\/a><\/strong>. Une approche sur mesure et centr\u00e9e sur les personnes qui place la sant\u00e9 de vos collaborateurs au centre, en tant que <strong>pilier fondamental pour attirer et retenir les talents<\/strong> ainsi que pour renforcer leur sentiment d\u2019appartenance.<\/p>\n\n\n\n<p><strong>Une solution unique, compl\u00e8te et \u00e9volutive<\/strong> qui utilise la puissance des donn\u00e9es pour fournir une <strong>compr\u00e9hension holistique du bien-\u00eatre psychologique de vos employ\u00e9s<\/strong>, tout en garantissant la qualit\u00e9 du service et la confidentialit\u00e9 pour votre \u00e9quipe.<\/p>\n\n\n\n<p>Nous esp\u00e9rons que cet article sur comment<a href=\"https:\/\/ifeelonline.com\/fr?partner=ifeel_internLinkPost\"> <strong>ifeel<\/strong><\/a> peut am\u00e9liorer le bien-\u00eatre mental dans votre organisation vous a int\u00e9ress\u00e9. Pour<a href=\"https:\/\/ifeelonline.com\/fr\/demander-une-demo\/\"> plus d\u2019informations<\/a> sur les solutions d\u2019ifeel en mati\u00e8re de bien-\u00eatre mental pour les entreprises, contactez-nous.<\/p>\n\n    <div class=\"xs_social_share_widget xs_share_url after_content \t\tmain_content  wslu-style-1 wslu-share-box-shaped wslu-fill-colored wslu-none wslu-share-horizontal wslu-theme-font-no wslu-main_content\">\n\n\t\t\n        <ul>\n\t\t\t        <\/ul>\n    <\/div> \n","protected":false},"excerpt":{"rendered":"<p>Cet article met en lumi\u00e8re les principales lois sur le bien-\u00eatre et le travail en Francel et pr\u00e9sente des strat\u00e9gies concr\u00e8tes pour les int\u00e9grer efficacement dans votre organisation.En France, les entreprises doivent naviguer dans un cadre juridique strict concernant le bien-\u00eatre et les droits des travailleurs. Pour les grandes entreprises, en particulier celles avec plus [&hellip;]<\/p>\n","protected":false},"author":53,"featured_media":11355,"comment_status":"closed","ping_status":"open","sticky":false,"template":"","format":"standard","meta":{"content-type":"","postBodyCss":"","postBodyMargin":[],"postBodyPadding":[],"postBodyBackground":{"backgroundType":"classic","gradient":""},"footnotes":""},"categories":[27,40],"tags":[],"class_list":["post-11352","post","type-post","status-publish","format-standard","has-post-thumbnail","hentry","category-bien-etre-au-travail","category-ressources-humaines"],"_links":{"self":[{"href":"https:\/\/ifeelonline.com\/fr\/wp-json\/wp\/v2\/posts\/11352","targetHints":{"allow":["GET"]}}],"collection":[{"href":"https:\/\/ifeelonline.com\/fr\/wp-json\/wp\/v2\/posts"}],"about":[{"href":"https:\/\/ifeelonline.com\/fr\/wp-json\/wp\/v2\/types\/post"}],"author":[{"embeddable":true,"href":"https:\/\/ifeelonline.com\/fr\/wp-json\/wp\/v2\/users\/53"}],"replies":[{"embeddable":true,"href":"https:\/\/ifeelonline.com\/fr\/wp-json\/wp\/v2\/comments?post=11352"}],"version-history":[{"count":0,"href":"https:\/\/ifeelonline.com\/fr\/wp-json\/wp\/v2\/posts\/11352\/revisions"}],"wp:featuredmedia":[{"embeddable":true,"href":"https:\/\/ifeelonline.com\/fr\/wp-json\/wp\/v2\/media\/11355"}],"wp:attachment":[{"href":"https:\/\/ifeelonline.com\/fr\/wp-json\/wp\/v2\/media?parent=11352"}],"wp:term":[{"taxonomy":"category","embeddable":true,"href":"https:\/\/ifeelonline.com\/fr\/wp-json\/wp\/v2\/categories?post=11352"},{"taxonomy":"post_tag","embeddable":true,"href":"https:\/\/ifeelonline.com\/fr\/wp-json\/wp\/v2\/tags?post=11352"}],"curies":[{"name":"wp","href":"https:\/\/api.w.org\/{rel}","templated":true}]}}