{"id":11198,"date":"2024-09-23T16:25:13","date_gmt":"2024-09-23T15:25:13","guid":{"rendered":"https:\/\/ifeelonline.com\/fr\/?p=11198"},"modified":"2024-09-23T16:25:13","modified_gmt":"2024-09-23T15:25:13","slug":"problemes-sur-le-lieu-de-travail","status":"publish","type":"post","link":"https:\/\/ifeelonline.com\/fr\/problemes-sur-le-lieu-de-travail\/","title":{"rendered":"5 exemples courants de probl\u00e8mes sur le lieu de travail"},"content":{"rendered":"\n<p>Les<strong> probl\u00e8mes sur le lieu de travail<\/strong> rencontr\u00e9s par les collaborateurs peuvent varier. Cependant, ils ont tous un point commun : ils affectent leur <strong><a href=\"https:\/\/ifeelonline.com\/fr\/bien-etre-en-entreprise\/\">bien-\u00eatre psychologique<\/a><\/strong> et, par cons\u00e9quent, <a href=\"https:\/\/ifeelonline.com\/fr\/booster-la-productivite-au-travail\/\">la productivit\u00e9<\/a> de l&rsquo;entreprise.<\/p>\n\n\n\n<p>En effet, les probl\u00e8mes sur le lieu de travail sont nombreux et nous pourrions les classer en fonction de leurs causes, de leurs effets, de leur niveau de gravit\u00e9 ou <strong>du degr\u00e9 de responsabilit\u00e9 ou non du collaborateur<\/strong>.<\/p>\n\n\n\n<p>Poursuivez votre lecture pour d\u00e9couvrir <strong>5 exemples de probl\u00e8mes courants sur le lieu de travail <\/strong>auxquels les travailleurs de toute entreprise peuvent \u00eatre confront\u00e9s.<\/p>\n\n\n\n<figure class=\"wp-block-image size-large\"><img fetchpriority=\"high\" decoding=\"async\" width=\"1024\" height=\"683\" src=\"https:\/\/ifeelonline.com\/fr\/wp-content\/uploads\/sites\/3\/2024\/09\/magnet-me-LDcC7aCWVlo-unsplash-1024x683.jpg\" alt=\"ennui au travail\" class=\"wp-image-11201\" srcset=\"https:\/\/ifeelonline.com\/fr\/wp-content\/uploads\/sites\/3\/2024\/09\/magnet-me-LDcC7aCWVlo-unsplash-1024x683.jpg 1024w, https:\/\/ifeelonline.com\/fr\/wp-content\/uploads\/sites\/3\/2024\/09\/magnet-me-LDcC7aCWVlo-unsplash-300x200.jpg 300w, https:\/\/ifeelonline.com\/fr\/wp-content\/uploads\/sites\/3\/2024\/09\/magnet-me-LDcC7aCWVlo-unsplash-768x512.jpg 768w, https:\/\/ifeelonline.com\/fr\/wp-content\/uploads\/sites\/3\/2024\/09\/magnet-me-LDcC7aCWVlo-unsplash-1536x1024.jpg 1536w, https:\/\/ifeelonline.com\/fr\/wp-content\/uploads\/sites\/3\/2024\/09\/magnet-me-LDcC7aCWVlo-unsplash-2048x1365.jpg 2048w\" sizes=\"(max-width: 1024px) 100vw, 1024px\" \/><\/figure>\n\n\n\n<h2 class=\"wp-block-heading\">Probl\u00e8mes courants sur le lieu de travail<\/h2>\n\n\n\n<h3 class=\"wp-block-heading\"><strong>1.<\/strong> D\u00e9motivation et ennui<\/h3>\n\n\n\n<p>Il n&rsquo;est pas toujours n\u00e9cessaire de <strong>rechercher la cause des probl\u00e8mes au travail<\/strong> dans des circonstances tr\u00e8s critiques ou graves. Parfois, la source du malaise psychologique du travailleur r\u00e9side dans le fait qu&rsquo;il s&rsquo;ennuie profond\u00e9ment dans l&rsquo;exercice de ses fonctions, ce que l&rsquo;on appelle aussi le <strong><em><a href=\"https:\/\/ifeelonline.com\/fr\/le-syndrome-de-boreout-ennui-au-travail\/\">bore-out<\/a><\/em><\/strong>. En cas de <strong>mauvaise adaptation des fonctions<\/strong>, des t\u00e2ches et des responsabilit\u00e9s, le travailleur peut se retrouver \u00e0 effectuer un travail fastidieux, r\u00e9p\u00e9titif, peu stimulant ou peu valorisant, avec les cons\u00e9quences que cela entra\u00eene pour son engagement envers l&rsquo;entreprise et son <strong><a href=\"https:\/\/ifeelonline.com\/fr\/comment-ameliorer-lestime-de-soi-au-travail\/\">estime de soi<\/a><\/strong>. Il peut donc s&rsquo;agir d&rsquo;un bon sujet \u00e0 identifier et \u00e0 aborder lors des entretiens d&rsquo;\u00e9valuation des performances.<\/p>\n\n\n\n<h3 class=\"wp-block-heading\"><strong>2.<\/strong> L&rsquo;\u00e9puisement professionnel et le stress<\/h3>\n\n\n\n<p>L&rsquo;un des probl\u00e8mes les plus courants sur le lieu de travail et les plus pr\u00e9judiciables \u00e0 la sant\u00e9 mentale des travailleurs est le fait de souffrir d&rsquo;une situation de stress prolong\u00e9e, due \u00e0 une surcharge de travail, ou de souffrir directement d&rsquo;un <strong><a href=\"https:\/\/ifeelonline.com\/fr\/epuisement-professionnel\/\">syndrome d&rsquo;\u00e9puisement professionnel<\/a><\/strong>, ou plus commun\u00e9ment appel\u00e9 <strong>burn-out<\/strong>, <strong>en raison d&rsquo;une saturation et d&rsquo;une d\u00e9motivation profondes<\/strong>. Cela entra\u00eene une grande distorsion dans l&rsquo;engagement du travailleur envers l&rsquo;entreprise et\/ou la t\u00e2che et constitue une source importante de mauvaise sant\u00e9 au travail.<br><strong><a href=\"https:\/\/ifeelonline.com\/fr\/boite-a-outils-rh\/manuel-comment-prevenir-le-burnout-au-travail\/\">En savoir plus sur comment pr\u00e9venir le burn-out.<\/a><\/strong><\/p>\n\n\n\n<h3 class=\"wp-block-heading\"><strong>3.<\/strong> Le syndrome de l&rsquo;imposteur<\/h3>\n\n\n\n<p>Peu de choses sont aussi \u00e9puisantes, voire stressantes, que de <strong>soutenir un mensonge<\/strong>. Parfois, lorsque nous travaillons et que nous occupons un poste pour lequel nous ne sommes pas tout \u00e0 fait s\u00fbrs d&rsquo;\u00eatre qualifi\u00e9s, ou pour lequel nous ne sommes pas tout \u00e0 fait s\u00fbrs d&rsquo;\u00eatre convaincus, mais que nous n&rsquo;avons pas d&rsquo;autre choix que de le d\u00e9fendre, nous tombons dans une sorte de<strong> \u00ab <a href=\"https:\/\/ifeelonline.com\/fr\/souffrez-vous-du-syndrome-de-limposteur\/\">syndrome de l&rsquo;imposteur<\/a> \u00bb.<\/strong> Plut\u00f4t que des travailleurs coh\u00e9rents, nous ressemblons \u00e0 des acteurs jouant un r\u00f4le auquel nous ne croyons pas vraiment. Le collaborateur vit alors en conflit avec son identit\u00e9, sa vocation et son parcours professionnel. Cet<strong> <\/strong>\u00e9norme sentiment d&rsquo;inad\u00e9quation finit par nuire gravement \u00e0 son <a href=\"https:\/\/ifeelonline.com\/fr\/initiatives-prevention-bien-etre-mental\/\">bien-\u00eatre mental au travail<\/a>.<\/p>\n\n\n\n<h3 class=\"wp-block-heading\"><strong>4.<\/strong> Manque d&rsquo;int\u00e9gration dans l&rsquo;\u00e9quipe<\/h3>\n\n\n\n<p>Parfois, les probl\u00e8mes sur le lieu de travail sont li\u00e9s \u00e0 l&rsquo;aspect social plut\u00f4t qu&rsquo;\u00e0 la t\u00e2che. De nombreuses personnes font l&rsquo;exp\u00e9rience d&rsquo;<strong><a href=\"https:\/\/ifeelonline.com\/fr\/environnement-de-travail-toxique\/\">un environnement de travail<\/a> <\/strong>froid qui ne stimule pas <strong><a href=\"https:\/\/ifeelonline.com\/fr\/engagement-des-salaries\/\">leur sentiment d&rsquo;appartenance \u00e0 l&rsquo;entreprise<\/a><\/strong>. Elles n&rsquo;\u00e9prouvent pas n\u00e9cessairement des tensions avec leurs co\u00e9quipiers, mais elles souffrent d<strong><a href=\"https:\/\/ifeelonline.com\/fr\/renforcer-cohesion-d-equipe\/\">&lsquo;un manque de connexion et de complicit\u00e9<\/a><\/strong>, ou d<strong>&lsquo;une mauvaise communication<\/strong> avec eux, ce qui les am\u00e8ne \u00e0 consid\u00e9rer leur \u00e9quipe comme non coh\u00e9sive ou \u00e0 se percevoir comme isol\u00e9es du reste de l&rsquo;\u00e9quipe.<\/p>\n\n\n\n<h3 class=\"wp-block-heading\"><strong>5.<\/strong> Mauvaises conditions de travail<\/h3>\n\n\n\n<p>Dans le monde professionnel d\u2019aujourd\u2019hui,<a href=\"https:\/\/ifeelonline.com\/fr\/semaine-qualite-de-vie-et-conditions-de-travail\/\">\u00a0<strong>la Qualit\u00e9 de Vie au Travail (QVT)<\/strong><\/a><strong>\u00a0ou la Qualit\u00e9 de Vie et Conditions de Travail <a href=\"https:\/\/ifeelonline.com\/fr\/boite-a-outils-rh\/guide-strategie-qvct\/?partner=ifeel_internLinkPost\">(QVCT)\u00a0<\/a><\/strong>occupe une place pr\u00e9pond\u00e9rante, refl\u00e9tant une prise de conscience croissante de l\u2019importance du bien-\u00eatre des collaborateurs dans la r\u00e9ussite globale d\u2019une entreprise. L&rsquo;un des probl\u00e8mes professionnels les plus g\u00eanants pour les travailleurs est le fait de devoir travailler dans de mauvaises conditions \u00e0 diff\u00e9rents niveaux : <\/p>\n\n\n\n<ul class=\"wp-block-list\">\n<li><strong>Mat\u00e9riel<\/strong> : ordinateur, bureau, chaise, lumi\u00e8re, temp\u00e9rature, espace<\/li>\n\n\n\n<li><strong>Salaire<\/strong> : mauvais salaire par rapport \u00e0 la charge de travail, \u00e0 la qualification ou \u00e0 la responsabilit\u00e9<\/li>\n\n\n\n<li><strong>Horaire<\/strong> : d\u00e9sordonn\u00e9, excessif, inefficace<\/li>\n\n\n\n<li><strong>\u00c9quilibre entre vie professionnelle et vie priv\u00e9e <\/strong>: sentiment insatisfaisant que l&rsquo;aspect professionnel \u00ab absorbe \u00bb, entre autres. <\/li>\n<\/ul>\n\n\n\n<p><br>De mauvaises conditions de travail emp\u00eachent une performance optimale, nuisent \u00e0 l&rsquo;<a href=\"https:\/\/ifeelonline.com\/fr\/engagement-des-collaborateurs\/\">engagement du collaborateur<\/a> envers l&rsquo;entreprise et constituent donc un obstacle majeur \u00e0 la r\u00e9tention des talents.<\/p>\n\n\n\n<figure class=\"wp-block-image size-large\"><img decoding=\"async\" width=\"1024\" height=\"683\" src=\"https:\/\/ifeelonline.com\/fr\/wp-content\/uploads\/sites\/3\/2024\/09\/charlesdeluvio-Lks7vei-eAg-unsplash-1024x683.jpg\" alt=\"probl\u00e8mes sur le lieu de travail\" class=\"wp-image-11202\" srcset=\"https:\/\/ifeelonline.com\/fr\/wp-content\/uploads\/sites\/3\/2024\/09\/charlesdeluvio-Lks7vei-eAg-unsplash-1024x683.jpg 1024w, https:\/\/ifeelonline.com\/fr\/wp-content\/uploads\/sites\/3\/2024\/09\/charlesdeluvio-Lks7vei-eAg-unsplash-300x200.jpg 300w, https:\/\/ifeelonline.com\/fr\/wp-content\/uploads\/sites\/3\/2024\/09\/charlesdeluvio-Lks7vei-eAg-unsplash-768x512.jpg 768w, https:\/\/ifeelonline.com\/fr\/wp-content\/uploads\/sites\/3\/2024\/09\/charlesdeluvio-Lks7vei-eAg-unsplash-1536x1024.jpg 1536w, https:\/\/ifeelonline.com\/fr\/wp-content\/uploads\/sites\/3\/2024\/09\/charlesdeluvio-Lks7vei-eAg-unsplash-2048x1365.jpg 2048w\" sizes=\"(max-width: 1024px) 100vw, 1024px\" \/><\/figure>\n\n\n\n<h2 class=\"wp-block-heading\">Le bien-\u00eatre \u00e9motionnel pour les entreprises<\/h2>\n\n\n\n<p>Chez <strong>ifeel<\/strong>, nous aidons les entreprises \u00e0 aller de l&rsquo;avant en s&rsquo;engageant en faveur du <strong>bien-\u00eatre des<\/strong> employ\u00e9s. Pour ce faire,<a href=\"https:\/\/ifeelonline.com\/fr\/notre-departement-de-recherche-clinique\/\"> notre \u00e9quipe de psychologues<\/a> experts en bien-\u00eatre au travail a cr\u00e9\u00e9 un<a href=\"https:\/\/ifeelonline.com\/fr\/programmes-sante-mentale-pour-les-entreprises\/\"> programme de bien-\u00eatre mental pour les entreprises<\/a> qui apporte des avantages significatifs \u00e0 l&rsquo;ensemble de l&rsquo;\u00e9quipe, y compris aux responsables des ressources humaines.<\/p>\n\n\n\n<p>Nous travaillons en partenariat avec des entreprises du monde entier pour inspirer la croissance humaine et guider les organisations dans l&rsquo;instauration d&rsquo;une<a href=\"https:\/\/ifeelonline.com\/fr\/culture-positive\/?partner=ifeel_internLinkPost\"> <strong>culture positive<\/strong><\/a><strong> du bien-\u00eatre menta<\/strong>l. Une approche sur mesure et centr\u00e9e sur les personnes qui place<strong> la sant\u00e9 de vos collaborateurs au centre<\/strong>, en tant que pilier fondamental pour<a href=\"https:\/\/ifeelonline.com\/fr\/guide-pour-renforcer-votre-strategie-en-matiere-de-talents\/?partner=ifeel_internLinkPost\"> <strong>attirer et retenir les talents<\/strong><\/a> ainsi que pour renforcer leur sentiment d&rsquo;appartenance.&nbsp;<\/p>\n\n\n\n<p><strong>Une solution unique, compl\u00e8te et \u00e9volutive<\/strong> qui utilise la puissance des donn\u00e9es pour fournir une compr\u00e9hension holistique du bien-\u00eatre psychologique de vos employ\u00e9s, tout en garantissant la qualit\u00e9 du service et la confidentialit\u00e9 pour votre \u00e9quipe.<\/p>\n\n\n\n<p>Nous esp\u00e9rons que cet article sur <strong>les probl\u00e8mes sur le lieu de travail les plus courants<\/strong> vous a int\u00e9ress\u00e9 et nous vous invitons \u00e0 consulter notre nouvelle section sur<a href=\"https:\/\/ifeelonline.com\/fr\/sante-mentale-pour-les-assureurs\/\"> la sant\u00e9 mentale destin\u00e9e aux assureurs<\/a>.<br>Pour<a href=\"https:\/\/ifeelonline.com\/fr\/demander-une-demo\/\"> plus d&rsquo;informations<\/a> sur notre programme de bien-\u00eatre mental pour les entreprises, n&rsquo;h\u00e9sitez pas \u00e0 nous demander et nous prendrons contact avec votre \u00e9quipe dans les plus brefs d\u00e9lais.<\/p>\n\n    <div class=\"xs_social_share_widget xs_share_url after_content \t\tmain_content  wslu-style-1 wslu-share-box-shaped wslu-fill-colored wslu-none wslu-share-horizontal wslu-theme-font-no wslu-main_content\">\n\n\t\t\n        <ul>\n\t\t\t        <\/ul>\n    <\/div> \n","protected":false},"excerpt":{"rendered":"<p>Les probl\u00e8mes sur le lieu de travail rencontr\u00e9s par les collaborateurs peuvent varier. Cependant, ils ont tous un point commun : ils affectent leur bien-\u00eatre psychologique et, par cons\u00e9quent, la productivit\u00e9 de l&rsquo;entreprise. En effet, les probl\u00e8mes sur le lieu de travail sont nombreux et nous pourrions les classer en fonction de leurs causes, de [&hellip;]<\/p>\n","protected":false},"author":8,"featured_media":11203,"comment_status":"closed","ping_status":"open","sticky":false,"template":"","format":"standard","meta":{"content-type":"","postBodyCss":"","postBodyMargin":[],"postBodyPadding":[],"postBodyBackground":{"backgroundType":"classic","gradient":""},"footnotes":""},"categories":[27,40],"tags":[],"class_list":["post-11198","post","type-post","status-publish","format-standard","has-post-thumbnail","hentry","category-bien-etre-au-travail","category-ressources-humaines"],"_links":{"self":[{"href":"https:\/\/ifeelonline.com\/fr\/wp-json\/wp\/v2\/posts\/11198","targetHints":{"allow":["GET"]}}],"collection":[{"href":"https:\/\/ifeelonline.com\/fr\/wp-json\/wp\/v2\/posts"}],"about":[{"href":"https:\/\/ifeelonline.com\/fr\/wp-json\/wp\/v2\/types\/post"}],"author":[{"embeddable":true,"href":"https:\/\/ifeelonline.com\/fr\/wp-json\/wp\/v2\/users\/8"}],"replies":[{"embeddable":true,"href":"https:\/\/ifeelonline.com\/fr\/wp-json\/wp\/v2\/comments?post=11198"}],"version-history":[{"count":0,"href":"https:\/\/ifeelonline.com\/fr\/wp-json\/wp\/v2\/posts\/11198\/revisions"}],"wp:featuredmedia":[{"embeddable":true,"href":"https:\/\/ifeelonline.com\/fr\/wp-json\/wp\/v2\/media\/11203"}],"wp:attachment":[{"href":"https:\/\/ifeelonline.com\/fr\/wp-json\/wp\/v2\/media?parent=11198"}],"wp:term":[{"taxonomy":"category","embeddable":true,"href":"https:\/\/ifeelonline.com\/fr\/wp-json\/wp\/v2\/categories?post=11198"},{"taxonomy":"post_tag","embeddable":true,"href":"https:\/\/ifeelonline.com\/fr\/wp-json\/wp\/v2\/tags?post=11198"}],"curies":[{"name":"wp","href":"https:\/\/api.w.org\/{rel}","templated":true}]}}