{"id":11093,"date":"2024-09-19T11:39:36","date_gmt":"2024-09-19T10:39:36","guid":{"rendered":"https:\/\/ifeelonline.com\/fr\/?p=11093"},"modified":"2024-09-19T11:39:37","modified_gmt":"2024-09-19T10:39:37","slug":"plan-de-carriere-rh","status":"publish","type":"post","link":"https:\/\/ifeelonline.com\/fr\/plan-de-carriere-rh\/","title":{"rendered":"Parcours de carri\u00e8re RH : 4 comp\u00e9tences n\u00e9cessaires pour exceller"},"content":{"rendered":"\n<p>Pour toute personne envisageant <strong>une carri\u00e8re RH<\/strong>, il existe de nombreux r\u00f4les diff\u00e9rents auxquels elle peut postuler. <strong>Le d\u00e9partement des ressources humaines regroupe divers postes et \u00e9volue avec le temps<\/strong>, surtout dans les entreprises comptant un grand nombre de collaborateurs. Cette \u00e9volution est li\u00e9e \u00e0 l&rsquo;accent mis sur<a href=\"https:\/\/ifeelonline.com\/fr\/culture-du-bien-etre-mental\/\"> le bien-\u00eatre mental<\/a>, <a href=\"https:\/\/ifeelonline.com\/fr\/intelligence-artificielle-ressources-humaines\/\">aux avanc\u00e9es technologiques<\/a> et \u00e0 <a href=\"https:\/\/ifeelonline.com\/fr\/innovation-en-entreprise-strategie-pour-les-drh\/\">la mise en \u0153uvre de nouvelles strat\u00e9gies<\/a> en milieu de travail.<\/p>\n\n\n\n<p><strong>Les responsables RH dans les grandes entreprises jouent un r\u00f4le cl\u00e9<\/strong> pour assurer le bien-\u00eatre mental des employ\u00e9s. Ils doivent <strong>int\u00e9grer des strat\u00e9gies de sant\u00e9 mentale dans la culture d&rsquo;entreprise<\/strong>, en fournissant des s<strong><a href=\"https:\/\/ifeelonline.com\/fr\/ameliorer-le-bien-etre-mental-en-entreprise-3-benefices-cles-difeel-la-solution-leader\/\">yst\u00e8mes de soutien complets<\/a><\/strong> adapt\u00e9s aux divers besoins des employ\u00e9s. <br><br>Cet article aborde non seulement <strong>deux types de parcours de carri\u00e8re RH<\/strong>, mais explore \u00e9galement les <strong>comp\u00e9tences n\u00e9cessaires pour exceller en RH<\/strong> ainsi que<strong> le r\u00f4le de ces d\u00e9partements dans les grandes entreprises internationales<\/strong> cherchant \u00e0 am\u00e9liorer leur strat\u00e9gie.<\/p>\n\n\n\n<h2 class=\"wp-block-heading\">R\u00f4les et responsabilit\u00e9s dans une carri\u00e8re en RH<\/h2>\n\n\n\n<p>Traditionnellement, le d\u00e9partement des RH est connu pour g\u00e9rer les paies et le processus de recrutement et d&rsquo;int\u00e9gration. Cependant, la d\u00e9finition des RH va bien au-del\u00e0 de ces deux t\u00e2ches.<\/p>\n\n\n\n<p>Une carri\u00e8re en RH peut se diviser en <a href=\"https:\/\/hr.university\/career\/hr-specialist-vs-hr-generalist\/\" target=\"_blank\" rel=\"noopener\">deux cat\u00e9gories<\/a> :<\/p>\n\n\n\n<figure class=\"wp-block-table\"><table><thead><tr><th>Type<\/th><th>Comp\u00e9tences requises<\/th><th>Avantages<\/th><th>Postes<\/th><\/tr><\/thead><tbody><tr><td><strong>G\u00e9n\u00e9raliste<\/strong><\/td><td>Connaissance large en RH, adaptabilit\u00e9, multit\u00e2che<\/td><td>Polyvalence, opportunit\u00e9s de carri\u00e8re plus larges, compr\u00e9hension globale des RH<\/td><td>Assistant RH, Responsable RH, Directeur RH<\/td><\/tr><tr><td><strong>Sp\u00e9cialiste<\/strong><\/td><td>Expertise approfondie dans un domaine RH sp\u00e9cifique, comp\u00e9tences analytiques, attention aux d\u00e9tails<\/td><td>Connaissances approfondies, croissance cibl\u00e9e de carri\u00e8re, demande accrue pour des comp\u00e9tences sp\u00e9cifiques<\/td><td>Sp\u00e9cialiste du recrutement, Coordinateur des avantages sociaux, Responsable conformit\u00e9<\/td><\/tr><\/tbody><\/table><\/figure>\n\n\n\n<p><strong>G\u00e9n\u00e9raliste<\/strong> : Les g\u00e9n\u00e9ralistes g\u00e8rent diverses t\u00e2ches li\u00e9es aux ressources humaines dans toute l&rsquo;organisation, y compris <a href=\"https:\/\/ifeelonline.com\/fr\/avantages-sociaux-pour-les-collaborateurs\/\">les avantages sociaux<\/a>, l&rsquo;<a href=\"https:\/\/ifeelonline.com\/fr\/onboarding\/?partner=ifeel_internLinkPost\">onboarding<\/a>,<a href=\"https:\/\/ifeelonline.com\/fr\/boite-a-outils-rh\/modele-devaluation-des-performances\/?partner=ifeel_internLinkPost\"> la gestion des performances<\/a>, l&rsquo;acquisition de talents et la conformit\u00e9. Ce r\u00f4le n\u00e9cessite <strong>un large \u00e9ventail de comp\u00e9tences<\/strong>, car il couvre plusieurs aspects du poste.<\/p>\n\n\n\n<p><strong>Sp\u00e9cialiste<\/strong> : Les sp\u00e9cialistes se concentrent sur un domaine sp\u00e9cifique de la gestion des ressources humaines. Cela exige de la personne qu&rsquo;elle acqui\u00e8re des comp\u00e9tences sp\u00e9cifiques. Le sp\u00e9cialiste peut avoir commenc\u00e9 comme g\u00e9n\u00e9raliste avant de d\u00e9couvrir un domaine d&rsquo;int\u00e9r\u00eat et d&rsquo;acqu\u00e9rir les comp\u00e9tences n\u00e9cessaires pour exceller dans cette sp\u00e9cialisation. Ce r\u00f4le est plus courant dans les grandes entreprises, par exemple, <strong>un sp\u00e9cialiste DEI <\/strong><a href=\"https:\/\/ifeelonline.com\/fr\/strategie-dei-diversite-equite-inclusion\/\">(Diversit\u00e9, \u00c9quit\u00e9 et Inclusion)<\/a>.<br><\/p>\n\n\n\n<figure class=\"wp-block-image size-full\"><img fetchpriority=\"high\" decoding=\"async\" width=\"1536\" height=\"1024\" src=\"https:\/\/ifeelonline.com\/fr\/wp-content\/uploads\/sites\/3\/2024\/08\/carriere-RH-2.jpg\" alt=\"carri\u00e8re RH\" class=\"wp-image-11177\" srcset=\"https:\/\/ifeelonline.com\/fr\/wp-content\/uploads\/sites\/3\/2024\/08\/carriere-RH-2.jpg 1536w, https:\/\/ifeelonline.com\/fr\/wp-content\/uploads\/sites\/3\/2024\/08\/carriere-RH-2-300x200.jpg 300w, https:\/\/ifeelonline.com\/fr\/wp-content\/uploads\/sites\/3\/2024\/08\/carriere-RH-2-1024x683.jpg 1024w, https:\/\/ifeelonline.com\/fr\/wp-content\/uploads\/sites\/3\/2024\/08\/carriere-RH-2-768x512.jpg 768w\" sizes=\"(max-width: 1536px) 100vw, 1536px\" \/><\/figure>\n\n\n\n<h2 class=\"wp-block-heading\">Comp\u00e9tences requises pour un parcours professionnel en RH<\/h2>\n\n\n\n<p>Qu&rsquo;il <strong>s&rsquo;<\/strong> <strong>agisse<\/strong> <strong>d&rsquo;un <\/strong><a href=\"https:\/\/ifeelonline.com\/en\/occupational-health\/mental-health-and-human-resources\/\"><strong>g\u00e9n\u00e9raliste ou d&rsquo;un sp\u00e9cialiste des ressources humaines<\/strong><\/a>, il existe une liste de comp\u00e9tences cl\u00e9s dont les deux profils ont besoin en raison de la nature du travail, qui exige un contact permanent avec les personnes. En outre, le travail comporte \u00e9galement un aspect technique, en particulier dans le domaine de<strong> <a href=\"https:\/\/ifeelonline.com\/fr\/comment-attirer-les-talents-dans-votre-entreprise\/\">l&rsquo;acquisition de talents<\/a><\/strong>.<\/p>\n\n\n\n<h3 class=\"wp-block-heading\"><strong>1.<\/strong> Comp\u00e9tences interpersonnelles<\/h3>\n\n\n\n<p>Les <strong>comp\u00e9tences interpersonnelles<\/strong> devraient \u00eatre la base de tout employ\u00e9 travaillant dans les ressources humaines, car leur travail implique diverses interactions de diff\u00e9rentes mani\u00e8res. <br>Une <strong><a href=\"https:\/\/ifeelonline.com\/fr\/ameliorer-la-communication-au-travail\/\">communication claire<\/a><\/strong> est essentielle \u00e0 leur travail, notamment en ce qui concerne les<strong> n\u00e9gociations salariales, les annonces de l&rsquo;entreprise et les entretiens individuels.<\/strong> C&rsquo;est pourquoi les professionnels des RH doivent avoir re\u00e7u une formation claire sur la mani\u00e8re <strong>d&rsquo;<a href=\"https:\/\/ifeelonline.com\/fr\/mauvaises-nouvelles-au-travail\/\">aborder les diff\u00e9rentes questions<\/a> li\u00e9es au lieu de travail,<\/strong> en particulier les questions tr\u00e8s sensibles. Pour cela, il est \u00e9galement important de faire preuve d&rsquo;<strong><a href=\"https:\/\/ifeelonline.com\/fr\/intelligence-emotionnelle-leadership\/\">intelligence \u00e9motionnelle<\/a><\/strong>, c&rsquo;est-\u00e0-dire d&rsquo;\u00eatre capable de ressentir les \u00e9motions des autres et d&rsquo;y r\u00e9pondre correctement. <br>En outre, selon <a href=\"https:\/\/www.techopedia.com\/hr\/hr-statistics\" target=\"_blank\" rel=\"noopener\">Techopedia<\/a>, les responsables des ressources humaines estiment que les technologies les plus importantes sont la gestion des comp\u00e9tences, les places de march\u00e9 internes pour les talents et les plateformes d&rsquo;exp\u00e9rience d&rsquo;apprentissage, qui sont essentielles pour assurer la p\u00e9rennit\u00e9 des pratiques des ressources humaines.<\/p>\n\n\n\n<p><em>La communication doit \u00eatre fluide et appropri\u00e9e, en \u00e9vitant les r\u00e9unions suppl\u00e9mentaires qui peuvent g\u00e9n\u00e9rer du stress par manque de temps, <\/em><strong><em><strong>mais sans perdre d&rsquo;informations en cours de route<\/strong><\/em><\/strong><em>, ce qui peut <\/em><strong><em><strong>g\u00e9n\u00e9rer de la confusion, des malentendus et un sentiment de d\u00e9tachement par rapport \u00e0 l&rsquo;entreprise.<\/strong><\/em><\/strong><\/p>\n\n\n\n<p>&#8211; <a href=\"https:\/\/ifeelonline.com\/fr\/interviews-ifeel\/\">Beatriz Juli\u00e1n Almarcegui Responsable RH chez ifeel<\/a><\/p>\n\n\n\n<h3 class=\"wp-block-heading\"><strong>2.<\/strong> L&rsquo;organisation<\/h3>\n\n\n\n<p>Un <strong>parcours professionnel dans le domaine des ressources humaines<\/strong> implique de participer \u00e0 de nombreuses t\u00e2ches diff\u00e9rentes <strong>.<\/strong> Ces t\u00e2ches impliquent la gestion des dossiers, la <a href=\"https:\/\/ifeelonline.com\/fr\/gestion-du-temps-au-travail\/\" data-type=\"link\" data-id=\"https:\/\/ifeelonline.com\/fr\/gestion-du-temps-au-travail\/\">gestion du temps<\/a> et la hi\u00e9rarchisation des t\u00e2ches.<\/p>\n\n\n\n<p>Le souci du d\u00e9tail est essentiel pour maintenir des dossiers pr\u00e9cis et confidentiels sur les employ\u00e9s. Il s&rsquo;agit notamment d&rsquo;organiser la documentation relative \u00e0 l&#8217;embauche et aux \u00e9valuations des performances. En outre, <strong>une gestion efficace du temps<\/strong> est cruciale pour jongler avec diverses responsabilit\u00e9s, telles que les processus de recrutement, les sessions d&rsquo;int\u00e9gration et les programmes de formation des employ\u00e9s. Les professionnels des RH sont souvent amen\u00e9s \u00e0<a href=\"https:\/\/ifeelonline.com\/fr\/multitasking-multitaches\/\"> effectuer plusieurs t\u00e2ches \u00e0 la fois<\/a>, et<strong> la capacit\u00e9 \u00e0 hi\u00e9rarchiser les t\u00e2ches<\/strong> permet de s&rsquo;assurer que les probl\u00e8mes critiques sont trait\u00e9s rapidement.<\/p>\n\n\n\n<h3 class=\"wp-block-heading\"><strong>3.<\/strong> Sensibilit\u00e9 culturelle<\/h3>\n\n\n\n<p>Les entreprises doivent mettre en \u0153uvre des politiques DEI solides afin d&#8217;employer et de traiter chaque salari\u00e9 de mani\u00e8re \u00e9quitable. Il s&rsquo;agit d&rsquo;un point crucial pour les entreprises, mais ce sont l<a href=\"https:\/\/ifeelonline.com\/fr\/responsable-ressources-humaines\/\">es responsables des ressources humaines<\/a> qui devraient non seulement appliquer la politique, mais aussi former le reste de l&rsquo;entreprise afin que ces <strong>politiques soient ancr\u00e9es dans <a href=\"https:\/\/ifeelonline.com\/fr\/culture-positive\/?partner=ifeel_internLinkPost\">la culture de l&rsquo;entreprise<\/a>.<\/strong><\/p>\n\n\n\n<p>Notre \u00e9quipe de psychologues a cr\u00e9\u00e9 ce <a href=\"https:\/\/ifeelonline.com\/fr\/boite-a-outils-rh\/guide-pour-integrer-une-strategie-deib-dans-votre-culture-dentreprise\/?partner=ifeel_internLinkPost\">guide de la strat\u00e9gie DEIB<\/a> \u00e0 l&rsquo;intention des responsables des ressources humaines afin qu&rsquo;ils <strong>entament un voyage vers une culture d&rsquo;entreprise plus inclusive, plus \u00e9quitable et plus juste.<\/strong> Le succ\u00e8s d&rsquo;une entreprise r\u00e9side dans son adaptation, son \u00e9volution et son acceptation de la diversit\u00e9. Une strat\u00e9gie DEIB n&rsquo;est pas seulement une tendance, mais une n\u00e9cessit\u00e9 pour les organisations du 21e si\u00e8cle. Ce guide vous fournit les outils et les connaissances n\u00e9cessaires pour mener cette transformation avec confiance et efficacit\u00e9.<\/p>\n\n\n\n<p>Non seulement cette strat\u00e9gie cr\u00e9e un espace s\u00fbr pour tous les employ\u00e9s, mais elle favorise \u00e9galement un <strong><a href=\"https:\/\/ifeelonline.com\/fr\/environnement-de-travail-stimulant\/\">environnement de travail sain et stimulant<\/a><\/strong>. <strong>La r\u00e9putation de l&rsquo;entreprise s&rsquo;en trouve renforc\u00e9e, <\/strong>ce qui se traduit par un plus grand nombre de candidatures et, par cons\u00e9quent, par une diversification du vivier de talents de l&rsquo;entreprise.<\/p>\n\n\n\n<h3 class=\"wp-block-heading\"><strong>4.<\/strong> L&rsquo;esprit critique<\/h3>\n\n\n\n<p>Les <strong>comp\u00e9tences en mati\u00e8re d&rsquo;esprit critique<\/strong> sont essentielles pour une <strong>carri\u00e8re dans les ressources humaines<\/strong>. Elles permettent aux gestionnaires des ressources humaines d&rsquo;\u00e9valuer des situations complexes et de prendre des d\u00e9cisions \u00e9clair\u00e9es qui s&rsquo;alignent sur les<strong> objectifs de l&rsquo;organisation<\/strong>. La capacit\u00e9 \u00e0 \u00e9valuer de mani\u00e8re critique diff\u00e9rentes perspectives et sources d&rsquo;information aide \u00e0 prendre des d\u00e9cisions justes et impartiales, favorisant ainsi un environnement de travail positif.<\/p>\n\n\n\n<p><strong>Les gestionnaires des ressources humaines dot\u00e9s d&rsquo;une forte capacit\u00e9 de r\u00e9flexion critique <\/strong>peuvent <strong>anticiper les probl\u00e8mes potentiels, att\u00e9nuer les risques et mettre en \u0153uvre des mesures proactives<\/strong> afin d&rsquo;am\u00e9liorer l&rsquo;efficacit\u00e9 globale de l&rsquo;organisation.<\/p>\n\n\n\n<h3 class=\"wp-block-heading\"><strong>5.<\/strong> L&rsquo;esprit d&rsquo;analyse<\/h3>\n\n\n\n<p>Les <strong>comp\u00e9tences analytiques <\/strong>sont essentielles pour les professionnels des ressources humaines, en particulier s&rsquo;ils occupent un poste sp\u00e9cialis\u00e9. Selon un rapport 2023 de <a href=\"https:\/\/www2.deloitte.com\/content\/dam\/Deloitte\/in\/Documents\/Consulting\/in-hc-people-analytics-16-10-noexp.pdf\" target=\"_blank\" rel=\"noopener\">Deloitte<\/a>, la demande de professionnels des RH ayant des comp\u00e9tences en analyse de donn\u00e9es a augment\u00e9 de 30 % au cours de l&rsquo;ann\u00e9e \u00e9coul\u00e9e. Cette comp\u00e9tence implique l&rsquo;\u00e9valuation de grandes quantit\u00e9s de <strong>donn\u00e9es li\u00e9es aux tendances sur le lieu de travail, aux mesures de performance et aux enqu\u00eates sur l&rsquo;engagement des employ\u00e9s.<\/strong> <br>Les professionnels des RH dot\u00e9s de solides comp\u00e9tences analytiques peuvent identifier des mod\u00e8les et des id\u00e9es qui contribuent \u00e0 une prise de d\u00e9cision plus \u00e9clair\u00e9e dans des domaines tels que <strong>l&rsquo;acquisition de talents et les strat\u00e9gies de fid\u00e9lisation.<\/strong><\/p>\n\n\n\n<p>La capacit\u00e9 \u00e0 interpr\u00e9ter les donn\u00e9es permet aux RH d&rsquo;\u00e9valuer l&rsquo;impact des <strong>politiques, des programmes de formation et des changements organisationnels<\/strong> sur la satisfaction et la productivit\u00e9 des collaborateurs.<\/p>\n\n\n\n<figure class=\"wp-block-image size-large\"><img decoding=\"async\" width=\"1024\" height=\"683\" src=\"https:\/\/ifeelonline.com\/fr\/wp-content\/uploads\/sites\/3\/2024\/08\/carriere-RH-3-1024x683.jpg\" alt=\"carri\u00e8re RH\" class=\"wp-image-11176\" srcset=\"https:\/\/ifeelonline.com\/fr\/wp-content\/uploads\/sites\/3\/2024\/08\/carriere-RH-3-1024x683.jpg 1024w, https:\/\/ifeelonline.com\/fr\/wp-content\/uploads\/sites\/3\/2024\/08\/carriere-RH-3-300x200.jpg 300w, https:\/\/ifeelonline.com\/fr\/wp-content\/uploads\/sites\/3\/2024\/08\/carriere-RH-3-768x512.jpg 768w, https:\/\/ifeelonline.com\/fr\/wp-content\/uploads\/sites\/3\/2024\/08\/carriere-RH-3.jpg 1536w\" sizes=\"(max-width: 1024px) 100vw, 1024px\" \/><\/figure>\n\n\n\n<h2 class=\"wp-block-heading\">Les RH dans les entreprises internationales : une vue d&rsquo;ensemble<\/h2>\n\n\n\n<p>Pour <strong><a href=\"https:\/\/ifeelonline.com\/fr\/rh-entreprises-internationales\/\">les responsables des ressources humaines des grandes entreprises internationales<\/a><\/strong>, il est essentiel de s&rsquo;adapter \u00e0 la complexit\u00e9 de la diversit\u00e9 de la main-d&rsquo;\u0153uvre et des op\u00e9rations mondiales. Les recherches men\u00e9es par la <a href=\"https:\/\/hbr.org\/2021\/06\/research-how-cultural-differences-can-impact-global-teams\" target=\"_blank\" rel=\"noopener\">Harvard Business Review<\/a> soulignent la n\u00e9cessit\u00e9 d&rsquo;une sensibilit\u00e9 culturelle et d&rsquo;une communication efficace dans la gestion des ressources humaines \u00e0 l&rsquo;\u00e9chelle mondiale.<\/p>\n\n\n\n<p>Notre article approfondi examine les strat\u00e9gies cl\u00e9s de gestion des d\u00e9partements RH internationaux, y compris la sensibilit\u00e9 culturelle, le respect des diff\u00e9rentes r\u00e9glementations et une communication efficace au-del\u00e0 des fronti\u00e8res. Pour en savoir plus sur la mani\u00e8re dont les services RH peuvent prosp\u00e9rer dans un contexte international, <a href=\"https:\/\/ifeelonline.com\/fr\/rh-entreprises-internationales\/\">cliquez ici<\/a>. Cet article fournit des informations pr\u00e9cieuses sur les <strong>d\u00e9fis uniques et les meilleures pratiques pour les professionnels des ressources humaines dans les entreprises internationales.<\/strong><\/p>\n\n\n\n<h2 class=\"wp-block-heading\">Parcours professionnel des RH et bien-\u00eatre mental dans les grandes entreprises<\/h2>\n\n\n\n<p>Un plan de carri\u00e8re en ressources humaines peut conduire les collaborateurs \u00e0 occuper des <strong>postes de sp\u00e9cialistes ou de g\u00e9n\u00e9ralistes.<\/strong> Cependant, il est important de prendre en compte les comp\u00e9tences mentionn\u00e9es ci-dessus afin qu&rsquo;ils puissent exceller dans leur vie professionnelle. Chez <strong>ifeel<\/strong>, nous savons que <a href=\"https:\/\/ifeelonline.com\/fr\/problemes-departements-ressources-humaines\/\">les d\u00e9partements des ressources humaines<\/a> jouent un r\u00f4le cl\u00e9 dans la <strong><a href=\"https:\/\/ifeelonline.com\/fr\/sante-mentale-des-collaborateurs\/\">promotion du bien-\u00eatre mental des employ\u00e9s<\/a><\/strong> sur le lieu de travail. C&rsquo;est pourquoi il est essentiel qu&rsquo;ils re\u00e7oivent \u00e9galement une formation et un soutien de la part des <strong>psychologues de la sant\u00e9 au travail<\/strong>. Ils acqui\u00e8rent ainsi les comp\u00e9tences et les outils n\u00e9cessaires pour aider les salari\u00e9s et veiller \u00e0 leur bien-\u00eatre mental.<\/p>\n\n\n\n<p>Pour accompagner les grandes entreprises dans cette d\u00e9marche,<a href=\"https:\/\/ifeelonline.com\/fr\/notre-equipe-de-psychologues\/\"> notre \u00e9quipe d&rsquo;experts psychologues<\/a> du bien-\u00eatre au travail a cr\u00e9\u00e9 une <a href=\"https:\/\/ifeelonline.com\/fr\/plateforme-bien-etre-en-entreprise\/\">solution de bien-\u00eatre mental pour les entreprises<\/a> qui permet d&rsquo;am\u00e9liorer la <a href=\"https:\/\/ifeelonline.com\/fr\/gestion-du-talent-en-entreprise\/\" data-type=\"link\" data-id=\"https:\/\/ifeelonline.com\/fr\/gestion-du-talent-en-entreprise\/\">r\u00e9tention des talents<\/a>, de r\u00e9duire le <a href=\"https:\/\/ifeelonline.com\/fr\/le-presenteisme\/\">pr\u00e9sent\u00e9isme<\/a> et de lutter contre le stress des salari\u00e9s.<\/p>\n\n\n\n<p>Avec notre solution de bien-\u00eatre mental, les responsables RH de votre entreprise peuvent recevoir des conseils personnalis\u00e9s, bas\u00e9s sur des donn\u00e9es, pour am\u00e9liorer la sant\u00e9 mentale au travail. En outre, cette solution offre aux employ\u00e9s <a href=\"https:\/\/ifeelonline.com\/fr\/boite-a-outils-rh\/strategiede-bien-etre-a-360\/?partner=ifeel_internLinkPost\">un service de bien-\u00eatre mental \u00e0 360<\/a>\u00b0, structur\u00e9 \u00e0 diff\u00e9rents niveaux en fonction de leurs besoins.<br><br><strong>Une solution unique, compl\u00e8te et \u00e9volutive<\/strong> qui utilise la puissance des donn\u00e9es pour fournir une compr\u00e9hension holistique du bien-\u00eatre psychologique de vos\u00a0 de vos employ\u00e9s, tout en garantissant la qualit\u00e9 du service et la confidentialit\u00e9 pour votre \u00e9quipe. D&rsquo;autre part, la<strong> solution de bien-\u00eatre mental d&rsquo;ifeel pour les entreprises <\/strong>offre aux employ\u00e9s un service de soins de sant\u00e9 mentale structur\u00e9 en diff\u00e9rents niveaux en fonction de ce dont ils ont besoin \u00e0 un moment donn\u00e9.<\/p>\n\n\n\n<p>Nous esp\u00e9rons que cet article sur <strong>le parcours de carri\u00e8re RH<\/strong> vous a int\u00e9ress\u00e9 et vous invitons \u00e0 consulter notre nouvelle section sur la sant\u00e9 mentale destin\u00e9e aux assureurs. Pour<a href=\"https:\/\/ifeelonline.com\/fr\/demander-une-demo\/\"> plus d&rsquo;informations<\/a> sur <strong>notre programme de bien-\u00eatre mental pour les entreprises<\/strong>, n&rsquo;h\u00e9sitez pas \u00e0 nous contacter.<\/p>\n\n    <div class=\"xs_social_share_widget xs_share_url after_content \t\tmain_content  wslu-style-1 wslu-share-box-shaped wslu-fill-colored wslu-none wslu-share-horizontal wslu-theme-font-no wslu-main_content\">\n\n\t\t\n        <ul>\n\t\t\t        <\/ul>\n    <\/div> \n","protected":false},"excerpt":{"rendered":"<p>Pour toute personne envisageant une carri\u00e8re RH, il existe de nombreux r\u00f4les diff\u00e9rents auxquels elle peut postuler. Le d\u00e9partement des ressources humaines regroupe divers postes et \u00e9volue avec le temps, surtout dans les entreprises comptant un grand nombre de collaborateurs. Cette \u00e9volution est li\u00e9e \u00e0 l&rsquo;accent mis sur le bien-\u00eatre mental, aux avanc\u00e9es technologiques et [&hellip;]<\/p>\n","protected":false},"author":52,"featured_media":11178,"comment_status":"closed","ping_status":"open","sticky":false,"template":"","format":"standard","meta":{"content-type":"","postBodyCss":"","postBodyMargin":[],"postBodyPadding":[],"postBodyBackground":{"backgroundType":"classic","gradient":""},"footnotes":""},"categories":[27,40],"tags":[],"class_list":["post-11093","post","type-post","status-publish","format-standard","has-post-thumbnail","hentry","category-bien-etre-au-travail","category-ressources-humaines"],"_links":{"self":[{"href":"https:\/\/ifeelonline.com\/fr\/wp-json\/wp\/v2\/posts\/11093","targetHints":{"allow":["GET"]}}],"collection":[{"href":"https:\/\/ifeelonline.com\/fr\/wp-json\/wp\/v2\/posts"}],"about":[{"href":"https:\/\/ifeelonline.com\/fr\/wp-json\/wp\/v2\/types\/post"}],"author":[{"embeddable":true,"href":"https:\/\/ifeelonline.com\/fr\/wp-json\/wp\/v2\/users\/52"}],"replies":[{"embeddable":true,"href":"https:\/\/ifeelonline.com\/fr\/wp-json\/wp\/v2\/comments?post=11093"}],"version-history":[{"count":0,"href":"https:\/\/ifeelonline.com\/fr\/wp-json\/wp\/v2\/posts\/11093\/revisions"}],"wp:featuredmedia":[{"embeddable":true,"href":"https:\/\/ifeelonline.com\/fr\/wp-json\/wp\/v2\/media\/11178"}],"wp:attachment":[{"href":"https:\/\/ifeelonline.com\/fr\/wp-json\/wp\/v2\/media?parent=11093"}],"wp:term":[{"taxonomy":"category","embeddable":true,"href":"https:\/\/ifeelonline.com\/fr\/wp-json\/wp\/v2\/categories?post=11093"},{"taxonomy":"post_tag","embeddable":true,"href":"https:\/\/ifeelonline.com\/fr\/wp-json\/wp\/v2\/tags?post=11093"}],"curies":[{"name":"wp","href":"https:\/\/api.w.org\/{rel}","templated":true}]}}