{"id":11017,"date":"2024-08-07T10:41:36","date_gmt":"2024-08-07T09:41:36","guid":{"rendered":"https:\/\/ifeelonline.com\/fr\/?p=11017"},"modified":"2024-08-07T11:13:15","modified_gmt":"2024-08-07T10:13:15","slug":"sante-mentale-des-collaborateurs","status":"publish","type":"post","link":"https:\/\/ifeelonline.com\/fr\/sante-mentale-des-collaborateurs\/","title":{"rendered":"Sant\u00e9 mentale des collaborateurs : 6 aspects critiques pour les d\u00e9partements RH"},"content":{"rendered":"\n<p>La <strong>sant\u00e9 mentale des collaborateurs<\/strong> devrait \u00eatre consid\u00e9r\u00e9e comme aussi importante que la sant\u00e9 physique car, comme cette derni\u00e8re, elle peut avoir un impact significatif sur<strong><a href=\"https:\/\/ifeelonline.com\/fr\/augmenter-la-productivite\/\"> les niveaux de productivit\u00e9 <\/a><\/strong>et d&rsquo;autres param\u00e8tres de l&rsquo;entreprise.<\/p>\n\n\n\n<h2 class=\"wp-block-heading\">Pourquoi promouvoir la sant\u00e9 mentale des collaborateurs ?<\/h2>\n\n\n\n<p><strong><a href=\"https:\/\/ifeelonline.com\/fr\/boite-a-outils-rh\/ameliorer-la-qvct-dans-votre-entreprise\/?partner=ifeel_internLinkPost\">L&rsquo;am\u00e9lioration strat\u00e9gique de la QVCT<\/a><\/strong> et de <strong><a href=\"https:\/\/ifeelonline.com\/fr\/securite-psychologique\/\">la sant\u00e9 mentale sur le lieu de travail<\/a> <\/strong>n&rsquo;est pas seulement une responsabilit\u00e9 \u00e9thique, mais elle peut \u00e9galement profiter \u00e0 l&rsquo;entreprise en r\u00e9duisant les co\u00fbts de sant\u00e9 associ\u00e9s \u00e0 l&rsquo;absent\u00e9isme, aux cong\u00e9s de maladie dus \u00e0 des probl\u00e8mes psychologiques ou \u00e0 une mauvaise performance g\u00e9n\u00e9rale. En outre, prendre soin de la <strong>sant\u00e9 mentale des employ\u00e9s<\/strong> est un \u00e9l\u00e9ment strat\u00e9gique cl\u00e9 pour am\u00e9liorer <strong><a href=\"https:\/\/ifeelonline.com\/fr\/fuite-des-cerveaux\/\">la r\u00e9tention des talents<\/a><\/strong> au sein de l&rsquo;entreprise et \u00e9viter les taux de rotation excessifs.<\/p>\n\n\n\n<p><strong>Le stress li\u00e9 au travail <\/strong>est l&rsquo;un des principaux d\u00e9clencheurs du<strong><a href=\"https:\/\/ifeelonline.com\/fr\/soutien-psychologique-en-entreprise-un-atout-pour-vos-colloborateurs\/\"> bien-\u00eatre psychologique<\/a><\/strong>, ce qui a conduit les entreprises, ces derni\u00e8res ann\u00e9es, \u00e0 augmenter leurs investissements dans des strat\u00e9gies globales de soins de sant\u00e9 mentale pour les employ\u00e9s. Ces outils visent notamment \u00e0 <strong><a href=\"https:\/\/ifeelonline.com\/fr\/outils\/identifier-le-stress-parmi-vos-employes\/?partner=ifeel_internLinkPost\">pr\u00e9venir et \u00e0 r\u00e9duire le stress au travail<\/a><\/strong>.<\/p>\n\n\n\n<p>Comme il est prouv\u00e9 qu&rsquo;un environnement de travail sain peut contribuer \u00e0 pr\u00e9venir les sympt\u00f4mes li\u00e9s au <a href=\"https:\/\/ifeelonline.com\/fr\/combattre-stress-au-travail\/\" data-type=\"post\" data-id=\"9754\">stress<\/a>, \u00e0 l&rsquo;<a href=\"https:\/\/ifeelonline.com\/fr\/anxiete-au-travail\/\" data-type=\"post\" data-id=\"9038\">anxi\u00e9t\u00e9<\/a> et \u00e0 la d\u00e9pression chez les membres de l&rsquo;\u00e9quipe, les employeurs doivent fournir un soutien \u00e9motionnel et des ressources \u00e0 un stade pr\u00e9coce \u00e0 leurs employ\u00e9s susceptibles de rencontrer des probl\u00e8mes de bien-\u00eatre psychologique. Si la <strong>pr\u00e9vention est un excellent outil pour la sant\u00e9<\/strong>, elle l&rsquo;est aussi pour la rentabilit\u00e9 de l&rsquo;entreprise.<\/p>\n\n\n\n<h2 class=\"wp-block-heading\">L&rsquo;importance du soutien aux managers<\/h2>\n\n\n\n<p>Encourager l&rsquo;\u00e9quilibre entre vie professionnelle et vie priv\u00e9e peut contribuer \u00e0 pr\u00e9venir la <a href=\"https:\/\/ifeelonline.com\/fr\/la-fatigue-et-la-flemme\/\" data-type=\"post\" data-id=\"9247\">fatigue professionnelle<\/a> et d&rsquo;autres probl\u00e8mes de sant\u00e9 mentale li\u00e9s au travail. Cependant, la stigmatisation et la discrimination li\u00e9es \u00e0 la sant\u00e9 mentale des employ\u00e9s peuvent les emp\u00eacher de rechercher le soutien dont ils ont besoin.<\/p>\n\n\n\n<p>C&rsquo;est pourquoi la formation des superviseurs \u00e0 l&rsquo;identification et \u00e0 la gestion des probl\u00e8mes de sant\u00e9 mentale des employ\u00e9s peut contribuer \u00e0 garantir que les employ\u00e9s re\u00e7oivent le soutien dont ils ont besoin. C&rsquo;est l\u00e0 qu&rsquo;<strong>ifeel <\/strong>intervient : des services comme les n\u00f4tres visant \u00e0 am\u00e9liorer le <a href=\"https:\/\/ifeelonline.com\/fr\/bien-etre-des-collaborateurs-en-entreprise\/\">bien-\u00eatre au travail<\/a>, l&rsquo;acc\u00e8s \u00e0 des conseils en mati\u00e8re de sant\u00e9 mentale et des ressources pour les responsables des ressources humaines peuvent avoir un impact positif sur la <strong>sant\u00e9 mentale des employ\u00e9s <\/strong>et sur leur productivit\u00e9 globale.<\/p>\n\n\n\n<figure class=\"wp-block-image size-full\"><img fetchpriority=\"high\" decoding=\"async\" width=\"708\" height=\"380\" src=\"https:\/\/ifeelonline.com\/fr\/wp-content\/uploads\/sites\/3\/2024\/08\/sante-mentale-collaborateurs-3.jpg\" alt=\"sant\u00e9 mentale des collaborateurs\" class=\"wp-image-11035\" srcset=\"https:\/\/ifeelonline.com\/fr\/wp-content\/uploads\/sites\/3\/2024\/08\/sante-mentale-collaborateurs-3.jpg 708w, https:\/\/ifeelonline.com\/fr\/wp-content\/uploads\/sites\/3\/2024\/08\/sante-mentale-collaborateurs-3-300x161.jpg 300w\" sizes=\"(max-width: 708px) 100vw, 708px\" \/><\/figure>\n\n\n\n<h2 class=\"wp-block-heading\">Am\u00e9liorer la sant\u00e9 mentale des collaborateurs<\/h2>\n\n\n\n<p>De nos jours, il existe de nombreux aspects que les employeurs peuvent prendre en compte pour am\u00e9liorer la sant\u00e9 mentale de leurs employ\u00e9s. En voici quelques-uns :<\/p>\n\n\n\n<ol class=\"wp-block-list\">\n<li>Favorisez un <a href=\"https:\/\/ifeelonline.com\/fr\/environnement-de-travail-stimulant\/\" data-type=\"post\" data-id=\"8434\">environnement de travail<\/a> s\u00fbr, inclusif et non stigmatisant en mati\u00e8re de sant\u00e9 mentale.<\/li>\n\n\n\n<li>Fournir des ressources et un soutien pour les soins de sant\u00e9 mentale, tels que l&rsquo;acc\u00e8s \u00e0 des services de conseil et de psychoth\u00e9rapie.<\/li>\n\n\n\n<li>Proposer des horaires de travail flexibles et\/ou des options de travail \u00e0 distance pour aider les employ\u00e9s \u00e0 \u00e9quilibrer leur vie professionnelle et personnelle.<\/li>\n\n\n\n<li>Mettre en place des programmes de formation pour les employ\u00e9s et les superviseurs afin d&rsquo;am\u00e9liorer la sensibilisation et la compr\u00e9hension des probl\u00e8mes de sant\u00e9 mentale.<\/li>\n\n\n\n<li>Promouvoir des <a href=\"https:\/\/ifeelonline.com\/fr\/vie-saine-au-bureau\/\" data-type=\"post\" data-id=\"7287\">habitudes saines<\/a> par le biais de programmes de bien-\u00eatre, tels que l&rsquo;exercice physique et une alimentation \u00e9quilibr\u00e9e.<\/li>\n\n\n\n<li>R\u00e9duisez les facteurs de stress au travail, tels que les d\u00e9lais serr\u00e9s et la surcharge de travail.<\/li>\n\n\n\n<li>Instaurez une culture de soutien entre coll\u00e8gues, favorisant la collaboration et le travail d&rsquo;\u00e9quipe.<\/li>\n\n\n\n<li>Proposez des <a href=\"https:\/\/ifeelonline.com\/fr\/avantages-sociaux-pour-les-collaborateurs\/\" data-type=\"post\" data-id=\"8102\">r\u00e9gimes d&rsquo;avantages sociaux<\/a> qui <a href=\"https:\/\/ifeelonline.com\/fr\/programmes-sante-mentale-pour-les-entreprises\/\" data-type=\"post\" data-id=\"10236\">couvrent les soins de sant\u00e9 mentale<\/a> et la pr\u00e9vention des maladies mentales.<\/li>\n\n\n\n<li>Mettez en place des politiques de cong\u00e9s pay\u00e9s pour les maladies mentales afin de permettre aux employ\u00e9s de s&rsquo;absenter en cas de besoin.<\/li>\n\n\n\n<li>\u00c9valuez et surveillez r\u00e9guli\u00e8rement la sant\u00e9 mentale des employ\u00e9s au moyen d&rsquo;enqu\u00eates, d&rsquo;analyses de donn\u00e9es et d&rsquo;un retour d&rsquo;information direct afin de comprendre les besoins des employ\u00e9s et d&rsquo;y r\u00e9pondre.<\/li>\n<\/ol>\n\n\n\n<h2 class=\"wp-block-heading\"><strong>La sant\u00e9 mentale des salari\u00e9s et leur exp\u00e9rience professionnelle<\/strong><\/h2>\n\n\n\n<p>La<strong>sant\u00e9 mentale<\/strong> des salari\u00e9s a un impact significatif sur leur exp\u00e9rience professionnelle tout au long de leur \u00ab parcours \u00bb au sein de l&rsquo;entreprise. Si l&rsquo;entreprise cr\u00e9e<strong> un environnement de travail qui favorise le bien-\u00eatre<\/strong>, elle am\u00e9liore les niveaux de productivit\u00e9 des travailleurs et leur satisfaction globale au travail, ce qui accro\u00eet leur engagement et contribue \u00e0 sa bonne r\u00e9putation.<\/p>\n\n\n\n<p>Voici quelques aspects de l&rsquo;exp\u00e9rience professionnelle qui sont \u00e9troitement li\u00e9s \u00e0 la <strong>sant\u00e9 mentale des employ\u00e9s<\/strong>:<\/p>\n\n\n\n<h3 class=\"wp-block-heading\">Les Aspects de l&rsquo;Exp\u00e9rience Professionnelle Li\u00e9s \u00e0 la Sant\u00e9 Mentale<\/h3>\n\n\n\n<figure class=\"wp-block-table\"><table><thead><tr><th>Aspect<\/th><th>Description<\/th><\/tr><\/thead><tbody><tr><td><strong>Niveau de stress<\/strong><\/td><td>Les employ\u00e9s qui subissent un niveau de stress \u00e9lev\u00e9 au travail peuvent pr\u00e9senter un risque accru de probl\u00e8mes de sant\u00e9 mentale, tels que l&rsquo;anxi\u00e9t\u00e9 et la d\u00e9pression.<\/td><\/tr><tr><td><strong>Satisfaction au travail<\/strong><\/td><td>La satisfaction au travail est \u00e9troitement li\u00e9e au bien-\u00eatre psychologique. Les employ\u00e9s satisfaits de leur travail se sentent plus impliqu\u00e9s, d\u00e9vou\u00e9s et enclins \u00e0 agir en tant qu&rsquo;ambassadeurs de la marque.<\/td><\/tr><tr><td><strong>Culture du travail<\/strong><\/td><td>Un environnement de travail qui favorise la collaboration, une communication ouverte et l&rsquo;accomplissement d&rsquo;objectifs communs am\u00e9liore la sant\u00e9 mentale des employ\u00e9s.<\/td><\/tr><tr><td><strong>Charge de travail<\/strong><\/td><td>Une charge de travail \u00e9quilibr\u00e9e, g\u00e9rable et adapt\u00e9e aux capacit\u00e9s des employ\u00e9s pr\u00e9vient les surcharges, r\u00e9duit la fatigue et maintient la motivation.<\/td><\/tr><tr><td><strong>Communication<\/strong><\/td><td>Une communication ouverte et transparente entre les employ\u00e9s et les superviseurs r\u00e9duit l&rsquo;incertitude et l&rsquo;anxi\u00e9t\u00e9, am\u00e9liorant ainsi la sant\u00e9 mentale.<\/td><\/tr><tr><td><strong>Soutien de l&rsquo;entreprise<\/strong><\/td><td>Les entreprises offrant des soins de qualit\u00e9 de vie et des programmes de bien-\u00eatre psychologique montrent leur engagement envers la qualit\u00e9 de vie de leurs employ\u00e9s.<\/td><\/tr><\/tbody><\/table><\/figure>\n\n\n\n<h2 class=\"wp-block-heading\">Comment am\u00e9liorer la sant\u00e9 mentale des collaborateurs<\/h2>\n\n\n\n<p>De nos jours, il existe de nombreux aspects que les employeurs peuvent prendre en compte pour am\u00e9liorer la sant\u00e9 mentale de leurs employ\u00e9s. Voici quelques strat\u00e9gies cl\u00e9s :<\/p>\n\n\n\n<ul class=\"wp-block-list\">\n<li><strong>Favorisez un environnement de travail s\u00fbr et inclusif<\/strong> : Cr\u00e9ez un milieu de travail sans stigmatisation en mati\u00e8re de sant\u00e9 mentale.<\/li>\n\n\n\n<li><strong>Fournissez des ressources de sant\u00e9 mentale<\/strong> : Offrez des services de conseil et de psychoth\u00e9rapie accessibles \u00e0 tous les employ\u00e9s.<\/li>\n\n\n\n<li><strong>Proposez des horaires flexibles<\/strong> : Permettez des options de travail \u00e0 distance et des horaires flexibles pour aider les employ\u00e9s \u00e0 \u00e9quilibrer leur vie professionnelle et personnelle.<\/li>\n\n\n\n<li><strong>Mettez en place des programmes de formation<\/strong> : Formez les employ\u00e9s et les superviseurs pour am\u00e9liorer la sensibilisation et la compr\u00e9hension des probl\u00e8mes de sant\u00e9 mentale.<\/li>\n\n\n\n<li><strong>Promouvez des habitudes saines<\/strong> : Initiez des programmes de bien-\u00eatre, incluant l&rsquo;exercice physique et une alimentation \u00e9quilibr\u00e9e.<\/li>\n\n\n\n<li><strong>R\u00e9duisez les facteurs de stress au travail<\/strong> : Att\u00e9nuez les d\u00e9lais serr\u00e9s et la surcharge de travail pour diminuer le stress.<\/li>\n\n\n\n<li><strong>Encouragez le soutien entre coll\u00e8gues<\/strong> :Favorisez une culture de collaboration et de travail d\u2019\u00e9quipe.<\/li>\n\n\n\n<li><strong>Proposez des avantages sociaux cibl\u00e9s<\/strong> : Offrez des r\u00e9gimes d&rsquo;avantages sociaux qui couvrent les soins de sant\u00e9 mentale et la pr\u00e9vention des maladies mentales.<\/li>\n\n\n\n<li><strong>Mettez en place des politiques de cong\u00e9s pay\u00e9s<\/strong> : Permettez aux employ\u00e9s de s&rsquo;absenter en cas de besoin pour des maladies mentales.<\/li>\n\n\n\n<li><strong>\u00c9valuez et surveillez r\u00e9guli\u00e8rement la sant\u00e9 mentale<\/strong> : Utilisez des enqu\u00eates, des analyses de donn\u00e9es et des retours d&rsquo;information directs pour comprendre et r\u00e9pondre aux besoins des employ\u00e9s.<\/li>\n<\/ul>\n\n\n\n<p>\u00c9tant donn\u00e9 que<strong> <a href=\"https:\/\/ifeelonline.com\/fr\/arret-maladie-pour-depression\/\">la d\u00e9tresse psychologique des travailleurs<\/a><\/strong> peut avoir une incidence consid\u00e9rable sur leur exp\u00e9rience au travail, les employeurs doivent prendre des mesures pour a<strong>m\u00e9liorer le bien-\u00eatre g\u00e9n\u00e9ral sur le lieu de travail <\/strong>et, par voie de cons\u00e9quence, <strong>la satisfaction au travail et la productivit\u00e9<\/strong>.<\/p>\n\n\n\n<h2 class=\"wp-block-heading\">Pourquoi une strat\u00e9gie de bien-\u00eatre des collaborateurs ?<\/h2>\n\n\n\n<p>Le th\u00e8me de la sant\u00e9 mentale fait l&rsquo;objet d&rsquo;une<strong> attention croissante sur le lieu de travail<\/strong>. L&rsquo;id\u00e9e que la sant\u00e9 mentale est importante pour la productivit\u00e9 et l&rsquo;engagement des employ\u00e9s envers l&rsquo;entreprise \u00e9tant de plus en plus r\u00e9pandue, de nombreuses entreprises commencent \u00e0 investir dans des programmes et des<strong> ressources visant \u00e0 promouvoir la sant\u00e9 mentale de leurs travailleurs<\/strong>.<\/p>\n\n\n\n<p><strong><a href=\"https:\/\/ifeelonline.com\/fr\/roi-des-programmes-de-bien-etre-en-entreprise\/\">Investir dans la sant\u00e9 mentale<\/a><\/strong> des employ\u00e9s est crucial pour plusieurs raisons :<\/p>\n\n\n\n<ul class=\"wp-block-list\">\n<li><strong>Stimuler la productivit\u00e9<\/strong> : Les employ\u00e9s en bonne sant\u00e9 mentale sont plus concentr\u00e9s et performants, r\u00e9duisant les erreurs et les retards.<\/li>\n\n\n\n<li><strong>Pr\u00e9venir l&rsquo;<a href=\"https:\/\/ifeelonline.com\/fr\/comment-reduire-l-absenteisme\/\">absent\u00e9isme<\/a><\/strong> : Un soutien ad\u00e9quat en sant\u00e9 mentale r\u00e9duit le besoin de s&rsquo;absenter pour des soins prolong\u00e9s.<\/li>\n\n\n\n<li><strong>R\u00e9duire la fuite des talents<\/strong> : Un environnement de travail qui soutient la sant\u00e9 mentale retient les talents et attire de nouveaux employ\u00e9s.<\/li>\n\n\n\n<li><strong>Am\u00e9liorer la <a href=\"https:\/\/ifeelonline.com\/fr\/culture-d-entreprise-positive\/\">culture d&rsquo;entreprise<\/a><\/strong> : Une entreprise qui valorise la sant\u00e9 mentale cr\u00e9e une atmosph\u00e8re de soutien et de collaboration, r\u00e9duisant la stigmatisation.<\/li>\n<\/ul>\n\n\n\n<figure class=\"wp-block-image size-full\"><img decoding=\"async\" width=\"700\" height=\"1000\" src=\"https:\/\/ifeelonline.com\/fr\/wp-content\/uploads\/sites\/3\/2024\/07\/FR_Info_encuesta-laboral.png\" alt=\"avantages programmes bien-\u00eatre des collaborateurs\" class=\"wp-image-10987\" srcset=\"https:\/\/ifeelonline.com\/fr\/wp-content\/uploads\/sites\/3\/2024\/07\/FR_Info_encuesta-laboral.png 700w, https:\/\/ifeelonline.com\/fr\/wp-content\/uploads\/sites\/3\/2024\/07\/FR_Info_encuesta-laboral-210x300.png 210w\" sizes=\"(max-width: 700px) 100vw, 700px\" \/><\/figure>\n\n\n\n<h2 class=\"wp-block-heading\">Prendre soin du bien-\u00eatre mental dans les organisations<\/h2>\n\n\n\n<p>Chez <strong>ifeel<\/strong>, nous aidons les entreprises \u00e0 aller de l&rsquo;avant en s&rsquo;engageant en faveur du <strong>bien-\u00eatre des<\/strong> employ\u00e9s. Pour ce faire,<a href=\"https:\/\/ifeelonline.com\/fr\/notre-departement-de-recherche-clinique\/\"> notre \u00e9quipe de psychologues<\/a> experts en bien-\u00eatre au travail a cr\u00e9\u00e9 un<a href=\"https:\/\/ifeelonline.com\/fr\/programmes-sante-mentale-pour-les-entreprises\/\"> programme de bien-\u00eatre mental pour les entreprises<\/a> qui apporte des avantages significatifs \u00e0 l&rsquo;ensemble de l&rsquo;\u00e9quipe, y compris aux responsables des ressources humaines.<\/p>\n\n\n\n<p>Nous travaillons en partenariat avec des entreprises du monde entier pour inspirer la croissance humaine et guider les organisations dans l&rsquo;instauration d&rsquo;une<a href=\"https:\/\/ifeelonline.com\/fr\/culture-positive\/?partner=ifeel_internLinkPost\"> <strong>culture positive<\/strong><\/a><strong> du bien-\u00eatre menta<\/strong>l. Une approche sur mesure et centr\u00e9e sur les personnes qui place<strong> la sant\u00e9 de vos collaborateurs au centre<\/strong>, en tant que pilier fondamental pour<a href=\"https:\/\/ifeelonline.com\/fr\/guide-pour-renforcer-votre-strategie-en-matiere-de-talents\/?partner=ifeel_internLinkPost\"> <strong>attirer et retenir les talents<\/strong><\/a> ainsi que pour renforcer leur sentiment d&rsquo;appartenance.&nbsp;<\/p>\n\n\n\n<p><strong>Une solution unique, compl\u00e8te et \u00e9volutive<\/strong> qui utilise la puissance des donn\u00e9es pour fournir une compr\u00e9hension holistique du bien-\u00eatre psychologique de vos employ\u00e9s, tout en garantissant la qualit\u00e9 du service et la confidentialit\u00e9 pour votre \u00e9quipe.<br><br>Nous esp\u00e9rons que cet article sur <strong>les enjeux de la sant\u00e9 mentale des collaborateurs<\/strong> vous a int\u00e9ress\u00e9 et nous vous invitons \u00e0 consulter notre nouvelle section sur<a href=\"https:\/\/ifeelonline.com\/fr\/sante-mentale-pour-les-assureurs\/\"> la sant\u00e9 mentale destin\u00e9e aux assureurs<\/a>. Pour<a href=\"https:\/\/ifeelonline.com\/fr\/demander-une-demo\/\"> plus d&rsquo;informations<\/a> sur notre programme de bien-\u00eatre mental pour les entreprises, n&rsquo;h\u00e9sitez pas \u00e0 nous demander et nous prendrons contact avec votre \u00e9quipe dans les plus brefs d\u00e9lais.<\/p>\n\n    <div class=\"xs_social_share_widget xs_share_url after_content \t\tmain_content  wslu-style-1 wslu-share-box-shaped wslu-fill-colored wslu-none wslu-share-horizontal wslu-theme-font-no wslu-main_content\">\n\n\t\t\n        <ul>\n\t\t\t        <\/ul>\n    <\/div> \n","protected":false},"excerpt":{"rendered":"<p>Am\u00e9liorez la sant\u00e9 mentale de vos collaborateurs avec des strat\u00e9gies efficaces pour r\u00e9duire le stress, augmenter la satisfaction et booster la productivit\u00e9.<\/p>\n","protected":false},"author":8,"featured_media":11037,"comment_status":"closed","ping_status":"open","sticky":false,"template":"","format":"standard","meta":{"content-type":"","postBodyCss":"","postBodyMargin":[],"postBodyPadding":[],"postBodyBackground":{"backgroundType":"classic","gradient":""},"footnotes":""},"categories":[27,40],"tags":[],"class_list":["post-11017","post","type-post","status-publish","format-standard","has-post-thumbnail","hentry","category-bien-etre-au-travail","category-ressources-humaines"],"_links":{"self":[{"href":"https:\/\/ifeelonline.com\/fr\/wp-json\/wp\/v2\/posts\/11017","targetHints":{"allow":["GET"]}}],"collection":[{"href":"https:\/\/ifeelonline.com\/fr\/wp-json\/wp\/v2\/posts"}],"about":[{"href":"https:\/\/ifeelonline.com\/fr\/wp-json\/wp\/v2\/types\/post"}],"author":[{"embeddable":true,"href":"https:\/\/ifeelonline.com\/fr\/wp-json\/wp\/v2\/users\/8"}],"replies":[{"embeddable":true,"href":"https:\/\/ifeelonline.com\/fr\/wp-json\/wp\/v2\/comments?post=11017"}],"version-history":[{"count":0,"href":"https:\/\/ifeelonline.com\/fr\/wp-json\/wp\/v2\/posts\/11017\/revisions"}],"wp:featuredmedia":[{"embeddable":true,"href":"https:\/\/ifeelonline.com\/fr\/wp-json\/wp\/v2\/media\/11037"}],"wp:attachment":[{"href":"https:\/\/ifeelonline.com\/fr\/wp-json\/wp\/v2\/media?parent=11017"}],"wp:term":[{"taxonomy":"category","embeddable":true,"href":"https:\/\/ifeelonline.com\/fr\/wp-json\/wp\/v2\/categories?post=11017"},{"taxonomy":"post_tag","embeddable":true,"href":"https:\/\/ifeelonline.com\/fr\/wp-json\/wp\/v2\/tags?post=11017"}],"curies":[{"name":"wp","href":"https:\/\/api.w.org\/{rel}","templated":true}]}}