{"id":11003,"date":"2024-08-30T09:40:48","date_gmt":"2024-08-30T08:40:48","guid":{"rendered":"https:\/\/ifeelonline.com\/fr\/?p=11003"},"modified":"2024-08-30T09:40:49","modified_gmt":"2024-08-30T08:40:49","slug":"quiet-firing","status":"publish","type":"post","link":"https:\/\/ifeelonline.com\/fr\/quiet-firing\/","title":{"rendered":"Quiet firing : qu&rsquo;est ce que c&rsquo;est ?"},"content":{"rendered":"\n<p>Nous connaissons tous les licenciements inattendus, mais nous ne savions pas qu&rsquo;il existait une forme de <em><strong>\u00ab\u00a0quiet firing\u00a0\u00bb<\/strong><\/em> ou <strong>licenciement silencieux<\/strong>. Ou peut-\u00eatre que nous le savions, mais nous ne l&rsquo;avons pas appel\u00e9 ainsi, et nous ne nous sommes pas arr\u00eat\u00e9s pour l&rsquo;analyser. C&rsquo;est pr\u00e9cis\u00e9ment ce dont nous allons parler dans cet article.<\/p>\n\n\n\n<p>Dans le monde des affaires, les<strong> <a href=\"https:\/\/ifeelonline.com\/fr\/gestion-licenciement\/\">licenciements<\/a> sont aussi naturels que les embauches<\/strong>. Apr\u00e8s tout, il s&rsquo;agit de l&rsquo;outil dont dispose une entreprise pour mettre fin \u00e0 la relation contractuelle avec un employ\u00e9. Pourquoi ? Parce que, pour diverses raisons,<strong> il ne r\u00e9pond plus aux attentes de l&rsquo;<\/strong>entreprise ou ne peut plus r\u00e9pondre de mani\u00e8re satisfaisante \u00e0 ses besoins.<\/p>\n\n\n\n<p>Les contextes dans lesquels un employ\u00e9 peut \u00eatre licenci\u00e9 sont tr\u00e8s divers puisque les causes d&rsquo;un licenciement, les interpr\u00e9tations sur lesquelles elles reposent ou le niveau d&rsquo;efficacit\u00e9 d&rsquo;une telle mesure peuvent prendre de nombreuses formes. Il existe des licenciements justes et injustes,<strong> attendus ou inattendus<\/strong>, souhait\u00e9s ou traumatisants, et m\u00eame \u00ab convenus \u00bb entre l&rsquo;entreprise et l&#8217;employ\u00e9.<\/p>\n\n\n\n<h2 class=\"wp-block-heading\"><em>Quiet firing<\/em> ou licenciement silencieux : d\u00e9finition<\/h2>\n\n\n\n<p>Le <strong><em>\u00ab\u00a0quiet firing\u00a0\u00bb<\/em><\/strong> ne met pas forc\u00e9ment fin \u00e0 la relation employ\u00e9-entreprise de mani\u00e8re formelle. Souvent, il n&rsquo;implique pas de d\u00e9marches administratives et n&rsquo;est pas toujours explicite, <strong>aboutissant parfois \u00e0 une d\u00e9mission plut\u00f4t qu&rsquo;\u00e0 un licenciement formel.<\/strong><\/p>\n\n\n\n<p>Ce ph\u00e9nom\u00e8ne, \u00e9galement connu sous les noms de<strong> licenciement silencieux, discret<\/strong>, <strong>indirect, par la petite porte, ou pseudo-licenciement<\/strong>, m\u00e9rite une analyse approfondie pour ses implications sur le <a href=\"https:\/\/ifeelonline.com\/fr\/developper-une-culture-du-bien-etre-au-travail\/\">bien-\u00eatre des travailleurs<\/a> et son impact sur le progr\u00e8s soci\u00e9tal. Il se caract\u00e9rise principalement par un retrait du soutien essentiel que les entreprises devraient normalement fournir \u00e0 leurs employ\u00e9s. Cela se manifeste par <strong>une r\u00e9duction des opportunit\u00e9s de d\u00e9veloppement professionnel, annulant ainsi la satisfaction de l&rsquo;exp\u00e9rience au travail.<\/strong><\/p>\n\n\n\n<p>Dans cette pratique, aucun investissement n&rsquo;est consenti envers les employ\u00e9s, que ce soit en mati\u00e8re de formation, d&rsquo;infrastructures, de soutien \u00e9motionnel, ou de conditions \u00e9conomiques et sociales. Dans ses manifestations les plus s\u00e9v\u00e8res, le <em>quiet firing <\/em>peut m\u00eame s&rsquo;apparenter \u00e0 du <em><strong><a href=\"https:\/\/ifeelonline.com\/fr\/mobbing-harcelement-moral\/\">mobbing<\/a><\/strong><\/em> ou \u00e0 du harc\u00e8lement au travail.<\/p>\n\n\n\n<p>En essence, le <em>quiet firing<\/em> agit en \u00ab\u00a0licenciant\u00a0\u00bb de facto le travailleur, en le marginalisant professionnellement et <strong>en esp\u00e9rant qu&rsquo;il quitte l&rsquo;entreprise de son propre gr\u00e9<\/strong>, \u00e9vitant ainsi \u00e0 l&#8217;employeur d&rsquo;initier un licenciement formel.<\/p>\n\n\n\n<p>Cependant, les \u00e9conomies apparentes r\u00e9alis\u00e9es par l&rsquo;\u00e9vitement d&rsquo;un licenciement officiel sont trompeuses. Les entreprises doivent prendre en compte <strong><a href=\"https:\/\/culture-rh.com\/cout-arret-maladie\/\" data-type=\"link\" data-id=\"https:\/\/culture-rh.com\/cout-arret-maladie\/\" target=\"_blank\" rel=\"noopener\">les co\u00fbts financiers<\/a><a href=\"https:\/\/ifeelonline.com\/fr\/arrets-maladie-sante-mentale\/\">, sociaux, et psychologiques consid\u00e9rables \u00e0 long terme<\/a><\/strong>, tant pour elles-m\u00eames que pour les employ\u00e9s affect\u00e9s. <strong>Le non-investissement dans le potentiel d&rsquo;un collaborateur peut entra\u00eener des dommages importants<\/strong>, affaiblissant <strong>son engagement et son lien \u00e9motionnel avec l&rsquo;entreprise<\/strong>, ce qui peut s&rsquo;av\u00e9rer finalement plus co\u00fbteux que les indemnisations li\u00e9es \u00e0 un licenciement formel.<\/p>\n\n\n\n<h2 class=\"wp-block-heading\">M\u00e9thodes de <em>Quiet Firing<\/em><\/h2>\n\n\n\n<ul class=\"wp-block-list\">\n<li><strong>Licenciement silencieux subtil<\/strong> : Ce type moins grave maintient une apparence positive de la relation de travail sans toutefois satisfaire les attentes professionnelles de l&#8217;employ\u00e9, qui peut se sentir n\u00e9glig\u00e9 professionnellement et affectivement.<br><br>La relation de travail, bien que semblant positive, est souvent marqu\u00e9e par des <strong>attentes professionnelles non combl\u00e9es<\/strong>, partiellement satisfaites ou r\u00e9alis\u00e9es de mani\u00e8re trop lente et ambigu\u00eb. Dans le cadre du quiet firing, l&rsquo;entreprise manifeste une n\u00e9gligence d\u00e9lib\u00e9r\u00e9e, quoique non avou\u00e9e, envers <a href=\"https:\/\/ifeelonline.com\/fr\/developpement-professionnel-des-collaborateurs\/\">le d\u00e9veloppement professionnel<\/a> et \u00e9motionnel du collaborateur. Cette situation, <strong>difficile \u00e0 prouver ou m\u00eame \u00e0 d\u00e9tecter pour l&#8217;employ\u00e9<\/strong>, masque un <strong>d\u00e9sengagement profond de la part de l&#8217;employeur.<\/strong><br><\/li>\n\n\n\n<li><strong>Licenciement silencieux agressif<\/strong> : Dans ce cas, la d\u00e9t\u00e9rioration de la relation de travail est manifeste, avec peu de perspectives d&rsquo;am\u00e9lioration. Le d\u00e9sint\u00e9r\u00eat de l&rsquo;entreprise est clair et<strong> le bien-\u00eatre psychologique de l&#8217;employ\u00e9 peut en souffrir gravement<\/strong>, augmentant les risques de <a href=\"https:\/\/ifeelonline.com\/fr\/combattre-stress-au-travail\/\">stress<\/a>, de <a href=\"https:\/\/ifeelonline.com\/fr\/boite-a-outils-rh\/manuel-comment-prevenir-le-burnout-au-travail\/?partner=ifeel_internLinkPost\">burnout <\/a>ou de <a href=\"https:\/\/ifeelonline.com\/fr\/arret-maladie-pour-depression\/\">d\u00e9pression<\/a>.<br><br>En cons\u00e9quence, le manque d&rsquo;investissement dans le talent de l&#8217;employ\u00e9 r\u00e9duit ses performances \u00e0 un minimum, faute de soutien n\u00e9cessaire. <strong>Le licenciement silencieux agressif ressemble souvent \u00e0 du harc\u00e8lement au travail<\/strong>, exacerbant consid\u00e9rablement <strong>le d\u00e9clin du bien-\u00eatre psychologique de l&#8217;employ\u00e9<\/strong>. Cela se traduit par une <a href=\"https:\/\/ifeelonline.com\/fr\/manque-de-motivation-au-travail\/\">baisse significative de la motivation<\/a>, augmentant le risque de stress, de burnout ou de d\u00e9pression, surtout si cette dynamique persiste ou s&rsquo;intensifie.<\/li>\n<\/ul>\n\n\n\n<p>Le<strong> quiet firing <\/strong>est une pratique qui n\u00e9cessite <strong>une attention particuli\u00e8re de la part des responsables RH<\/strong> pour <strong>pr\u00e9server le bien-\u00eatre des collaborateurs<\/strong> et maintenir <strong>un environnement de travail sain<\/strong>. Reconna\u00eetre et adresser ces comportements peut aider \u00e0 pr\u00e9venir leurs effets n\u00e9fastes et promouvoir un d\u00e9veloppement professionnel \u00e9quitable.<\/p>\n\n\n\n<figure class=\"wp-block-image size-full\"><img fetchpriority=\"high\" decoding=\"async\" width=\"708\" height=\"380\" src=\"https:\/\/ifeelonline.com\/fr\/wp-content\/uploads\/sites\/3\/2024\/07\/quiet-firing-3.jpg\" alt=\"licenciement silencieux\" class=\"wp-image-11004\" srcset=\"https:\/\/ifeelonline.com\/fr\/wp-content\/uploads\/sites\/3\/2024\/07\/quiet-firing-3.jpg 708w, https:\/\/ifeelonline.com\/fr\/wp-content\/uploads\/sites\/3\/2024\/07\/quiet-firing-3-300x161.jpg 300w\" sizes=\"(max-width: 708px) 100vw, 708px\" \/><\/figure>\n\n\n\n<h2 class=\"wp-block-heading\">Prendre soin du bien-\u00eatre mental et \u00e9motionnel dans les organisations<\/h2>\n\n\n\n<p>Chez <strong>ifeel<\/strong>, nous aidons les entreprises \u00e0 aller de l&rsquo;avant en s&rsquo;engageant en faveur du <strong>bien-\u00eatre des<\/strong> employ\u00e9s. Pour ce faire,<a href=\"https:\/\/ifeelonline.com\/fr\/notre-departement-de-recherche-clinique\/\"> notre \u00e9quipe de psychologues<\/a> experts en bien-\u00eatre au travail a cr\u00e9\u00e9 un<a href=\"https:\/\/ifeelonline.com\/fr\/programmes-sante-mentale-pour-les-entreprises\/\"> programme de bien-\u00eatre mental pour les entreprises<\/a> qui apporte des avantages significatifs \u00e0 l&rsquo;ensemble de l&rsquo;\u00e9quipe, y compris aux responsables des ressources humaines.<\/p>\n\n\n\n<p>Nous travaillons en partenariat avec des entreprises du monde entier pour inspirer la croissance humaine et guider les organisations dans l&rsquo;instauration d&rsquo;une<a href=\"https:\/\/ifeelonline.com\/fr\/culture-positive\/?partner=ifeel_internLinkPost\"> <strong>culture positive<\/strong><\/a><strong> du bien-\u00eatre menta<\/strong>l. Une approche sur mesure et centr\u00e9e sur les personnes qui place<strong> la sant\u00e9 de vos collaborateurs au centre<\/strong>, en tant que pilier fondamental pour<a href=\"https:\/\/ifeelonline.com\/fr\/guide-pour-renforcer-votre-strategie-en-matiere-de-talents\/?partner=ifeel_internLinkPost\"> <strong>attirer et retenir les talents<\/strong><\/a> ainsi que pour renforcer leur sentiment d&rsquo;appartenance.&nbsp;<\/p>\n\n\n\n<p><strong>Une solution unique, compl\u00e8te et \u00e9volutive<\/strong> qui utilise la puissance des donn\u00e9es pour fournir une compr\u00e9hension holistique du bien-\u00eatre psychologique de vos employ\u00e9s, tout en garantissant la qualit\u00e9 du service et la confidentialit\u00e9 pour votre \u00e9quipe.<br><br>Nous esp\u00e9rons que cet article sur <strong>le concept de <em>quiet firing<\/em><\/strong> vous a int\u00e9ress\u00e9 et nous vous invitons \u00e0 consulter notre nouvelle section sur<a href=\"https:\/\/ifeelonline.com\/fr\/sante-mentale-pour-les-assureurs\/\"> la sant\u00e9 mentale destin\u00e9e aux assureurs<\/a>. Pour<a href=\"https:\/\/ifeelonline.com\/fr\/demander-une-demo\/\"> plus d&rsquo;informations<\/a> sur notre programme de bien-\u00eatre mental pour les entreprises, n&rsquo;h\u00e9sitez pas \u00e0 nous demander et nous prendrons contact avec votre \u00e9quipe dans les plus brefs d\u00e9lais.<\/p>\n\n    <div class=\"xs_social_share_widget xs_share_url after_content \t\tmain_content  wslu-style-1 wslu-share-box-shaped wslu-fill-colored wslu-none wslu-share-horizontal wslu-theme-font-no wslu-main_content\">\n\n\t\t\n        <ul>\n\t\t\t        <\/ul>\n    <\/div> \n","protected":false},"excerpt":{"rendered":"<p>Explorez le &lsquo;quiet firing&rsquo;, une pratique subtile affectant la sant\u00e9 mentale des employ\u00e9s. Apprenez comment notre programme de bien-\u00eatre peut aider \u00e0 contrer ses effets n\u00e9fastes.<\/p>\n","protected":false},"author":8,"featured_media":11006,"comment_status":"closed","ping_status":"open","sticky":false,"template":"","format":"standard","meta":{"content-type":"","postBodyCss":"","postBodyMargin":[],"postBodyPadding":[],"postBodyBackground":{"backgroundType":"classic","gradient":""},"footnotes":""},"categories":[27,40],"tags":[],"class_list":["post-11003","post","type-post","status-publish","format-standard","has-post-thumbnail","hentry","category-bien-etre-au-travail","category-ressources-humaines"],"_links":{"self":[{"href":"https:\/\/ifeelonline.com\/fr\/wp-json\/wp\/v2\/posts\/11003","targetHints":{"allow":["GET"]}}],"collection":[{"href":"https:\/\/ifeelonline.com\/fr\/wp-json\/wp\/v2\/posts"}],"about":[{"href":"https:\/\/ifeelonline.com\/fr\/wp-json\/wp\/v2\/types\/post"}],"author":[{"embeddable":true,"href":"https:\/\/ifeelonline.com\/fr\/wp-json\/wp\/v2\/users\/8"}],"replies":[{"embeddable":true,"href":"https:\/\/ifeelonline.com\/fr\/wp-json\/wp\/v2\/comments?post=11003"}],"version-history":[{"count":0,"href":"https:\/\/ifeelonline.com\/fr\/wp-json\/wp\/v2\/posts\/11003\/revisions"}],"wp:featuredmedia":[{"embeddable":true,"href":"https:\/\/ifeelonline.com\/fr\/wp-json\/wp\/v2\/media\/11006"}],"wp:attachment":[{"href":"https:\/\/ifeelonline.com\/fr\/wp-json\/wp\/v2\/media?parent=11003"}],"wp:term":[{"taxonomy":"category","embeddable":true,"href":"https:\/\/ifeelonline.com\/fr\/wp-json\/wp\/v2\/categories?post=11003"},{"taxonomy":"post_tag","embeddable":true,"href":"https:\/\/ifeelonline.com\/fr\/wp-json\/wp\/v2\/tags?post=11003"}],"curies":[{"name":"wp","href":"https:\/\/api.w.org\/{rel}","templated":true}]}}