{"id":10999,"date":"2024-08-28T10:47:07","date_gmt":"2024-08-28T09:47:07","guid":{"rendered":"https:\/\/ifeelonline.com\/fr\/?p=10999"},"modified":"2024-08-28T10:47:08","modified_gmt":"2024-08-28T09:47:08","slug":"mission-d-entreprise","status":"publish","type":"post","link":"https:\/\/ifeelonline.com\/fr\/mission-d-entreprise\/","title":{"rendered":"D\u00e9couvrez la signification et l&rsquo;importance d&rsquo;une d\u00e9claration de mission d&rsquo;entreprise"},"content":{"rendered":"\n<p>D\u00e9finir pr\u00e9cis\u00e9ment <strong>votre mission d&rsquo;entreprise<\/strong> et, surtout, l&rsquo;incarner dans chacune de vos actions repr\u00e9sente un d\u00e9fi majeur et constant pour toutes les entreprises, quelle que soit leur taille.<\/p>\n\n\n\n<p>En raison de sa complexit\u00e9 et de son importance, <a href=\"https:\/\/ifeelonline.com\/fr\/comment-ca-marche\/\">ifeel<\/a> souhaite accompagner les entreprises dans la construction de leurs missions, visions et valeurs \u00e0 travers un outil simple et efficace con\u00e7u par son \u00e9quipe de psychologues, <a href=\"https:\/\/ifeelonline.com\/fr\/ameliorer-le-bien-etre-mental-en-entreprise-3-benefices-cles-difeel-la-solution-leader\/\">sp\u00e9cialistes du bien-\u00eatre au travail<\/a>.<\/p>\n\n\n\n<h2 class=\"wp-block-heading\">Qu&rsquo;est-ce qu&rsquo;une d\u00e9claration de mission d&rsquo;entreprise ?<\/h2>\n\n\n\n<p>La vocation d&rsquo;une entreprise est essentiellement la raison d&rsquo;\u00eatre pour laquelle elle existe. Elle apporte une valeur ajout\u00e9e significative et r\u00e9pond aux besoins r\u00e9els de son public cible. Cette vocation doit \u00e9galement \u00eatre suffisamment flexible pour s&rsquo;adapter aux \u00e9volutions de la soci\u00e9t\u00e9 et du secteur.<\/p>\n\n\n\n<p>Bien que son d\u00e9veloppement puisse \u00eatre affin\u00e9 au fil du temps, elle doit initialement \u00eatre formul\u00e9e en une phrase g\u00e9n\u00e9rale qui communique clairement son essence aux diff\u00e9rentes parties prenantes.<\/p>\n\n\n\n<p>En somme, la d\u00e9claration de mission est le pivot central autour duquel s&rsquo;articulent la culture et les processus de l&rsquo;entreprise.<\/p>\n\n\n\n<figure class=\"wp-block-image size-full\"><img fetchpriority=\"high\" decoding=\"async\" width=\"708\" height=\"380\" src=\"https:\/\/ifeelonline.com\/fr\/wp-content\/uploads\/sites\/3\/2024\/07\/proposition-de-valeur-2.jpg\" alt=\"d\u00e9claration de mission d'entreprise\" class=\"wp-image-11001\" srcset=\"https:\/\/ifeelonline.com\/fr\/wp-content\/uploads\/sites\/3\/2024\/07\/proposition-de-valeur-2.jpg 708w, https:\/\/ifeelonline.com\/fr\/wp-content\/uploads\/sites\/3\/2024\/07\/proposition-de-valeur-2-300x161.jpg 300w\" sizes=\"(max-width: 708px) 100vw, 708px\" \/><\/figure>\n\n\n\n<h2 class=\"wp-block-heading\">Trois aspects cl\u00e9s d&rsquo;une d\u00e9claration de mission efficace<\/h2>\n\n\n\n<ol class=\"wp-block-list\">\n<li>Elle est formul\u00e9e avec un verbe \u00e0 l&rsquo;infinif (par exemple : r\u00e9aliser, atteindre, contribuer), insufflant action, mouvement et dynamisme.<br><\/li>\n\n\n\n<li>Elle repr\u00e9sente un engagement, non une simple proposition au monde ; elle exprime ce que l&rsquo;entreprise s&rsquo;engage \u00e0 r\u00e9aliser pour le bien commun.<br><\/li>\n\n\n\n<li>Elle r\u00e9sume les activit\u00e9s actuelles et futures de l&rsquo;entreprise, ainsi que ses aspirations.<\/li>\n<\/ol>\n\n\n\n<p>Cette vocation va au-del\u00e0 de la simple description des actions ou des produits ; elle indique l&rsquo;impact positif de ces derniers sur la soci\u00e9t\u00e9 et la plan\u00e8te.<\/p>\n\n\n\n<h2 class=\"wp-block-heading\">Pourquoi est-il important de soigner la d\u00e9claration de mission d&rsquo;entreprise ?<\/h2>\n\n\n\n<p>Lorsqu&rsquo;elle est bien d\u00e9finie, la d\u00e9claration de mission <strong>ne reste pas lettre morte, mais se manifeste dans le travail quotidien des employ\u00e9s<\/strong> et leur permet de travailler plus efficacement.<\/p>\n\n\n\n<p>Mesurer et revoir l&rsquo;objet social de votre entreprise est <strong>essentiel pour garantir la <\/strong><a href=\"\u00ab\"><strong>productivit\u00e9<\/strong><\/a>, maintenir un bon environnement de travail et favoriser la r\u00e9tention des talents, entre autres aspects. Gr\u00e2ce \u00e0 <strong>l&rsquo;outil con\u00e7u par l&rsquo;\u00e9quipe de<\/strong> psychologues <strong>d&rsquo;ifeel<\/strong>, vous pouvez entamer ce processus rapidement et facilement. T\u00e9l\u00e9chargez ici notre \u00e9chelle de mesure de la mission de l&rsquo;entreprise.<\/p>\n\n\n\n<p>Gardez \u00e0 l&rsquo;esprit qu&rsquo;un bon \u00e9nonc\u00e9 de mission <strong>conf\u00e8re de la pertinence \u00e0 l&rsquo;entreprise<\/strong>. Cela signifie qu&rsquo;elle suscite l&rsquo;adh\u00e9sion du public \u00e0 un fait : l&rsquo;existence de l&rsquo;entreprise est une bonne chose. Ainsi, la mission de l&rsquo;entreprise l&rsquo;<strong>aide \u00e0 se d\u00e9marquer <\/strong>de ses concurrents directs et indirects.<\/p>\n\n\n\n<p>En outre, un \u00e9nonc\u00e9 de mission bien d\u00e9fini et appliqu\u00e9 est r\u00e9ellement <strong>positif pour la soci\u00e9t\u00e9 et l&rsquo;environnement<\/strong>. C&rsquo;est pourquoi il est si important pour une entreprise de d\u00e9finir clairement sa mission et de la mettre en pratique.<\/p>\n\n\n\n<h2 class=\"wp-block-heading\">Comment \u00e9valuer la mission de votre entreprise ?<\/h2>\n\n\n\n<p>La vocation de votre entreprise est influenc\u00e9e par divers facteurs et peut \u00eatre per\u00e7ue diff\u00e9remment par les membres de votre \u00e9quipe, ce qui t\u00e9moigne de la vitalit\u00e9 de l&rsquo;organisation.<\/p>\n\n\n\n<p>Pour vous aider \u00e0 \u00e9valuer clairement et facilement cet objectif fondamental, ifeel a con\u00e7u une \u00e9chelle \u00e9valuant cinq domaines principaux. Cela vous permettra de d\u00e9tecter les incoh\u00e9rences et de renforcer les points forts n\u00e9cessaires au bien-\u00eatre et \u00e0 l&rsquo;efficacit\u00e9 de votre travail.<\/p>\n\n\n\n<p>Gr\u00e2ce \u00e0 l&rsquo;\u00e9chelle de mesure de l&rsquo;\u00e9nonc\u00e9 de mission con\u00e7ue par ifeel :<\/p>\n\n\n\n<p>1. Vous examinerez dans quelle<strong> mesure les membres de l&rsquo;\u00e9quipe ont int\u00e9rioris\u00e9 la mission de<\/strong> votre entreprise.<\/p>\n\n\n\n<p>2. Vous d\u00e9tecterez d&rsquo;<strong> \u00e9ventuelles distorsions<\/strong> en termes de vision qui pourraient interf\u00e9rer dans l&rsquo;identification \u00e0 l&rsquo;entreprise.<\/p>\n\n\n\n<p>3. Vous renforcerez la <strong>d\u00e9claration de mission de votre entreprise <\/strong>gr\u00e2ce \u00e0 la perspective fournie par vos clients internes.<\/p>\n\n\n\n<figure class=\"wp-block-image size-full\"><img decoding=\"async\" width=\"708\" height=\"380\" src=\"https:\/\/ifeelonline.com\/fr\/wp-content\/uploads\/sites\/3\/2024\/07\/proposition-de-valeur-3.jpg\" alt=\"d\u00e9claration de mission d'entreprise\" class=\"wp-image-11000\" srcset=\"https:\/\/ifeelonline.com\/fr\/wp-content\/uploads\/sites\/3\/2024\/07\/proposition-de-valeur-3.jpg 708w, https:\/\/ifeelonline.com\/fr\/wp-content\/uploads\/sites\/3\/2024\/07\/proposition-de-valeur-3-300x161.jpg 300w\" sizes=\"(max-width: 708px) 100vw, 708px\" \/><\/figure>\n\n\n\n<h2 class=\"wp-block-heading\">Prendre soin du bien-\u00eatre mental dans les organisations<\/h2>\n\n\n\n<p>Chez <strong>ifeel<\/strong>, nous aidons les entreprises \u00e0 aller de l&rsquo;avant en s&rsquo;engageant en faveur du <strong>bien-\u00eatre des<\/strong> employ\u00e9s. Pour ce faire,<a href=\"https:\/\/ifeelonline.com\/fr\/notre-departement-de-recherche-clinique\/\"> notre \u00e9quipe de psychologues<\/a> experts en bien-\u00eatre au travail a cr\u00e9\u00e9 un<a href=\"https:\/\/ifeelonline.com\/fr\/programmes-sante-mentale-pour-les-entreprises\/\"> programme de bien-\u00eatre mental pour les entreprises<\/a> qui apporte des avantages significatifs \u00e0 l&rsquo;ensemble de l&rsquo;\u00e9quipe, y compris aux responsables des ressources humaines.<\/p>\n\n\n\n<p>Nous travaillons en partenariat avec des entreprises du monde entier pour inspirer la croissance humaine et guider les organisations dans l&rsquo;instauration d&rsquo;une<a href=\"https:\/\/ifeelonline.com\/fr\/culture-positive\/?partner=ifeel_internLinkPost\"> <strong>culture positive<\/strong><\/a><strong> du bien-\u00eatre menta<\/strong>l. Une approche sur mesure et centr\u00e9e sur les personnes qui place<strong> la sant\u00e9 de vos collaborateurs au centre<\/strong>, en tant que pilier fondamental pour<a href=\"https:\/\/ifeelonline.com\/fr\/guide-pour-renforcer-votre-strategie-en-matiere-de-talents\/?partner=ifeel_internLinkPost\"> <strong>attirer et retenir les talents<\/strong><\/a> ainsi que pour renforcer leur sentiment d&rsquo;appartenance.&nbsp;<\/p>\n\n\n\n<p><strong>Une solution unique, compl\u00e8te et \u00e9volutive<\/strong> qui utilise la puissance des donn\u00e9es pour fournir une compr\u00e9hension holistique du bien-\u00eatre psychologique de vos employ\u00e9s, tout en garantissant la qualit\u00e9 du service et la confidentialit\u00e9 pour votre \u00e9quipe.<\/p>\n\n\n\n<p>Nous esp\u00e9rons que cet article sur <strong>l<\/strong>&lsquo;<strong>importance d&rsquo;une d\u00e9claration de missions d&rsquo;entreprise<\/strong> vous a int\u00e9ress\u00e9 et nous vous invitons \u00e0 consulter notre nouvelle section sur<a href=\"https:\/\/ifeelonline.com\/fr\/sante-mentale-pour-les-assureurs\/\"> la sant\u00e9 mentale destin\u00e9e aux assureurs<\/a>. Pour<a href=\"https:\/\/ifeelonline.com\/fr\/demander-une-demo\/\"> plus d&rsquo;informations<\/a> sur notre programme de bien-\u00eatre mental pour les entreprises, n&rsquo;h\u00e9sitez pas \u00e0 nous demander et nous prendrons contact avec votre \u00e9quipe dans les plus brefs d\u00e9lais.<\/p>\n\n    <div class=\"xs_social_share_widget xs_share_url after_content \t\tmain_content  wslu-style-1 wslu-share-box-shaped wslu-fill-colored wslu-none wslu-share-horizontal wslu-theme-font-no wslu-main_content\">\n\n\t\t\n        <ul>\n\t\t\t        <\/ul>\n    <\/div> \n","protected":false},"excerpt":{"rendered":"<p>Explorez l&rsquo;importance de formuler et d&rsquo;appliquer la mission de votre entreprise pour am\u00e9liorer la culture et les r\u00e9sultats.<\/p>\n","protected":false},"author":8,"featured_media":11002,"comment_status":"closed","ping_status":"open","sticky":false,"template":"","format":"standard","meta":{"content-type":"","postBodyCss":"","postBodyMargin":[],"postBodyPadding":[],"postBodyBackground":{"backgroundType":"classic","gradient":""},"footnotes":""},"categories":[27,40],"tags":[],"class_list":["post-10999","post","type-post","status-publish","format-standard","has-post-thumbnail","hentry","category-bien-etre-au-travail","category-ressources-humaines"],"_links":{"self":[{"href":"https:\/\/ifeelonline.com\/fr\/wp-json\/wp\/v2\/posts\/10999","targetHints":{"allow":["GET"]}}],"collection":[{"href":"https:\/\/ifeelonline.com\/fr\/wp-json\/wp\/v2\/posts"}],"about":[{"href":"https:\/\/ifeelonline.com\/fr\/wp-json\/wp\/v2\/types\/post"}],"author":[{"embeddable":true,"href":"https:\/\/ifeelonline.com\/fr\/wp-json\/wp\/v2\/users\/8"}],"replies":[{"embeddable":true,"href":"https:\/\/ifeelonline.com\/fr\/wp-json\/wp\/v2\/comments?post=10999"}],"version-history":[{"count":0,"href":"https:\/\/ifeelonline.com\/fr\/wp-json\/wp\/v2\/posts\/10999\/revisions"}],"wp:featuredmedia":[{"embeddable":true,"href":"https:\/\/ifeelonline.com\/fr\/wp-json\/wp\/v2\/media\/11002"}],"wp:attachment":[{"href":"https:\/\/ifeelonline.com\/fr\/wp-json\/wp\/v2\/media?parent=10999"}],"wp:term":[{"taxonomy":"category","embeddable":true,"href":"https:\/\/ifeelonline.com\/fr\/wp-json\/wp\/v2\/categories?post=10999"},{"taxonomy":"post_tag","embeddable":true,"href":"https:\/\/ifeelonline.com\/fr\/wp-json\/wp\/v2\/tags?post=10999"}],"curies":[{"name":"wp","href":"https:\/\/api.w.org\/{rel}","templated":true}]}}