{"id":10998,"date":"2024-09-04T21:08:40","date_gmt":"2024-09-04T20:08:40","guid":{"rendered":"https:\/\/ifeelonline.com\/fr\/?p=10998"},"modified":"2024-09-19T14:39:03","modified_gmt":"2024-09-19T13:39:03","slug":"telechargez-notre-enquete-sur-lenvironnement-de-travail","status":"publish","type":"post","link":"https:\/\/ifeelonline.com\/fr\/telechargez-notre-enquete-sur-lenvironnement-de-travail\/","title":{"rendered":"T\u00e9l\u00e9chargez notre enqu\u00eate sur le climat de travail"},"content":{"rendered":"\n<p>Notre \u00e9quipe de psychologues sp\u00e9cialis\u00e9s dans la sant\u00e9 au travail a cr\u00e9\u00e9 cette <strong><a href=\"https:\/\/ifeelonline.com\/fr\/outils\/enquete-sur-le-climat-de-travail\/?partner=ifeel_internLinkPost\">enqu\u00eate sur le climat de travail<\/a><\/strong> que vous pouvez t\u00e9l\u00e9charger gratuitement.<\/p>\n\n\n\n<p>Vous<strong> souhaitez savoir quel est le cliamt de travail r\u00e9el dans votre entreprise<\/strong> ? Chez ifeel, nous avons le mod\u00e8le d&rsquo;enqu\u00eate sur l&rsquo;environnement de travail qu&rsquo;il vous faut.<\/p>\n\n\n\n<h2 class=\"wp-block-heading\">D\u00e9couvrez notre enqu\u00eate sur le climat de travail<\/h2>\n\n\n\n<p>Le <strong>concept d&rsquo;environnement de travail<\/strong> est assez abstrait, mais il est certainement essentiel de le g\u00e9rer correctement pour assurer le succ\u00e8s d&rsquo;une entreprise. Les <strong>entreprises doivent<\/strong> donc \u00eatre <strong>conscientes de son existence et de l&rsquo;influence qu&rsquo;il exerce sur les personnes et les processus, et savoir comment le d\u00e9finir par rapport \u00e0 elles-m\u00eames<\/strong>. Toutes les organisations ont des points communs. Cependant, on ne parle pas de la m\u00eame mani\u00e8re de l&rsquo;environnement de travail dans une \u00e9cole priv\u00e9e que dans une compagnie d&rsquo;assurance multinationale ou dans une organisation \u00e0 but non lucratif constitu\u00e9e d&rsquo;une petite \u00e9quipe.<\/p>\n\n\n\n<p>La <a href=\"\u00ab\"><strong>mission de l&rsquo;entreprise<\/strong><\/a>, le stade de d\u00e9veloppement, la taille de la main-d&rsquo;\u0153uvre et bien d&rsquo;autres facteurs peuvent \u00eatre tr\u00e8s pertinents lorsqu&rsquo;il s&rsquo;agit de cr\u00e9er un <strong>certain environnement de<\/strong> travail au sein d&rsquo;une entreprise ou d&rsquo;une \u00e9quipe.<\/p>\n\n\n\n<p>C&rsquo;est pourquoi les entreprises <strong>ont<\/strong> \u00e9galement <strong>besoin d&rsquo;outils efficaces adapt\u00e9s \u00e0 leurs caract\u00e9ristiques et \u00e0 leurs besoins<\/strong> pour pouvoir les \u00e9valuer. C&rsquo;est la seule fa\u00e7on de mettre l&rsquo;environnement de travail au <strong>service d&rsquo;une meilleure productivit\u00e9<\/strong>. Le contraire est d&rsquo;op\u00e9rer \u00ab tous azimuts \u00bb, en oubliant l&rsquo;<strong>effet que certains <\/strong><a href=\"\u00ab\"><strong>facteurs de risques psychosociaux<\/strong><\/a> peuvent avoir sur la performance finale d&rsquo;une organisation.<\/p>\n\n\n\n<h2 class=\"wp-block-heading\">Quels sont les objectifs d&rsquo;une enqu\u00eate sur le climat de travail ?<\/h2>\n\n\n\n<p>Pour \u00e9valuer <strong>cet aspect essentiel de la vie de l&rsquo;entreprise<\/strong>, on parle d&rsquo;<strong>enqu\u00eate sur l&rsquo;environnement de travail<\/strong>. Nous l&rsquo;appelons ainsi parce qu&rsquo;elle utilise une \u00e9tiquette que tout employ\u00e9 peut associer \u00e0 l&rsquo;id\u00e9e de collecter des informations d&rsquo;une mani\u00e8re relativement ordonn\u00e9e, br\u00e8ve et syst\u00e9matique. Cependant,<strong> toute enqu\u00eate sur l&rsquo;environnement de travail doit \u00eatre adapt\u00e9e aux caract\u00e9ristiques de chaque entreprise<\/strong>, en tenant compte de sa culture d&rsquo;entreprise et, bien s\u00fbr, des caract\u00e9ristiques et des <strong>besoins des employ\u00e9s<\/strong> qui composent l&rsquo;entreprise et qui participeront \u00e0 l&rsquo;enqu\u00eate.<\/p>\n\n\n\n<p>Par cons\u00e9quent, <strong>l&rsquo;enqu\u00eate sur l&rsquo;environnement de travail peut se pr\u00e9senter sous la forme d&rsquo;un questionnaire<\/strong> enti\u00e8rement structur\u00e9, avec des r\u00e9ponses quantitatives \u00e0 cent pour cent. Elle peut \u00e9galement comporter des questions ouvertes, ainsi que des <strong>entretiens individuels semi-structur\u00e9s<\/strong>. Si l&rsquo;entreprise le demande et si les responsables savent comment la r\u00e9aliser, l&rsquo;enqu\u00eate sur l&rsquo;environnement de travail peut <strong>m\u00eame<\/strong> \u00eatre <strong>structur\u00e9e avec des sessions de groupes de discussion<\/strong> qui encouragent l&rsquo;\u00e9change d&rsquo;impressions et d&rsquo;opinions avec les co\u00e9quipiers.<\/p>\n\n\n\n<p>L&rsquo;id\u00e9e <strong>n&rsquo;est pas de se contenter de penser que l&rsquo;environnement de travail dans notre entreprise est ad\u00e9quat<\/strong> simplement parce qu&rsquo;il nous \u00ab semble \u00bb l&rsquo;\u00eatre. Il ne s&rsquo;agit pas non plus de sonder de mani\u00e8re informelle les employ\u00e9s sur ce sujet par le biais de commentaires passagers, de conversations isol\u00e9es, bref, de <strong>perceptions<\/strong> trop <strong>subjectives<\/strong> qui ne fourniront pas d&rsquo;informations de qualit\u00e9 pouvant ensuite \u00eatre traduites en une<strong> strat\u00e9gie bas\u00e9e sur le bien-\u00eatre \u00e9motionnel<\/strong> sur le lieu de travail.<\/p>\n\n\n\n<p>Les entreprises doivent disposer d&rsquo;un outil qui leur permette de suivre le <a href=\"\u00ab\">bien-\u00eatre psychologique<\/a> de leurs \u00e9quipes de mani\u00e8re syst\u00e9matis\u00e9e et objective. Comme nous venons de le mentionner, ce type d&rsquo;outil doit permettre une collecte efficace d&rsquo;<strong>informations quantitatives, qualitatives et utiles <\/strong>qui peuvent ensuite \u00eatre \u00ab m\u00e9tabolis\u00e9es \u00bb par les <strong>responsables des ressources humaines<\/strong>. Ceux-ci tiendront compte de ces informations lors de l&rsquo;\u00e9laboration d&rsquo;une strat\u00e9gie de <a href=\"\u00ab\">prise en charge de la sant\u00e9 physique et mentale<\/a> des travailleurs de l&rsquo;entreprise.<\/p>\n\n\n\n<p>Bien entendu, cet instrument, que nous appelons l&rsquo;<strong>enqu\u00eate sur l&rsquo;environnement de travail<\/strong>, doit pouvoir \u00eatre reproduit \u00e0 plusieurs reprises, car il n&rsquo;a pas de sens s&rsquo;il se limite \u00e0 une seule mesure. En outre, il doit pr\u00e9voir certains m\u00e9canismes pour \u00e9valuer son efficacit\u00e9, ainsi que pour <strong>communiquer les r\u00e9sultats obtenus aux participants<\/strong>.<\/p>\n\n\n\n<p>Toutes ces caract\u00e9ristiques engendrent la confiance dans l&rsquo;enqu\u00eate sur l&rsquo;environnement de travail, l&rsquo;honn\u00eatet\u00e9 des r\u00e9ponses et un niveau suffisant d&rsquo;approfondissement de leur contenu. Voyons-les ci-dessous dans les grandes lignes.<\/p>\n\n\n\n<h2 class=\"wp-block-heading\">Caract\u00e9ristiques d&rsquo;une enqu\u00eate sur le climat de travail<\/h2>\n\n\n\n<p>1. <strong>Elle est objective et semi-structur\u00e9e<\/strong>. Elle recueille des informations qualitatives et quantitatives sous diff\u00e9rentes formes.<\/p>\n\n\n\n<p>2. Elle <strong>est reproductible et \u00e9valuable<\/strong>. Elle n&rsquo;a de sens que si elle est utilis\u00e9e p\u00e9riodiquement, pour adapter les d\u00e9cisions \u00e0 la situation actuelle de l&rsquo;entreprise.<\/p>\n\n\n\n<p>3. Elle est <strong>destin\u00e9e \u00e0 la prise de d\u00e9cision<\/strong>afin d&rsquo;am\u00e9liorer l&rsquo;exp\u00e9rience des employ\u00e9s.<\/p>\n\n\n\n<p>4. <strong>Elle indique aux participants l&rsquo;objet de la collecte des informations<\/strong> et les conclusions tir\u00e9es de leur analyse.<\/p>\n\n\n\n<p>5. <strong>Elle est con\u00e7ue pour favoriser la collecte d&rsquo;informations utiles<\/strong> gr\u00e2ce \u00e0 des r\u00e9ponses aussi honn\u00eates que possible.<\/p>\n\n\n\n<h2 class=\"wp-block-heading\">Comment analyser les r\u00e9sultats de l&rsquo;enqu\u00eate<\/h2>\n\n\n\n<p>Comme nous l&rsquo;avons vu plus haut, lorsqu&rsquo;on <strong>utilise une enqu\u00eate sur l&rsquo;environnement de travail<\/strong> au sein d&rsquo;une entreprise donn\u00e9e, il ne s&rsquo;agit pas de poser la question pour le plaisir de poser la question, comme si le d\u00e9partement des ressources humaines \u00e9tait \u00ab simplement \u00bb curieux ou \u00ab \u00e0 la recherche \u00bb d&rsquo;informations.<\/p>\n\n\n\n<p>Il n&rsquo;est pas non plus conseill\u00e9 de mener ce type d&rsquo;action en<strong> \u00e9tablissant un canal de communication \u00e0 sens unique<\/strong> entre le d\u00e9partement RH et les diff\u00e9rentes \u00e9quipes.<\/p>\n\n\n\n<p>Au contraire, l&rsquo;objectif de toute <strong>enqu\u00eate sur l&rsquo;environnement de travail <\/strong>men\u00e9e dans une organisation est d&rsquo;extraire &#8211; de la mani\u00e8re la plus efficace possible &#8211; des informations utiles sur une question cruciale pour le succ\u00e8s \u00e0 long terme de cette organisation : la <strong>mani\u00e8re dont les employ\u00e9s per\u00e7oivent l&rsquo;atmosph\u00e8re de travail<\/strong> dans laquelle ils travaillent eux-m\u00eames chaque jour, afin de d\u00e9terminer ensuite les aspects qui fonctionnent, les \u00e9ventuelles failles dans la dynamique de travail ou les moyens d&rsquo;am\u00e9liorer la m\u00e9thodologie.<\/p>\n\n\n\n<p>Aucun aspect de ce processus ne doit \u00eatre cach\u00e9 aux employ\u00e9s : en fait, il faut <strong>leur transmettre l<\/strong>&lsquo;id\u00e9e <strong>qu&rsquo;une enqu\u00eate d&rsquo;\u00e9valuation de l&rsquo;environnement de travail est utilis\u00e9e pour rendre l&rsquo;exp\u00e9rience de travail dans cette entreprise plus favorable<\/strong>, et qu&rsquo;ils sont la cl\u00e9 pour y parvenir.<\/p>\n\n\n\n<p>Par cons\u00e9quent, une fois les informations collect\u00e9es, les personnes charg\u00e9es des ressources humaines, de la gestion du capital humain, de l&rsquo;assistance aux personnes, ou de tout autre nom donn\u00e9 \u00e0 cette activit\u00e9 dans l&rsquo;entreprise, devront commencer \u00e0 les traiter. Il s&rsquo;agit de les lire attentivement, de <strong>les interpr\u00e9ter dans le contexte de l&rsquo;entreprise<\/strong>, de d\u00e9tecter les donn\u00e9es les plus pertinentes et les plus urgentes \u00e0 appliquer, de concevoir un programme d&rsquo;action \u00e0 court, moyen et long terme et, enfin, de <strong>communiquer les conclusions tir\u00e9es au personnel<\/strong> afin de l&rsquo;impliquer activement dans le processus.<\/p>\n\n\n\n<h2 class=\"wp-block-heading\">Comment am\u00e9liorer le climat de travail d&rsquo;une entreprise ?<\/h2>\n\n\n\n<p>De nombreux <strong>facteurs influencent l&rsquo;environnement de travail<\/strong>. Au-del\u00e0 des aspects positifs ou n\u00e9gatifs qui se produisent certains jours, cela signifie qu&rsquo;il existe de nombreuses circonstances qui influencent la mani\u00e8re dont vous aimez ou n&rsquo;aimez pas travailler, en g\u00e9n\u00e9ral, au sein d&rsquo;une entreprise.<\/p>\n\n\n\n<p>Aucune organisation n&rsquo;est parfaite et il <strong>serait inutile d&rsquo;envisager la possibilit\u00e9 d&rsquo;une entreprise utopique dans laquelle tout fonctionne toujours bien<\/strong>, o\u00f9 chacun sait toujours ce qu&rsquo;il a \u00e0 faire et le fait bien, o\u00f9 il n&rsquo;y a aucun d\u00e9faut de communication, o\u00f9 tout le monde s&rsquo;entend bien et se sent align\u00e9 avec ses t\u00e2ches et la mission de l&rsquo;entreprise&#8230; Cela n&rsquo;existe pas.<\/p>\n\n\n\n<p>Cependant, nous devons privil\u00e9gier une vision de l&rsquo;efficacit\u00e9 du travail et de la qualit\u00e9 des relations pour que l&rsquo;<strong> exp\u00e9rience quotidienne<\/strong> du travail dans une entreprise donn\u00e9e soit la plus satisfaisante possible.<\/p>\n\n\n\n<p>Pour ce faire, nous pouvons commencer par pr\u00eater attention \u00e0 <strong>la structure, \u00e0 la construction et au leadership au sein des \u00e9quipes<\/strong>, aux outils et au style de communication interne en g\u00e9n\u00e9ral, mais aussi entre les d\u00e9partements, ainsi qu&rsquo;au programme d&rsquo;avantages sociaux offert aux employ\u00e9s. Il est clair que tous les membres du personnel ont un r\u00f4le \u00e0 jouer dans ces processus, mais les <strong>RH<\/strong> ont une responsabilit\u00e9 cl\u00e9.<\/p>\n\n\n\n<figure class=\"wp-block-image size-full\"><img fetchpriority=\"high\" decoding=\"async\" width=\"1024\" height=\"683\" src=\"https:\/\/ifeelonline.com\/fr\/wp-content\/uploads\/sites\/3\/2024\/09\/bien-etre-en-entreprise.jpg\" alt=\"bien etre en entreprise\" class=\"wp-image-11163\" srcset=\"https:\/\/ifeelonline.com\/fr\/wp-content\/uploads\/sites\/3\/2024\/09\/bien-etre-en-entreprise.jpg 1024w, https:\/\/ifeelonline.com\/fr\/wp-content\/uploads\/sites\/3\/2024\/09\/bien-etre-en-entreprise-300x200.jpg 300w, https:\/\/ifeelonline.com\/fr\/wp-content\/uploads\/sites\/3\/2024\/09\/bien-etre-en-entreprise-768x512.jpg 768w\" sizes=\"(max-width: 1024px) 100vw, 1024px\" \/><\/figure>\n\n\n\n<h2 class=\"wp-block-heading\">Faites confiance aux leaders europ\u00e9en du bien-\u00eatre mental en entreprise<\/h2>\n\n\n\n<p>Chez <strong>ifel<\/strong>, nous aidons les entreprises \u00e0 aller de l&rsquo;avant en s&rsquo;engageant en faveur du <strong>bien-\u00eatre des collaborateurs<\/strong>. Pour ce faire,<a href=\"https:\/\/ifeelonline.com\/fr\/notre-departement-de-recherche-clinique\/\"> notre \u00e9quipe de psychologues<\/a> experts en bien-\u00eatre au travail a cr\u00e9\u00e9 un<a href=\"https:\/\/ifeelonline.com\/fr\/programmes-sante-mentale-pour-les-entreprises\/\"> programme de bien-\u00eatre mental pour les entreprises<\/a> qui apporte des avantages significatifs \u00e0 l&rsquo;ensemble de l&rsquo;\u00e9quipe, y compris aux responsables des ressources humaines.<\/p>\n\n\n\n<p>Nous travaillons en partenariat avec des entreprises du monde entier pour inspirer la croissance humaine et guider les organisations dans l&rsquo;instauration d&rsquo;une<a href=\"https:\/\/ifeelonline.com\/fr\/culture-positive\/?partner=ifeel_internLinkPost\"> <strong>culture positive<\/strong><\/a><strong> du bien-\u00eatre menta<\/strong>l. Une approche sur mesure et centr\u00e9e sur les personnes qui place<strong> la sant\u00e9 de vos collaborateurs au centre<\/strong>, en tant que pilier fondamental pour<a href=\"https:\/\/ifeelonline.com\/fr\/guide-pour-renforcer-votre-strategie-en-matiere-de-talents\/?partner=ifeel_internLinkPost\"> <strong>attirer et retenir les talents<\/strong><\/a> ainsi que pour renforcer leur sentiment d&rsquo;appartenance.&nbsp;<\/p>\n\n\n\n<p><strong>Une solution unique, compl\u00e8te et \u00e9volutive<\/strong> qui utilise la puissance des donn\u00e9es pour fournir une compr\u00e9hension holistique du bien-\u00eatre psychologique de vos employ\u00e9s, tout en garantissant la qualit\u00e9 du service et la confidentialit\u00e9 pour votre \u00e9quipe.<br><br>Nous esp\u00e9rons que cet article sur <strong>notre enqu\u00eate sur le climat au travail <\/strong>vous a int\u00e9ress\u00e9 et nous vous invitons \u00e0 consulter notre nouvelle section sur<a href=\"https:\/\/ifeelonline.com\/fr\/sante-mentale-pour-les-assureurs\/\"> la sant\u00e9 mentale destin\u00e9e aux assureurs<\/a>.<br><br>Pour<a href=\"https:\/\/ifeelonline.com\/fr\/demander-une-demo\/\"> plus d&rsquo;informations<\/a> sur notre programme de bien-\u00eatre mental pour les entreprises, n&rsquo;h\u00e9sitez pas \u00e0 nous demander et nous prendrons contact avec votre \u00e9quipe dans les plus brefs d\u00e9lais.<\/p>\n\n    <div class=\"xs_social_share_widget xs_share_url after_content \t\tmain_content  wslu-style-1 wslu-share-box-shaped wslu-fill-colored wslu-none wslu-share-horizontal wslu-theme-font-no wslu-main_content\">\n\n\t\t\n        <ul>\n\t\t\t        <\/ul>\n    <\/div> \n","protected":false},"excerpt":{"rendered":"<p>Notre \u00e9quipe de psychologues sp\u00e9cialis\u00e9s dans la sant\u00e9 au travail a cr\u00e9\u00e9 cette enqu\u00eate sur le climat de travail que vous pouvez t\u00e9l\u00e9charger gratuitement. Vous souhaitez savoir quel est le cliamt de travail r\u00e9el dans votre entreprise ? Chez ifeel, nous avons le mod\u00e8le d&rsquo;enqu\u00eate sur l&rsquo;environnement de travail qu&rsquo;il vous faut. D\u00e9couvrez notre enqu\u00eate [&hellip;]<\/p>\n","protected":false},"author":8,"featured_media":10950,"comment_status":"closed","ping_status":"open","sticky":false,"template":"","format":"standard","meta":{"content-type":"","postBodyCss":"","postBodyMargin":[],"postBodyPadding":[],"postBodyBackground":{"backgroundType":"classic","gradient":""},"footnotes":""},"categories":[27,35],"tags":[],"class_list":["post-10998","post","type-post","status-publish","format-standard","has-post-thumbnail","hentry","category-bien-etre-au-travail","category-climat-de-travail"],"_links":{"self":[{"href":"https:\/\/ifeelonline.com\/fr\/wp-json\/wp\/v2\/posts\/10998","targetHints":{"allow":["GET"]}}],"collection":[{"href":"https:\/\/ifeelonline.com\/fr\/wp-json\/wp\/v2\/posts"}],"about":[{"href":"https:\/\/ifeelonline.com\/fr\/wp-json\/wp\/v2\/types\/post"}],"author":[{"embeddable":true,"href":"https:\/\/ifeelonline.com\/fr\/wp-json\/wp\/v2\/users\/8"}],"replies":[{"embeddable":true,"href":"https:\/\/ifeelonline.com\/fr\/wp-json\/wp\/v2\/comments?post=10998"}],"version-history":[{"count":0,"href":"https:\/\/ifeelonline.com\/fr\/wp-json\/wp\/v2\/posts\/10998\/revisions"}],"wp:featuredmedia":[{"embeddable":true,"href":"https:\/\/ifeelonline.com\/fr\/wp-json\/wp\/v2\/media\/10950"}],"wp:attachment":[{"href":"https:\/\/ifeelonline.com\/fr\/wp-json\/wp\/v2\/media?parent=10998"}],"wp:term":[{"taxonomy":"category","embeddable":true,"href":"https:\/\/ifeelonline.com\/fr\/wp-json\/wp\/v2\/categories?post=10998"},{"taxonomy":"post_tag","embeddable":true,"href":"https:\/\/ifeelonline.com\/fr\/wp-json\/wp\/v2\/tags?post=10998"}],"curies":[{"name":"wp","href":"https:\/\/api.w.org\/{rel}","templated":true}]}}