{"id":10988,"date":"2024-08-21T15:47:35","date_gmt":"2024-08-21T14:47:35","guid":{"rendered":"https:\/\/ifeelonline.com\/fr\/?p=10988"},"modified":"2024-08-21T15:52:02","modified_gmt":"2024-08-21T14:52:02","slug":"egalite-au-travail","status":"publish","type":"post","link":"https:\/\/ifeelonline.com\/fr\/egalite-au-travail\/","title":{"rendered":"Promouvoir l&rsquo;\u00e9galit\u00e9 au travail : 5 \u00e9l\u00e9ments cl\u00e9s"},"content":{"rendered":"\n<p><strong>L&rsquo;\u00e9galit\u00e9 au travail <\/strong>n&rsquo;est pas seulement un id\u00e9al \u00e0 atteindre, mais<strong> une n\u00e9cessit\u00e9 pratique pour les entreprises modernes<\/strong>. En cultivant un environnement o\u00f9 chaque employ\u00e9, quelle que soit son origine ou son genre, <strong>se sent valoris\u00e9 et respect\u00e9<\/strong>, les organisations peuvent non seulement renforcer leur coh\u00e9sion interne mais aussi <strong>am\u00e9liorer leur performance globale<\/strong>. <\/p>\n\n\n\n<p>Ces derni\u00e8res ann\u00e9es, d&rsquo;\u00e9normes progr\u00e8s ont \u00e9t\u00e9 r\u00e9alis\u00e9s pour atteindre l&rsquo;\u00e9galit\u00e9 professionnelle<strong> entre <a href=\"https:\/\/ifeelonline.com\/fr\/inegalite-salariale-hommes-femmes\/\">les hommes et les femmes <\/a>sur le lieu de travail<\/strong>. Cependant, ce probl\u00e8me repr\u00e9sente toujours une injustice sociale massive, une perte \u00e9conomique s\u00e9v\u00e8re pour les entreprises qui l&rsquo;encouragent ou le tol\u00e8rent, et une source de <strong>d\u00e9tresse psychologique<\/strong> pour celles et ceux qui en souffrent.<br><br>Cet article explore des m\u00e9thodes concr\u00e8tes pour promouvoir une culture d&rsquo;\u00e9galit\u00e9 sur votre lieu de travail, garantissant ainsi <strong><a href=\"https:\/\/ifeelonline.com\/fr\/promouvoir-l-inclusion-au-travail\/\">un espace professionnel juste et inclusif <\/a>pour tous<\/strong>.<\/p>\n\n\n\n<h2 class=\"wp-block-heading\">Pourquoi l&rsquo;\u00e9galit\u00e9 au travail est-elle importante ?<\/h2>\n\n\n\n<p>Il peut sembler \u00e9vident, mais pour qu&rsquo;une organisation int\u00e8gre des valeurs telles que la <a href=\"https:\/\/ifeelonline.com\/fr\/renforcer-cohesion-d-equipe\/\" data-type=\"link\" data-id=\"https:\/\/ifeelonline.com\/fr\/renforcer-cohesion-d-equipe\/\">coh\u00e9sion d&rsquo;\u00e9quipe<\/a>, le <a href=\"https:\/\/ifeelonline.com\/fr\/le-bien-etre-au-travail\/\">bien-\u00eatre mental <\/a>ou <a href=\"https:\/\/ifeelonline.com\/fr\/comment-attirer-les-talents-dans-votre-entreprise\/\">la r\u00e9tention des talents<\/a> dans sa <a href=\"https:\/\/ifeelonline.com\/fr\/culture-d-entreprise-positive\/\">culture d&rsquo;entreprise<\/a>, il est essentiel de passer \u00e0 l&rsquo;action.<\/p>\n\n\n\n<p>Premi\u00e8rement, <strong>la discrimination sur le lieu de travail<\/strong>, en particulier celle bas\u00e9e sur le genre, est non seulement injuste, mais elle sape \u00e9galement les fondements m\u00eames de l&rsquo;\u00e9quit\u00e9 et de l&rsquo;\u00e9thique professionnelle. L&rsquo;in\u00e9galit\u00e9 de traitement entre les hommes et les femmes n&rsquo;est pas un ph\u00e9nom\u00e8ne naturel dans les entreprises ; elle est \u00e9vitable et n\u00e9cessite une intervention strat\u00e9gique pour \u00eatre \u00e9radiqu\u00e9e. <strong>Cette in\u00e9galit\u00e9 est nuisible non seulement pour le d\u00e9veloppement de l&rsquo;entreprise<\/strong>, mais aussi pour l&rsquo;exp\u00e9rience et <strong><a href=\"https:\/\/ifeelonline.com\/fr\/droits-des-femmes\/\">la sant\u00e9 mentale des employ\u00e9es affect\u00e9es<\/a><\/strong>.<\/p>\n\n\n\n<p>De nombreux t\u00e9moignages illustrent l&rsquo;in\u00e9galit\u00e9 de traitement, d&rsquo;opportunit\u00e9s et de r\u00e9mun\u00e9ration entre les genres dans divers milieux professionnels. Chacun d&rsquo;eux renferme une histoire souvent non racont\u00e9e sur les moyens de rectifier cette injustice.<\/p>\n\n\n\n<p>Pour transformer ces narrations en leviers de changement, nous avons identifi\u00e9 cinq strat\u00e9gies cl\u00e9s. Chacune de ces strat\u00e9gies peut fonctionner ind\u00e9pendamment, mais leur efficacit\u00e9 est d\u00e9cupl\u00e9e lorsqu&rsquo;elles sont appliqu\u00e9es conjointement. Ces mesures sont cruciales non seulement pour le bien-\u00eatre des individus, mais aussi pour <strong>la sant\u00e9 \u00e9conomique et humaine de l&rsquo;organisation<\/strong>.<\/p>\n\n\n\n<figure class=\"wp-block-image size-full\"><img fetchpriority=\"high\" decoding=\"async\" width=\"708\" height=\"380\" src=\"https:\/\/ifeelonline.com\/fr\/wp-content\/uploads\/sites\/3\/2024\/07\/egalite-au-travail-2.jpg\" alt=\"\u00e9galit\u00e9 au travail\" class=\"wp-image-10990\" srcset=\"https:\/\/ifeelonline.com\/fr\/wp-content\/uploads\/sites\/3\/2024\/07\/egalite-au-travail-2.jpg 708w, https:\/\/ifeelonline.com\/fr\/wp-content\/uploads\/sites\/3\/2024\/07\/egalite-au-travail-2-300x161.jpg 300w\" sizes=\"(max-width: 708px) 100vw, 708px\" \/><\/figure>\n\n\n\n<h2 class=\"wp-block-heading\">\u00c9l\u00e9ments cl\u00e9s pour promouvoir l&rsquo;\u00e9galit\u00e9 au travail<\/h2>\n\n\n\n<ol class=\"wp-block-list\">\n<li><strong>Identifier les comportements discriminatoires<\/strong><\/li>\n<\/ol>\n\n\n\n<p>Chaque comportement a ses racines dans les exp\u00e9riences et les perspectives individuelles, influenc\u00e9es par des besoins, des faiblesses et des forces uniques. Cela signifie que derri\u00e8re chaque acte discriminatoire, il y a une personne qui ne saisit peut-\u00eatre pas pleinement les r\u00e9percussions de ses actions. De m\u00eame, ceux qui ne d\u00e9fendent pas leurs droits peuvent ne pas avoir appris \u00e0 le faire ou avoir conclu que cela n&rsquo;en valait pas la peine. Il est crucial de comprendre ces dynamiques pour cr\u00e9er <a href=\"https:\/\/ifeelonline.com\/fr\/differents-environnements-de-travail\/\">un environnement de travail<\/a> o\u00f9 chacun est trait\u00e9 \u00e9quitablement, sans \u00e9gard \u00e0 son genre, son origine, ou toute autre diff\u00e9rence.<\/p>\n\n\n\n<ol class=\"wp-block-list\" start=\"2\">\n<li><strong>D\u00e9noncer les pratiques injustes<\/strong><\/li>\n<\/ol>\n\n\n\n<p>L&rsquo;indignation face \u00e0 une injustice est une r\u00e9action humaine naturelle, souvent \u00e9touff\u00e9e par l&rsquo;indiff\u00e9rence ou la peur. Il est essentiel de s&rsquo;exprimer contre les injustices avec assurance et de nommer les pratiques inacceptables pour favoriser un changement positif.<\/p>\n\n\n\n<ol class=\"wp-block-list\" start=\"3\">\n<li><strong>Construire des r\u00e9seaux de soutien<\/strong><\/li>\n<\/ol>\n\n\n\n<p>La coop\u00e9ration, <strong><a href=\"https:\/\/ifeelonline.com\/fr\/empathie-au-travail\/\">l&#8217;empathie<\/a><\/strong> et l&rsquo;entraide sont vitales pour r\u00e9ussir dans un environnement professionnel et pour am\u00e9liorer le bien-\u00eatre mental de tous. Des r\u00e9seaux de soutien diversifi\u00e9s, impliquant toutes les identit\u00e9s et tous les genres, enrichissent le lieu de travail et offrent un refuge en cas de difficult\u00e9s.<\/p>\n\n\n\n<ol class=\"wp-block-list\" start=\"4\">\n<li><strong>\u00c9viter les g\u00e9n\u00e9ralisations<\/strong><\/li>\n<\/ol>\n\n\n\n<p>Bien que cat\u00e9goriser les gens (par exemple en \u00ab hommes \u00bb et \u00ab femmes \u00bb) puisse simplifier la communication, il est \u00e9galement n\u00e9cessaire d&rsquo;affiner notre compr\u00e9hension pour appr\u00e9cier chaque individu en tant que tel. Cela permet une analyse plus nuanc\u00e9e des dynamiques au travail.<\/p>\n\n\n\n<ol class=\"wp-block-list\" start=\"5\">\n<li><strong>Encourager la participation de tous<\/strong><\/li>\n<\/ol>\n\n\n\n<p>Les changements sociaux significatifs requi\u00e8rent la participation active de tous les membres de la soci\u00e9t\u00e9. L&rsquo;engagement collectif pour l&rsquo;\u00e9galit\u00e9 garantit que personne n&rsquo;est laiss\u00e9 pour compte et que chaque voix est entendue, ce qui est essentiel pour combattre efficacement les injustices.<\/p>\n\n\n\n<p>En fin de compte, <strong>revendiquer ce qui est juste<\/strong> est le point de d\u00e9part de la r\u00e9flexion sur l&rsquo;<strong>\u00e9galit\u00e9 au travail<\/strong>, et la meilleure fa\u00e7on d&rsquo;y parvenir est d&rsquo;obtenir l&rsquo;engagement de tous. Chaque individu a droit \u00e0 ses opinions, mais cela ne signifie pas un <strong>d\u00e9saccord irr\u00e9conciliable lorsqu&rsquo;il s&rsquo;agit de d\u00e9tecter l&rsquo;injustice<\/strong>. Rappelez-vous que faire preuve de patience \u00e0 l&rsquo;\u00e9gard des points de vue des autres ne signifie pas s&rsquo;y conformer ou s&rsquo;y plier.<\/p>\n\n\n\n<figure class=\"wp-block-image size-full\"><img decoding=\"async\" width=\"708\" height=\"380\" src=\"https:\/\/ifeelonline.com\/fr\/wp-content\/uploads\/sites\/3\/2024\/07\/egalite-au-travail-3.jpg\" alt=\"\u00e9galit\u00e9 au travail\" class=\"wp-image-10989\" srcset=\"https:\/\/ifeelonline.com\/fr\/wp-content\/uploads\/sites\/3\/2024\/07\/egalite-au-travail-3.jpg 708w, https:\/\/ifeelonline.com\/fr\/wp-content\/uploads\/sites\/3\/2024\/07\/egalite-au-travail-3-300x161.jpg 300w\" sizes=\"(max-width: 708px) 100vw, 708px\" \/><\/figure>\n\n\n\n<h2 class=\"wp-block-heading\">Prendre soin du bien-\u00eatre mental dans les organisations<\/h2>\n\n\n\n<p>Chez <strong>ifeel<\/strong>, nous aidons les entreprises \u00e0 aller de l&rsquo;avant en s&rsquo;engageant en faveur du <strong>bien-\u00eatre des<\/strong> employ\u00e9s. Pour ce faire,<a href=\"https:\/\/ifeelonline.com\/fr\/notre-departement-de-recherche-clinique\/\"> notre \u00e9quipe de psychologues<\/a> experts en bien-\u00eatre au travail a cr\u00e9\u00e9 un<a href=\"https:\/\/ifeelonline.com\/fr\/programmes-sante-mentale-pour-les-entreprises\/\"> programme de bien-\u00eatre mental pour les entreprises<\/a> qui apporte des avantages significatifs \u00e0 l&rsquo;ensemble de l&rsquo;\u00e9quipe, y compris aux responsables des ressources humaines.<\/p>\n\n\n\n<p>Nous travaillons en partenariat avec des entreprises du monde entier pour inspirer la croissance humaine et guider les organisations dans l&rsquo;instauration d&rsquo;une<a href=\"https:\/\/ifeelonline.com\/fr\/culture-positive\/?partner=ifeel_internLinkPost\"> <strong>culture positive<\/strong><\/a><strong> du bien-\u00eatre menta<\/strong>l. Une approche sur mesure et centr\u00e9e sur les personnes qui place<strong> la sant\u00e9 de vos collaborateurs au centre<\/strong>, en tant que pilier fondamental pour<a href=\"https:\/\/ifeelonline.com\/fr\/guide-pour-renforcer-votre-strategie-en-matiere-de-talents\/?partner=ifeel_internLinkPost\"> <strong>attirer et retenir les talents<\/strong><\/a> ainsi que pour renforcer leur sentiment d&rsquo;appartenance.&nbsp;<\/p>\n\n\n\n<p><strong>Une solution unique, compl\u00e8te et \u00e9volutive<\/strong> qui utilise la puissance des donn\u00e9es pour fournir une compr\u00e9hension holistique du bien-\u00eatre psychologique de vos employ\u00e9s, tout en garantissant la qualit\u00e9 du service et la confidentialit\u00e9 pour votre \u00e9quipe.<\/p>\n\n\n\n<p>Nous esp\u00e9rons que cet article sur <strong>l&rsquo;\u00e9galit\u00e9 au travail<\/strong> vous a int\u00e9ress\u00e9 et nous vous invitons \u00e0 consulter notre nouvelle section sur<a href=\"https:\/\/ifeelonline.com\/fr\/sante-mentale-pour-les-assureurs\/\"> la sant\u00e9 mentale destin\u00e9e aux assureurs<\/a>. Pour<a href=\"https:\/\/ifeelonline.com\/fr\/demander-une-demo\/\"> plus d&rsquo;informations<\/a> sur notre programme de bien-\u00eatre mental pour les entreprises, n&rsquo;h\u00e9sitez pas \u00e0 nous demander et nous prendrons contact avec votre \u00e9quipe dans les plus brefs d\u00e9lais.<\/p>\n\n    <div class=\"xs_social_share_widget xs_share_url after_content \t\tmain_content  wslu-style-1 wslu-share-box-shaped wslu-fill-colored wslu-none wslu-share-horizontal wslu-theme-font-no wslu-main_content\">\n\n\t\t\n        <ul>\n\t\t\t        <\/ul>\n    <\/div> \n","protected":false},"excerpt":{"rendered":"<p>Dans cet article, nous allons explorer les \u00e9l\u00e9ments cl\u00e9s pour promouvoir l&rsquo;\u00e9galit\u00e9 au travail, afin de vous aider \u00e0 cr\u00e9er un environnement professionnel plus juste et inclusif.<\/p>\n","protected":false},"author":8,"featured_media":10991,"comment_status":"closed","ping_status":"open","sticky":false,"template":"","format":"standard","meta":{"content-type":"","postBodyCss":"","postBodyMargin":[],"postBodyPadding":[],"postBodyBackground":{"backgroundType":"classic","gradient":""},"footnotes":""},"categories":[27,40],"tags":[],"class_list":["post-10988","post","type-post","status-publish","format-standard","has-post-thumbnail","hentry","category-bien-etre-au-travail","category-ressources-humaines"],"_links":{"self":[{"href":"https:\/\/ifeelonline.com\/fr\/wp-json\/wp\/v2\/posts\/10988","targetHints":{"allow":["GET"]}}],"collection":[{"href":"https:\/\/ifeelonline.com\/fr\/wp-json\/wp\/v2\/posts"}],"about":[{"href":"https:\/\/ifeelonline.com\/fr\/wp-json\/wp\/v2\/types\/post"}],"author":[{"embeddable":true,"href":"https:\/\/ifeelonline.com\/fr\/wp-json\/wp\/v2\/users\/8"}],"replies":[{"embeddable":true,"href":"https:\/\/ifeelonline.com\/fr\/wp-json\/wp\/v2\/comments?post=10988"}],"version-history":[{"count":0,"href":"https:\/\/ifeelonline.com\/fr\/wp-json\/wp\/v2\/posts\/10988\/revisions"}],"wp:featuredmedia":[{"embeddable":true,"href":"https:\/\/ifeelonline.com\/fr\/wp-json\/wp\/v2\/media\/10991"}],"wp:attachment":[{"href":"https:\/\/ifeelonline.com\/fr\/wp-json\/wp\/v2\/media?parent=10988"}],"wp:term":[{"taxonomy":"category","embeddable":true,"href":"https:\/\/ifeelonline.com\/fr\/wp-json\/wp\/v2\/categories?post=10988"},{"taxonomy":"post_tag","embeddable":true,"href":"https:\/\/ifeelonline.com\/fr\/wp-json\/wp\/v2\/tags?post=10988"}],"curies":[{"name":"wp","href":"https:\/\/api.w.org\/{rel}","templated":true}]}}