{"id":10983,"date":"2024-08-21T16:14:48","date_gmt":"2024-08-21T15:14:48","guid":{"rendered":"https:\/\/ifeelonline.com\/fr\/?p=10983"},"modified":"2024-08-21T16:24:01","modified_gmt":"2024-08-21T15:24:01","slug":"avantages-programmes-bien-etre-pour-les-collaborateurs","status":"publish","type":"post","link":"https:\/\/ifeelonline.com\/fr\/avantages-programmes-bien-etre-pour-les-collaborateurs\/","title":{"rendered":"D\u00e9couvrez 5 avantages des programmes de bien-\u00eatre des collaborateurs"},"content":{"rendered":"\n<p>La <a href=\"https:\/\/ifeelonline.com\/fr\/ameliorer-sante-mentale-au-travail\/\" data-type=\"link\" data-id=\"https:\/\/ifeelonline.com\/fr\/ameliorer-sante-mentale-au-travail\/\"><strong>sant\u00e9 mentale des collaborateurs<\/strong><\/a> est l&rsquo;actif le plus important d&rsquo;une entreprise et influence directement ses performances. La sant\u00e9 mentale devenant de plus en plus visible, les <strong>programmes de bien-\u00eatre des collaborateurs<\/strong> le sont \u00e9galement. Ces programmes visent \u00e0 <strong>am\u00e9liorer le bien-\u00eatre psychologique des employ\u00e9s<\/strong>, ce qui a des cons\u00e9quences sur leur vie professionnelle et personnelle.<\/p>\n\n\n\n<p>Cet article r\u00e9sume les avantages de la mise en \u0153uvre de programmes de bien-\u00eatre mental des collaborateurs.<\/p>\n\n\n\n<h2 class=\"wp-block-heading\">Pourquoi mettre en place des programmes de bien-\u00eatre des collaborateurs ?<\/h2>\n\n\n\n<p>Le <strong><a href=\"https:\/\/ifeelonline.com\/fr\/developper-une-culture-du-bien-etre-au-travail\/\">bien-\u00eatre mental des collaborateurs<\/a><\/strong> est un facteur essentiel qui influe \u00e0 la fois sur la <strong>productivit\u00e9 et les performances<\/strong>. Lors de la mise en \u0153uvre de programmes de bien-\u00eatre pour les collaborateurs, il est essentiel de les aligner sur <strong>les valeurs et les objectifs fondamentaux de l&rsquo;entreprise<\/strong> et de d\u00e9finir une d\u00e9claration de mission claire et concise. Une autre fa\u00e7on de d\u00e9finir la vision et l&rsquo;objectif d&rsquo;une entreprise est d&rsquo;avoir un objectif de marque clair, auquel tous les collaborateurs ont acc\u00e8s et qui est instill\u00e9 dans la <strong><a href=\"https:\/\/ifeelonline.com\/fr\/culture-d-entreprise-positive\/\">culture de l&rsquo;entreprise<\/a><\/strong>.<\/p>\n\n\n\n<p>Lors de la conception ou de la mise en \u0153uvre de <strong>programmes de bien-\u00eatre des collaborateurs<\/strong>, il est important de se rappeler que chaque employ\u00e9 est un individu et qu&rsquo;il est donc diff\u00e9rent. On ne peut donc pas appliquer les m\u00eames techniques \u00e0 chaque personne. <strong>Les programmes doivent \u00eatre adapt\u00e9s aux besoins de chaque employ\u00e9<\/strong> et \u00e0 la culture de l&rsquo;entreprise.<\/p>\n\n\n\n<p>Certaines entreprises cherchent \u00e0 concevoir leurs propres programmes de bien-\u00eatre des employ\u00e9s, tandis que d&rsquo;autres font appel \u00e0 une aide sp\u00e9cialis\u00e9e. <strong><a href=\"https:\/\/ifeelonline.com\/fr\/interview-ifeel-leader-du-bien-etre-mental-des-collaborateurs\/\" data-type=\"link\" data-id=\"https:\/\/ifeelonline.com\/fr\/interview-ifeel-leader-du-bien-etre-mental-des-collaborateurs\/\">Des programmes tels que celui d&rsquo; ifeel<\/a><\/strong> est un outil utilis\u00e9 pour <strong><a href=\"https:\/\/ifeelonline.com\/fr\/ameliorer-le-bien-etre-mental-en-entreprise-3-benefices-cles-difeel-la-solution-leader\/\">am\u00e9liorer le bien-\u00eatre des employ\u00e9s <\/a><\/strong>avec des psychologues sp\u00e9cialis\u00e9s et des <strong>conseils sur mesure pour les responsables des ressources humaines<\/strong>.<\/p>\n\n\n\n<figure class=\"wp-block-image size-full\"><img fetchpriority=\"high\" decoding=\"async\" width=\"700\" height=\"1000\" src=\"https:\/\/ifeelonline.com\/fr\/wp-content\/uploads\/sites\/3\/2024\/07\/FR_Info_encuesta-laboral.png\" alt=\"avantages programmes bien-\u00eatre des collaborateurs\" class=\"wp-image-10987\" srcset=\"https:\/\/ifeelonline.com\/fr\/wp-content\/uploads\/sites\/3\/2024\/07\/FR_Info_encuesta-laboral.png 700w, https:\/\/ifeelonline.com\/fr\/wp-content\/uploads\/sites\/3\/2024\/07\/FR_Info_encuesta-laboral-210x300.png 210w\" sizes=\"(max-width: 700px) 100vw, 700px\" \/><\/figure>\n\n\n\n<h2 class=\"wp-block-heading\">Avantages des programmes de bien-\u00eatre pour les collaborateurs<\/h2>\n\n\n\n<p>La mise en place d&rsquo;un <strong><a href=\"https:\/\/ifeelonline.com\/fr\/programme-sante-pour-les-entreprises\/\">programme de bien-\u00eatre en entreprise<\/a> <\/strong>pr\u00e9sente de nombreux avantages, tant pour l&#8217;employ\u00e9 que pour la performance globale de l&rsquo;entreprise. <a href=\"https:\/\/ifeelonline.com\/fr\/boite-a-outils-rh\/plan-daction-bien-etre\/?partner=ifeel_internLinkPost\" data-type=\"link\" data-id=\"https:\/\/ifeelonline.com\/fr\/boite-a-outils-rh\/plan-daction-bien-etre\/?partner=ifeel_internLinkPost\">Les plans de bien-\u00eatre <\/a>jouent \u00e9galement un r\u00f4le cl\u00e9 dans le monde d&rsquo;aujourd&rsquo;hui, car la sant\u00e9 mentale des personnes a \u00e9t\u00e9 gravement affect\u00e9e par la pand\u00e9mie de Covid-19. Ces probl\u00e8mes de sant\u00e9 mentale sont directement li\u00e9s au <strong>confinement, au travail \u00e0 distance et \u00e0 la peur de la contagion<\/strong>, entre autres. Dans une <a href=\"https:\/\/www.statista.com\/statistics\/1169810\/covid-mental-health-of-workers-in-select-countires\/\" data-type=\"link\" data-id=\"https:\/\/www.statista.com\/statistics\/1169810\/covid-mental-health-of-workers-in-select-countires\/\" target=\"_blank\" rel=\"noopener\">\u00e9tude<\/a> publi\u00e9e par Statista, men\u00e9e dans sept pays, les employ\u00e9s ont d\u00e9clar\u00e9 que <strong>\u00ab leur \u00e9tat de sant\u00e9 mentale le plus bas avait doubl\u00e9, passant de 6,8 % \u00e0 14,4 %, depuis l&rsquo;apparition de la pand\u00e9mie de COVID-19 \u00bb<\/strong>.<\/p>\n\n\n\n<p>Pour souligner l&rsquo;importance du bien-\u00eatre mental, nous vous pr\u00e9sentons <strong>sept avantages cl\u00e9s<\/strong> des programmes de bien-\u00eatre des collaborateurs :<\/p>\n\n\n\n<h3 class=\"wp-block-heading\"><strong>1.<\/strong> R\u00e9duction de l&rsquo;absent\u00e9isme<\/h3>\n\n\n\n<p>Le maintien du bien-\u00eatre des employ\u00e9s tout au long de leur vie professionnelle est un pilier essentiel. L&rsquo;<a href=\"https:\/\/ifeelonline.com\/fr\/comment-reduire-l-absenteisme\/\">absent\u00e9isme<\/a> sur le lieu de travail doit \u00eatre abord\u00e9 dans une <strong>perspective pr\u00e9ventive<\/strong> afin d&rsquo;identifier le probl\u00e8me et d&#8217;emp\u00eacher qu&rsquo;il ne survienne. C&rsquo;est l&rsquo;une des principales menaces pour la <strong>productivit\u00e9 durable<\/strong>, et c&rsquo;est pourquoi nous devons identifier, \u00e9valuer et prendre en charge les facteurs \u00e0 l&rsquo;origine de ce ph\u00e9nom\u00e8ne. Une fa\u00e7on d&rsquo;aborder cette menace est d&rsquo;utiliser l&rsquo;un des <strong>outils pr\u00e9ventifs d&rsquo;ifeel<\/strong>, comme l&rsquo;<a href=\"https:\/\/ifeelonline.com\/fr\/outils\/enquete-sur-le-climat-de-travail\/?partner=ifeel_internLinkPost\" data-type=\"link\" data-id=\"https:\/\/ifeelonline.com\/fr\/outils\/enquete-sur-le-climat-de-travail\/?partner=ifeel_internLinkPost\">enqu\u00eate sur l&rsquo;environnement de travail<\/a>, qui s&rsquo;est av\u00e9r\u00e9e \u00eatre un outil efficace pour les responsables RH.<\/p>\n\n\n\n<h3 class=\"wp-block-heading\"><strong>2.<\/strong> R\u00e9duction des co\u00fbts<\/h3>\n\n\n\n<p>La mise en \u0153uvre de programmes de bien-\u00eatre pour les employ\u00e9s <strong>permet<\/strong> \u00e9galement <strong>de r\u00e9duire les co\u00fbts<\/strong>. Une <a href=\"https:\/\/pubmed.ncbi.nlm.nih.gov\/20075081\/\" target=\"_blank\" rel=\"noopener\">\u00e9tude<\/a> indique que \u00ab les co\u00fbts m\u00e9dicaux diminuent d&rsquo;environ 3,27 dollars pour chaque dollar d\u00e9pens\u00e9 dans des programmes de bien-\u00eatre et que les co\u00fbts d&rsquo;absent\u00e9isme diminuent d&rsquo;environ 2,73 dollars pour chaque dollar d\u00e9pens\u00e9 \u00bb. C&rsquo;est une question d&rsquo;efficacit\u00e9 qui permet aux entreprises d&rsquo;\u00e9conomiser de l&rsquo;\u00e9nergie en mati\u00e8re de <strong>promotion de la sant\u00e9 psychologique<\/strong>. Les entreprises intelligentes <strong>s&rsquo;engagent en faveur de l&rsquo;efficacit\u00e9<\/strong> et ne cherchent pas \u00e0 faire plus, mais \u00e0 faire <strong>mieux<\/strong>.<\/p>\n\n\n\n<figure class=\"wp-block-image size-full\"><img decoding=\"async\" width=\"1024\" height=\"683\" src=\"https:\/\/ifeelonline.com\/fr\/wp-content\/uploads\/sites\/3\/2024\/07\/programmes-bien-etre-2.jpg\" alt=\"programmes bien-\u00eatre en entreprise\" class=\"wp-image-10984\" srcset=\"https:\/\/ifeelonline.com\/fr\/wp-content\/uploads\/sites\/3\/2024\/07\/programmes-bien-etre-2.jpg 1024w, https:\/\/ifeelonline.com\/fr\/wp-content\/uploads\/sites\/3\/2024\/07\/programmes-bien-etre-2-300x200.jpg 300w, https:\/\/ifeelonline.com\/fr\/wp-content\/uploads\/sites\/3\/2024\/07\/programmes-bien-etre-2-768x512.jpg 768w\" sizes=\"(max-width: 1024px) 100vw, 1024px\" \/><\/figure>\n\n\n\n<h3 class=\"wp-block-heading\"><strong>3.<\/strong> Favoriser la coh\u00e9sion de l&rsquo;\u00e9quipe<\/h3>\n\n\n\n<p>Un autre aspect essentiel des programmes de bien-\u00eatre pour les employ\u00e9s est la promotion de la <a href=\"http:\/\/\u00abhttps:\/\/ifeelonline.com\/fr\/renforcer-cohesion-d-equipe\/\">coh\u00e9sion de l&rsquo;\u00e9quipe<\/a>. L&rsquo;\u00e9tablissement de <strong>relations positives<\/strong> permet aux employ\u00e9s de se sentir suffisamment \u00e0 l&rsquo;aise pour demander de l&rsquo;aide et socialiser avec leurs coll\u00e8gues, un \u00e9l\u00e9ment qui peut s&rsquo;av\u00e9rer utile lorsque les employ\u00e9s se sentent \u00e9puis\u00e9s.<\/p>\n\n\n\n<p>Un autre moyen d&rsquo;y parvenir est de <strong>mettre en place des activit\u00e9s de renforcement de l&rsquo;esprit d&rsquo;\u00e9quipe<\/strong> dans le cadre du programme de bien-\u00eatre. Les employ\u00e9s interagiront avec d&rsquo;autres personnes, ce qui am\u00e9liorera leur communication et leurs comp\u00e9tences interpersonnelles. Les activit\u00e9s de consolidation d&rsquo;\u00e9quipe peuvent \u00e9galement \u00eatre utiles pour atteindre d&rsquo;autres objectifs au sein du personnel : <strong>r\u00e9unir des \u00e9quipes, d\u00e9velopper des comp\u00e9tences et motiver les travailleurs<\/strong>. Les activit\u00e9s de <strong><a href=\"https:\/\/ifeelonline.com\/fr\/5-actions-pour-un-team-building-reussi\/\">team building<\/a><\/strong> peuvent \u00e9galement \u00eatre un moyen d&rsquo;introduire des<strong> exercices physiques et mentaux<\/strong>, qui permettront aux employ\u00e9s de se sentir mieux et peut-\u00eatre m\u00eame de sortir de leur zone de confort.<\/p>\n\n\n\n<h3 class=\"wp-block-heading\"><strong>4.<\/strong> Am\u00e9liorer la productivit\u00e9<\/h3>\n\n\n\n<p><strong><a href=\"https:\/\/ifeelonline.com\/fr\/detecter-les-problemes-de-sante-mentale\/\">Les collaborateurs \u00e9puis\u00e9s, stress\u00e9s et anxieux<\/a><\/strong> ne peuvent pas atteindre leur <strong>niveau de productivit\u00e9 optimal<\/strong>. Les programmes de bien-\u00eatre visent \u00e9galement \u00e0 am\u00e9liorer la productivit\u00e9 et, pour ce faire, les organisations ont besoin d&rsquo;<strong>employ\u00e9s engag\u00e9s, motiv\u00e9s et confiants<\/strong>. <strong><a href=\"https:\/\/ifeelonline.com\/fr\/5-caracteristiques-entreprises-saines\/\">Les entreprises saines<\/a><\/strong> consid\u00e8rent le bien-\u00eatre de leurs employ\u00e9s comme leur responsabilit\u00e9, car elles savent dans quelle mesure leur travail peut avoir un impact positif ou n\u00e9gatif sur leur sant\u00e9 mentale.<\/p>\n\n\n\n<h3 class=\"wp-block-heading\"><strong>5.<\/strong> Attirer et retenir les talents<\/h3>\n\n\n\n<p>Les programmes de bien-\u00eatre des collaborateurs ont une<strong> influence directe sur <a href=\"https:\/\/ifeelonline.com\/fr\/guide-pour-renforcer-votre-strategie-en-matiere-de-talents\/?partner=ifeel_internLinkPost\">l&rsquo;attraction et la fid\u00e9lisation des talents<\/a><\/strong>. Les programmes de bien-\u00eatre des employ\u00e9s peuvent \u00eatre un facteur cl\u00e9 pour collaborateurs qui cherchent \u00e0 rejoindre une organisation et ceux qui en font d\u00e9j\u00e0 partie.<\/p>\n\n\n\n<p>De nombreux facteurs sont pris en compte par les employ\u00e9s potentiels lorsqu&rsquo;ils recherchent activement un emploi. Avec l&rsquo;\u00e9volution r\u00e9cente de <strong><a href=\"https:\/\/ifeelonline.com\/fr\/environnements-vuca\/\">l&rsquo;environnement de travail<\/a><\/strong>, en particulier apr\u00e8s la pand\u00e9mie de Covid19, les employ\u00e9s recherchent des <strong>avantages et de la flexibilit\u00e9<\/strong> dans leur vie professionnelle, ce qui affecte en fin de compte leur sph\u00e8re personnelle. Un<strong> programme de bien-\u00eatre des collaborateurs <\/strong>peut \u00eatre un <strong>facteur d\u00e9cisif<\/strong>, car les employ\u00e9s veulent travailler dans un environnement sain o\u00f9 l&rsquo;entreprise <strong>investit dans leur sant\u00e9 <\/strong>et sait que leur sant\u00e9 mentale est prise en charge.<\/p>\n\n\n\n<p>Lorsqu&rsquo;il s&rsquo;agit de retenir les talents, les <strong>pratiques de bien-\u00eatre sur le lieu de travail jouent \u00e9galement un r\u00f4le crucial<\/strong>. Un <strong>programme r\u00e9ussi peut contribuer \u00e0 fid\u00e9liser les travailleurs et \u00e0 souligner leur r\u00f4le dans l&rsquo;organisation<\/strong>. En outre, les programmes de bien-\u00eatre des employ\u00e9s peuvent permettre \u00e0 une organisation de <strong>se d\u00e9marquer de ses concurrents<\/strong>, car elle adopte une strat\u00e9gie et <strong>accorde la priorit\u00e9 \u00e0 la sant\u00e9 mentale.<\/strong> Se sentir valoris\u00e9 conduit \u00e0 <strong>des employ\u00e9s engag\u00e9s, qui seront plus productifs<\/strong>, et des employ\u00e9s productifs g\u00e9n\u00e8rent de meilleurs r\u00e9sultats et r\u00e9ussites.<\/p>\n\n\n\n<h2 class=\"wp-block-heading\">Pratiques de bien-\u00eatre sur le lieu de travail<\/h2>\n\n\n\n<p>Quelles <strong>pratiques suppl\u00e9mentaires<\/strong> pouvons-nous inclure sur le lieu de travail pour am\u00e9liorer le bien-\u00eatre des employ\u00e9s ? Les responsables RH peuvent \u00e9galement mettre en \u0153uvre des <strong><a href=\"https:\/\/ifeelonline.com\/fr\/vie-saine-au-bureau\/\">pratiques de bureau saines<\/a><\/strong> afin de cr\u00e9er un environnement de travail sain.<\/p>\n\n\n\n<p>Ces habitudes comprennent des actions quotidiennes qui peuvent \u00eatre r\u00e9alis\u00e9es sur le lieu de travail et qui aident les employ\u00e9s \u00e0 am\u00e9liorer leur bien-\u00eatre psychologique.<\/p>\n\n\n\n<ul class=\"wp-block-list\">\n<li><strong>Faites des pauses au travail<\/strong>: Les employ\u00e9s devraient prendre des pauses au moment opportun, que ce soit pour prendre l&rsquo;air, naviguer sur les m\u00e9dias sociaux ou se d\u00e9gourdir les jambes.<\/li>\n\n\n\n<li><strong>Pratiquez la m\u00e9ditation<\/strong>: Les exercices de m\u00e9ditation peuvent aider un employ\u00e9 \u00e0 se calmer avant une t\u00e2che.<\/li>\n\n\n\n<li><strong>Maintenez l&rsquo;ordre<\/strong>: Un bureau d\u00e9gag\u00e9, un esprit d\u00e9gag\u00e9. Parfois, de petites actions comme celle-ci peuvent aider un employ\u00e9 \u00e0 penser clairement.<\/li>\n\n\n\n<li><strong>Entretenez vos relations<\/strong>: les rencontres avec d&rsquo;autres coll\u00e8gues peuvent aider les employ\u00e9s \u00e0 se d\u00e9tacher de leurs t\u00e2ches lorsqu&rsquo;ils ont besoin d&rsquo;une pause. Une conversation peut \u00e9galement \u00eatre un excellent moyen de tisser des liens avec les coll\u00e8gues et de favoriser la coh\u00e9sion de l&rsquo;\u00e9quipe.<\/li>\n<\/ul>\n\n\n\n<figure class=\"wp-block-image size-full\"><img decoding=\"async\" width=\"716\" height=\"429\" src=\"https:\/\/ifeelonline.com\/fr\/wp-content\/uploads\/sites\/3\/2024\/07\/fr-Pourquoi-est-il-important-de-favoriser-le-bien-etre-en-entreprise-_-1.png\" alt=\"bien-\u00eatre mental\" class=\"wp-image-10881\" srcset=\"https:\/\/ifeelonline.com\/fr\/wp-content\/uploads\/sites\/3\/2024\/07\/fr-Pourquoi-est-il-important-de-favoriser-le-bien-etre-en-entreprise-_-1.png 716w, https:\/\/ifeelonline.com\/fr\/wp-content\/uploads\/sites\/3\/2024\/07\/fr-Pourquoi-est-il-important-de-favoriser-le-bien-etre-en-entreprise-_-1-300x180.png 300w\" sizes=\"(max-width: 716px) 100vw, 716px\" \/><\/figure>\n\n\n\n<h2 class=\"wp-block-heading\">Am\u00e9liorer le bien-\u00eatre mental en entreprise<\/h2>\n\n\n\n<p>Chez <strong>ifeel<\/strong>, nous aidons les entreprises \u00e0 aller de l&rsquo;avant en s&rsquo;engageant en faveur du <strong>bien-\u00eatre des<\/strong> employ\u00e9s. Pour ce faire,<a href=\"https:\/\/ifeelonline.com\/fr\/notre-departement-de-recherche-clinique\/\"> notre \u00e9quipe de psychologues<\/a> experts en bien-\u00eatre au travail a cr\u00e9\u00e9 un<a href=\"https:\/\/ifeelonline.com\/fr\/programmes-sante-mentale-pour-les-entreprises\/\"> programme de bien-\u00eatre mental pour les entreprises<\/a> qui apporte des avantages significatifs \u00e0 l&rsquo;ensemble de l&rsquo;\u00e9quipe, y compris aux responsables des ressources humaines.<\/p>\n\n\n\n<p>Nous travaillons en partenariat avec des entreprises du monde entier pour inspirer la croissance humaine et guider les organisations dans l&rsquo;instauration d&rsquo;une<a href=\"https:\/\/ifeelonline.com\/fr\/culture-positive\/?partner=ifeel_internLinkPost\"> <strong>culture positive<\/strong><\/a><strong> du bien-\u00eatre menta<\/strong>l. Une approche sur mesure et centr\u00e9e sur les personnes qui place<strong> la sant\u00e9 de vos collaborateurs au centre<\/strong>, en tant que pilier fondamental pour<a href=\"https:\/\/ifeelonline.com\/fr\/guide-pour-renforcer-votre-strategie-en-matiere-de-talents\/?partner=ifeel_internLinkPost\"> <strong>attirer et retenir les talents<\/strong><\/a> ainsi que pour renforcer leur sentiment d&rsquo;appartenance.&nbsp;<\/p>\n\n\n\n<p><strong>Une solution unique, compl\u00e8te et \u00e9volutive<\/strong> qui utilise la puissance des donn\u00e9es pour fournir une compr\u00e9hension holistique du bien-\u00eatre psychologique de vos employ\u00e9s, tout en garantissant la qualit\u00e9 du service et la confidentialit\u00e9 pour votre \u00e9quipe.<br><br>Nous esp\u00e9rons que cet article sur <strong>les programmes de bien-\u00eatre des collaborateurs<\/strong> vous a int\u00e9ress\u00e9 et nous vous invitons \u00e0 consulter notre nouvelle section sur<a href=\"https:\/\/ifeelonline.com\/fr\/sante-mentale-pour-les-assureurs\/\"> la sant\u00e9 mentale destin\u00e9e aux assureurs<\/a>. Pour<a href=\"https:\/\/ifeelonline.com\/fr\/demander-une-demo\/\"> plus d&rsquo;informations<\/a> sur notre programme de bien-\u00eatre mental pour les entreprises, n&rsquo;h\u00e9sitez pas \u00e0 nous demander et nous prendrons contact avec votre \u00e9quipe dans les plus brefs d\u00e9lais.<\/p>\n\n    <div class=\"xs_social_share_widget xs_share_url after_content \t\tmain_content  wslu-style-1 wslu-share-box-shaped wslu-fill-colored wslu-none wslu-share-horizontal wslu-theme-font-no wslu-main_content\">\n\n\t\t\n        <ul>\n\t\t\t        <\/ul>\n    <\/div> \n","protected":false},"excerpt":{"rendered":"<p>D\u00e9couvrez les 5 avantages des programmes de bien-\u00eatre pour les employ\u00e9s.<\/p>\n","protected":false},"author":52,"featured_media":10985,"comment_status":"closed","ping_status":"open","sticky":false,"template":"","format":"standard","meta":{"content-type":"","postBodyCss":"","postBodyMargin":[],"postBodyPadding":[],"postBodyBackground":{"backgroundType":"classic","gradient":""},"footnotes":""},"categories":[27,40],"tags":[],"class_list":["post-10983","post","type-post","status-publish","format-standard","has-post-thumbnail","hentry","category-bien-etre-au-travail","category-ressources-humaines"],"_links":{"self":[{"href":"https:\/\/ifeelonline.com\/fr\/wp-json\/wp\/v2\/posts\/10983","targetHints":{"allow":["GET"]}}],"collection":[{"href":"https:\/\/ifeelonline.com\/fr\/wp-json\/wp\/v2\/posts"}],"about":[{"href":"https:\/\/ifeelonline.com\/fr\/wp-json\/wp\/v2\/types\/post"}],"author":[{"embeddable":true,"href":"https:\/\/ifeelonline.com\/fr\/wp-json\/wp\/v2\/users\/52"}],"replies":[{"embeddable":true,"href":"https:\/\/ifeelonline.com\/fr\/wp-json\/wp\/v2\/comments?post=10983"}],"version-history":[{"count":0,"href":"https:\/\/ifeelonline.com\/fr\/wp-json\/wp\/v2\/posts\/10983\/revisions"}],"wp:featuredmedia":[{"embeddable":true,"href":"https:\/\/ifeelonline.com\/fr\/wp-json\/wp\/v2\/media\/10985"}],"wp:attachment":[{"href":"https:\/\/ifeelonline.com\/fr\/wp-json\/wp\/v2\/media?parent=10983"}],"wp:term":[{"taxonomy":"category","embeddable":true,"href":"https:\/\/ifeelonline.com\/fr\/wp-json\/wp\/v2\/categories?post=10983"},{"taxonomy":"post_tag","embeddable":true,"href":"https:\/\/ifeelonline.com\/fr\/wp-json\/wp\/v2\/tags?post=10983"}],"curies":[{"name":"wp","href":"https:\/\/api.w.org\/{rel}","templated":true}]}}