{"id":10625,"date":"2024-05-30T15:57:29","date_gmt":"2024-05-30T14:57:29","guid":{"rendered":"https:\/\/ifeelonline.com\/fr\/?p=10625"},"modified":"2024-05-30T16:39:14","modified_gmt":"2024-05-30T15:39:14","slug":"ressources-humaines","status":"publish","type":"post","link":"https:\/\/ifeelonline.com\/fr\/ressources-humaines\/","title":{"rendered":"Ce que vous devez savoir sur les ressources humaines"},"content":{"rendered":"\n<p>Dans une entreprise,<strong> il existe deux fa\u00e7ons de percevoir le travail des ressources humaines<\/strong>. La premi\u00e8re est de les voir comme <strong>des acteurs cl\u00e9s r\u00e9pondant aux besoins de l&rsquo;entreprise<\/strong>. La seconde est de les consid\u00e9rer <strong>comme des r\u00e9solveurs de probl\u00e8mes.<\/strong> Ces deux approches sont compl\u00e9mentaires et essentielles<strong> pour une gestion efficace des collaborateurs<\/strong>. Cet article explore <strong>le r\u00f4le central des RH dans le maintien de la <a href=\"https:\/\/ifeelonline.com\/fr\/ameliorer-sante-mentale-au-travail\/\" data-type=\"post\" data-id=\"9860\">sant\u00e9 mentale au travail<\/a><\/strong>, s&rsquo;adressant aux collaborateurs, aux managers et aux entreprises.<\/p>\n\n\n\n<h2 class=\"wp-block-heading\">Une vision \u00e9largie des ressources humaines<\/h2>\n\n\n\n<p>Souvent, on per\u00e7oit les RH comme se limitant \u00e0 la<strong> s\u00e9lection et au recrutement de futurs employ\u00e9s. <\/strong>Pourtant, cette vision est r\u00e9ductrice. <strong>Les RH doivent trouver la bonne personne pour un poste sp\u00e9cifique<\/strong> et <strong>g\u00e9rer plusieurs aspects de l&rsquo;exp\u00e9rience des employ\u00e9s<\/strong>, m\u00eame si cette exp\u00e9rience est br\u00e8ve. Leur r\u00f4le inclut le parcours complet de l&#8217;employ\u00e9 au sein de l&rsquo;organisation, depuis le premier contact jusqu&rsquo;\u00e0 la fin de leur collaboration.<\/p>\n\n\n\n<p><strong>Le processus de s\u00e9lection est crucial<\/strong>, mais ce n&rsquo;est que le d\u00e9but. Une fois les talents attir\u00e9s, il faut les retenir et les d\u00e9velopper. Cela inclut la cr\u00e9ation de <a href=\"https:\/\/ifeelonline.com\/fr\/formation-des-collaborateurs\/\" data-type=\"post\" data-id=\"8614\">plans de formation<\/a>, la gestion des paies, et l&rsquo;encouragement \u00e0 la r\u00e9tention des talents. Une bonne coordination avec le d\u00e9partement marketing permet de quantifier la motivation et <a href=\"https:\/\/ifeelonline.com\/fr\/engagement-des-collaborateurs\/\" data-type=\"post\" data-id=\"9153\">l&rsquo;engagement des employ\u00e9s<\/a> \u00e0 travers des m\u00e9triques pr\u00e9cises.<\/p>\n\n\n\n<h2 class=\"wp-block-heading\">Comp\u00e9tences et qualit\u00e9s des professionnels des RH<\/h2>\n\n\n\n<p>Les RH doivent poss\u00e9der de bonnes comp\u00e9tences en \u00e9coute, curiosit\u00e9, courage et vision. Elles sont essentielles pour<a href=\"https:\/\/ifeelonline.com\/fr\/5-conseils-pour-etre-un-bon-manager\/\" data-type=\"post\" data-id=\"8508\"> un leadership efficace <\/a>et une gestion r\u00e9ussie des ressources humaines. Les RH doivent avoir le courage de poser des questions difficiles et de proposer <strong>des solutions innovantes pour am\u00e9liorer l&rsquo;exp\u00e9rience des employ\u00e9s.<\/strong><\/p>\n\n\n\n<p>Dans le secteur technologique et du commerce \u00e9lectronique, par exemple, le nombre d&rsquo;offres d&#8217;emploi d\u00e9passe souvent celui des candidats qualifi\u00e9s. Les <strong>RH doivent donc \u00eatre capables de bien vendre les postes pour attirer les meilleurs talents. <\/strong>Il est \u00e9galement<strong> essentiel de soigner le contact avec les candidats<\/strong> non s\u00e9lectionn\u00e9s pour maintenir une bonne image de l&rsquo;entreprise et encourager un futur partenariat.<\/p>\n\n\n\n<figure class=\"wp-block-table\"><table><thead><tr><th>R\u00f4le des RH<\/th><th>Comp\u00e9tences Cl\u00e9s<\/th><\/tr><\/thead><tbody><tr><td>Recrutement<\/td><td>S\u00e9lection, \u00e9valuation des candidats<\/td><\/tr><tr><td>R\u00e9tention des talents<\/td><td>Plans de formation, gestion des paies<\/td><\/tr><tr><td>D\u00e9veloppement des talents<\/td><td>Cr\u00e9ation de plans de carri\u00e8re<\/td><\/tr><tr><td>Coordination avec le marketing<\/td><td>Utilisation des m\u00e9triques d&rsquo;engagement<\/td><\/tr><tr><td>Gestion de l&rsquo;\u00e9quilibre travail-vie<\/td><td>Adaptabilit\u00e9, \u00e9coute active<\/td><\/tr><tr><td>Dialogue et transparence<\/td><td>Communication ouverte, gestion de feedback<\/td><\/tr><\/tbody><\/table><\/figure>\n\n\n\n<h2 class=\"wp-block-heading\">Gestion de l&rsquo;\u00e9quilibre travail-vie Personnelle<\/h2>\n\n\n\n<p>Les entreprises doivent constamment r\u00e9\u00e9valuer<strong><a href=\"https:\/\/ifeelonline.com\/fr\/equilibre-vie-professionnelle-vie-personnelle\/\" data-type=\"post\" data-id=\"7299\"> l&rsquo;\u00e9quilibre travail-vie personnelle <\/a><\/strong>et choisir la m\u00e9thode de travail la plus efficace pour la productivit\u00e9 sans n\u00e9gliger <a href=\"https:\/\/ifeelonline.com\/fr\/le-bien-etre-au-travail\/\" data-type=\"post\" data-id=\"8862\">le bien-\u00eatre psychologique des travailleurs<\/a>. La pand\u00e9mie a acc\u00e9l\u00e9r\u00e9 cette r\u00e9flexion, et les <strong>RH jouent un r\u00f4le crucial dans l&rsquo;adaptation \u00e0 ces nouvelles exigences. <\/strong>En encourageant le dialogue constant et en cr\u00e9ant des espaces pour que les employ\u00e9s puissent s&rsquo;exprimer et poser des questions, les RH peuvent contribuer \u00e0 un <a href=\"https:\/\/ifeelonline.com\/fr\/environnement-de-travail-stimulant\/\" data-type=\"post\" data-id=\"8434\">environnement de travail plus sain<\/a> et plus productif.<\/p>\n\n\n\n<h2 class=\"wp-block-heading\">D\u00e9finition des ressources humaines et transparence<\/h2>\n\n\n\n<p><strong>Les RH englobent diff\u00e9rents profils professionnels et servent divers objectifs. <\/strong>Les comp\u00e9tences n\u00e9cessaires sont vari\u00e9es et \u00e9voluent avec le temps. L&rsquo;intuition et <strong>le bon sens sont essentiels dans le travail quotidien des RH,<\/strong> des qualit\u00e9s qui ne s&rsquo;apprennent pas dans un master. <strong>Les RH doivent encourager le dialogue constant <\/strong>et<strong> cr\u00e9er des espaces pour que les employ\u00e9s puissent s&rsquo;exprimer et poser des questions.<\/strong> Partager constamment les r\u00e9sultats<strong> et les objectifs aide \u00e0 d\u00e9tecter les probl\u00e8mes et \u00e0 y rem\u00e9dier rapidement.<\/strong><\/p>\n\n\n\n<p>En encourageant le dialogue, en \u00e9tant transparents sur les objectifs et les r\u00e9sultats, et en mettant l&rsquo;accent <strong>sur l&rsquo;\u00e9quilibre travail-vie personnelle<\/strong>, les RH peuvent cr\u00e9er un environnement de travail productif et sain. Contactez-nous d\u00e8s aujourd&rsquo;hui pour en savoir plus sur nos programmes de bien-\u00eatre \u00e9motionnel.<\/p>\n\n\n\n<figure class=\"wp-block-image size-full\"><img fetchpriority=\"high\" decoding=\"async\" width=\"1024\" height=\"683\" src=\"https:\/\/ifeelonline.com\/fr\/wp-content\/uploads\/sites\/3\/2024\/04\/bien-etre-en-entreprise.jpg\" alt=\"plateforme de bien-\u00eatre pour les entreprises\" class=\"wp-image-10504\" srcset=\"https:\/\/ifeelonline.com\/fr\/wp-content\/uploads\/sites\/3\/2024\/04\/bien-etre-en-entreprise.jpg 1024w, https:\/\/ifeelonline.com\/fr\/wp-content\/uploads\/sites\/3\/2024\/04\/bien-etre-en-entreprise-300x200.jpg 300w, https:\/\/ifeelonline.com\/fr\/wp-content\/uploads\/sites\/3\/2024\/04\/bien-etre-en-entreprise-768x512.jpg 768w\" sizes=\"(max-width: 1024px) 100vw, 1024px\" \/><\/figure>\n\n\n\n<h2 class=\"wp-block-heading\">Favoriser le bien-\u00eatre mental en entreprise<\/h2>\n\n\n\n<p>Les ressources humaines jouent un r\u00f4le essentiel dans le maintien de la sant\u00e9 mentale au travail. En g\u00e9rant efficacement les talents et en favorisant <a href=\"https:\/\/ifeelonline.com\/fr\/environnement-de-travail-stimulant\/\">un environnement de travail sain<\/a>, les RH contribuent \u00e0 la r\u00e9ussite globale de l&rsquo;entreprise. Chez <strong>ifeel,<\/strong> nous nous engageons \u00e0 am\u00e9liorer le bien-\u00eatre des collaborateurs, des managers et des entreprises. Boostez votre leadership avec cette<a href=\"https:\/\/ifeelonline.com\/fr\/boite-a-outils-rh\/cadre-strategique-pour-les-managers-rh\/\"> strat\u00e9gie pour les managers RH<\/a>.<\/p>\n\n\n\n<p>Nous travaillons en partenariat avec des entreprises du monde entier pour inspirer la croissance humaine et guider les organisations dans l&rsquo;instauration d&rsquo;une <strong>culture positive du bien-\u00eatre menta<\/strong>l. Une approche sur mesure et centr\u00e9e sur les personnes qui place<strong> la sant\u00e9 de vos collaborateurs au centre<\/strong>, en tant que pilier fondamental pour <strong>attirer et retenir les talents<\/strong> ainsi que pour<a href=\"https:\/\/ifeelonline.com\/fr\/strategie-deib-au-travail\/\"> <strong>renforcer leur sentiment d&rsquo;appartenance<\/strong><\/a>. <br><br><strong>Une solution unique, compl\u00e8te et \u00e9volutive<\/strong> qui utilise la puissance des donn\u00e9es pour fournir une compr\u00e9hension holistique du bien-\u00eatre psychologique de vos employ\u00e9s, tout en garantissant la qualit\u00e9 du service et la confidentialit\u00e9 pour votre \u00e9quipe.<\/p>\n\n\n\n<p>Nous esp\u00e9rons que cet article sur <strong>les Ressources Humaines <\/strong>vous a \u00e9t\u00e9 utile. Si vous souhaitez obtenir<a href=\"https:\/\/ifeelonline.com\/fr\/demander-une-demo\/\"> plus d&rsquo;informations<\/a> sur les solutions d&rsquo;ifeel en mati\u00e8re de bien-\u00eatre mental pour les entreprises, il vous suffit de demander et nous contacterons votre \u00e9quipe dans les plus brefs d\u00e9lais.<\/p>\n\n    <div class=\"xs_social_share_widget xs_share_url after_content \t\tmain_content  wslu-style-1 wslu-share-box-shaped wslu-fill-colored wslu-none wslu-share-horizontal wslu-theme-font-no wslu-main_content\">\n\n\t\t\n        <ul>\n\t\t\t        <\/ul>\n    <\/div> \n","protected":false},"excerpt":{"rendered":"<p>D\u00e9couvrez le r\u00f4le essentiel des ressources humaines dans la promotion de la sant\u00e9 mentale au travail et comment elles contribuent \u00e0 cr\u00e9er un environnement de travail sain et productif.<\/p>\n","protected":false},"author":8,"featured_media":10669,"comment_status":"closed","ping_status":"open","sticky":false,"template":"","format":"standard","meta":{"content-type":"","postBodyCss":"","postBodyMargin":[],"postBodyPadding":[],"postBodyBackground":{"backgroundType":"classic","gradient":""},"footnotes":""},"categories":[27,40],"tags":[],"class_list":["post-10625","post","type-post","status-publish","format-standard","has-post-thumbnail","hentry","category-bien-etre-au-travail","category-ressources-humaines"],"_links":{"self":[{"href":"https:\/\/ifeelonline.com\/fr\/wp-json\/wp\/v2\/posts\/10625","targetHints":{"allow":["GET"]}}],"collection":[{"href":"https:\/\/ifeelonline.com\/fr\/wp-json\/wp\/v2\/posts"}],"about":[{"href":"https:\/\/ifeelonline.com\/fr\/wp-json\/wp\/v2\/types\/post"}],"author":[{"embeddable":true,"href":"https:\/\/ifeelonline.com\/fr\/wp-json\/wp\/v2\/users\/8"}],"replies":[{"embeddable":true,"href":"https:\/\/ifeelonline.com\/fr\/wp-json\/wp\/v2\/comments?post=10625"}],"version-history":[{"count":0,"href":"https:\/\/ifeelonline.com\/fr\/wp-json\/wp\/v2\/posts\/10625\/revisions"}],"wp:featuredmedia":[{"embeddable":true,"href":"https:\/\/ifeelonline.com\/fr\/wp-json\/wp\/v2\/media\/10669"}],"wp:attachment":[{"href":"https:\/\/ifeelonline.com\/fr\/wp-json\/wp\/v2\/media?parent=10625"}],"wp:term":[{"taxonomy":"category","embeddable":true,"href":"https:\/\/ifeelonline.com\/fr\/wp-json\/wp\/v2\/categories?post=10625"},{"taxonomy":"post_tag","embeddable":true,"href":"https:\/\/ifeelonline.com\/fr\/wp-json\/wp\/v2\/tags?post=10625"}],"curies":[{"name":"wp","href":"https:\/\/api.w.org\/{rel}","templated":true}]}}