{"id":10599,"date":"2024-06-05T12:06:48","date_gmt":"2024-06-05T11:06:48","guid":{"rendered":"https:\/\/ifeelonline.com\/fr\/?p=10599"},"modified":"2024-06-05T12:06:49","modified_gmt":"2024-06-05T11:06:49","slug":"eviter-baisse-de-productivite","status":"publish","type":"post","link":"https:\/\/ifeelonline.com\/fr\/eviter-baisse-de-productivite\/","title":{"rendered":"5 conseils pour \u00e9viter une baisse de productivit\u00e9"},"content":{"rendered":"\n<p><strong>\u00c9viter une baisse de productivit\u00e9 est essentiel pour la survie de toute entreprise.<\/strong> Des aspects tels que l&rsquo;environnement, la situation \u00e9conomique et les programmes de salaire \u00e9motionnel ont un impact consid\u00e9rable sur <a href=\"https:\/\/ifeelonline.com\/fr\/evaluation-des-perfofrmances\/\" data-type=\"post\" data-id=\"9365\">la performance des employ\u00e9s<\/a>.<\/p>\n\n\n\n<p>Un autre facteur qui influence une baisse de productivit\u00e9 est <strong><a href=\"https:\/\/ifeelonline.com\/fr\/bien-etre-en-entreprise\/\">le bien-\u00eatre psychologique des employ\u00e9s<\/a><\/strong>, qui peut \u00eatre am\u00e9lior\u00e9 gr\u00e2ce \u00e0 des programmes de conseil personnalis\u00e9 dispens\u00e9s par des psychologues professionnels pour prendre des d\u00e9cisions bas\u00e9es sur des donn\u00e9es qui am\u00e9liorent la performance de l&rsquo;entreprise.<\/p>\n\n\n\n<p>Si vous lisez ceci, vous \u00eates probablement int\u00e9ress\u00e9 par l&rsquo;id\u00e9e d&rsquo;\u00e9viter une faible productivit\u00e9 dans votre travail. C&rsquo;est un bon point de d\u00e9part pour <strong>am\u00e9liorer votre performance et vous concentrer sur des aspects plus sp\u00e9cifiques de votre travail.<\/strong><\/p>\n\n\n\n<figure class=\"wp-block-image size-large\"><img fetchpriority=\"high\" decoding=\"async\" width=\"1024\" height=\"683\" src=\"https:\/\/ifeelonline.com\/fr\/wp-content\/uploads\/sites\/3\/2024\/04\/productivite-2-1024x683.jpg\" alt=\"Productivit\u00e9\" class=\"wp-image-10482\" srcset=\"https:\/\/ifeelonline.com\/fr\/wp-content\/uploads\/sites\/3\/2024\/04\/productivite-2-1024x683.jpg 1024w, https:\/\/ifeelonline.com\/fr\/wp-content\/uploads\/sites\/3\/2024\/04\/productivite-2-300x200.jpg 300w, https:\/\/ifeelonline.com\/fr\/wp-content\/uploads\/sites\/3\/2024\/04\/productivite-2-768x512.jpg 768w, https:\/\/ifeelonline.com\/fr\/wp-content\/uploads\/sites\/3\/2024\/04\/productivite-2-1536x1025.jpg 1536w, https:\/\/ifeelonline.com\/fr\/wp-content\/uploads\/sites\/3\/2024\/04\/productivite-2.jpg 2048w\" sizes=\"(max-width: 1024px) 100vw, 1024px\" \/><\/figure>\n\n\n\n<h2 class=\"wp-block-heading\">5 conseils pour \u00e9viter une baisse de productivit\u00e9<\/h2>\n\n\n\n<p>Pour une m\u00e9thodologie efficace, il est crucial d&rsquo;agir directement sur les habitudes que les collaborateurs doivent \u00e9liminer de leur routine pour mieux performer. <strong>Voici cinq conseils essentiels pour \u00e9viter une baisse de productivit\u00e9.<\/strong><\/p>\n\n\n\n<p><strong>1. Ne laissez pas de nombreux onglets ouverts sur votre \u00e9cran<\/strong><br>Il n&rsquo;est pas bon d&rsquo;avoir trop d&rsquo;onglets ouverts simultan\u00e9ment sur votre \u00e9cran, y compris WhatsApp, les r\u00e9seaux sociaux et la presse, \u00e0 moins qu&rsquo;ils ne soient essentiels pour votre travail. Surtout s&rsquo;ils ne sont pas li\u00e9s au travail, fermez ces fen\u00eatres pour \u00e9viter la tentation de les ouvrir chaque fois que vous voulez vous distraire.<\/p>\n\n\n\n<p><strong>2. Gardez votre bureau rang\u00e9<\/strong><br>Papiers, dossiers, notes, une plante, un carnet, des pots de stylos sans stylos mais qui prennent de la place&#8230; Ne laissez pas votre espace de travail \u00eatre envahi par plusieurs objets qui vous emp\u00eachent de vous concentrer sur la t\u00e2che \u00e0 accomplir.<\/p>\n\n\n\n<p><strong>3. Arr\u00eatez de bavarder autant avec vos coll\u00e8gues<\/strong><br>Bavarder de temps en temps avec les coll\u00e8gues est essentiel pour se d\u00e9fouler et g\u00e9n\u00e9rer un <a href=\"https:\/\/ifeelonline.com\/fr\/differents-environnements-de-travail\/\" data-type=\"post\" data-id=\"8484\">environnement de travail<\/a> positif. Cependant, pour cela, utilisez les pauses \u00ab officielles \u00bb et n&rsquo;interrompez pas trop vos coll\u00e8gues pour des choses qui peuvent attendre. De cette fa\u00e7on, vous pourrez tous vous concentrer sur vos t\u00e2ches.<\/p>\n\n\n\n<p><strong>4. Ne faites pas vos t\u00e2ches de mani\u00e8re d\u00e9sordonn\u00e9e<\/strong><br>Lorsque nous nous asseyons \u00e0 nos bureaux tous les jours, nous pouvons faire les choses de plusieurs mani\u00e8res, en effectuant des t\u00e2ches ici et l\u00e0, en en laissant certaines \u00e0 moiti\u00e9 termin\u00e9es ou en <a href=\"https:\/\/ifeelonline.com\/fr\/procrastination\/\" data-type=\"post\" data-id=\"7326\">procrastinant <\/a>avec certaines t\u00e2ches simplement parce que nous ne voulons pas les faire&#8230; Ou nous pouvons travailler de mani\u00e8re claire et concise en sachant exactement ce que nous devons accomplir en une journ\u00e9e et en faisant les choses de mani\u00e8re ordonn\u00e9e.<\/p>\n\n\n\n<p><strong>5. Ne perdez pas le contr\u00f4le du temps consacr\u00e9 \u00e0 chaque t\u00e2che ou pause<\/strong><br>Parfois, nous travaillons de mani\u00e8re tr\u00e8s flexible, surtout si nous travaillons de chez nous et qu&rsquo;il y a moins de supervision sur notre travail. Cependant, il est important de commencer et de terminer les choses quand il le faut et de ne pas improviser<a href=\"https:\/\/ifeelonline.com\/fr\/gestion-du-temps-au-travail\/\" data-type=\"post\" data-id=\"10301\"> la r\u00e9partition du temps. <\/a>De cette fa\u00e7on, nous ne finissons pas les t\u00e2ches en courant et nous ne perdons pas de temps en prenant des pauses plus longues que n\u00e9cessaire.<\/p>\n\n\n\n<figure class=\"wp-block-image size-full\"><img decoding=\"async\" width=\"2560\" height=\"1707\" src=\"https:\/\/ifeelonline.com\/fr\/wp-content\/uploads\/sites\/3\/2024\/04\/andreas-klassen-gZB-i-dA6ns-unsplash-scaled.jpg\" alt=\"productivit\u00e9\" class=\"wp-image-10478\" srcset=\"https:\/\/ifeelonline.com\/fr\/wp-content\/uploads\/sites\/3\/2024\/04\/andreas-klassen-gZB-i-dA6ns-unsplash-scaled.jpg 2560w, https:\/\/ifeelonline.com\/fr\/wp-content\/uploads\/sites\/3\/2024\/04\/andreas-klassen-gZB-i-dA6ns-unsplash-300x200.jpg 300w, https:\/\/ifeelonline.com\/fr\/wp-content\/uploads\/sites\/3\/2024\/04\/andreas-klassen-gZB-i-dA6ns-unsplash-1024x683.jpg 1024w, https:\/\/ifeelonline.com\/fr\/wp-content\/uploads\/sites\/3\/2024\/04\/andreas-klassen-gZB-i-dA6ns-unsplash-768x512.jpg 768w, https:\/\/ifeelonline.com\/fr\/wp-content\/uploads\/sites\/3\/2024\/04\/andreas-klassen-gZB-i-dA6ns-unsplash-1536x1024.jpg 1536w, https:\/\/ifeelonline.com\/fr\/wp-content\/uploads\/sites\/3\/2024\/04\/andreas-klassen-gZB-i-dA6ns-unsplash-2048x1365.jpg 2048w\" sizes=\"(max-width: 2560px) 100vw, 2560px\" \/><\/figure>\n\n\n\n<p>Pour <strong><a href=\"https:\/\/ifeelonline.com\/fr\/boite-a-outils-rh\/kit-rh-securite-psychologique\/\">les responsables RH<\/a><\/strong>, <strong>am\u00e9liorer la productivit\u00e9 sur le lieu de travail est li\u00e9 \u00e0 l&rsquo;am\u00e9lioration du bien-\u00eatre \u00e9motionnel des employ\u00e9s<\/strong>. Les statistiques ne cessent de se r\u00e9p\u00e9ter : une bonne sant\u00e9 mentale dans une entreprise est un facteur cl\u00e9 pour favoriser la performance du personnel.<\/p>\n\n\n\n<h2 class=\"wp-block-heading\">Am\u00e9liorer le bien-\u00eatre \u00e9motionnel dans les entreprises<\/h2>\n\n\n\n<p> Chez<strong> ifeel<\/strong>, nous nous engageons \u00e0 am\u00e9liorer le bien-\u00eatre des employ\u00e9s et des entreprises. C&rsquo;est pourquoi nous nous effor\u00e7ons de les aider dans le d\u00e9fi de g\u00e9n\u00e9rer des environnements de travail stimulants et sains pour leurs employ\u00e9s.<\/p>\n\n\n\n<p>Nous vous accompagnons avec des outils puissants pour am\u00e9liorer la productivit\u00e9 et g\u00e9rer efficacement le temps au travail. Boostez votre leadership avec cette<a href=\"https:\/\/ifeelonline.com\/fr\/boite-a-outils-rh\/cadre-strategique-pour-les-managers-rh\/\"> strat\u00e9gie pour les managers RH<\/a>.<\/p>\n\n\n\n<p>Nous travaillons en partenariat avec des entreprises du monde entier pour inspirer la croissance humaine et guider les organisations dans l&rsquo;instauration d&rsquo;une <strong>culture positive du bien-\u00eatre menta<\/strong>l. Une approche sur mesure et centr\u00e9e sur les personnes qui place<strong> la sant\u00e9 de vos collaborateurs au centre<\/strong>, en tant que pilier fondamental pour <strong>attirer et retenir les talents<\/strong> ainsi que pour<a href=\"https:\/\/ifeelonline.com\/fr\/strategie-deib-au-travail\/\"> <strong>renforcer leur sentiment d&rsquo;appartenance<\/strong><\/a>.<br><br><strong>Une solution unique, compl\u00e8te et \u00e9volutive<\/strong> qui utilise la puissance des donn\u00e9es pour fournir une compr\u00e9hension holistique du bien-\u00eatre psychologique de vos employ\u00e9s, tout en garantissant la qualit\u00e9 du service et la confidentialit\u00e9 pour votre \u00e9quipe.<\/p>\n\n\n\n<p>Nous esp\u00e9rons que cet article sur <strong>comment \u00e9viter la baisse de productivit\u00e9<\/strong> vous a \u00e9t\u00e9 utile. Si vous souhaitez obtenir<a href=\"https:\/\/ifeelonline.com\/fr\/demander-une-demo\/\"> plus d&rsquo;informations<\/a> sur les solutions d&rsquo;ifeel en mati\u00e8re de bien-\u00eatre mental pour les entreprises, il vous suffit de demander et nous contacterons votre \u00e9quipe dans les plus brefs d\u00e9lais.<\/p>\n\n    <div class=\"xs_social_share_widget xs_share_url after_content \t\tmain_content  wslu-style-1 wslu-share-box-shaped wslu-fill-colored wslu-none wslu-share-horizontal wslu-theme-font-no wslu-main_content\">\n\n\t\t\n        <ul>\n\t\t\t        <\/ul>\n    <\/div> \n","protected":false},"excerpt":{"rendered":"<p>D\u00e9couvrez 5 conseils essentiels pour \u00e9viter une baisse de productivit\u00e9 au travail. Optimisez votre environnement, vos habitudes et le bien-\u00eatre de vos employ\u00e9s pour des performances accrues.<\/p>\n","protected":false},"author":8,"featured_media":10606,"comment_status":"closed","ping_status":"open","sticky":false,"template":"","format":"standard","meta":{"content-type":"","postBodyCss":"","postBodyMargin":[],"postBodyPadding":[],"postBodyBackground":{"backgroundType":"classic","gradient":""},"footnotes":""},"categories":[27,37],"tags":[],"class_list":["post-10599","post","type-post","status-publish","format-standard","has-post-thumbnail","hentry","category-bien-etre-au-travail","category-motivation-au-travail"],"_links":{"self":[{"href":"https:\/\/ifeelonline.com\/fr\/wp-json\/wp\/v2\/posts\/10599","targetHints":{"allow":["GET"]}}],"collection":[{"href":"https:\/\/ifeelonline.com\/fr\/wp-json\/wp\/v2\/posts"}],"about":[{"href":"https:\/\/ifeelonline.com\/fr\/wp-json\/wp\/v2\/types\/post"}],"author":[{"embeddable":true,"href":"https:\/\/ifeelonline.com\/fr\/wp-json\/wp\/v2\/users\/8"}],"replies":[{"embeddable":true,"href":"https:\/\/ifeelonline.com\/fr\/wp-json\/wp\/v2\/comments?post=10599"}],"version-history":[{"count":0,"href":"https:\/\/ifeelonline.com\/fr\/wp-json\/wp\/v2\/posts\/10599\/revisions"}],"wp:featuredmedia":[{"embeddable":true,"href":"https:\/\/ifeelonline.com\/fr\/wp-json\/wp\/v2\/media\/10606"}],"wp:attachment":[{"href":"https:\/\/ifeelonline.com\/fr\/wp-json\/wp\/v2\/media?parent=10599"}],"wp:term":[{"taxonomy":"category","embeddable":true,"href":"https:\/\/ifeelonline.com\/fr\/wp-json\/wp\/v2\/categories?post=10599"},{"taxonomy":"post_tag","embeddable":true,"href":"https:\/\/ifeelonline.com\/fr\/wp-json\/wp\/v2\/tags?post=10599"}],"curies":[{"name":"wp","href":"https:\/\/api.w.org\/{rel}","templated":true}]}}