{"id":10472,"date":"2024-08-30T09:30:51","date_gmt":"2024-08-30T08:30:51","guid":{"rendered":"https:\/\/ifeelonline.com\/fr\/?p=10472"},"modified":"2024-10-20T16:43:41","modified_gmt":"2024-10-20T15:43:41","slug":"quel-est-le-role-du-health-and-safety-manager","status":"publish","type":"post","link":"https:\/\/ifeelonline.com\/fr\/quel-est-le-role-du-health-and-safety-manager\/","title":{"rendered":"Quel est le r\u00f4le du Health and Safety manager ?"},"content":{"rendered":"\n<p>Ces derni\u00e8res ann\u00e9es, un nouveau r\u00f4le a \u00e9merg\u00e9 au sein des organisations :<strong> Health and safety manager, manager HSE, manager sant\u00e9 et s\u00e9curit\u00e9 au travail (SST)<\/strong>.  Le r\u00f4le jou\u00e9 par ces experts est vital, car il est indispensable pour g\u00e9rer efficacement <strong><a href=\"https:\/\/ifeelonline.com\/fr\/securite-et-sante-au-travail\/\">la sant\u00e9 et la s\u00e9curit\u00e9 au travail<\/a><\/strong>.<\/p>\n\n\n\n<p>La gestion de <strong>la sant\u00e9 et de la s\u00e9curit\u00e9 au travail<\/strong> est une priorit\u00e9 essentielle. Le r\u00f4le du Health and Safety Manager est crucial pour garantir un <strong><a href=\"https:\/\/ifeelonline.com\/fr\/environnement-de-travail-stimulant\/\" data-type=\"post\" data-id=\"8434\">environnement de travail s\u00fbr et sain<\/a><\/strong>, minimisant ainsi les risques pour les employ\u00e9s et augmentant la productivit\u00e9 globale. Cet article explore en profondeur les responsabilit\u00e9s, les comp\u00e9tences n\u00e9cessaires et l&rsquo;importance strat\u00e9gique du Health and Safety Manager au sein d&rsquo;une organisation.<\/p>\n\n\n\n<h2 class=\"wp-block-heading\">Les responsabilit\u00e9s du Health and safety manager<\/h2>\n\n\n\n<p><strong>Le Health and safety manager ou manager sant\u00e9 et s\u00e9curit\u00e9<\/strong> est un professionnel qualifi\u00e9 responsable du d\u00e9veloppement, <strong>de la mise en \u0153uvre et de la supervision des <a href=\"https:\/\/ifeelonline.com\/fr\/programmes-sante-mentale-pour-les-entreprises\/\" data-type=\"post\" data-id=\"10236\">programmes et des politiques de sant\u00e9 et<\/a> de s\u00e9curit\u00e9 sur le lieu de travail. <\/strong>Leur principal objectif est de pr\u00e9venir <strong>les accidents du travail<\/strong>, les blessures et les maladies professionnelles, en veillant au respect des r\u00e9glementations gouvernementales et en favorisant une culture de s\u00e9curit\u00e9 au sein de l&rsquo;organisation.<\/p>\n\n\n\n<p>Ainsi, leurs fonctions s&rsquo;adaptent aux \u00e9volutions, aux avanc\u00e9es technologiques et aux environnements de travail. Par exemple, l&rsquo;importance croissante de la sant\u00e9 mentale et des probl\u00e9matiques environnementales a conduit \u00e0 ce que ces questions soient prises en compte dans leurs r\u00f4les.<\/p>\n\n\n\n<p>Par cons\u00e9quent, le Gestionnaire de la Sant\u00e9 et de la S\u00e9curit\u00e9 doit constamment analyser les conditions de travail pour d\u00e9terminer quelles mesures de s\u00e9curit\u00e9 peuvent \u00eatre mises en place pour \u00e9viter les accidents, pr\u00e9venir le stress li\u00e9 au travail et am\u00e9liorer la sant\u00e9 des employ\u00e9s, ainsi que l&rsquo;impact de leurs pratiques sur l&rsquo;environnement.<\/p>\n\n\n\n<h3 class=\"wp-block-heading\">Les principales fonctions du manager de la Sant\u00e9 et de la S\u00e9curit\u00e9 incluent :<\/h3>\n\n\n\n<ul class=\"wp-block-list\">\n<li><strong>D\u00e9veloppement de politiques et proc\u00e9dures <\/strong>: Le Gestionnaire de la Sant\u00e9 et de la S\u00e9curit\u00e9 con\u00e7oit et \u00e9tablit des politiques et proc\u00e9dures de sant\u00e9 et de s\u00e9curit\u00e9 au travail, adapt\u00e9es aux besoins sp\u00e9cifiques de l&rsquo;organisation et conformes \u00e0 la r\u00e9glementation l\u00e9gale en vigueur.<\/li>\n<\/ul>\n\n\n\n<ul class=\"wp-block-list\">\n<li><strong>Formation et sensibilisation <\/strong>: Organise des programmes de formation pour les employ\u00e9s sur la s\u00e9curit\u00e9 au travail, les \u00e9quipements appropri\u00e9s, la gestion des urgences, le bien-\u00eatre en entreprise, entre autres. Ils promeuvent \u00e9galement la sensibilisation \u00e0 l&rsquo;importance de la sant\u00e9 et de la s\u00e9curit\u00e9 au travail par le biais de campagnes \u00e9ducatives et d&rsquo;activit\u00e9s.<\/li>\n<\/ul>\n\n\n\n<ul class=\"wp-block-list\">\n<li><strong>\u00c9valuation des risques<\/strong> : Effectue des \u00e9valuations compl\u00e8tes des risques professionnels pour identifier les dangers potentiels dans l&rsquo;environnement de travail et d\u00e9velopper des strat\u00e9gies pour minimiser ou \u00e9liminer ces risques.<\/li>\n<\/ul>\n\n\n\n<ul class=\"wp-block-list\">\n<li><strong>Investigation d&rsquo;accidents<\/strong> : En cas d&rsquo;accidents du travail, le Gestionnaire de la Sant\u00e9 et de la S\u00e9curit\u00e9 m\u00e8ne des enqu\u00eates pour d\u00e9terminer les causes ou les racines du probl\u00e8me et proposer ainsi des mesures correctives pour pr\u00e9venir de futurs incidents similaires.<\/li>\n<\/ul>\n\n\n\n<ul class=\"wp-block-list\">\n<li><strong>Tenue de dossiers <\/strong>: Apr\u00e8s chaque \u00e9valuation, le Gestionnaire de la Sant\u00e9 et de la S\u00e9curit\u00e9 \u00e9tablit un rapport d\u00e9taill\u00e9 des incidents, des dates des inspections de s\u00e9curit\u00e9, des formations effectu\u00e9es et du respect des r\u00e9glementations, fournissant une documentation cruciale pour les audits internes et externes.<\/li>\n<\/ul>\n\n\n\n<figure class=\"wp-block-image size-large\"><img fetchpriority=\"high\" decoding=\"async\" width=\"1024\" height=\"606\" src=\"https:\/\/ifeelonline.com\/fr\/wp-content\/uploads\/sites\/3\/2024\/10\/Group-6725-1024x606.png\" alt=\"bien-\u00eatre mental en France\" class=\"wp-image-11296\" srcset=\"https:\/\/ifeelonline.com\/fr\/wp-content\/uploads\/sites\/3\/2024\/10\/Group-6725-1024x606.png 1024w, https:\/\/ifeelonline.com\/fr\/wp-content\/uploads\/sites\/3\/2024\/10\/Group-6725-300x177.png 300w, https:\/\/ifeelonline.com\/fr\/wp-content\/uploads\/sites\/3\/2024\/10\/Group-6725-768x454.png 768w, https:\/\/ifeelonline.com\/fr\/wp-content\/uploads\/sites\/3\/2024\/10\/Group-6725.png 1038w\" sizes=\"(max-width: 1024px) 100vw, 1024px\" \/><\/figure>\n\n\n\n<h2 class=\"wp-block-heading\">Avantages d&rsquo;avoir un manager de la Sant\u00e9 et de la S\u00e9curit\u00e9<\/h2>\n\n\n\n<p>Lorsque nous nous demandons ce que les employ\u00e9s appr\u00e9cient dans une entreprise, la r\u00e9ponse automatique serait de <strong>penser \u00e0 un salaire comp\u00e9titif ou \u00e0 un <a href=\"https:\/\/ifeelonline.com\/fr\/avantages-sociaux-pour-les-collaborateurs\/\" data-type=\"post\" data-id=\"8102\">programme d&rsquo;avantages sociaux <\/a><\/strong>pour les employ\u00e9s. Cependant, nous ne pouvons pas oublier que le fait d&rsquo;avoir ce type de professionnel au sein de l&rsquo;organisation est \u00e9galement un avantage qui am\u00e9liore<strong><a href=\"https:\/\/ifeelonline.com\/fr\/experience-collaborateur-essentielle-pour-les-entreprises\/\" data-type=\"post\" data-id=\"8346\"> l&rsquo;exp\u00e9rience des employ\u00e9s <\/a><\/strong>et est donc pris en compte lors de l&rsquo;\u00e9valuation d&rsquo;un emploi.<\/p>\n\n\n\n<p>Avoir un <strong>health and safety manager dans l&rsquo;entreprise <\/strong>comporte de multiples avantages, tels que :<\/p>\n\n\n\n<p><strong>Protection des collaborateurs :<\/strong> Ce r\u00f4le est essentiel pour garantir la s\u00e9curit\u00e9 et la sant\u00e9 des employ\u00e9s, r\u00e9duisant ainsi le risque d&rsquo;accidents du travail et de maladies professionnelles. Cela r\u00e9duit \u00e9galement les <strong>cong\u00e9s de maladie <\/strong>et am\u00e9liore la productivit\u00e9 globale de l&rsquo;entreprise. En fait, le rapport sur les tendances du <a href=\"https:\/\/ifeelonline.com\/fr\/sante-mentale-des-collaborateurs\/\" data-type=\"link\" data-id=\"https:\/\/ifeelonline.com\/fr\/sante-mentale-des-collaborateurs\/\">bien-\u00eatre mental<\/a> d&rsquo;ifeel a r\u00e9v\u00e9l\u00e9 que la pr\u00e9vention des risques devrait <a href=\"https:\/\/ifeelonline.com\/fr\/initiatives-prevention-bien-etre-mental\/\" data-type=\"link\" data-id=\"https:\/\/ifeelonline.com\/fr\/initiatives-prevention-bien-etre-mental\/\">constituer la base des initiatives de sant\u00e9 des entreprises pour prendre soin des travailleurs.<\/a><\/p>\n\n\n\n<p><strong>Conformit\u00e9 aux lois : <\/strong>Les entreprises sont tenues par la loi de respecter des r\u00e9glementations sp\u00e9cifiques en mati\u00e8re de sant\u00e9 et de s\u00e9curit\u00e9 au travail. Ainsi, avoir un Gestionnaire de la Sant\u00e9 et de la S\u00e9curit\u00e9 dans les entreprises garantit que l&rsquo;organisation respecte ces r\u00e9glementations, \u00e9vitant ainsi d&rsquo;\u00e9ventuelles sanctions ou amendes l\u00e9gales.<\/p>\n\n\n\n<p><strong>R\u00e9duction des co\u00fbts : <\/strong>La mise en \u0153uvre de mesures de s\u00e9curit\u00e9 efficaces peut contribuer \u00e0 r\u00e9duire les co\u00fbts associ\u00e9s aux accidents du travail, tels que les frais m\u00e9dicaux, les indemnit\u00e9s ou la perte de productivit\u00e9. <strong>Plus les co\u00fbts d&rsquo;un accident sont connus, plus les avantages \u00e9conomiques d&rsquo;une politique pr\u00e9ventive sont per\u00e7us.<\/strong><\/p>\n\n\n\n<p><strong><a href=\"https:\/\/ifeelonline.com\/fr\/image-de-marque-employeur\/\" data-type=\"link\" data-id=\"https:\/\/ifeelonline.com\/fr\/image-de-marque-employeur\/\">R\u00e9putation de l&rsquo;entreprise<\/a> : <\/strong>Une culture solide de la sant\u00e9 et de la s\u00e9curit\u00e9 au travail am\u00e9liore l&rsquo;image et la r\u00e9putation de l&rsquo;entreprise, tant aupr\u00e8s des employ\u00e9s que des clients, des fournisseurs et de la communaut\u00e9 dans son ensemble.<\/p>\n\n\n\n<h2 class=\"wp-block-heading\">45 % des salari\u00e9s fran\u00e7ais en demande de soutien mental<\/h2>\n\n\n\n<p>En 2024, le bien-\u00eatre mental en France n\u2019est plus un sujet en marge :&nbsp;<strong>c\u2019est LA priorit\u00e9 des entreprises fran\u00e7aises et europ\u00e9ennes<\/strong>. Alors que 45 % des salari\u00e9s fran\u00e7ais r\u00e9clament un soutien en&nbsp;<a href=\"https:\/\/ifeelonline.com\/fr\/sante-mentale-des-collaborateurs\/\">sant\u00e9 mentale<\/a>, soit bien au-del\u00e0 de la moyenne europ\u00e9enne, les entreprises doivent aujourd\u2019hui r\u00e9pondre \u00e0 un besoin urgent et croissant. Ces chiffres nous r\u00e9v\u00e8lent que le dialogue autour de la sant\u00e9 mentale s\u2019est ouvert, mais il reste encore beaucoup \u00e0 faire pour am\u00e9liorer le quotidien des employ\u00e9s et leur&nbsp;<a href=\"https:\/\/ifeelonline.com\/fr\/augmenter-la-productivite\/\">productivit\u00e9<\/a>.<\/p>\n\n\n\n<p>Chez&nbsp;<em>ifeel<\/em>, nous avons scrut\u00e9&nbsp;<strong><a href=\"https:\/\/ifeelonline.com\/fr\/boite-a-outils-rh\/rapport-sur-la-sante-mentale-2024\/\">les tendances du bien-\u00eatre mental \u00e0 travers l\u2019Europe<\/a><\/strong>&nbsp;pour vous offrir des solutions concr\u00e8tes et des insights pr\u00e9cieux. En s\u2019appuyant sur les donn\u00e9es collect\u00e9es par&nbsp;<strong><a href=\"https:\/\/ifeelonline.com\/fr\/notre-departement-de-recherche-clinique\/\">notre \u00e9quipe de recherche clinique<\/a><\/strong>, nous vous aidons \u00e0 comprendre les attentes sp\u00e9cifiques des salari\u00e9s, par pays et par cat\u00e9gorie de besoins. En tant que leaders en bien-\u00eatre mental, nous savons qu\u2019une intervention cibl\u00e9e peut transformer non seulement&nbsp;<a href=\"https:\/\/ifeelonline.com\/fr\/climat-de-travail\/\">l\u2019atmosph\u00e8re de travail<\/a>, mais aussi les r\u00e9sultats de votre entreprise.<\/p>\n\n\n\n<figure class=\"wp-block-image size-full\"><img decoding=\"async\" width=\"900\" height=\"500\" src=\"https:\/\/ifeelonline.com\/fr\/wp-content\/uploads\/sites\/3\/2024\/09\/FR_Avantages-des-programmes-de-sante-mentale-en-entreprise.jpg\" alt=\"sant\u00e9 mentale en entreprise\" class=\"wp-image-11254\" srcset=\"https:\/\/ifeelonline.com\/fr\/wp-content\/uploads\/sites\/3\/2024\/09\/FR_Avantages-des-programmes-de-sante-mentale-en-entreprise.jpg 900w, https:\/\/ifeelonline.com\/fr\/wp-content\/uploads\/sites\/3\/2024\/09\/FR_Avantages-des-programmes-de-sante-mentale-en-entreprise-300x167.jpg 300w, https:\/\/ifeelonline.com\/fr\/wp-content\/uploads\/sites\/3\/2024\/09\/FR_Avantages-des-programmes-de-sante-mentale-en-entreprise-768x427.jpg 768w\" sizes=\"(max-width: 900px) 100vw, 900px\" \/><\/figure>\n\n\n\n<h2 class=\"wp-block-heading\">ifeel, leader europ\u00e9en des solutions de bien-\u00eatre mental pour les grandes organisations<\/h2>\n\n\n\n<p><strong>Investir dans le<\/strong>&nbsp;<strong>bien-\u00eatre des collaborateurs<\/strong>&nbsp;n\u2019est pas seulement une question de conformit\u00e9 ou de responsabilit\u00e9 sociale des entreprises ;&nbsp;<strong>c\u2019est une d\u00e9cision strat\u00e9gique<\/strong>&nbsp;qui peut aider les entreprises \u00e0 prosp\u00e9rer dans un march\u00e9 de plus en plus comp\u00e9titif et mondialis\u00e9.<\/p>\n\n\n\n<p>Pour vous aider dans ce processus, notre \u00e9quipe de psychologues sp\u00e9cialis\u00e9s dans le bien-\u00eatre mental a d\u00e9velopp\u00e9&nbsp;<strong><a href=\"https:\/\/ifeelonline.com\/fr\/comment-ca-marche\/\">un programme de bien-\u00eatre mental pour les entreprises<\/a>&nbsp;<\/strong>visant \u00e0&nbsp;<strong>aider les entreprises \u00e0 am\u00e9liorer l\u2019engagement des collaborateurs et \u00e0 stimuler la productivit\u00e9.<\/strong><\/p>\n\n\n\n<p>Nous travaillons en partenariat avec des entreprises du monde entier pour inspirer la croissance humaine et guider les organisations dans l&rsquo;instauration d&rsquo;une<a href=\"https:\/\/ifeelonline.com\/fr\/culture-positive\/?partner=ifeel_internLinkPost\"> <strong>culture positive du bien-\u00eatre menta<\/strong>l<\/a>. Une approche sur mesure et centr\u00e9e sur les personnes qui place<strong> la sant\u00e9 de vos collaborateurs au centre<\/strong>, en tant que pilier fondamental pour <strong><a href=\"https:\/\/ifeelonline.com\/fr\/guide-pour-renforcer-votre-strategie-en-matiere-de-talents\/?partner=ifeel_internLinkPost\">attirer et retenir les talents<\/a><\/strong> ainsi que pour<a href=\"https:\/\/ifeelonline.com\/fr\/strategie-deib-au-travail\/\"> <strong>renforcer leur sentiment d&rsquo;appartenance<\/strong><\/a>.&nbsp;<\/p>\n\n\n\n<p><strong>Une solution unique, compl\u00e8te et \u00e9volutive<\/strong> qui utilise la puissance des donn\u00e9es pour fournir une compr\u00e9hension holistique du bien-\u00eatre psychologique de vos employ\u00e9s, tout en garantissant la qualit\u00e9 du service et la confidentialit\u00e9 pour votre \u00e9quipe.<\/p>\n\n\n\n<p>Nous esp\u00e9rons que cet article sur<strong> le r\u00f4le du Health and safety manager ou manager sant\u00e9 et s\u00e9curit\u00e9 <\/strong>vous a int\u00e9ress\u00e9. Pour obtenir <a href=\"https:\/\/ifeelonline.com\/fr\/demander-une-demo\/\">plus d&rsquo;informations<\/a> sur notre solution de bien-\u00eatre \u00e9motionnel, n\u00b4h\u00e9sitez pas \u00e0 nous contacter. Nous serons ravis de vous aider \u00e0 mettre en place des solutions adapt\u00e9es \u00e0 votre entreprise.<\/p>\n\n    <div class=\"xs_social_share_widget xs_share_url after_content \t\tmain_content  wslu-style-1 wslu-share-box-shaped wslu-fill-colored wslu-none wslu-share-horizontal wslu-theme-font-no wslu-main_content\">\n\n\t\t\n        <ul>\n\t\t\t        <\/ul>\n    <\/div> \n","protected":false},"excerpt":{"rendered":"<p>Ces derni\u00e8res ann\u00e9es, un nouveau r\u00f4le a \u00e9merg\u00e9 au sein des organisations : le manager de la sant\u00e9 et de la s\u00e9curit\u00e9 au travail (SST).<\/p>\n","protected":false},"author":62,"featured_media":10476,"comment_status":"closed","ping_status":"open","sticky":false,"template":"","format":"standard","meta":{"content-type":"","postBodyCss":"","postBodyMargin":[],"postBodyPadding":[],"postBodyBackground":{"backgroundType":"classic","gradient":""},"footnotes":""},"categories":[27,35],"tags":[],"class_list":["post-10472","post","type-post","status-publish","format-standard","has-post-thumbnail","hentry","category-bien-etre-au-travail","category-climat-de-travail"],"_links":{"self":[{"href":"https:\/\/ifeelonline.com\/fr\/wp-json\/wp\/v2\/posts\/10472","targetHints":{"allow":["GET"]}}],"collection":[{"href":"https:\/\/ifeelonline.com\/fr\/wp-json\/wp\/v2\/posts"}],"about":[{"href":"https:\/\/ifeelonline.com\/fr\/wp-json\/wp\/v2\/types\/post"}],"author":[{"embeddable":true,"href":"https:\/\/ifeelonline.com\/fr\/wp-json\/wp\/v2\/users\/62"}],"replies":[{"embeddable":true,"href":"https:\/\/ifeelonline.com\/fr\/wp-json\/wp\/v2\/comments?post=10472"}],"version-history":[{"count":0,"href":"https:\/\/ifeelonline.com\/fr\/wp-json\/wp\/v2\/posts\/10472\/revisions"}],"wp:featuredmedia":[{"embeddable":true,"href":"https:\/\/ifeelonline.com\/fr\/wp-json\/wp\/v2\/media\/10476"}],"wp:attachment":[{"href":"https:\/\/ifeelonline.com\/fr\/wp-json\/wp\/v2\/media?parent=10472"}],"wp:term":[{"taxonomy":"category","embeddable":true,"href":"https:\/\/ifeelonline.com\/fr\/wp-json\/wp\/v2\/categories?post=10472"},{"taxonomy":"post_tag","embeddable":true,"href":"https:\/\/ifeelonline.com\/fr\/wp-json\/wp\/v2\/tags?post=10472"}],"curies":[{"name":"wp","href":"https:\/\/api.w.org\/{rel}","templated":true}]}}