{"id":10357,"date":"2024-04-26T11:48:12","date_gmt":"2024-04-26T10:48:12","guid":{"rendered":"https:\/\/ifeelonline.com\/fr\/?p=10357"},"modified":"2024-04-26T11:48:15","modified_gmt":"2024-04-26T10:48:15","slug":"red-flags-entretien-d-embauche","status":"publish","type":"post","link":"https:\/\/ifeelonline.com\/fr\/red-flags-entretien-d-embauche\/","title":{"rendered":"Apprenez \u00e0 rep\u00e9rer les red flags lors d&rsquo;un entretien d&#8217;embauche"},"content":{"rendered":"\n<p><strong>Les red flags dans les entretiens d&#8217;embauche<\/strong> font r\u00e9f\u00e9rence aux comportements, commentaires ou signaux qui devraient alerter l&rsquo;intervieweur sur le fait que le candidat interrog\u00e9 n&rsquo;est peut-\u00eatre pas le meilleur choix pour le poste propos\u00e9. Ainsi, ces signaux peuvent en dire long sur la personne et permettre d&rsquo;\u00e9viter des recrutements potentiellement probl\u00e9matiques \u00e0 l&rsquo;avenir.&nbsp;<\/p>\n\n\n\n<p>Pour les organisations, <strong>les entretiens d&#8217;embauche constituent une \u00e9tape cl\u00e9<\/strong>, capable de filtrer le type de talent qui fera partie de l&rsquo;entreprise. C&rsquo;est pourquoi <strong>les d\u00e9partements des ressources humaines veillent \u00e0 inclure dans leurs indicateurs cl\u00e9s de performance l&rsquo;am\u00e9lioration des processus de recrutement.&nbsp;<\/strong><\/p>\n\n\n\n<p>Cela signifie que les intervieweurs ont une grande responsabilit\u00e9 \u00e0 assumer. Ils doivent <strong>\u00e9valuer les candidats de mani\u00e8re \u00e9quitable et objective <\/strong>afin de prendre des d\u00e9cisions \u00e9clair\u00e9es, mais ils doivent \u00e9galement <strong>\u00eatre conscients des signaux d&rsquo;alerte qui peuvent appara\u00eetre au cours de l&rsquo;entretien.&nbsp;<\/strong><\/p>\n\n\n\n<p>C&rsquo;est pourquoi, en les connaissant \u00e0 l&rsquo;avance, il est plus facile de les reconna\u00eetre \u00e0 l&rsquo;avenir et d&rsquo;<strong>am\u00e9liorer le processus d&rsquo;entretien<\/strong>. Nous examinerons ci-dessous quelques-uns des red flags les plus courants dans les entretiens d&#8217;embauche et la mani\u00e8re d&rsquo;y rem\u00e9dier.<\/p>\n\n\n\n<h2 class=\"wp-block-heading\">Les red flags dans les entretiens d&#8217;embauche<\/h2>\n\n\n\n<p>Lors des entretiens d&#8217;embauche, les recruteurs recherchent souvent des <strong>signaux d&rsquo;alerte indiquant qu&rsquo;un candidat n&rsquo;est peut-\u00eatre pas le bon choix pour le poste<\/strong>. Certains de ces signaux peuvent \u00eatre identifi\u00e9s gr\u00e2ce \u00e0 l&rsquo;interaction avec le candidat et \u00e0 ses r\u00e9ponses, il est donc essentiel de savoir lesquels sont les plus fr\u00e9quents. Il s&rsquo;agit notamment des \u00e9l\u00e9ments suivants :<\/p>\n\n\n\n<ul class=\"wp-block-list\">\n<li><strong>Incoh\u00e9rences dans le CV : <\/strong>l&rsquo;un des signaux d&rsquo;alerte les plus courants est la pr\u00e9sence d&rsquo;incoh\u00e9rences dans le CV du candidat. Il peut s&rsquo;agir de lacunes dans l&rsquo;exp\u00e9rience professionnelle, de divergences dans les dates ou d&rsquo;informations exag\u00e9r\u00e9es. Dans ce cas, demandez des \u00e9claircissements sur les lacunes dans l&rsquo;exp\u00e9rience professionnelle ou les incoh\u00e9rences dans les informations fournies. Cela permettra d&rsquo;\u00e9valuer l&rsquo;honn\u00eatet\u00e9 du candidat.<\/li>\n<\/ul>\n\n\n\n<figure class=\"wp-block-image size-large\"><img fetchpriority=\"high\" decoding=\"async\" width=\"1024\" height=\"683\" src=\"https:\/\/ifeelonline.com\/fr\/wp-content\/uploads\/sites\/3\/2024\/04\/viktorija-lankauskaite-5Wos7XmGOiI-unsplash-1024x683.jpg\" alt=\"red flags des entretiens d'embauche\" class=\"wp-image-10360\" srcset=\"https:\/\/ifeelonline.com\/fr\/wp-content\/uploads\/sites\/3\/2024\/04\/viktorija-lankauskaite-5Wos7XmGOiI-unsplash-1024x683.jpg 1024w, https:\/\/ifeelonline.com\/fr\/wp-content\/uploads\/sites\/3\/2024\/04\/viktorija-lankauskaite-5Wos7XmGOiI-unsplash-300x200.jpg 300w, https:\/\/ifeelonline.com\/fr\/wp-content\/uploads\/sites\/3\/2024\/04\/viktorija-lankauskaite-5Wos7XmGOiI-unsplash-768x512.jpg 768w, https:\/\/ifeelonline.com\/fr\/wp-content\/uploads\/sites\/3\/2024\/04\/viktorija-lankauskaite-5Wos7XmGOiI-unsplash-1536x1024.jpg 1536w, https:\/\/ifeelonline.com\/fr\/wp-content\/uploads\/sites\/3\/2024\/04\/viktorija-lankauskaite-5Wos7XmGOiI-unsplash-2048x1365.jpg 2048w\" sizes=\"(max-width: 1024px) 100vw, 1024px\" \/><\/figure>\n\n\n\n<ul class=\"wp-block-list\">\n<li><strong>Manque de questions : <\/strong>un candidat qui ne pose pas de questions sur le poste, l&rsquo;entreprise ou sa culture peut faire preuve d&rsquo;un manque d&rsquo;int\u00e9r\u00eat ou de pr\u00e9paration. Il s&rsquo;agit d&rsquo;un signe d&rsquo;alerte qui pourrait indiquer que le candidat n&rsquo;est pas pleinement engag\u00e9. Dans ce cas, cherchez \u00e0 impliquer le candidat \u00e0 la fin de l&rsquo;entretien en l&rsquo;encourageant \u00e0 poser des questions. Sa capacit\u00e9 \u00e0 poser des questions r\u00e9fl\u00e9chies peut indiquer son niveau d&rsquo;int\u00e9r\u00eat et d&rsquo;engagement.<\/li>\n<\/ul>\n\n\n\n<ul class=\"wp-block-list\">\n<li><strong>\u00c9viter d&rsquo;assumer la responsabilit\u00e9 de l&rsquo;\u00e9chec d&rsquo;un projet :<\/strong> un autre signal d&rsquo;alarme potentiel lors des entretiens d&#8217;embauche est le fait de rejeter constamment la responsabilit\u00e9 des incoh\u00e9rences de votre CV sur les autres ou de ne pas admettre les erreurs ou les \u00e9checs rencontr\u00e9s dans vos emplois pr\u00e9c\u00e9dents, car cela indique que la personne n&rsquo;est pas en mesure d&rsquo;identifier les domaines \u00e0 am\u00e9liorer ou de tirer les le\u00e7ons de ses exp\u00e9riences pass\u00e9es.\u00a0<br><br>Il est donc important de pr\u00eater attention \u00e0 cette question lors de l&rsquo;entretien. Par exemple, dans le cas d&rsquo;un licenciement, il convient de pr\u00eater attention aux raisons du licenciement et d&rsquo;\u00e9valuer la mani\u00e8re dont le candidat s&rsquo;exprime sur les erreurs commises. Dans ce cas, <strong>le candidat id\u00e9al ne sera pas celui qui n&rsquo;a pas commis d&rsquo;erreurs,<\/strong> mais celui qui est capable d&rsquo;admettre la responsabilit\u00e9 de ses erreurs et d&rsquo;agir en cons\u00e9quence pour les r\u00e9parer.\u00a0<br><\/li>\n\n\n\n<li><strong>Changements fr\u00e9quents d&#8217;emploi en raison de probl\u00e8mes avec les patrons ou les responsables : <\/strong>dans le droit fil du point pr\u00e9c\u00e9dent, un candidat qui pr\u00e9sente une s\u00e9rie de difficult\u00e9s avec ses sup\u00e9rieurs, entra\u00eenant la r\u00e9siliation de contrats de travail, doit \u00eatre consid\u00e9r\u00e9 comme un signal d&rsquo;alarme. Cette tendance peut indiquer une difficult\u00e9 \u00e0 r\u00e9soudre les conflits et \u00e0 accepter les instructions des figures d&rsquo;autorit\u00e9, ce qui pourrait compromettre la dynamique au sein de l&rsquo;entreprise.<\/li>\n<\/ul>\n\n\n\n<ul class=\"wp-block-list\">\n<li><strong>Manque de comp\u00e9tences interpersonnelles :<\/strong> une <strong><a href=\"https:\/\/ifeelonline.com\/fr\/objectifs-communication-interne\/\" data-type=\"post\" data-id=\"9387\">communication efficace<\/a><\/strong> et des comp\u00e9tences interpersonnelles sont essentielles dans presque tous les environnements de travail, essentiellement parce que la communication est la cl\u00e9 de toute \u00e9quipe. Par cons\u00e9quent, si un candidat montre des difficult\u00e9s dans le processus de communication, cela peut \u00eatre un signal d&rsquo;alarme. Pour \u00e9valuer correctement cette comp\u00e9tence, observez la mani\u00e8re dont le candidat communique pendant l&rsquo;entretien, en pr\u00eatant attention \u00e0 la clart\u00e9 de ses r\u00e9ponses et \u00e0 sa capacit\u00e9 \u00e0 \u00e9couter et \u00e0 r\u00e9pondre efficacement.<\/li>\n<\/ul>\n\n\n\n<ul class=\"wp-block-list\">\n<li><strong>Manquer l&rsquo;entretien :<\/strong> un candidat qui manque un entretien pr\u00e9vu \u00e0 l&rsquo;avance, sans donner de pr\u00e9avis, peut indiquer qu&rsquo;il ne prend pas l&rsquo;opportunit\u00e9 au s\u00e9rieux et qu&rsquo;il ne respecte pas le temps de l&rsquo;intervieweur. En outre, cela indique qu&rsquo;il a des difficult\u00e9s \u00e0 g\u00e9rer son temps, ce qui, \u00e0 long terme, peut entra\u00eener des retards pour l&rsquo;entreprise.&nbsp;<\/li>\n<\/ul>\n\n\n\n<figure class=\"wp-block-image size-large\"><img decoding=\"async\" width=\"1024\" height=\"683\" src=\"https:\/\/ifeelonline.com\/fr\/wp-content\/uploads\/sites\/3\/2024\/04\/entretien-red-flag-2-1024x683.png\" alt=\"red flags des entretiens d'embauche\" class=\"wp-image-10362\" srcset=\"https:\/\/ifeelonline.com\/fr\/wp-content\/uploads\/sites\/3\/2024\/04\/entretien-red-flag-2-1024x683.png 1024w, https:\/\/ifeelonline.com\/fr\/wp-content\/uploads\/sites\/3\/2024\/04\/entretien-red-flag-2-300x200.png 300w, https:\/\/ifeelonline.com\/fr\/wp-content\/uploads\/sites\/3\/2024\/04\/entretien-red-flag-2-768x512.png 768w, https:\/\/ifeelonline.com\/fr\/wp-content\/uploads\/sites\/3\/2024\/04\/entretien-red-flag-2.png 1536w\" sizes=\"(max-width: 1024px) 100vw, 1024px\" \/><\/figure>\n\n\n\n<h2 class=\"wp-block-heading\">Conseils pour les intervieweurs<\/h2>\n\n\n\n<p>L&rsquo;identification des signaux d&rsquo;alerte lors des entretiens d&#8217;embauche n&rsquo;est qu&rsquo;une partie du processus. Les services des ressources humaines doivent \u00e9galement veiller \u00e0 la sant\u00e9 mentale de leur personnel. Il est donc essentiel de savoir comment traiter ces signaux d&rsquo;alerte et prendre des d\u00e9cisions d&#8217;embauche \u00e9clair\u00e9es. Voici quelques conseils qui peuvent vous aider \u00e0 g\u00e9rer les signaux d&rsquo;alerte lors des entretiens d&#8217;embauche.<\/p>\n\n\n\n<h3 class=\"wp-block-heading\">Poser des questions de suivi<\/h3>\n\n\n\n<p>Lorsque vous \u00eates confront\u00e9 \u00e0 des signaux d&rsquo;alerte lors d&rsquo;un entretien d&#8217;embauche, il est important de poser des questions compl\u00e9mentaires afin d&rsquo;obtenir plus d&rsquo;informations. Cela vous aidera \u00e0 mieux comprendre la situation et \u00e0 \u00e9valuer si l&rsquo;inqui\u00e9tude est justifi\u00e9e.<\/p>\n\n\n\n<h3 class=\"wp-block-heading\">\u00c9valuer la clart\u00e9 des r\u00e9ponses<\/h3>\n\n\n\n<p>Un manque de clart\u00e9 dans les r\u00e9ponses peut \u00eatre le signe d&rsquo;une d\u00e9robade ou d&rsquo;un manque de pr\u00e9paration. Encourager les candidats \u00e0 fournir des exemples sp\u00e9cifiques peut aider \u00e0 obtenir des r\u00e9ponses plus d\u00e9taill\u00e9es.<\/p>\n\n\n\n<h3 class=\"wp-block-heading\">Prendre des notes d\u00e9taill\u00e9es<\/h3>\n\n\n\n<p>Prenez des notes pendant l&rsquo;entretien pour consigner tous les signaux d&rsquo;alerte identifi\u00e9s. Cela vous permettra de comparer les candidats et de prendre des d\u00e9cisions fond\u00e9es sur des donn\u00e9es et des preuves.<\/p>\n\n\n\n<h3 class=\"wp-block-heading\">Faites part de vos pr\u00e9occupations \u00e0 votre \u00e9quipe<\/h3>\n\n\n\n<p>Si vous identifiez des signaux d&rsquo;alerte importants, faites part de vos pr\u00e9occupations aux autres membres de l&rsquo;\u00e9quipe de recrutement. Cela vous permettra d&rsquo;avoir des points de vue diff\u00e9rents et vous aidera \u00e0 prendre une d\u00e9cision en connaissance de cause.<\/p>\n\n\n\n<h3 class=\"wp-block-heading\">Ouvrez la possibilit\u00e9 d&rsquo;un dialogue<\/h3>\n\n\n\n<p>Il est essentiel d&rsquo;aborder<strong> les signaux d&rsquo;alerte lors des entretiens de mani\u00e8re ouverte et professionnelle<\/strong>. Une partie de l&rsquo;intelligence \u00e9motionnelle des intervieweurs est \u00e9vidente dans leur capacit\u00e9 \u00e0 poser des questions sp\u00e9cifiques pour clarifier les doutes et \u00e9viter les malentendus. <strong>Parlez au candidat de ses pr\u00e9occupations et donnez-lui la possibilit\u00e9 d&rsquo;expliquer son point de vue<\/strong>. En outre, si le candidat se sent \u00e0 l&rsquo;aise pour parler librement, vous pourrez identifier plus facilement les caract\u00e9ristiques positives et n\u00e9gatives de sa candidature.<\/p>\n\n\n\n<p>En outre, chez ifeel, nous savons que mener de bons entretiens n&rsquo;est qu&rsquo;une partie des responsabilit\u00e9s du d\u00e9partement RH, car<a href=\"https:\/\/ifeelonline.com\/fr\/guide-pour-renforcer-votre-strategie-en-matiere-de-talents\/\"> retenir les talents<\/a> n&rsquo;est pas une t\u00e2che facile. C&rsquo;est pourquoi, pour les aider dans ce processus, nous avons con\u00e7u un KIT de premiers secours pour les responsables des ressources humaines, dans lequel les dirigeants trouveront les cl\u00e9s pour savoir comment faire face aux principaux probl\u00e8mes <strong>des d\u00e9partements des ressources humaines<\/strong>, ainsi que des solutions pratiques pour y rem\u00e9dier.<\/p>\n\n\n\n<figure class=\"wp-block-image size-large\"><img decoding=\"async\" width=\"1024\" height=\"683\" src=\"https:\/\/ifeelonline.com\/fr\/wp-content\/uploads\/sites\/3\/2024\/04\/entretien-red-flag-1024x683.png\" alt=\"red flags des entretiens d'embauche\" class=\"wp-image-10358\" srcset=\"https:\/\/ifeelonline.com\/fr\/wp-content\/uploads\/sites\/3\/2024\/04\/entretien-red-flag-1024x683.png 1024w, https:\/\/ifeelonline.com\/fr\/wp-content\/uploads\/sites\/3\/2024\/04\/entretien-red-flag-300x200.png 300w, https:\/\/ifeelonline.com\/fr\/wp-content\/uploads\/sites\/3\/2024\/04\/entretien-red-flag-768x512.png 768w, https:\/\/ifeelonline.com\/fr\/wp-content\/uploads\/sites\/3\/2024\/04\/entretien-red-flag.png 1536w\" sizes=\"(max-width: 1024px) 100vw, 1024px\" \/><\/figure>\n\n\n\n<h2 class=\"wp-block-heading\">Assurer le bien-\u00eatre \u00e9motionnel dans les organisations<\/h2>\n\n\n\n<p><strong>Chez ifeel<\/strong>, nous comprenons que les red flags dans les entretiens d&#8217;embauche sont des signes qui peuvent aider les recruteurs \u00e0 prendre des d\u00e9cisions d&#8217;embauche plus \u00e9clair\u00e9es. Les identifier et les traiter correctement est essentiel pour prendre des d\u00e9cisions d&#8217;embauche efficaces. <strong>Les responsables des ressources humaines ont donc une grande responsabilit\u00e9.&nbsp;&nbsp;&nbsp;&nbsp;<\/strong><\/p>\n\n\n\n<p>Pour faciliter leur travail et celui de toute l&rsquo;\u00e9quipe, vous pouvez <strong><a href=\"https:\/\/ifeelonline.com\/fr\/boite-a-outils-rh\/kit-rh-securite-psychologique\/\">t\u00e9l\u00e9charger notre guide RH gratuit<\/a><\/strong> qui contient <strong>des conseils cl\u00e9s pour favoriser le bien-\u00eatre mental de votre \u00e9quipe<\/strong>. En outre, notre \u00e9quipe de psychologues experts en bien-\u00eatre au travail a cr\u00e9\u00e9 <strong><a href=\"https:\/\/ifeelonline.com\/fr\/boite-a-outils-rh\/plan-daction-bien-etre\/\">un programme de bien-\u00eatre \u00e9motionnel pour les entreprises<\/a><\/strong> qui apporte de r\u00e9els avantages \u00e0 l&rsquo;ensemble de l&rsquo;\u00e9quipe, y compris aux responsables des ressources humaines.<\/p>\n\n\n\n<p>Nous travaillons en partenariat avec des entreprises du monde entier pour inspirer la croissance humaine et guider les organisations dans l&rsquo;instauration d&rsquo;une <strong>culture positive du bien-\u00eatre menta<\/strong>l. Une approche sur mesure et centr\u00e9e sur les personnes qui place<strong> la sant\u00e9 de vos collaborateurs au centre<\/strong>, en tant que pilier fondamental pour <strong>attirer et retenir les talents<\/strong> ainsi que pour renforcer leur sentiment d&rsquo;appartenance.&nbsp;<\/p>\n\n\n\n<p><strong>Une solution unique, compl\u00e8te et \u00e9volutive<\/strong> qui utilise la puissance des donn\u00e9es pour fournir une compr\u00e9hension holistique du bien-\u00eatre psychologique de vos employ\u00e9s, tout en garantissant la qualit\u00e9 du service et la confidentialit\u00e9 pour votre \u00e9quipe.<\/p>\n\n\n\n<p>Nous esp\u00e9rons que ce billet sur<strong> les red flags lors des entretiens d&#8217;embauche<\/strong> vous a int\u00e9ress\u00e9, et nous vous invitons \u00e0 consulter <strong><a href=\"https:\/\/ifeelonline.com\/fr\/intelligence-artificielle-ressources-humaines\/\">notre article sur l&rsquo;intelligence artificielle dans les ressources humaines<\/a><\/strong>. Si vous souhaitez obtenir plus d&rsquo;informations sur notre programme de bien-\u00eatre \u00e9motionnel pour les entreprises, il vous suffit d&rsquo;en faire la demande et nous contacterons votre \u00e9quipe dans les plus brefs d\u00e9lais.<\/p>\n\n    <div class=\"xs_social_share_widget xs_share_url after_content \t\tmain_content  wslu-style-1 wslu-share-box-shaped wslu-fill-colored wslu-none wslu-share-horizontal wslu-theme-font-no wslu-main_content\">\n\n\t\t\n        <ul>\n\t\t\t        <\/ul>\n    <\/div> \n","protected":false},"excerpt":{"rendered":"<p>Les red flags dans les entretiens d&#8217;embauche font r\u00e9f\u00e9rence aux signaux qui devraient alerter l&rsquo;intervieweur sur le candidat interrog\u00e9.<\/p>\n","protected":false},"author":62,"featured_media":10359,"comment_status":"closed","ping_status":"open","sticky":false,"template":"","format":"standard","meta":{"content-type":"","postBodyCss":"","postBodyMargin":[],"postBodyPadding":[],"postBodyBackground":{"backgroundType":"classic","gradient":""},"footnotes":""},"categories":[27,40],"tags":[],"class_list":["post-10357","post","type-post","status-publish","format-standard","has-post-thumbnail","hentry","category-bien-etre-au-travail","category-ressources-humaines"],"_links":{"self":[{"href":"https:\/\/ifeelonline.com\/fr\/wp-json\/wp\/v2\/posts\/10357","targetHints":{"allow":["GET"]}}],"collection":[{"href":"https:\/\/ifeelonline.com\/fr\/wp-json\/wp\/v2\/posts"}],"about":[{"href":"https:\/\/ifeelonline.com\/fr\/wp-json\/wp\/v2\/types\/post"}],"author":[{"embeddable":true,"href":"https:\/\/ifeelonline.com\/fr\/wp-json\/wp\/v2\/users\/62"}],"replies":[{"embeddable":true,"href":"https:\/\/ifeelonline.com\/fr\/wp-json\/wp\/v2\/comments?post=10357"}],"version-history":[{"count":0,"href":"https:\/\/ifeelonline.com\/fr\/wp-json\/wp\/v2\/posts\/10357\/revisions"}],"wp:featuredmedia":[{"embeddable":true,"href":"https:\/\/ifeelonline.com\/fr\/wp-json\/wp\/v2\/media\/10359"}],"wp:attachment":[{"href":"https:\/\/ifeelonline.com\/fr\/wp-json\/wp\/v2\/media?parent=10357"}],"wp:term":[{"taxonomy":"category","embeddable":true,"href":"https:\/\/ifeelonline.com\/fr\/wp-json\/wp\/v2\/categories?post=10357"},{"taxonomy":"post_tag","embeddable":true,"href":"https:\/\/ifeelonline.com\/fr\/wp-json\/wp\/v2\/tags?post=10357"}],"curies":[{"name":"wp","href":"https:\/\/api.w.org\/{rel}","templated":true}]}}