{"id":10051,"date":"2024-02-09T17:21:05","date_gmt":"2024-02-09T16:21:05","guid":{"rendered":"https:\/\/ifeelonline.com\/fr\/?p=10051"},"modified":"2024-09-06T16:34:42","modified_gmt":"2024-09-06T15:34:42","slug":"management-points-forts","status":"publish","type":"post","link":"https:\/\/ifeelonline.com\/fr\/management-points-forts\/","title":{"rendered":"Management par les points forts : 3 raisons de l&rsquo;appliquer"},"content":{"rendered":"\n<p><strong>Le management&nbsp;par les&nbsp;points forts <\/strong>est un style de leadership mis en \u0153uvre sur le lieu de travail et qui reconna\u00eet les points forts des collaborateurs (sans ignorer leurs faiblesses). Ce type de leadership fait partie int\u00e9grante du <strong><a href=\"https:\/\/ifeelonline.com\/fr\/bien-etre-en-entreprise\/\">bien-\u00eatre des collaborateurs<\/a><\/strong>, <strong>de la productivit\u00e9 et de la r\u00e9ussite de l&rsquo;entreprise<\/strong>.&nbsp;<\/p>\n\n\n\n<p>Le management base sur les points forts consiste \u00e0 <strong>cultiver et \u00e0 d\u00e9velopper les points forts des employ\u00e9s <\/strong>et \u00e0 les utiliser pour <strong>obtenir de meilleurs r\u00e9sultats et maintenir la productivit\u00e9 <\/strong>\u00e0 un niveau optimal. Il s&rsquo;agit d&rsquo;un moteur essentiel pour les collaborateurs, qui met en lumi\u00e8re ce en quoi ils sont vraiment dou\u00e9s et fait ressortir le meilleur d&rsquo;eux-m\u00eames. Les managers doivent donc savoir comment fonctionne ce type de management et comment il peut \u00eatre mis en \u0153uvre. Cet article aborde le r\u00f4le du manager dans la mise en \u0153uvre d&rsquo;un management par les points forts et ses avantages globaux.&nbsp;<\/p>\n\n\n\n<figure class=\"wp-block-image size-large\"><img fetchpriority=\"high\" decoding=\"async\" width=\"1024\" height=\"535\" src=\"https:\/\/ifeelonline.com\/fr\/wp-content\/uploads\/sites\/3\/2024\/02\/Fortalezas_FR-1024x535.jpg\" alt=\"management\" class=\"wp-image-11122\" srcset=\"https:\/\/ifeelonline.com\/fr\/wp-content\/uploads\/sites\/3\/2024\/02\/Fortalezas_FR-1024x535.jpg 1024w, https:\/\/ifeelonline.com\/fr\/wp-content\/uploads\/sites\/3\/2024\/02\/Fortalezas_FR-300x157.jpg 300w, https:\/\/ifeelonline.com\/fr\/wp-content\/uploads\/sites\/3\/2024\/02\/Fortalezas_FR-768x401.jpg 768w, https:\/\/ifeelonline.com\/fr\/wp-content\/uploads\/sites\/3\/2024\/02\/Fortalezas_FR.jpg 1200w\" sizes=\"(max-width: 1024px) 100vw, 1024px\" \/><\/figure>\n\n\n\n<h2 class=\"wp-block-heading\">Le r\u00f4le du manager dans le management par les points forts<\/h2>\n\n\n\n<p>L&rsquo;un des aspects cl\u00e9s de le management par les points forts est, bien entendu, <strong>le r\u00f4le du <a href=\"https:\/\/ifeelonline.com\/fr\/managers-resolutions-professionnelles\/\" data-type=\"post\" data-id=\"9971\">manager<\/a><\/strong>. Tout d&rsquo;abord, le manager doit bien conna\u00eetre ses collaborateurs. Il ne s&rsquo;agit pas seulement de l&rsquo;aspect professionnel (forces et faiblesses), mais aussi de l&rsquo;aspect personnel (sont-ils timides, se sentent-ils mal \u00e0 l&rsquo;aise pour parler en public, ont-ils du mal \u00e0 s&rsquo;entendre avec d&rsquo;autres coll\u00e8gues, etc.) Les managers ne doivent jamais oublier que la mise en place d&rsquo;une strat\u00e9gie bas\u00e9e sur les points forts implique d&rsquo;analyser chaque employ\u00e9 s\u00e9par\u00e9ment. Chaque collaborateur a des besoins diff\u00e9rents, qui doivent \u00eatre pris en compte d\u00e8s le d\u00e9but du processus de s\u00e9lection. En s&rsquo;appuyant sur leurs points forts d\u00e8s le d\u00e9part, <strong>les employ\u00e9s seront en mesure de s&rsquo;\u00e9panouir et d&rsquo;\u00eatre plus performants<\/strong>, car ils disposeront d&rsquo;une base solide.&nbsp;&nbsp;<\/p>\n\n\n\n<p>Comment y parvenir ? <strong>Les managers doivent s&rsquo;efforcer d&rsquo;apprendre \u00e0 conna\u00eetre leurs collaborateurs<\/strong> ; cela se fait au bureau, dans des situations sociales, et simplement en voyant comment ils travaillent individuellement et pour leur \u00e9quipe. Cependant, il existe d&rsquo;autres moyens pour les managers d&rsquo;apprendre \u00e0 conna\u00eetre leurs collaborateurs, par exemple en tirant le meilleur parti des <strong>entretiens individuels et des <a href=\"https:\/\/ifeelonline.com\/fr\/evaluation-des-perfofrmances\/\">\u00e9valuations des performances<\/a><\/strong>, au cours desquels les employ\u00e9s et leurs managers abordent les forces et les faiblesses de l&#8217;employ\u00e9. Les managers doivent reconna\u00eetre les points forts des employ\u00e9s au cours de ces entretiens individuels, afin que les employ\u00e9s connaissent leurs points forts. Ils doivent \u00e9galement prendre en compte les commentaires des collaborateurs et leur demander quelles sont les t\u00e2ches qu&rsquo;ils aiment effectuer r\u00e9guli\u00e8rement, dans lesquelles ils se sentent \u00e0 l&rsquo;aise, et dans quels domaines de leur d\u00e9partement ils aimeraient exceller.<\/p>\n\n\n\n<p>En tenant compte de ces aspects, ils peuvent<strong> \u00e9tablir <a href=\"https:\/\/ifeelonline.com\/fr\/fixer-objectifs-carriere-2024\/\" data-type=\"post\" data-id=\"9905\">un plan et des objectifs<\/a> pour les mois \u00e0 venir <\/strong>afin que l&#8217;employ\u00e9 puisse continuer \u00e0 travailler dans ces domaines. Cela l&rsquo;aidera \u00e0 am\u00e9liorer ses comp\u00e9tences dans les domaines o\u00f9 il se sent \u00e0 l&rsquo;aise et \u00e0 <strong>assumer de nouvelles responsabilit\u00e9s.\u00a0<\/strong><\/p>\n\n\n\n<figure class=\"wp-block-image size-full\"><img decoding=\"async\" width=\"1024\" height=\"768\" src=\"https:\/\/ifeelonline.com\/fr\/wp-content\/uploads\/sites\/3\/2024\/01\/gestion-points-forts-2.jpg\" alt=\"leadership\" class=\"wp-image-10053\" srcset=\"https:\/\/ifeelonline.com\/fr\/wp-content\/uploads\/sites\/3\/2024\/01\/gestion-points-forts-2.jpg 1024w, https:\/\/ifeelonline.com\/fr\/wp-content\/uploads\/sites\/3\/2024\/01\/gestion-points-forts-2-300x225.jpg 300w, https:\/\/ifeelonline.com\/fr\/wp-content\/uploads\/sites\/3\/2024\/01\/gestion-points-forts-2-768x576.jpg 768w\" sizes=\"(max-width: 1024px) 100vw, 1024px\" \/><\/figure>\n\n\n\n<h2 class=\"wp-block-heading\">Avantages du management par les points forts<\/h2>\n\n\n\n<p>Comme indiqu\u00e9 ci-dessus, la mise en \u0153uvre d&rsquo;une gestion bas\u00e9e sur les points forts sur le lieu de travail pr\u00e9sente de nombreux avantages. En voici quelques-uns qui peuvent profiter \u00e0 la ressource la plus importante d&rsquo;une entreprise : les personnes qui la rendent possible.&nbsp;<\/p>\n\n\n\n<h3 class=\"wp-block-heading\">1. La motivation&nbsp;<\/h3>\n\n\n\n<p>Travailler dans un domaine o\u00f9 l&rsquo;on est dou\u00e9, en plus de l&rsquo;aimer, est essentiel pour obtenir de bons r\u00e9sultats professionnels. Tirer le meilleur parti des points forts des travailleurs les motivent \u00e0 rester dans l&rsquo;entreprise dans laquelle ils sont embauch\u00e9s. En outre, supposons qu&rsquo;ils disposent d&rsquo;un programme de formation. Dans ce cas, les salari\u00e9s peuvent continuer \u00e0 perfectionner leurs comp\u00e9tences dans un domaine particulier, ce qui leur permet d&rsquo;assumer davantage de responsabilit\u00e9s et de favoriser leur <a href=\"https:\/\/ifeelonline.com\/fr\/developpement-professionnel-des-collaborateurs\/\"><strong>d\u00e9veloppement professionne<\/strong>l<\/a>. <strong><a href=\"https:\/\/ifeelonline.com\/fr\/motivation-au-travail\/\">La motivation<\/a> accro\u00eet \u00e9galement la confiance en soi des salari\u00e9s<\/strong>, car elle leur permet d&rsquo;appr\u00e9cier leurs t\u00e2ches et d&rsquo;obtenir des r\u00e9sultats qui incitent l&rsquo;entreprise \u00e0 leur faire encore plus confiance.&nbsp;<\/p>\n\n\n\n<h3 class=\"wp-block-heading\">2. Fid\u00e9lisation des talents&nbsp;<\/h3>\n\n\n\n<p><strong>La motivation permet de fid\u00e9liser les collaborateurs<\/strong>. Si un management bas\u00e9 sur les points forts est mise en \u0153uvre, que les comp\u00e9tences des collaborateurs sont reconnues et qu&rsquo;on leur dit qu&rsquo;ils ont la possibilit\u00e9 d&rsquo;\u00e9voluer au sein de l&rsquo;entreprise tout en faisant quelque chose qui les passionne et pour lequel ils sont dou\u00e9s, il est plus probable qu&rsquo;ils resteront dans l&rsquo;entreprise pendant une p\u00e9riode plus longue.&nbsp;<\/p>\n\n\n\n<p>Une exp\u00e9rience positive pour les employ\u00e9s les incitera non seulement \u00e0 rester plus longtemps dans l&rsquo;entreprise, mais<strong><a href=\"https:\/\/ifeelonline.com\/fr\/comment-attirer-les-talents-dans-votre-entreprise\/\"> attirera \u00e9galement de nouveaux talents<\/a><\/strong>. Les employ\u00e9s sont les clients internes d&rsquo;une entreprise et si leur <a href=\"https:\/\/ifeelonline.com\/fr\/experience-collaborateur-essentielle-pour-les-entreprises\/\">exp\u00e9rience de travail est positive<\/a>, ils seront plus enclins \u00e0 recommander l&rsquo;entreprise \u00e0 quelqu&rsquo;un qu&rsquo;ils connaissent ou qui est activement \u00e0 la recherche d&rsquo;un emploi.&nbsp;<\/p>\n\n\n\n<h3 class=\"wp-block-heading\">3. La productivit\u00e9&nbsp;<\/h3>\n\n\n\n<p>Le guide des carri\u00e8res d&rsquo;Indeed indique que \u00ab\u00a0c&rsquo;est un bon moyen d&rsquo;encourager la transparence, la responsabilit\u00e9 et la productivit\u00e9\u00a0\u00bb. <strong>La productivit\u00e9 est la cl\u00e9<\/strong> de la mise en \u0153uvre d&rsquo;un management par les points forts dans une entreprise. Au fur et \u00e0 mesure que les collaborateurs excellent dans ce qu&rsquo;ils aiment et dans ce qu&rsquo;ils savent faire, ils deviendront des experts (et peut-\u00eatre m\u00eame formeront-ils les nouveaux venus).&nbsp;<\/p>\n\n\n\n<p><strong>Le management par les points forts favorise \u00e9galement<a href=\"https:\/\/ifeelonline.com\/fr\/5-attitudes-pour-gestion-d-equipe\/\" data-type=\"post\" data-id=\"8310\"> le travail d&rsquo;\u00e9quipe<\/a>.<\/strong> Pour une productivit\u00e9 optimale des \u00e9quipes, les managers doivent constituer des \u00e9quipes o\u00f9 les points forts de chacun sont utilis\u00e9s. Ils peuvent ainsi constituer une \u00e9quipe o\u00f9<strong> les comp\u00e9tences de chacun se compl\u00e8tent<\/strong>. Cela cr\u00e9e <strong><a href=\"https:\/\/ifeelonline.com\/fr\/renforcer-cohesion-d-equipe\/\">une coh\u00e9sion d&rsquo;\u00e9quipe<\/a> <\/strong>et un environnement coop\u00e9ratif o\u00f9 chacun assume des r\u00f4les diff\u00e9rents. Si les managers proc\u00e8dent de la sorte avec chaque collaborateur de leur \u00e9quipe, ils cr\u00e9eront une \u00e9quipe motiv\u00e9e, pr\u00eate \u00e0 atteindre ses objectifs et \u00e0<a href=\"https:\/\/ifeelonline.com\/fr\/travailler-en-equipes-distribuees-hybrides\/\"> travailler de mani\u00e8re plus collaborative<\/a>.&nbsp;<\/p>\n\n\n\n<figure class=\"wp-block-image size-full\"><img decoding=\"async\" width=\"1024\" height=\"683\" src=\"https:\/\/ifeelonline.com\/fr\/wp-content\/uploads\/sites\/3\/2024\/01\/gestion-point-forts-3.jpg\" alt=\"r\u00f4le du manager\" class=\"wp-image-10052\" srcset=\"https:\/\/ifeelonline.com\/fr\/wp-content\/uploads\/sites\/3\/2024\/01\/gestion-point-forts-3.jpg 1024w, https:\/\/ifeelonline.com\/fr\/wp-content\/uploads\/sites\/3\/2024\/01\/gestion-point-forts-3-300x200.jpg 300w, https:\/\/ifeelonline.com\/fr\/wp-content\/uploads\/sites\/3\/2024\/01\/gestion-point-forts-3-768x512.jpg 768w\" sizes=\"(max-width: 1024px) 100vw, 1024px\" \/><\/figure>\n\n\n\n<h2 class=\"wp-block-heading\">Le bien-\u00eatre \u00e9motionnel sur le lieu de travail<\/h2>\n\n\n\n<p>Chez ifee, nous travaillons en partenariat avec des entreprises du monde entier pour inspirer la croissance humaine et guider les organisations dans l&rsquo;instauration d&rsquo;une<a href=\"https:\/\/ifeelonline.com\/fr\/culture-positive\/?partner=ifeel_internLinkPost\"> <strong>culture positive<\/strong><\/a><strong> du bien-\u00eatre menta<\/strong>l. Une approche sur mesure et centr\u00e9e sur les personnes qui place<strong> la sant\u00e9 de vos collaborateurs au centre<\/strong>, en tant que pilier fondamental pour<a href=\"https:\/\/ifeelonline.com\/fr\/guide-pour-renforcer-votre-strategie-en-matiere-de-talents\/?partner=ifeel_internLinkPost\"> <strong>attirer et retenir les talents<\/strong><\/a> ainsi que pour renforcer leur sentiment d&rsquo;appartenance.<br><br><strong>Une solution unique, compl\u00e8te et \u00e9volutive<\/strong> qui utilise la puissance des donn\u00e9es pour fournir une compr\u00e9hension holistique du bien-\u00eatre psychologique de vos\u00a0 de vos employ\u00e9s, tout en garantissant la qualit\u00e9 du service et la confidentialit\u00e9 pour votre \u00e9quipe. D&rsquo;autre part, la<strong> solution de bien-\u00eatre mental d&rsquo;ifeel pour les entreprises <\/strong>offre aux employ\u00e9s un service de soins de sant\u00e9 mentale structur\u00e9 en diff\u00e9rents niveaux en fonction de ce dont ils ont besoin \u00e0 un moment donn\u00e9.<br><br>Nous esp\u00e9rons que cet article sur <strong>le management par les points forts <\/strong>vous a int\u00e9ress\u00e9. Si vous souhaitez obtenir<a href=\"https:\/\/ifeelonline.com\/fr\/demander-une-demo\/\"> plus d&rsquo;informations<\/a> sur les solutions d&rsquo;ifeel en mati\u00e8re de bien-\u00eatre mental pour les entreprises, il vous suffit de demander et nous contacterons votre \u00e9quipe dans les plus brefs d\u00e9lais.<\/p>\n\n    <div class=\"xs_social_share_widget xs_share_url after_content \t\tmain_content  wslu-style-1 wslu-share-box-shaped wslu-fill-colored wslu-none wslu-share-horizontal wslu-theme-font-no wslu-main_content\">\n\n\t\t\n        <ul>\n\t\t\t        <\/ul>\n    <\/div> \n","protected":false},"excerpt":{"rendered":"<p>Le management\u00a0par les\u00a0points forts est un style de leadership mis en \u0153uvre sur le lieu de travail et qui reconna\u00eet les points forts des collaborateurs.<\/p>\n","protected":false},"author":52,"featured_media":10054,"comment_status":"closed","ping_status":"open","sticky":false,"template":"","format":"standard","meta":{"content-type":"","postBodyCss":"","postBodyMargin":[],"postBodyPadding":[],"postBodyBackground":{"backgroundType":"classic","gradient":""},"footnotes":""},"categories":[27,38],"tags":[],"class_list":["post-10051","post","type-post","status-publish","format-standard","has-post-thumbnail","hentry","category-bien-etre-au-travail","category-leadership"],"_links":{"self":[{"href":"https:\/\/ifeelonline.com\/fr\/wp-json\/wp\/v2\/posts\/10051","targetHints":{"allow":["GET"]}}],"collection":[{"href":"https:\/\/ifeelonline.com\/fr\/wp-json\/wp\/v2\/posts"}],"about":[{"href":"https:\/\/ifeelonline.com\/fr\/wp-json\/wp\/v2\/types\/post"}],"author":[{"embeddable":true,"href":"https:\/\/ifeelonline.com\/fr\/wp-json\/wp\/v2\/users\/52"}],"replies":[{"embeddable":true,"href":"https:\/\/ifeelonline.com\/fr\/wp-json\/wp\/v2\/comments?post=10051"}],"version-history":[{"count":0,"href":"https:\/\/ifeelonline.com\/fr\/wp-json\/wp\/v2\/posts\/10051\/revisions"}],"wp:featuredmedia":[{"embeddable":true,"href":"https:\/\/ifeelonline.com\/fr\/wp-json\/wp\/v2\/media\/10054"}],"wp:attachment":[{"href":"https:\/\/ifeelonline.com\/fr\/wp-json\/wp\/v2\/media?parent=10051"}],"wp:term":[{"taxonomy":"category","embeddable":true,"href":"https:\/\/ifeelonline.com\/fr\/wp-json\/wp\/v2\/categories?post=10051"},{"taxonomy":"post_tag","embeddable":true,"href":"https:\/\/ifeelonline.com\/fr\/wp-json\/wp\/v2\/tags?post=10051"}],"curies":[{"name":"wp","href":"https:\/\/api.w.org\/{rel}","templated":true}]}}