{"id":10019,"date":"2024-01-29T14:50:24","date_gmt":"2024-01-29T13:50:24","guid":{"rendered":"https:\/\/ifeelonline.com\/fr\/?p=10019"},"modified":"2024-01-29T17:32:34","modified_gmt":"2024-01-29T16:32:34","slug":"incertitude-professionnelle","status":"publish","type":"post","link":"https:\/\/ifeelonline.com\/fr\/incertitude-professionnelle\/","title":{"rendered":"Incertitude professionnelle : 10 cl\u00e9s pour y faire face"},"content":{"rendered":"\n<p>Dans un monde en constante \u00e9volution, il n&rsquo;est pas rare que l&rsquo;<strong>incertitude professionnelle<\/strong> soit pass\u00e9e d&rsquo;une pr\u00e9occupation occasionnelle \u00e0 une constante dans le monde de l&rsquo;organisation, affectant les travailleurs dans divers secteurs ou \u00e0 divers niveaux.&nbsp;<\/p>\n\n\n\n<p>En r\u00e9alit\u00e9,<strong> l&rsquo;incertitude professionnelle peut \u00eatre d\u00e9clench\u00e9e par de multiples facteurs<\/strong>, tels que des changements dans la demande du march\u00e9, des avanc\u00e9es technologiques ou des<a href=\"https:\/\/ifeelonline.com\/fr\/climat-anxiogene-global\/\"> \u00e9v\u00e9nements mondiaux impr\u00e9vus <\/a>qui peuvent entra\u00eener des changements radicaux dans la dynamique du travail.&nbsp;&nbsp;<\/p>\n\n\n\n<p>Parall\u00e8lement, de multiples questions telles que : <strong>Que vais-je faire si je me retrouve au ch\u00f4mage<\/strong> ? les changements au sein de l&rsquo;entreprise affecteront-ils mon emploi ? Comment saurai-je quelle est la bonne d\u00e9cision ? Nous am\u00e8nent \u00e0 remettre en question nos comp\u00e9tences. Il est donc essentiel de <strong>savoir g\u00e9rer l&rsquo;incertitude<\/strong>, en particulier dans l&rsquo;environnement professionnel, afin de pouvoir <strong>faire face aux p\u00e9riodes de changement, de crise ou d&rsquo;instabilit\u00e9 et de les surmonter avec succ\u00e8s<\/strong>.&nbsp;<\/p>\n\n\n\n<h2 class=\"wp-block-heading\">Mais d&rsquo;abord, qu&rsquo;est-ce que l&rsquo;incertitude au travail ?&nbsp;<\/h2>\n\n\n\n<p>L&rsquo;incertitude est le manque de certitude ou de connaissance sur un sujet donn\u00e9 qui provoque le doute ou l&rsquo;ind\u00e9cision. Fondamentalement, c&rsquo;est l&rsquo;incapacit\u00e9 \u00e0 pr\u00e9dire l&rsquo;avenir, ce qui peut g\u00e9n\u00e9rer de l&rsquo;anxi\u00e9t\u00e9, de la tension ou de la peur, car elle est g\u00e9n\u00e9ralement associ\u00e9e au changement, \u00e0 la fragilit\u00e9 ou au danger.&nbsp;<\/p>\n\n\n\n<p>Dans le domaine organisationnel, l&rsquo;incertitude professionnelle est l&rsquo;incertitude li\u00e9e \u00e0 notre situation actuelle au travail et \u00e0 tous les sc\u00e9narios incertains susceptibles de modifier notre situation ou notre statut au travail.&nbsp;<\/p>\n\n\n\n<p>En soi, l&rsquo;incertitude n&rsquo;est pas une mauvaise chose. En fait, une partie de l&rsquo;exp\u00e9rience humaine consiste \u00e0 ne pas pouvoir pr\u00e9dire l&rsquo;avenir avec certitude, et nous devons donc apprendre \u00e0 tol\u00e9rer certains niveaux d&rsquo;incertitude, qui peuvent m\u00eame servir de motivation pour agir.<\/p>\n\n\n\n<h2 class=\"wp-block-heading\">Pourquoi est-il important de savoir g\u00e9rer l&rsquo;incertitude au travail ?<\/h2>\n\n\n\n<p>Nous avons tous fait l&rsquo;exp\u00e9rience de l&rsquo;incertitude \u00e0 un moment ou \u00e0 un autre. La peur de l&rsquo;inconnu, l&rsquo;impr\u00e9visibilit\u00e9, le d\u00e9sir de vouloir contr\u00f4ler notre contexte pour que tout se passe bien pour nous. Cependant, tous ceux d&rsquo;entre nous qui ont essay\u00e9 de contr\u00f4ler plus de variables que possible ont d\u00fb se rendre compte que, plus que de les contr\u00f4ler, nous devons apprendre \u00e0 tol\u00e9rer et \u00e0 vivre avec certains niveaux d&rsquo;incertitude dans notre vie quotidienne.&nbsp;<\/p>\n\n\n\n<p>Le probl\u00e8me est que l&rsquo;incertitude de l&#8217;emploi entra\u00eene la possibilit\u00e9 de changements impr\u00e9visibles dans des domaines qui ont un impact important dans la vie, comme le travail. C&rsquo;est pourquoi il est compr\u00e9hensible que l&rsquo;incertitude sur le lieu de travail entra\u00eene des \u00e9motions d\u00e9sagr\u00e9ables qui, si elles ne sont pas g\u00e9r\u00e9es correctement, peuvent \u00eatre contre-productives.&nbsp;<\/p>\n\n\n\n<p>En fait, l&rsquo;incertitude professionnelle peut couvrir diff\u00e9rents aspects, de la recherche d&rsquo;un nouvel emploi \u00e0 la crainte d&rsquo;un licenciement, de sorte qu&rsquo;il existe de multiples raisons qui peuvent nous amener \u00e0 \u00e9prouver cette peur ou cette anxi\u00e9t\u00e9. Il convient \u00e9galement de mentionner que, bien qu&rsquo;il s&rsquo;agisse de sc\u00e9narios auxquels tout le monde peut \u00eatre confront\u00e9 au cours de sa carri\u00e8re professionnelle, nous n&rsquo;avons pas tous les m\u00eames niveaux de tol\u00e9rance \u00e0 l&rsquo;incertitude, car chaque contexte personnel est diff\u00e9rent.&nbsp;<\/p>\n\n\n\n<figure class=\"wp-block-image size-large\"><img fetchpriority=\"high\" decoding=\"async\" width=\"1024\" height=\"683\" src=\"https:\/\/ifeelonline.com\/fr\/wp-content\/uploads\/sites\/3\/2024\/01\/incertitude-pro-2-1024x683.jpg\" alt=\"incertitude professionnelle\" class=\"wp-image-10027\" srcset=\"https:\/\/ifeelonline.com\/fr\/wp-content\/uploads\/sites\/3\/2024\/01\/incertitude-pro-2-1024x683.jpg 1024w, https:\/\/ifeelonline.com\/fr\/wp-content\/uploads\/sites\/3\/2024\/01\/incertitude-pro-2-300x200.jpg 300w, https:\/\/ifeelonline.com\/fr\/wp-content\/uploads\/sites\/3\/2024\/01\/incertitude-pro-2-768x512.jpg 768w, https:\/\/ifeelonline.com\/fr\/wp-content\/uploads\/sites\/3\/2024\/01\/incertitude-pro-2-1536x1024.jpg 1536w, https:\/\/ifeelonline.com\/fr\/wp-content\/uploads\/sites\/3\/2024\/01\/incertitude-pro-2-2048x1365.jpg 2048w\" sizes=\"(max-width: 1024px) 100vw, 1024px\" \/><\/figure>\n\n\n\n<p>Ce qui se passe souvent, c&rsquo;est qu&rsquo;une inqui\u00e9tude initiale face \u00e0 un sc\u00e9nario incertain nous am\u00e8ne \u00e0 reconna\u00eetre la possibilit\u00e9 d&rsquo;un changement ou d&rsquo;une instabilit\u00e9, mais sans avoir la certitude que l&rsquo;issue de ce changement sera positive ou non. Ce manque de connaissance de l&rsquo;issue du changement motive le d\u00e9sir de contr\u00f4ler l&rsquo;issue et de ne pas \u00eatre pris au d\u00e9pourvu. Mais comme cela n&rsquo;est pas possible, le sentiment de peur augmente en raison de l&rsquo;absence de certitude, \u00e0 laquelle s&rsquo;ajoute l&rsquo;absence de contr\u00f4le sur les menaces \u00e9ventuelles.<\/p>\n\n\n\n<p>C&rsquo;est pourquoi il est important de se doter d&rsquo;outils permettant de g\u00e9rer l&rsquo;incertitude au travail, d&rsquo;\u00e9viter que la peur n&rsquo;entrave la prise de d\u00e9cision ou l&rsquo;action, et donc de prendre soin de sa sant\u00e9 mentale au travail.&nbsp;<\/p>\n\n\n\n<h2 class=\"wp-block-heading\">Comment g\u00e9rer l&rsquo;incertitude au travail ?&nbsp;<\/h2>\n\n\n\n<p>Apprendre \u00e0 g\u00e9rer l&rsquo;incertitude au travail, comme toute comp\u00e9tence, demande de la pratique et de la connaissance de soi, car il est important de savoir que les causes de l&rsquo;incertitude peuvent varier d&rsquo;une personne \u00e0 l&rsquo;autre. Voici quelques strat\u00e9gies que vous pouvez mettre en \u0153uvre pour vous aider \u00e0 g\u00e9rer l&rsquo;incertitude au travail.&nbsp;<\/p>\n\n\n\n<h3 class=\"wp-block-heading\">Pratiquer l&rsquo;auto-\u00e9valuation <\/h3>\n\n\n\n<p>La premi\u00e8re \u00e9tape de la gestion de l&rsquo;incertitude professionnelle consiste \u00e0 faire une introspection afin d&rsquo;identifier ce qui d\u00e9clenche la peur de l&rsquo;incertitude. Ainsi, une auto-\u00e9valuation honn\u00eate de nos comp\u00e9tences, de nos points forts et des domaines \u00e0 am\u00e9liorer nous permettra de <a href=\"https:\/\/ifeelonline.com\/fr\/resilience-au-travail\/\" data-type=\"post\" data-id=\"8952\">cultiver la r\u00e9silience<\/a> n\u00e9cessaire pour apprendre \u00e0 nous adapter \u00e0 de nouvelles situations et \u00e0 des exp\u00e9riences difficiles.<\/p>\n\n\n\n<h3 class=\"wp-block-heading\">Travailler \u00e0 son d\u00e9veloppement continu<\/h3>\n\n\n\n<p>Dans la lign\u00e9e du point pr\u00e9c\u00e9dent, l&rsquo;auto-\u00e9valuation et la connaissance de soi vous permettront d&rsquo;identifier les facteurs qui d\u00e9pendent de vous, afin de commencer \u00e0 y travailler le plus t\u00f4t possible. Pour ce faire, investissez <strong><a href=\"https:\/\/ifeelonline.com\/fr\/developpement-professionnel-des-collaborateurs\/\" data-type=\"post\" data-id=\"9422\">dans votre d\u00e9veloppement professionnel,<\/a><\/strong> mettez \u00e0 jour vos comp\u00e9tences, participez \u00e0 des formations et tenez-vous au courant des tendances de votre secteur. Plus vous serez pr\u00e9par\u00e9, plus vous serez en mesure de vous adapter \u00e0 des changements soudains et d&rsquo;affronter l&rsquo;incertitude avec confiance.<\/p>\n\n\n\n<p>Il est \u00e9galement n\u00e9cessaire <strong>d&rsquo;investir dans votre d\u00e9veloppement personnel <\/strong>: prendre soin de vous \u00e0 tous les niveaux, physique et mental, <strong>est essentiel pour g\u00e9rer les p\u00e9riodes difficiles<\/strong>. Il est n\u00e9cessaire d&rsquo;accepter l&rsquo;incertitude elle-m\u00eame, en faisant la paix avec le fait qu&rsquo;il y aura toujours des \u00e9l\u00e9ments hors de notre contr\u00f4le, et ce n&rsquo;est pas grave. Pour cela, <strong>des outils tels que la psychologie, <\/strong>les exercices de pleine conscience, entre autres, peuvent \u00eatre utiles et faciliter le processus d&rsquo;acceptation, et de voir les situations sous de nouvelles perspectives.\u00a0<\/p>\n\n\n\n<h3 class=\"wp-block-heading\">Construire un r\u00e9seau de soutien<\/h3>\n\n\n\n<p>Construire et maintenir un r\u00e9seau de soutien solide p<strong>eut faciliter le processus d&rsquo;adaptation aux situations difficiles<\/strong>.\u00a0 Partager nos pr\u00e9occupations avec des amis, des membres de la famille ou des coll\u00e8gues de confiance peut contribuer \u00e0 renforcer les relations, et des perspectives diff\u00e9rentes peuvent souvent fournir des conseils pr\u00e9cieux. Mais surtout, le<strong> fait de disposer d&rsquo;un r\u00e9seau de soutien solide peut apporter un soutien psychologique indispensable <\/strong>dans les moments difficiles ou dans les p\u00e9riodes d&rsquo;incertitude professionnelle.<\/p>\n\n\n\n<h3 class=\"wp-block-heading\">Travaillez votre flexibilit\u00e9 et votre adaptabilit\u00e9 <\/h3>\n\n\n\n<p>La <strong><a href=\"https:\/\/ifeelonline.com\/fr\/flexibilite-du-travail\/\" data-type=\"post\" data-id=\"8740\">flexibilit\u00e9 <\/a><\/strong>est une comp\u00e9tence essentielle dans un monde du travail incertain. Comprendre qu&rsquo;il y aura toujours des variables ind\u00e9pendantes de notre volont\u00e9 nous permettra d&rsquo;\u00eatre plus ouverts \u00e0 de nouvelles opportunit\u00e9s, r\u00f4les et responsabilit\u00e9s et de ne pas nous accrocher \u00e0 un seul sc\u00e9nario possible. De m\u00eame, la capacit\u00e9 \u00e0 \u00eatre flexible nous rendra plus aptes \u00e0 nous adapter \u00e0 des circonstances diff\u00e9rentes et \u00e0 tirer parti des opportunit\u00e9s qui se pr\u00e9sentent au milieu de l&rsquo;incertitude.<\/p>\n\n\n\n<h3 class=\"wp-block-heading\">Planifiez votre vie financi\u00e8re<\/h3>\n\n\n\n<p>Dans le contexte de l&rsquo;incertitude de l&#8217;emploi, l&rsquo;argent est g\u00e9n\u00e9ralement la question la plus pr\u00e9occupante. Dans ce cas, la pr\u00e9vention est la cl\u00e9. Adoptez une approche proactive de votre situation financi\u00e8re. Des actions telles que la constitution d&rsquo;un fonds d&rsquo;urgence, la diversification de vos sources de revenus, la r\u00e9vision constante et l&rsquo;ajustement de votre budget en fonction des besoins, etc. vous permettront d&rsquo;avoir l&rsquo;esprit tranquille et de prendre de<strong>s d\u00e9cisions plus \u00e9clair\u00e9es en p\u00e9riode de difficult\u00e9 ou d&rsquo;incertitude.<\/strong><\/p>\n\n\n\n<figure class=\"wp-block-image size-large\"><img decoding=\"async\" width=\"1024\" height=\"683\" src=\"https:\/\/ifeelonline.com\/fr\/wp-content\/uploads\/sites\/3\/2024\/01\/incertitude-pro-1024x683.jpg\" alt=\"incertitude professionnelle\" class=\"wp-image-10028\" srcset=\"https:\/\/ifeelonline.com\/fr\/wp-content\/uploads\/sites\/3\/2024\/01\/incertitude-pro-1024x683.jpg 1024w, https:\/\/ifeelonline.com\/fr\/wp-content\/uploads\/sites\/3\/2024\/01\/incertitude-pro-300x200.jpg 300w, https:\/\/ifeelonline.com\/fr\/wp-content\/uploads\/sites\/3\/2024\/01\/incertitude-pro-768x512.jpg 768w, https:\/\/ifeelonline.com\/fr\/wp-content\/uploads\/sites\/3\/2024\/01\/incertitude-pro-1536x1024.jpg 1536w, https:\/\/ifeelonline.com\/fr\/wp-content\/uploads\/sites\/3\/2024\/01\/incertitude-pro-2048x1365.jpg 2048w\" sizes=\"(max-width: 1024px) 100vw, 1024px\" \/><\/figure>\n\n\n\n<h3 class=\"wp-block-heading\">Apprenez les outils de gestion du stress<\/h3>\n\n\n\n<p>L&rsquo;incertitude de l&#8217;emploi peut \u00eatre source de stress. Bien qu&rsquo;il s&rsquo;agisse d&rsquo;une \u00e9motion normale et attendue, <strong>vous pouvez appliquer des techniques,<\/strong> telles que la m\u00e9ditation, l&rsquo;exercice physique r\u00e9gulier et la planification du temps, pour vous aider \u00e0 g\u00e9rer ces \u00e9motions de la meilleure fa\u00e7on possible. Le conseil est souvent le meilleur moyen d&rsquo;apprendre ces outils, et c&rsquo;est un espace o\u00f9 vous pouvez vous sentir soutenu, compris, et capable de vous aider \u00e0 trouver des solutions.<\/p>\n\n\n\n<p>De m\u00eame, il est essentiel de maintenir <strong><a href=\"https:\/\/ifeelonline.com\/fr\/equilibre-vie-professionnelle-vie-personnelle\/\" data-type=\"post\" data-id=\"7299\">un \u00e9quilibre entre vie professionnelle et vie priv\u00e9e<\/a><\/strong> : consacrez du temps \u00e0 des activit\u00e9s qui vous apportent joie et d\u00e9tente, et rappelez-vous que prendre soin de soi est essentiel pour favoriser notre <strong><a href=\"https:\/\/ifeelonline.com\/fr\/bien-etre-en-entreprise\/\" data-type=\"post\" data-id=\"9504\">bien-\u00eatre mental au travail<\/a><\/strong>, en nous aidant \u00e0 garder l&rsquo;esprit clair et concentr\u00e9, m\u00eame dans des situations incertaines.<\/p>\n\n\n\n<h3 class=\"wp-block-heading\">Apprenez \u00e0 red\u00e9finir vos objectifs et \u00e0 organiser vos priorit\u00e9s<\/h3>\n\n\n\n<p>Dans des contextes d&rsquo;incertitude au travail, il est parfois n\u00e9cessaire de r\u00e9\u00e9valuer nos objectifs et nos priorit\u00e9s. Pour ce faire, un travail de r\u00e9flexion sur nos objectifs, tant professionnels que personnels, peut nous aider \u00e0 \u00e9valuer s&rsquo;ils sont ou non en phase avec la r\u00e9alit\u00e9 actuelle et \u00e0 les ajuster si n\u00e9cessaire. \u00catre ouvert \u00e0 la red\u00e9finition des objectifs nous aidera \u00e0 affronter le changement avec une perspective positive, en l&rsquo;interpr\u00e9tant comme une nouvelle opportunit\u00e9 de fixer des objectifs adapt\u00e9s au nouveau contexte.&nbsp;<\/p>\n\n\n\n<h3 class=\"wp-block-heading\">Communiquez avec votre \u00e9quipe <\/h3>\n\n\n\n<p>Les personnes avec lesquelles vous travaillez sont probablement celles qui peuvent le mieux comprendre ce que vous ressentez face \u00e0 l&rsquo;incertitude de l&#8217;emploi et aux facteurs li\u00e9s \u00e0 votre entreprise. C&rsquo;est pourquoi une <a href=\"https:\/\/ifeelonline.com\/fr\/objectifs-communication-interne\/\" data-type=\"post\" data-id=\"9387\">communication<\/a> ouverte avec votre \u00e9quipe, vos responsables et vos coll\u00e8gues vous permettra de clarifier vos attentes, de partager des informations pertinentes et de conna\u00eetre l&rsquo;orientation de l&rsquo;entreprise afin de pouvoir prendre des d\u00e9cisions en connaissance de cause. Dans le m\u00eame temps, la transparence renforce la confiance et <strong><a href=\"https:\/\/ifeelonline.com\/fr\/environnement-de-travail-stimulant\/\" data-type=\"post\" data-id=\"8434\">contribue \u00e0 un environnement de travail plus collaboratif<\/a><\/strong>.<\/p>\n\n\n\n<h3 class=\"wp-block-heading\">Restez \u00e0 la page<\/h3>\n\n\n\n<p><strong>L&rsquo;\u00e9volution constante du contexte professionne<\/strong>l n&rsquo;est pas n\u00e9cessairement une mauvaise chose. Dans de nombreux cas, le changement cr\u00e9e de nouvelles opportunit\u00e9s dont nous pouvons tirer parti. Se tenir au courant de l&rsquo;actualit\u00e9, du march\u00e9 de l&#8217;emploi, des tendances du secteur et des possibilit\u00e9s de carri\u00e8re peut vous aider \u00e0 explore<strong>r et \u00e0 d\u00e9couvrir des opportunit\u00e9s susceptibles de propulser votre carri\u00e8re dans des directions inattendues, <\/strong>mais b\u00e9n\u00e9fiques.<\/p>\n\n\n\n<h3 class=\"wp-block-heading\">Apprenez de vos erreurs<\/h3>\n\n\n\n<p>Toute exp\u00e9rience, m\u00eame difficile, peut \u00eatre une occasion d&rsquo;apprendre. Par cons\u00e9quent, r\u00e9fl\u00e9chir \u00e0 vos exp\u00e9riences professionnelles, identifier ce que vous avez appris et comment vous pouvez l&rsquo;appliquer \u00e0 <strong>l&rsquo;avenir peut \u00eatre un excellent moyen de faire face \u00e0 l&rsquo;incertitude de l&#8217;emploi<\/strong>. De m\u00eame, reconna\u00eetre que l&rsquo;\u00e9chec fait partie du processus <strong>vous permettra de vous adapter plus facilement \u00e0 de nouveaux contextes de travail ou \u00e0 de nouveaux d\u00e9fis<\/strong>, car cela r\u00e9duira la peur de commettre une erreur ou de prendre une mauvaise d\u00e9cision.\u00a0\u00a0<\/p>\n\n\n\n<figure class=\"wp-block-image size-large\"><img decoding=\"async\" width=\"819\" height=\"1024\" src=\"https:\/\/ifeelonline.com\/fr\/wp-content\/uploads\/sites\/3\/2024\/01\/incertitude-pro-4-819x1024.jpg\" alt=\"incertitude professionnelle\" class=\"wp-image-10026\" srcset=\"https:\/\/ifeelonline.com\/fr\/wp-content\/uploads\/sites\/3\/2024\/01\/incertitude-pro-4-819x1024.jpg 819w, https:\/\/ifeelonline.com\/fr\/wp-content\/uploads\/sites\/3\/2024\/01\/incertitude-pro-4-240x300.jpg 240w, https:\/\/ifeelonline.com\/fr\/wp-content\/uploads\/sites\/3\/2024\/01\/incertitude-pro-4-768x960.jpg 768w, https:\/\/ifeelonline.com\/fr\/wp-content\/uploads\/sites\/3\/2024\/01\/incertitude-pro-4-1229x1536.jpg 1229w, https:\/\/ifeelonline.com\/fr\/wp-content\/uploads\/sites\/3\/2024\/01\/incertitude-pro-4-1638x2048.jpg 1638w, https:\/\/ifeelonline.com\/fr\/wp-content\/uploads\/sites\/3\/2024\/01\/incertitude-pro-4-scaled.jpg 2048w\" sizes=\"(max-width: 819px) 100vw, 819px\" \/><\/figure>\n\n\n\n<h2 class=\"wp-block-heading\">L&rsquo;accompagnement des salari\u00e9s : au c\u0153ur de la strat\u00e9gie RH<\/h2>\n\n\n\n<p>Dans les entreprises,<strong> les <a href=\"https:\/\/ifeelonline.com\/fr\/responsable-ressources-humaines\/\" data-type=\"post\" data-id=\"9392\">services RH<\/a> jouent un r\u00f4le cl\u00e9 dans la gestion de l&rsquo;incertitude sur le lieu de travail. <\/strong>C&rsquo;est pourquoi il est important que les dirigeants et les managers connaissent tous les outils capables d&rsquo;accompagner leurs \u00e9quipes dans la gestion du changement, r\u00e9duisant ainsi les risques psychosociaux au travail.\u00a0<\/p>\n\n\n\n<p><strong>L&rsquo;incertitude professionnelle englobe de multiples facteurs<\/strong>, tant externes \u00e0 l&rsquo;entreprise (volatilit\u00e9 du march\u00e9, fusions et acquisitions) qu&rsquo;internes (changements d&rsquo;orientation strat\u00e9gique, etc.), qui peuvent d\u00e9clencher<strong> un sentiment d&rsquo;ins\u00e9curit\u00e9 chez l&#8217;employ\u00e9.<\/strong> Par cons\u00e9quent, pour \u00eatre un bon manager, il faut notamment \u00eatre capable d&rsquo;anticiper ces changements et l&rsquo;impact qu&rsquo;ils auront sur les employ\u00e9s, ce qui constitue <strong>la premi\u00e8re \u00e9tape d&rsquo;une gestion efficace<\/strong>. Voici quelques strat\u00e9gies que vous pouvez utiliser pour soutenir votre \u00e9quipe en p\u00e9riode d&rsquo;incertitude.\u00a0<\/p>\n\n\n\n<h3 class=\"wp-block-heading\">Anticiper et suivre les tendances du march\u00e9<\/h3>\n\n\n\n<p><strong>Pour \u00e9laborer des strat\u00e9gies pr\u00e9ventives<\/strong>, il est essentiel <strong>de garder constamment \u00e0 l&rsquo;esprit les tendances <\/strong>du march\u00e9 et les facteurs <strong>\u00e9conomiques susceptibles<\/strong> d&rsquo;affecter votre secteur d&rsquo;activit\u00e9. Pour ce faire, vous pouvez vous appuyer sur l&rsquo;utilisation d&rsquo;outils d&rsquo;analyse de donn\u00e9es afin d&rsquo;anticiper les \u00e9ventuels changements dans la demande du march\u00e9 <strong>et les conditions \u00e9conomiques<\/strong>.<\/p>\n\n\n\n<h3 class=\"wp-block-heading\">Favoriser une culture de la s\u00e9curit\u00e9 psychologique et maintenir une communication ouverte<\/h3>\n\n\n\n<p>Si vos employ\u00e9s se sentent \u00e0 l&rsquo;aise pour exprimer leurs pr\u00e9occupations,<strong> l&rsquo;entreprise disposera de plus d&rsquo;informations<\/strong> et sera <strong>en mesure de s&rsquo;attaquer aux probl\u00e8mes en temps utile<\/strong>. Le d\u00e9veloppement de l&rsquo;information r\u00e9duit l&rsquo;incertitude ; il convient donc d&rsquo;\u00e9tablir des canaux de communication transparents entre la direction et les employ\u00e9s, <strong>et de fournir des mises \u00e0 jour sur la situation de l&rsquo;entreprise et ses perspectives d&rsquo;avenir <\/strong>afin que<strong> les membres de l&rsquo;\u00e9quipe puissent prendre des d\u00e9cisions en toute <\/strong>connaissance de cause. <strong>Cela encourage \u00e9galement les employ\u00e9s \u00e0 exprimer leurs pr\u00e9occupations<\/strong> et leurs suggestions.<\/p>\n\n\n\n<h3 class=\"wp-block-heading\">Cultiver une culture de l&rsquo;adaptabilit\u00e9<\/h3>\n\n\n\n<p>Dans le prolongement du point pr\u00e9c\u00e9dent, l&rsquo;entreprise cherche toujours \u00e0 promouvoir un \u00e9tat d&rsquo;esprit d&rsquo;adaptabilit\u00e9 et d&rsquo;apprentissage continu au sein de l&rsquo;\u00e9quipe par le biais d&rsquo;une <a href=\"https:\/\/ifeelonline.com\/fr\/formation-de-bien-etre-au-travail\/\" data-type=\"post\" data-id=\"9142\">formation<\/a> constante et d&rsquo;un d\u00e9veloppement des comp\u00e9tences pertinentes pour s&rsquo;adapter au changement. Cela permet de <strong>reconna\u00eetre et de r\u00e9compenser <\/strong>(renforcer)<strong> la <a href=\"https:\/\/ifeelonline.com\/fr\/resilience-au-travail\/\" data-type=\"post\" data-id=\"8952\">r\u00e9silience<\/a> <\/strong>et la cr\u00e9ativit\u00e9 <strong>dans les situations d&rsquo;incertitude professionnelle.<\/strong><\/p>\n\n\n\n<h3 class=\"wp-block-heading\">Mise en \u0153uvre des strat\u00e9gies de gestion dans les d\u00e9partements des ressources humaines<\/h3>\n\n\n\n<p><strong>Les d\u00e9partements des ressources humaines<\/strong> ont entre leurs mains <strong>la capacit\u00e9 de mettre en \u0153uvre des strat\u00e9gies <\/strong>qui permettent \u00e0 la main-d&rsquo;\u0153uvre de s&rsquo;adapter plus facilement au changement. Il s&rsquo;agit notamment d&rsquo;\u00e9laborer des <strong>plans de succession pour assurer la continuit\u00e9 des postes cl\u00e9s,<\/strong> des mod\u00e8les d&#8217;embauche flexibles, tels que le <strong><a href=\"https:\/\/ifeelonline.com\/fr\/travailleurs-du-savoir-knowmads\/\" data-type=\"post\" data-id=\"9565\">t\u00e9l\u00e9travail<\/a><\/strong> ou l&#8217;embauche temporaire, pour s&rsquo;adapter aux fluctuations de la demande, ou <strong>d&rsquo;investir dans des <a href=\"https:\/\/ifeelonline.com\/fr\/developpement-professionnel-des-collaborateurs\/\" data-type=\"post\" data-id=\"9422\">programmes de d\u00e9veloppement de carri\u00e8re<\/a><\/strong>, des <a href=\"https:\/\/ifeelonline.com\/fr\/le-bien-etre-au-travail\/\" data-type=\"post\" data-id=\"8862\">solutions de bien-\u00eatre mental<\/a> et des strat\u00e9gies de <a href=\"https:\/\/ifeelonline.com\/fr\/gestion-du-talent-en-entreprise\/\" data-type=\"post\" data-id=\"8510\">r\u00e9tention des talents<\/a> pour s&rsquo;assurer que l&rsquo;entreprise est pr\u00eate \u00e0 faire face \u00e0 tout changement inattendu.<\/p>\n\n\n\n<h3 class=\"wp-block-heading\">Utiliser les outils technologiques<\/h3>\n\n\n\n<p><strong>Les avanc\u00e9es technologiques<\/strong> peuvent \u00eatre de pr\u00e9cieux <strong>alli\u00e9s pour rationaliser les processus<\/strong>. Par exemple, <strong>la mise en place de plateformes de gestion des talents<\/strong> qui permettent de suivre <strong><a href=\"https:\/\/ifeelonline.com\/fr\/competitivite-au-travail\/\" data-type=\"post\" data-id=\"9445\">les comp\u00e9tences<\/a><\/strong> et les <strong><a href=\"https:\/\/ifeelonline.com\/fr\/evaluation-des-perfofrmances\/\" data-type=\"post\" data-id=\"9365\">performances des employ\u00e9s<\/a><\/strong>, ainsi que <strong>de pr\u00e9voir ou d&rsquo;anticiper les changements au sein de la main-d&rsquo;\u0153uvre<\/strong>, peut aider \u00e0 prendre des d\u00e9cisions \u00e9clair\u00e9es.<\/p>\n\n\n\n<h3 class=\"wp-block-heading\">Conserver une r\u00e9serve financi\u00e8re<\/h3>\n\n\n\n<p>Constituer et maintenir une r\u00e9serve financi\u00e8re pour faire face <strong>aux p\u00e9riodes d&rsquo;incertitude \u00e9conomique<\/strong> au <strong>sein de l&rsquo;organisation.<\/strong> Pour ce faire, diversifiez les sources de revenus afin de r\u00e9duire la d\u00e9pendance \u00e0 l&rsquo;\u00e9gard d&rsquo;un march\u00e9 ou <strong>d&rsquo;un client unique et analysez diff\u00e9rents sc\u00e9narios financiers<\/strong> afin d&rsquo;\u00e9valuer l&rsquo;impact d&rsquo;\u00e9ventuels changements <strong>dans l&rsquo;environnement \u00e9conomique<\/strong>.<\/p>\n\n\n\n<h3 class=\"wp-block-heading\"><a href=\"https:\/\/ifeelonline.com\/fr\/flexibilite-du-travail\/\" data-type=\"post\" data-id=\"8740\">Flexibilit\u00e9 <\/a>de la structure organisationnelle<\/h3>\n\n\n\n<p>Les <strong>structures organisationnelles<\/strong> doivent \u00eatre suffisamment rigides pour maintenir l&rsquo;ordre, mais suffisamment souples pour s&rsquo;adapter rapidement au changement. Il faut donc toujours chercher \u00e0 encourager la mobilit\u00e9 interne et la formation polyvalente afin que les employ\u00e9s puissent assumer diff\u00e9rents r\u00f4les en fonction des besoins.<\/p>\n\n\n\n<h3 class=\"wp-block-heading\">Collaboration interd\u00e9partementale<\/h3>\n\n\n\n<p>Pour faire progresser l&rsquo;entreprise en p\u00e9riode d&rsquo;incertitude de l&#8217;emploi, toutes les \u00e9quipes doivent \u00eatre align\u00e9es sur le m\u00eame objectif. Par cons\u00e9quent, la promotion d&rsquo;une collaboration \u00e9troite entre les d\u00e9partements peut <a href=\"https:\/\/ifeelonline.com\/fr\/motivation-au-travail\/\" data-type=\"post\" data-id=\"7290\">motiver les employ\u00e9s<\/a> et encourager le travail d&rsquo;\u00e9quipe afin de partager les informations et de trouver des solutions communes. Pour ce faire, mettez en place des \u00e9quipes interfonctionnelles capables de relever efficacement les nouveaux d\u00e9fis.<\/p>\n\n\n\n<figure class=\"wp-block-image size-large\"><img loading=\"lazy\" decoding=\"async\" width=\"1024\" height=\"683\" src=\"https:\/\/ifeelonline.com\/fr\/wp-content\/uploads\/sites\/3\/2024\/01\/incertitude-3-1024x683.jpg\" alt=\"incertitude professionnelle\" class=\"wp-image-10025\" srcset=\"https:\/\/ifeelonline.com\/fr\/wp-content\/uploads\/sites\/3\/2024\/01\/incertitude-3-1024x683.jpg 1024w, https:\/\/ifeelonline.com\/fr\/wp-content\/uploads\/sites\/3\/2024\/01\/incertitude-3-300x200.jpg 300w, https:\/\/ifeelonline.com\/fr\/wp-content\/uploads\/sites\/3\/2024\/01\/incertitude-3-768x512.jpg 768w, https:\/\/ifeelonline.com\/fr\/wp-content\/uploads\/sites\/3\/2024\/01\/incertitude-3-1536x1024.jpg 1536w, https:\/\/ifeelonline.com\/fr\/wp-content\/uploads\/sites\/3\/2024\/01\/incertitude-3-2048x1365.jpg 2048w\" sizes=\"(max-width: 1024px) 100vw, 1024px\" \/><\/figure>\n\n\n\n<h3 class=\"wp-block-heading\">\u00c9valuer et tirer les le\u00e7ons de l&rsquo;exp\u00e9rience<\/h3>\n\n\n\n<p>Effectuez des <strong>\u00e9valuations p\u00e9riodiques<\/strong> pour analyser l&rsquo;efficacit\u00e9 des strat\u00e9gies mises en \u0153uvre et tirez les le\u00e7ons des situations pass\u00e9es d&rsquo;incertitude professionnelle, afin d&rsquo;ajuster les strat\u00e9gies en cons\u00e9quence. Pour ce faire, vous pouvez \u00e9tablir une boucle de r\u00e9troaction continue afin d&rsquo;am\u00e9liorer la capacit\u00e9 de l&rsquo;organisation \u00e0 g\u00e9rer l&rsquo;incertitude de l&#8217;emploi.<\/p>\n\n\n\n<h3 class=\"wp-block-heading\">Maintenir une approche positive<\/h3>\n\n\n\n<p>La <strong><a href=\"https:\/\/ifeelonline.com\/fr\/resilience-au-travail\/\" data-type=\"post\" data-id=\"8952\">r\u00e9silience des entreprises <\/a><\/strong>commence par une bonne culture organisationnelle. Par cons\u00e9quent, cherchez toujours \u00e0 encourager un \u00e9tat d&rsquo;esprit positif et proactif parmi les employ\u00e9s, en c\u00e9l\u00e9brant les r\u00e9ussites et l&rsquo;apprentissage, <strong>m\u00eame en p\u00e9riode d&rsquo;incertitude<\/strong>, afin de renforcer la confiance et la <strong>motivation<\/strong>.<\/p>\n\n\n\n<p><strong>G\u00e9rer l&rsquo;incertitude au travail<\/strong> ne consiste pas seulement <strong>\u00e0 r\u00e9agir \u00e0 des \u00e9v\u00e9nements impr\u00e9vus<\/strong>, mais aussi <strong>\u00e0 se pr\u00e9parer de mani\u00e8re proactive aux changements in\u00e9vitables dans l&rsquo;environnement de l&rsquo;entreprise.<\/strong> Pour ce faire, il faut combiner l&rsquo;anticipation, <strong>une communication efficace<\/strong>, un <strong><a href=\"https:\/\/ifeelonline.com\/fr\/ressources-pour-les-managers\/\" data-type=\"post\" data-id=\"9626\">style de leadership empathique<\/a><\/strong> et offrir <strong>des possibilit\u00e9s de d\u00e9veloppement<\/strong> continu afin d&rsquo;affronter l&rsquo;incertitude avec une plus grande confiance.<\/p>\n\n\n\n<h2 class=\"wp-block-heading\">Soutenir le bien-\u00eatre mental dans les entreprises<\/h2>\n\n\n\n<p>Chez<strong> ifeel<\/strong>, nous savons que le soutien aux employ\u00e9s confront\u00e9s \u00e0 la sisyph\u00e9mie sur le lieu de travail implique une approche holistique qui englobe les politiques organisationnelles, la culture du travail et les programmes de bien-\u00eatre.&nbsp;<\/p>\n\n\n\n<p>Nous travaillons en partenariat avec des entreprises du monde entier pour inspirer la croissance humaine et guider les organisations dans l&rsquo;instauration d&rsquo;une <strong>culture positive du bien-\u00eatre menta<\/strong>l. Une approche sur mesure et centr\u00e9e sur les personnes qui place<strong> la sant\u00e9 de vos collaborateurs au centre<\/strong>, en tant que pilier fondamental pour <strong>attirer et retenir les talents<\/strong> ainsi que pour renforcer leur sentiment d&rsquo;appartenance.&nbsp;<strong>Une solution unique, compl\u00e8te et \u00e9volutive<\/strong> qui utilise la puissance des donn\u00e9es pour fournir une compr\u00e9hension holistique du bien-\u00eatre psychologique de vos employ\u00e9s, tout en garantissant la qualit\u00e9 du service et la confidentialit\u00e9 pour votre \u00e9quipe.<\/p>\n\n\n\n<p>Nous esp\u00e9rons que cet article sur <strong>l&rsquo;incertitude professionnelle <\/strong>vous a int\u00e9ress\u00e9. Si vous souhaitez obtenir<a href=\"https:\/\/ifeelonline.com\/fr\/demander-une-demo\/\"> plus d&rsquo;informations<\/a> sur les solutions d&rsquo;ifeel en mati\u00e8re de bien-\u00eatre mental pour les entreprises, il vous suffit de demander et nous contacterons votre \u00e9quipe dans les plus brefs d\u00e9lais.<\/p>\n\n    <div class=\"xs_social_share_widget xs_share_url after_content \t\tmain_content  wslu-style-1 wslu-share-box-shaped wslu-fill-colored wslu-none wslu-share-horizontal wslu-theme-font-no wslu-main_content\">\n\n\t\t\n        <ul>\n\t\t\t        <\/ul>\n    <\/div> \n","protected":false},"excerpt":{"rendered":"<p>Dans un monde en constante \u00e9volution, il n&rsquo;est pas rare que l&rsquo;incertitude professionnelle soit pass\u00e9e d&rsquo;une pr\u00e9occupation occasionnelle \u00e0 une constante dans le monde de l&rsquo;organisation, affectant les travailleurs dans divers secteurs ou \u00e0 divers niveaux.&nbsp; En r\u00e9alit\u00e9, l&rsquo;incertitude professionnelle peut \u00eatre d\u00e9clench\u00e9e par de multiples facteurs, tels que des changements dans la demande du [&hellip;]<\/p>\n","protected":false},"author":62,"featured_media":10057,"comment_status":"closed","ping_status":"open","sticky":false,"template":"","format":"standard","meta":{"content-type":"","postBodyCss":"","postBodyMargin":[],"postBodyPadding":[],"postBodyBackground":{"backgroundType":"classic","gradient":""},"footnotes":""},"categories":[27,34],"tags":[],"class_list":["post-10019","post","type-post","status-publish","format-standard","has-post-thumbnail","hentry","category-bien-etre-au-travail","category-stress-au-travail"],"_links":{"self":[{"href":"https:\/\/ifeelonline.com\/fr\/wp-json\/wp\/v2\/posts\/10019","targetHints":{"allow":["GET"]}}],"collection":[{"href":"https:\/\/ifeelonline.com\/fr\/wp-json\/wp\/v2\/posts"}],"about":[{"href":"https:\/\/ifeelonline.com\/fr\/wp-json\/wp\/v2\/types\/post"}],"author":[{"embeddable":true,"href":"https:\/\/ifeelonline.com\/fr\/wp-json\/wp\/v2\/users\/62"}],"replies":[{"embeddable":true,"href":"https:\/\/ifeelonline.com\/fr\/wp-json\/wp\/v2\/comments?post=10019"}],"version-history":[{"count":0,"href":"https:\/\/ifeelonline.com\/fr\/wp-json\/wp\/v2\/posts\/10019\/revisions"}],"wp:featuredmedia":[{"embeddable":true,"href":"https:\/\/ifeelonline.com\/fr\/wp-json\/wp\/v2\/media\/10057"}],"wp:attachment":[{"href":"https:\/\/ifeelonline.com\/fr\/wp-json\/wp\/v2\/media?parent=10019"}],"wp:term":[{"taxonomy":"category","embeddable":true,"href":"https:\/\/ifeelonline.com\/fr\/wp-json\/wp\/v2\/categories?post=10019"},{"taxonomy":"post_tag","embeddable":true,"href":"https:\/\/ifeelonline.com\/fr\/wp-json\/wp\/v2\/tags?post=10019"}],"curies":[{"name":"wp","href":"https:\/\/api.w.org\/{rel}","templated":true}]}}