{"id":9447,"date":"2025-11-06T11:01:40","date_gmt":"2025-11-06T10:01:40","guid":{"rendered":"https:\/\/ifeelonline.com\/?p=9447"},"modified":"2025-11-07T11:51:05","modified_gmt":"2025-11-07T10:51:05","slug":"bienestar-corporativo","status":"publish","type":"post","link":"https:\/\/ifeelonline.com\/es\/salud-laboral\/bienestar-corporativo\/","title":{"rendered":"Bienestar corporativo: 5 ventajas de potenciarlo en las organizaciones"},"content":{"rendered":"<div id=\"ez-toc-container\" class=\"ez-toc-v2_0_81 counter-hierarchy ez-toc-counter ez-toc-custom ez-toc-container-direction\">\n<div class=\"ez-toc-title-container\">\n<p class=\"ez-toc-title\" style=\"cursor:inherit\">Contenidos<\/p>\n<span class=\"ez-toc-title-toggle\"><a href=\"#\" class=\"ez-toc-pull-right ez-toc-btn ez-toc-btn-xs ez-toc-btn-default ez-toc-toggle\" aria-label=\"Toggle Table of Content\"><span class=\"ez-toc-js-icon-con\"><span class=\"\"><span class=\"eztoc-hide\" style=\"display:none;\">Toggle<\/span><span class=\"ez-toc-icon-toggle-span\"><svg style=\"fill: #51607e;color:#51607e\" xmlns=\"http:\/\/www.w3.org\/2000\/svg\" class=\"list-377408\" width=\"20px\" height=\"20px\" viewBox=\"0 0 24 24\" fill=\"none\"><path d=\"M6 6H4v2h2V6zm14 0H8v2h12V6zM4 11h2v2H4v-2zm16 0H8v2h12v-2zM4 16h2v2H4v-2zm16 0H8v2h12v-2z\" fill=\"currentColor\"><\/path><\/svg><svg style=\"fill: #51607e;color:#51607e\" class=\"arrow-unsorted-368013\" xmlns=\"http:\/\/www.w3.org\/2000\/svg\" width=\"10px\" height=\"10px\" viewBox=\"0 0 24 24\" version=\"1.2\" baseProfile=\"tiny\"><path d=\"M18.2 9.3l-6.2-6.3-6.2 6.3c-.2.2-.3.4-.3.7s.1.5.3.7c.2.2.4.3.7.3h11c.3 0 .5-.1.7-.3.2-.2.3-.5.3-.7s-.1-.5-.3-.7zM5.8 14.7l6.2 6.3 6.2-6.3c.2-.2.3-.5.3-.7s-.1-.5-.3-.7c-.2-.2-.4-.3-.7-.3h-11c-.3 0-.5.1-.7.3-.2.2-.3.5-.3.7s.1.5.3.7z\"\/><\/svg><\/span><\/span><\/span><\/a><\/span><\/div>\n<nav><ul class='ez-toc-list ez-toc-list-level-1 eztoc-toggle-hide-by-default' ><li class='ez-toc-page-1 ez-toc-heading-level-2'><a class=\"ez-toc-link ez-toc-heading-1\" href=\"https:\/\/ifeelonline.com\/es\/salud-laboral\/bienestar-corporativo\/#Ventajas_de_fomentar_el_bienestar_corporativo\" >Ventajas de fomentar el bienestar corporativo<\/a><\/li><li class='ez-toc-page-1 ez-toc-heading-level-2'><a class=\"ez-toc-link ez-toc-heading-2\" href=\"https:\/\/ifeelonline.com\/es\/salud-laboral\/bienestar-corporativo\/#ifeel_el_socio_estrategico_ideal_para_fomentar_el_bienestar_corporativo_en_las_empresas\" >ifeel: el socio estrat\u00e9gico ideal para fomentar el bienestar corporativo en las empresas<\/a><\/li><li class='ez-toc-page-1 ez-toc-heading-level-2'><a class=\"ez-toc-link ez-toc-heading-3\" href=\"https:\/\/ifeelonline.com\/es\/salud-laboral\/bienestar-corporativo\/#Nota_para_lideres_%F0%9F%94%8E\" >Nota para l\u00edderes \ud83d\udd0e<\/a><\/li><li class='ez-toc-page-1 ez-toc-heading-level-2'><a class=\"ez-toc-link ez-toc-heading-4\" href=\"https:\/\/ifeelonline.com\/es\/salud-laboral\/bienestar-corporativo\/#Relacion_entre_el_bienestar_corporativo_y_el_clima_laboral\" >Relaci\u00f3n entre el bienestar corporativo y el clima laboral<\/a><\/li><li class='ez-toc-page-1 ez-toc-heading-level-2'><a class=\"ez-toc-link ez-toc-heading-5\" href=\"https:\/\/ifeelonline.com\/es\/salud-laboral\/bienestar-corporativo\/#Explora_el_impacto_real_de_ifeel_a_traves_de_nuestros_casos_de_estudio\" >Explora el impacto real de ifeel a trav\u00e9s de nuestros casos de estudio<\/a><\/li><li class='ez-toc-page-1 ez-toc-heading-level-2'><a class=\"ez-toc-link ez-toc-heading-6\" href=\"https:\/\/ifeelonline.com\/es\/salud-laboral\/bienestar-corporativo\/#La_salud_mental_en_el_trabajo_uno_de_los_mayores_retos_de_las_organizaciones_empresariales_en_la_actualidad\" >La salud mental en el trabajo, uno de los mayores retos de las organizaciones empresariales en la actualidad<\/a><\/li><\/ul><\/nav><\/div>\n\n<p>El <strong><a href=\"https:\/\/ifeelonline.com\/estrategias-bienestar-corporativo\/\">bienestar corporativo<\/a><\/strong>, tambi\u00e9n conocido como <a href=\"https:\/\/ifeelonline.com\/wellbeing-corporativo\/\">wellbeing corporativo,<\/a> ha evolucionado de ser un simple beneficio adicional a<strong> convertirse en una necesidad estrat\u00e9gica para las organizaciones modernas.<\/strong> Las empresas l\u00edderes en diversos sectores est\u00e1n descubriendo que la inversi\u00f3n en la salud f\u00edsica, mental y emocional de sus empleados no solo es \u00e9ticamente correcta, sino tambi\u00e9n <strong>financieramente inteligente.<\/strong> Este cambio de paradigma est\u00e1 redefiniendo la forma en que las compa\u00f1\u00edas abordan el rendimiento, la innovaci\u00f3n y la retenci\u00f3n de talento.<\/p>\n\n\n\n<p>De hecho, las <a href=\"https:\/\/www.imarcgroup.com\/report\/es\/corporate-wellness-market\" target=\"_blank\" rel=\"noreferrer noopener\">encuestas <\/a>han demostrado que <strong>el 93% de los empleados considera que el bienestar es tan importante como el salario<\/strong>, lo que refleja un aumento significativo en la percepci\u00f3n del bienestar como factor clave en el entorno laboral. <\/p>\n\n\n\n<p>Como respuesta a esta tendencia, las empresas est\u00e1n <strong>integrando m\u00e1s profundamente las pr\u00e1cticas de bienestar en su cultura organizacional,<\/strong> con un enfoque especial en la salud mental, el equilibrio entre la vida laboral y personal y la sostenibilidad. Pero, \u00bfc\u00f3mo podemos integrar el bienestar corporativo en las empresas de forma inteligente?<\/p>\n\n\n\n<p>La respuesta es confiando en quienes son expertos en el tema, ya que hay una gran diferencia entre las empresas que improvisan y <a href=\"https:\/\/ifeelonline.com\/es\/salud-laboral\/etica-en-la-terapia\/\">aquellas que invierten inteligentemente, confiando en los profesionales. <\/a>Y es que las compa\u00f1\u00edas que gestionan la salud mental de su gente con datos, velocidad cl\u00ednica y a gran escala no solo fortalecen su cultura, sino que tambi\u00e9n <strong>ahorran costes significativos en absentismo, bajas y rotaci\u00f3n.<\/strong> <\/p>\n\n\n\n<p>En este art\u00edculo te ense\u00f1amos, de forma pr\u00e1ctica y <a href=\"https:\/\/ifeelonline.com\/es\/nuestra-metodologia\/\">basada en evidencia,<\/a> c\u00f3mo implantar un modelo de bienestar corporativo que impacta la cuenta de resultados y por qu\u00e9 ifeel es la pieza que falta para convertir esa ambici\u00f3n en resultados medibles.<\/p>\n\n\n\n<blockquote class=\"wp-block-quote is-layout-flow wp-block-quote-is-layout-flow\">\n<p class=\"has-text-align-center\">Desde <a href=\"https:\/\/ifeelonline.com\/es\/como-funciona\/\">ifeel<\/a>, hemos dise\u00f1ado un\u00a0<strong><a href=\"https:\/\/ifeelonline.com\/es\/ebooks\/the-ifeel-playbook-soluciones-integrales-de-salud-mental-para-grandes-empresas\/\">recurso imprescindible <\/a>que te ense\u00f1a el impacto positivo que puede tener ifeel en tu organizaci\u00f3n<\/strong>. Descubre estrategias efectivas para mejorar el ambiente laboral y potenciar el bienestar de tus trabajadores. \u00a1No te lo pierdas y\u00a0<strong>desc\u00e1rgalo gratis ahora!<\/strong><\/p>\n<\/blockquote>\n\n\n\n<h2 class=\"wp-block-heading\"><span class=\"ez-toc-section\" id=\"Ventajas_de_fomentar_el_bienestar_corporativo\"><\/span>Ventajas de fomentar el bienestar corporativo<span class=\"ez-toc-section-end\"><\/span><\/h2>\n\n\n\n<p>En el \u00e1mbito empresarial, es dif\u00edcil encontrar argumentos en contra de la implementaci\u00f3n de programas de bienestar corporativo. Sin embargo, muchas organizaciones a\u00fan no han cuantificado completamente <strong>el impacto positivo que estas iniciativas pueden tener tanto en sus resultados financieros como en el rendimiento de sus equipos.<\/strong><\/p>\n\n\n\n<p>Comprender a fondo las ventajas del bienestar corporativo es crucial para<strong> desarrollar una estrategia s\u00f3lida y <\/strong>justificar la inversi\u00f3n en estos programas ante la alta direcci\u00f3n. Esta comprensi\u00f3n permite alinear las iniciativas de bienestar con los objetivos estrat\u00e9gicos de la empresa,<strong> maximizando as\u00ed el retorno de la inversi\u00f3n<\/strong>.<\/p>\n\n\n\n<p>A continuaci\u00f3n, detallaremos los beneficios clave que las empresas y sus trabajadores pueden obtener al <strong>implementar y fomentar programas de bienestar corporativo efectivos:<\/strong><\/p>\n\n\n\n<h3 class=\"wp-block-heading\">1. Optimizaci\u00f3n de la retenci\u00f3n del talento y reducci\u00f3n de costos asociados<\/h3>\n\n\n\n<p>La p\u00e9rdida prematura de empleados clave debido a problemas de bienestar psicol\u00f3gico <strong>representa un riesgo significativo para la continuidad operativa y la competitividad de las organizaciones.<\/strong> De hecho, seg\u00fan un estudio de la <a href=\"https:\/\/www.shrm.org\/\" target=\"_blank\" rel=\"noreferrer noopener\">SHRM<\/a>, el costo promedio para reemplazar a un empleado es aproximadamente <strong>un tercio de su salario anual,<\/strong> siendo este costo potencialmente mayor para posiciones ejecutivas o altamente especializadas.<\/p>\n\n\n\n<p>Adem\u00e1s, la eficacia de estos programas se refleja en los datos: un estudio de <a href=\"https:\/\/www.apa.org\/news\/press\/releases\/2016\/06\/workplace-well-being\" target=\"_blank\" rel=\"noreferrer noopener\">la American Psychological Association<\/a> revel\u00f3 que <strong>el 89% de los trabajadores en empresas que apoyan iniciativas de bienestar es m\u00e1s probable que recomienden su compa\u00f1\u00eda como un buen lugar para trabajar<\/strong>. Esto no solo mejora la retenci\u00f3n, sino que tambi\u00e9n fortalece la marca empleadora, facilitando la atracci\u00f3n de nuevo talento.<\/p>\n\n\n\n<h3 class=\"wp-block-heading\">2. Mitigaci\u00f3n del absentismo laboral y optimizaci\u00f3n de la productividad<\/h3>\n\n\n\n<p>El absentismo laboral representa un desaf\u00edo significativo para la eficiencia operativa y la rentabilidad de las organizaciones. Pero es que antes de que se produzca la p\u00e9rdida total de talento, <strong>la falta de bienestar corporativo erosiona gradualmente el compromiso de los empleados<\/strong>, impactando negativamente en la calidad del trabajo y, por consiguiente, en la productividad global de la empresa.<\/p>\n\n\n\n<p>Por el contrario, las empresas que han implementado programas de bienestar integral han <a href=\"https:\/\/www.healthaffairs.org\/doi\/10.1377\/hlthaff.2009.0626\" target=\"_blank\" rel=\"noreferrer noopener\">reportado <\/a><strong>una reducci\u00f3n del 25% en los costos de atenci\u00f3n m\u00e9dica y ausentismo.<\/strong><\/p>\n\n\n\n<h3 class=\"wp-block-heading\">3. Prevenci\u00f3n de riesgos laborales y cumplimiento de leyes<\/h3>\n\n\n\n<p>Cualquier empresario sabe que<strong> la prevenci\u00f3n de los problemas es t\u00e9cnica y econ\u00f3micamente mucho m\u00e1s eficiente que su abordaje<\/strong> cuando ya han aparecido. Por este motivo, invertir recursos en potenciar el bienestar corporativo es una manera muy inteligente de prevenir el efecto de <strong>los principales <\/strong><a href=\"https:\/\/ifeelonline.com\/riesgos-psicosociales-en-el-trabajo\/#:~:text=Factores%20psicosociales%20en%20la%20empresa%20a%20tener%20en%20cuenta&amp;text=El%20roce%20hace%20el%20cari%C3%B1o,salud%20mental%20de%20los%20trabajadores.\"><strong>factores de riesgo psicosocial<\/strong><\/a>, por no hablar de una obligaci\u00f3n, tal y como indica actualmente la <strong>Inspecci\u00f3n de Trabajo<\/strong>.&nbsp;<\/p>\n\n\n\n<blockquote class=\"wp-block-quote has-text-align-center is-layout-flow wp-block-quote-is-layout-flow\">\n<p><strong>Descarga nuestra&nbsp;<a href=\"https:\/\/ifeelonline.com\/ebooks\/plantilla-riesgos-psicosociales-en-el-trabajo\/?partner=ifeel_internLinkPost\">plantilla de Factores de Riesgo Psicosociales<\/a><\/strong>&nbsp;para prevenir problemas de salud mental en el trabajo. Lograr\u00e1s identificar y abordar eficientemente estos riesgos, promoviendo el bienestar de tus empleados y la productividad de tu empresa. \u00a1Descarga la plantilla ahora y mejora tu ambiente laboral!<\/p>\n<\/blockquote>\n\n\n\n<h3 class=\"wp-block-heading\">4. Mejora del clima laboral<\/h3>\n\n\n\n<p>La implementaci\u00f3n estrat\u00e9gica de programas de bienestar corporativo cataliza <strong>una mejora significativa en el clima organizacional,<\/strong> generando un impacto directo en los indicadores clave de rendimiento (KPIs) de la empresa.<\/p>\n\n\n\n<p>Y es que, bajo esta l\u00f3gica, cuantos m\u00e1s empleados puedan ver mejorado su bienestar corporativo <strong>gracias a las medidas estrat\u00e9gicas adoptadas por la empresa<\/strong>, mejor ser\u00e1 la atm\u00f3sfera de trabajo en la que todos estar\u00e1n implicados.&nbsp;<\/p>\n\n\n\n<p>Estos beneficios tambi\u00e9n se traducen en <strong>ventajas competitivas tangibles y medibles para la organizaci\u00f3n.<\/strong> Al invertir en el bienestar de su fuerza laboral, las empresas no solo optimizan su capital humano, sino que tambi\u00e9n <strong>sientan las bases para un crecimiento sostenible y una posici\u00f3n de liderazgo en su sector.<\/strong><\/p>\n\n\n\n<h3 class=\"wp-block-heading\">5. Aumento del compromiso de los trabajadores<\/h3>\n\n\n\n<p>Como se ha mencionado anteriormente, cuando los empleados se sienten c\u00f3modos en su entorno laboral y perciben que la empresa se preocupa por su bienestar, es poco probable que busquen oportunidades en otras compa\u00f1\u00edas. Por lo tanto, <strong>fortalecer el bienestar corporativo es esencial para mejorar la conexi\u00f3n y el <a href=\"https:\/\/ifeelonline.com\/salud-laboral\/compromiso-laboral-con-la-empresa\/\">compromiso de los empleados <\/a>con la organizaci\u00f3n.<\/strong><\/p>\n\n\n\n<h2 class=\"wp-block-heading\"><span class=\"ez-toc-section\" id=\"ifeel_el_socio_estrategico_ideal_para_fomentar_el_bienestar_corporativo_en_las_empresas\"><\/span>ifeel: el socio estrat\u00e9gico ideal para fomentar el bienestar corporativo en las empresas<span class=\"ez-toc-section-end\"><\/span><\/h2>\n\n\n\n<p><strong>El bienestar corporativo <\/strong>es un tema cada vez m\u00e1s importante en el mundo empresarial. <strong>La salud y el bienestar de los empleados <\/strong>son fundamentales para <strong>el \u00e9xito y la <a href=\"https:\/\/ifeelonline.com\/medir-productividad-en-el-trabajo\/\" data-type=\"post\" data-id=\"10563\">productividad<\/a> de una organizaci\u00f3n<\/strong>, y es por eso que el bienestar corporativo est\u00e1 ganando terreno como una prioridad en muchas empresas.<\/p>\n\n\n\n<p>Hay muchas razones por las que el bienestar corporativo es importante para una empresa. En primer lugar, un empleado saludable y en forma es m\u00e1s probable que tenga una<strong> mejor productividad y una menor probabilidad de tomar d\u00edas de enfermedad. <\/strong>Esto es fundamental en un mundo en el que la competitividad es cada vez m\u00e1s intensa y cada vez son m\u00e1s los desaf\u00edos que las empresas deben enfrentar. De igual forma, el <strong>bienestar corporativo puede mejorar la satisfacci\u00f3n y el compromiso de los empleados<\/strong> con la empresa. Si un empleado se siente valorado y apoyado en su bienestar f\u00edsico y mental, es m\u00e1s probable que se sienta <strong>motivado y comprometido con su trabajo y su empresa.<\/strong><\/p>\n\n\n\n<p>Ahora bien, ya que si un empleado que atraviesa estr\u00e9s laboral, ansiedad o depresi\u00f3n <strong>ve mermada su capacidad para sostener el desempe\u00f1o, colaborar con su equipo y cumplir est\u00e1ndares de seguridad,<\/strong> las compa\u00f1\u00edas l\u00edderes han evolucionado de medir \u00fanicamente \u201c<a href=\"https:\/\/ifeelonline.com\/es\/salud-laboral\/engagement-ifeel-vs-pae\/\">engagement<\/a>\u201d a incorporar m\u00e9tricas cl\u00ednicas de funcionamiento ocupacional <strong>que traduzcan salud en riesgo operativo<\/strong>. <\/p>\n\n\n\n<p>Es as\u00ed como las<a href=\"https:\/\/ifeelonline.com\/es\/ebooks\/innovacion-digital-en-salud-mental\/\"> soluciones tradicionales como los PAE<\/a> han quedado obsoletas, y las empresas inteligentes han optado por <a href=\"https:\/\/ifeelonline.com\/es\/salud-laboral\/psicologia-para-empresas\/soluciones-basadas-en-evidencia\/\">soluciones cl\u00ednicas basadas en la evidencia<\/a>, que implementan escalas validadas como por ejemplo la <a href=\"https:\/\/link.springer.com\/rwe\/10.1007\/978-0-387-79948-3_428\" target=\"_blank\" rel=\"noreferrer noopener\">SOFAS<\/a>, que estima la probabilidad de absentismo y orienta intervenciones espec\u00edficas antes de que el problema escale a una baja o a una salida no planificada.<\/p>\n\n\n\n<p>Este enfoque no invalida la definici\u00f3n cl\u00e1sica de bienestar corporativo, sino que la eleva. Las iniciativas saludables siguen aportando valor, pero la evidencia actual demuestra que <strong>el verdadero impacto en productividad y costes llega cuando esas iniciativas se integran en una estrategia cl\u00ednica <a href=\"https:\/\/ifeelonline.com\/es\/nuestro-departamento-de-investigacion-clinica\/\">basada en datos.<\/a><\/strong> La raz\u00f3n: lo que el empleado expresa (p. ej., \u201cansiedad\u201d) no siempre coincide con la causa cl\u00ednica que deteriora su desempe\u00f1o (p. ej., \u201cestr\u00e9s laboral\u201d); sin una evaluaci\u00f3n diferencial rigurosa, es f\u00e1cil invertir en soluciones correctas para problemas equivocados.<\/p>\n\n\n\n<p>Las organizaciones que han dado este salto operan con dos principios: velocidad y precisi\u00f3n. Para ayudar en este proceso, <strong>ifeel convierte el bienestar corporativo en un mecanismo real de gesti\u00f3n del riesgo, logrando un tiempo medio de 20 minutos hasta el primer contacto cl\u00ednico.<\/strong>  Esta capacidad de respuesta r\u00e1pida de ifeel es el puente entre la detecci\u00f3n temprana y la prevenci\u00f3n efectiva, lo que permite estabilizar casos a tiempo, preservando la continuidad operativa y reduciendo costes prevenibles.<\/p>\n\n\n\n<p>En este sentido, el impacto de la <a href=\"https:\/\/ifeelonline.com\/es\/implementacion\/\">implementaci\u00f3n de ifeel<\/a> es medible. Cuando el bienestar corporativo se gestiona con un enfoque cl\u00ednico y dashboards accionables (monitorizando transiciones entre niveles de riesgo y evoluci\u00f3n funcional), el <strong><a href=\"https:\/\/ifeelonline.com\/es\/salud-laboral\/estres-laboral\/absentismo-y-presentismo\/\">riesgo de absentismo<\/a> desciende significativamente<\/strong> en poblaciones de alto y medio riesgo durante los primeros meses.<\/p>\n\n\n\n<p>Nada de esto niega la utilidad de los cl\u00e1sicos programas de ejercicio, nutrici\u00f3n o pausas activas; simplemente <strong>los sit\u00faa dentro de una arquitectura m\u00e1s robusta.<\/strong> La gesti\u00f3n del estr\u00e9s (uno de los problemas m\u00e1s prevalentes en el trabajo) ya no puede abordarse solo con recomendaciones gen\u00e9ricas: requiere <strong>una soluci\u00f3n de salud mental para empresas que ofrezca triaje cl\u00ednico, terapia multicanal y contenidos psicoeducativos, adem\u00e1s de protocolos de crisis y formaci\u00f3n a managers.<\/strong> As\u00ed, el empleado se siente valorado y apoyado, aumenta su compromiso y motivaci\u00f3n, y la <a href=\"https:\/\/ifeelonline.com\/ebooks\/cultura-positiva\/?partner=ifeel_internLinkPost\">cultura organizacional se vuelve m\u00e1s positiva<\/a> y colaborativa. <\/p>\n\n\n\n<p>Pero, sobre todo, <strong>la direcci\u00f3n dispone de m\u00e9tricas objetivas <\/strong>(reducci\u00f3n de riesgo, mejoras funcionales, ahorros por bajas evitadas) para tomar decisiones informadas y observar el <a href=\"https:\/\/ifeelonline.com\/es\/ebooks\/roi-soluciones-de-salud-mental-a-medida\/\">ROI de la soluci\u00f3n<\/a>.<\/p>\n\n\n\n<div class=\"wp-block-group tu-clase-de-bloque has-background is-layout-constrained wp-block-group-is-layout-constrained\" style=\"background-color:#1b4291\">\n<h2 class=\"wp-block-heading has-text-color has-link-color wp-elements-1dcf58a6b6ce8a9bf09b2e2b930eceef\" style=\"color:#ffa593\"><span class=\"ez-toc-section\" id=\"Nota_para_lideres_%F0%9F%94%8E\"><\/span>Nota para l\u00edderes \ud83d\udd0e<span class=\"ez-toc-section-end\"><\/span><\/h2>\n\n\n\n<p class=\"has-white-color has-text-color has-link-color wp-elements-abc063b93dd4eb66206272677d9a8a12\">Los l\u00edderes tienen la responsabilidad crucial de promover el bienestar corporativo. Esto no solo implica implementar programas de salud, sino tambi\u00e9n crear un entorno de trabajo<strong> donde el bienestar sea parte integral de la cultura organizacional. <\/strong><\/p>\n\n\n\n<p class=\"has-white-color has-text-color has-link-color wp-elements-173f1a2092db9a7d44e350f43441d6c8\">Al fomentar un ambiente que priorice la salud mental y f\u00edsica, los l\u00edderes pueden mejorar significativamente la productividad y satisfacci\u00f3n de sus equipos. Adoptar estas pr\u00e1cticas no solo beneficia a los empleados, sino que, a largo plazo, <strong>refuerza el \u00e9xito y la sostenibilidad de la organizaci\u00f3n.<\/strong><\/p>\n<\/div>\n\n\n\n<h2 class=\"wp-block-heading\"><span class=\"ez-toc-section\" id=\"Relacion_entre_el_bienestar_corporativo_y_el_clima_laboral\"><\/span>Relaci\u00f3n entre el bienestar corporativo y el clima laboral<span class=\"ez-toc-section-end\"><\/span><\/h2>\n\n\n\n<p><strong>El bienestar corporativo es un concepto cada vez m\u00e1s importante en la cultura empresarial moderna<\/strong>, que se refiere a la promoci\u00f3n de la salud y el bienestar de los empleados en el entorno laboral. Por su parte, el clima laboral se refiere a la percepci\u00f3n que tienen los empleados sobre su entorno de trabajo, incluyendo factores como el nivel de satisfacci\u00f3n, <a href=\"https:\/\/ifeelonline.com\/motivacion-laboral\/\" data-type=\"post\" data-id=\"5828\">motivaci\u00f3n<\/a> y desempe\u00f1o.<\/p>\n\n\n\n<p>Estos dos conceptos est\u00e1n estrechamente relacionados, ya que un buen clima laboral es esencial para fomentar el bienestar corporativo.<strong> Si los empleados se sienten apreciados, valorados y respetados en el lugar de trabajo, esto tiene un impacto positivo en su salud mental y f\u00edsica<\/strong>. Por otro lado, cuando el clima laboral es negativo, esto puede tener un efecto negativo en el bienestar de los empleados, aumentando el estr\u00e9s y disminuyendo su satisfacci\u00f3n en el trabajo.<\/p>\n\n\n\n<p>Por lo tanto, es importante que las empresas inviertan en <strong>el bienestar corporativo y el clima laboral, <\/strong>asegur\u00e1ndose de que sus empleados se sientan seguros, apoyados y motivados en el trabajo. Esto puede incluir la implementaci\u00f3n de pol\u00edticas de salud y seguridad en el trabajo, <strong>la promoci\u00f3n de una cultura de trabajo saludable <\/strong>y el fomento de un ambiente de trabajo positivo y acogedor.<\/p>\n\n\n\n<p>En conclusi\u00f3n, la relaci\u00f3n entre el <strong>bienestar corporativo y el <a href=\"https:\/\/ifeelonline.com\/clima-laboral\/\" data-type=\"post\" data-id=\"5315\">clima laboral<\/a> es fundamental<\/strong>. El bienestar corporativo es esencial para fomentar un <strong>clima laboral positivo <\/strong>y, a su vez, u<strong>n buen clima laboral es crucial para mejorar el bienestar de los empleados<\/strong>. Las empresas que invierten en ambos aspectos tendr\u00e1n empleados m\u00e1s productivos, motivados y satisfechos, lo que se traducir\u00e1 en una mejora en la productividad y rentabilidad de la empresa.<\/p>\n\n\n\n<h2 class=\"wp-block-heading\"><span class=\"ez-toc-section\" id=\"Explora_el_impacto_real_de_ifeel_a_traves_de_nuestros_casos_de_estudio\"><\/span>Explora el impacto real de ifeel a trav\u00e9s de nuestros casos de estudio<span class=\"ez-toc-section-end\"><\/span><\/h2>\n\n\n\n<p>Para conocer en profundidad c\u00f3mo ifeel ha transformado el bienestar mental en diferentes organizaciones y sectores, te invitamos a descargar el resto de <a href=\"https:\/\/ifeelonline.com\/es\/ebooks\/#casosdeexito\">nuestros casos de estudio<\/a>, que detallan experiencias reales, resultados cl\u00ednicos y financieros, y las estrategias personalizadas que hemos implementado para maximizar el impacto en la salud emocional y la productividad de los equipos.&nbsp;<\/p>\n\n\n\n<p>Descubre c\u00f3mo empresas l\u00edderes en sectores como <a href=\"https:\/\/ifeelonline.com\/es\/ebooks\/caso-de-estudio-salud-mental-en-el-sector-farmaceutico\/\"><strong>farmac\u00e9uticas<\/strong><\/a><strong>, <\/strong><a href=\"https:\/\/ifeelonline.com\/es\/ebooks\/caso-de-estudio-salud-mental-en-el-ambito-financiero\/\"><strong>finanzas<\/strong><\/a><strong>, <\/strong><a href=\"https:\/\/ifeelonline.com\/es\/salud-mental-en-la-industria-de-la-automocion-un-caso-de-estudio\/\"><strong>automoci\u00f3n<\/strong><\/a><strong>, <\/strong><a href=\"https:\/\/ifeelonline.com\/es\/ebooks\/la-solucion-definitiva-para-la-salud-mental-en-el-sector-retail\/\"><strong>retail<\/strong><\/a><strong>, <\/strong><a href=\"https:\/\/ifeelonline.com\/es\/ebooks\/transformando-la-salud-mental-en-la-industria-hotelera\/\"><strong>hosteler\u00eda<\/strong><\/a><strong>, tecnolog\u00eda y energ\u00eda<\/strong> han logrado reducir el absentismo, mejorar el compromiso y potenciar una cultura organizacional saludable gracias a nuestra soluci\u00f3n integral.&nbsp;<\/p>\n\n\n\n<p>No pierdas la oportunidad de inspirarte con estos ejemplos y llevar el bienestar mental a otro nivel en tu organizaci\u00f3n.<\/p>\n\n\n\n<h2 class=\"wp-block-heading\"><span class=\"ez-toc-section\" id=\"La_salud_mental_en_el_trabajo_uno_de_los_mayores_retos_de_las_organizaciones_empresariales_en_la_actualidad\"><\/span><strong>La salud mental en el trabajo, uno de los mayores retos de las organizaciones empresariales en la actualidad<\/strong><span class=\"ez-toc-section-end\"><\/span><\/h2>\n\n\n\n<p>Desde ifeel, sabemos que una\u00a0<strong>cultura de bienestar para grandes empresas<\/strong>\u00a0es esencial para mantener una fuerza laboral motivada, saludable y productiva. Es por ello que implementar estrategias que promuevan la salud mental y el bienestar general de los empleados puede transformar significativamente la din\u00e1mica organizacional y proporcionar una ventaja competitiva en el mercado.<\/p>\n\n\n\n<p>Nuestra soluci\u00f3n de salud mental para empresas emplea&nbsp;<strong>pr\u00e1cticas basadas en la evidencia y m\u00e9todos innovadores,<\/strong>&nbsp;respaldados por la investigaci\u00f3n m\u00e1s reciente y una red de m\u00e1s de 600 profesionales de la salud mental. \u00bfTe gustar\u00eda saber m\u00e1s sobre nuestro&nbsp;<a href=\"https:\/\/ifeelonline.com\/nuestro-departamento-de-investigacion-clinica\/\">Departamento de Investigaci\u00f3n Cl\u00ednica<\/a>?&nbsp; No te olvides de visitar esta secci\u00f3n para mantenerte siempre informado sobre los \u00faltimos estudios e investigaciones en salud mental dentro de los entornos corporativos.<\/p>\n\n\n\n<p>Esperamos que este art\u00edculo sobre la <strong>importancia del bienestar corporativo<\/strong> te haya resultado interesante y te invitamos a leer nuestro \u00faltimo blog dedicado al cuidado de la <a href=\"https:\/\/ifeelonline.com\/es\/salud-laboral\/estrategia-personalizada-para-trabajadores-de-primera-linea\/\">salud mental de los <em>frontline workers<\/em> o trabajadores de primera l\u00ednea<\/a>..<\/p>\n\n\n\n<p>Si deseas obtener m\u00e1s informaci\u00f3n sobre el&nbsp;<strong>ROI de nuestra soluci\u00f3n personalizada de salud mental para empresas<\/strong>,&nbsp;<a href=\"https:\/\/ifeelonline.com\/solicitar-demo\/\">simplemente solic\u00edtalo aqu\u00ed&nbsp;<\/a>y nuestro equipo realizar\u00e1 un c\u00e1lculo adaptado a las caracter\u00edsticas espec\u00edficas de tu empresa.<\/p>\n\n    <div class=\"xs_social_share_widget xs_share_url after_content \t\tmain_content  wslu-style-1 wslu-share-box-shaped wslu-fill-colored wslu-none wslu-share-horizontal wslu-theme-font-no wslu-main_content\">\n\n\t\t\n        <ul>\n\t\t\t        <\/ul>\n    <\/div> \n","protected":false},"excerpt":{"rendered":"<p>El bienestar corporativo, tambi\u00e9n conocido como wellbeing corporativo, ha evolucionado de ser un simple beneficio adicional a convertirse en una necesidad estrat\u00e9gica para las organizaciones modernas. Las empresas l\u00edderes en diversos sectores est\u00e1n descubriendo que la inversi\u00f3n en la salud f\u00edsica, mental y emocional de sus empleados no solo es \u00e9ticamente correcta, sino tambi\u00e9n financieramente [&hellip;]<\/p>\n","protected":false},"author":62,"featured_media":14915,"comment_status":"closed","ping_status":"open","sticky":false,"template":"","format":"standard","meta":{"content-type":"","postBodyCss":"","postBodyMargin":[],"postBodyPadding":[],"postBodyBackground":{"backgroundType":"classic","gradient":""},"footnotes":""},"categories":[311,472],"tags":[],"class_list":["post-9447","post","type-post","status-publish","format-standard","has-post-thumbnail","hentry","category-salud-laboral","category-motivacion-laboral"],"_links":{"self":[{"href":"https:\/\/ifeelonline.com\/es\/wp-json\/wp\/v2\/posts\/9447","targetHints":{"allow":["GET"]}}],"collection":[{"href":"https:\/\/ifeelonline.com\/es\/wp-json\/wp\/v2\/posts"}],"about":[{"href":"https:\/\/ifeelonline.com\/es\/wp-json\/wp\/v2\/types\/post"}],"author":[{"embeddable":true,"href":"https:\/\/ifeelonline.com\/es\/wp-json\/wp\/v2\/users\/62"}],"replies":[{"embeddable":true,"href":"https:\/\/ifeelonline.com\/es\/wp-json\/wp\/v2\/comments?post=9447"}],"version-history":[{"count":0,"href":"https:\/\/ifeelonline.com\/es\/wp-json\/wp\/v2\/posts\/9447\/revisions"}],"wp:featuredmedia":[{"embeddable":true,"href":"https:\/\/ifeelonline.com\/es\/wp-json\/wp\/v2\/media\/14915"}],"wp:attachment":[{"href":"https:\/\/ifeelonline.com\/es\/wp-json\/wp\/v2\/media?parent=9447"}],"wp:term":[{"taxonomy":"category","embeddable":true,"href":"https:\/\/ifeelonline.com\/es\/wp-json\/wp\/v2\/categories?post=9447"},{"taxonomy":"post_tag","embeddable":true,"href":"https:\/\/ifeelonline.com\/es\/wp-json\/wp\/v2\/tags?post=9447"}],"curies":[{"name":"wp","href":"https:\/\/api.w.org\/{rel}","templated":true}]}}