{"id":9324,"date":"2022-06-21T12:14:07","date_gmt":"2022-06-21T11:14:07","guid":{"rendered":"https:\/\/ifeelonline.com\/?p=9324"},"modified":"2024-02-14T16:47:47","modified_gmt":"2024-02-14T15:47:47","slug":"entrevista-sesame-ifeel","status":"publish","type":"post","link":"https:\/\/ifeelonline.com\/es\/entrevistas-ifeel\/entrevista-sesame-ifeel\/","title":{"rendered":"\u00bfC\u00f3mo puede mejorar la experiencia de los empleados a trav\u00e9s de los incentivos y beneficios en las empresas? \u00a0"},"content":{"rendered":"\n<h2 class=\"wp-block-heading\"><a href=\"https:\/\/www.linkedin.com\/in\/crismartinlopez\/\" target=\"_blank\" data-type=\"URL\" data-id=\"https:\/\/www.linkedin.com\/in\/crismartinlopez\/\" rel=\"noreferrer noopener\">Cristina Mart\u00edn, Head of<strong> <\/strong>People and Talent de Sesame HR<\/a><\/h2>\n\n\n\n<div style=\"height:26px\" aria-hidden=\"true\" class=\"wp-block-spacer\"><\/div>\n\n\n\n<hr class=\"wp-block-separator has-css-opacity\"\/>\n\n\n\n<p>Soy <strong>Cristina Martin<\/strong>, <strong>People and Talent Director en Sesame y Zeus<\/strong> desde hace cuatro a\u00f1os. Cuando me top\u00e9 con este proyecto llevaba siete a\u00f1os trabajando en la misma empresa. Conoc\u00ed Sesame a trav\u00e9s de su <strong>cultura, de ese compa\u00f1erismo, de esas ganas de avanzar <\/strong>y de retarse cada d\u00eda, as\u00ed me qued\u00e9 prendada de la compa\u00f1\u00eda y decid\u00ed dar el paso.&nbsp;<\/p>\n\n\n\n<p>Siempre he sido fan de las personas, <strong>del potencial que tenemos como sociedad,<\/strong> de compartir todos los momentos, los buenos y los malos, y de aprender de ellas. Ante todo eso. Supongo que no es cuesti\u00f3n de azar que haya elegido el camino profesional que he elegido.&nbsp;<\/p>\n\n\n\n<div style=\"height:16px\" aria-hidden=\"true\" class=\"wp-block-spacer\"><\/div>\n\n\n\n<hr class=\"wp-block-separator has-css-opacity\"\/>\n\n\n\n<div style=\"height:30px\" aria-hidden=\"true\" class=\"wp-block-spacer\"><\/div>\n\n\n\n<h3 class=\"wp-block-heading\">Cu\u00e9ntanos, Cristina:<strong> \u00bfQu\u00e9 es exactamente Sesame?<\/strong><\/h3>\n\n\n\n<div style=\"height:30px\" aria-hidden=\"true\" class=\"wp-block-spacer\"><\/div>\n\n\n\n<p><strong>Sesame<\/strong> actualmente es un <strong>software completo de Recursos Humanos, <\/strong>pero naci\u00f3 en 2015 como una soluci\u00f3n de control horario, que respond\u00eda a la necesidad interna de contar con una <strong>herramienta de fichaje m\u00e1s efectiva para un modelo de trabajo flexible<\/strong>. Para ese momento era raro escuchar sobre este tipo de jornadas, al menos a nivel nacional, por lo que las opciones de control horario eran limitadas a usos m\u00e1s \u201cnormativos\u201d.&nbsp;<\/p>\n\n\n\n<p>Pero el <strong>gran estallido<\/strong> lleg\u00f3 con la <strong>aprobaci\u00f3n del Real Decreto de Ley<\/strong> que, entre otras cosas, regula el <strong>registro de la jornada laboral.<\/strong> De pronto tener un control del horario de los trabajadores era imprescindible y eso pon\u00eda <strong>Sesame en una posici\u00f3n de ventaja<\/strong> por haber desarrollado su app antes de que llegara esta necesidad. La <strong>evoluci\u00f3n l\u00f3gica del software<\/strong> era evolucionar a una suite donde pudieras gestionar todo lo relacionado con tu equipo, y como el sector de los <a href=\"https:\/\/ifeelonline.com\/en-que-consiste-el-trabajo-de-recursos-humanos\/\" data-type=\"post\" data-id=\"5336\">Recursos Humanos<\/a> estaba en un buen momento, empezamos a desarrollarlo, hasta convertirlo en la plataforma que es ahora.&nbsp;<\/p>\n\n\n\n<div style=\"height:15px\" aria-hidden=\"true\" class=\"wp-block-spacer\"><\/div>\n\n\n\n<div style=\"height:15px\" aria-hidden=\"true\" class=\"wp-block-spacer\"><\/div>\n\n\n\n<p>Cuando comenc\u00e9 no \u00e9ramos ni un tercio de lo que somos ahora, y vivir y formar parte de ese crecimiento ha sido muy enriquecedor. Nos hemos enfrentado a retos enormes como, el m\u00e1s reciente, duplicar la plantilla en menos de tres meses tras recibir una ronda de inversi\u00f3n de 10 millones de euros. Miro atr\u00e1s y todav\u00eda no me lo creo, pero ha sido muy emocionante.&nbsp;<\/p>\n\n\n\n<div style=\"height:30px\" aria-hidden=\"true\" class=\"wp-block-spacer\"><\/div>\n\n\n\n<figure class=\"wp-block-pullquote quote\"><blockquote><p>&#8220;Formar parte de su <strong>evoluci\u00f3n y crecimiento<\/strong> ha sido todo una gran experiencia.&#8221;<\/p><\/blockquote><\/figure>\n\n\n\n<div style=\"height:30px\" aria-hidden=\"true\" class=\"wp-block-spacer\"><\/div>\n\n\n\n<h3 class=\"wp-block-heading\"><strong>\u00bfQu\u00e9 papel consideras que ha jugado la transformaci\u00f3n digital en torno al cuidado del bienestar de los empleados?<\/strong><\/h3>\n\n\n\n<div style=\"height:30px\" aria-hidden=\"true\" class=\"wp-block-spacer\"><\/div>\n\n\n\n<p>El sector se encuentra en un <strong>momento complejo<\/strong> y para poder ser \u00e1giles necesitamos <strong>digitalizar todos los procesos<\/strong> que puedan ser digitalizados. Esto, por un lado, nos ahorra tiempo que podemos <strong>dedicar a cuidar de verdad a los empleados<\/strong>, y por otro lado, nos da herramientas para poder ofrecerles una <strong>experiencia de calidad.&nbsp;<\/strong><br><br><\/p>\n\n\n\n<figure class=\"wp-block-pullquote quote\"><blockquote><p>&#8220;Desde RRHH ponemos en marcha acciones y <strong>herramientas que ayuden a construir ese bienestar <\/strong>para cada empleado&#8221;<\/p><\/blockquote><\/figure>\n\n\n\n<p>Pero son los managers, o mandos intermedios, los que deben llevar a cabo estas acciones, porque son los que tienen contacto directo todos los d\u00edas con ellos y los conocen de verdad.&nbsp;<\/p>\n\n\n\n<p>Las plataformas digitales como Sesame nos sirven para dar apoyo tanto a RRHH como a managers, de forma que podamos concentrar esas herramientas en un solo lugar y que esta tarea sea m\u00e1s sencilla y c\u00f3moda.<\/p>\n\n\n\n<div style=\"height:17px\" aria-hidden=\"true\" class=\"wp-block-spacer\"><\/div>\n\n\n\n<h3 class=\"wp-block-heading\">Como Directora de RRHH de Sesame, <strong>\u00bfcu\u00e1les consideras que son los tres pilares b\u00e1sicos para fomentar una employee experience positiva?<\/strong><\/h3>\n\n\n\n<div style=\"height:26px\" aria-hidden=\"true\" class=\"wp-block-spacer\"><\/div>\n\n\n\n<p><strong>Primero: cuida a tus empleados. Ofr\u00e9celes <a href=\"https:\/\/ifeelonline.com\/beneficios-sociales-empresas\/\" data-type=\"post\" data-id=\"8262\">incentivos y beneficios<\/a>, <\/strong>la capacidad de elegir c\u00f3mo quieren recibirlos, la opci\u00f3n de <strong>configurar su experiencia laboral<\/strong>. Es importante que ofrezcamos herramientas que aporten <strong>salud,<\/strong> como la opci\u00f3n de elegir cu\u00e1ndo y c\u00f3mo quieren su salario, gimnasio en la propia oficina, facilidades para la conciliaci\u00f3n\u2026y d\u00e9mosles confianza, eso por encima de todo.&nbsp;<\/p>\n\n\n\n<p>El segundo se basa en <strong>crear un lugar de trabajo en el que cada persona involucrada sea y se sienta \u00fanica. <\/strong>No hay n\u00fameros ni \u201cpuestos\u201d reemplazables, hay <strong>personas con talentos<\/strong> que cubren necesidades de la empresa, que son parte de un equipo y cuyas voces cuentan tanto como la de cargos directivos. Y, bajo esta premisa, ofrecer trabajos a medida de cada persona, su experiencia es \u00fanica al igual que sus necesidades.&nbsp;<\/p>\n\n\n\n<div style=\"height:15px\" aria-hidden=\"true\" class=\"wp-block-spacer\"><\/div>\n\n\n\n<div style=\"height:15px\" aria-hidden=\"true\" class=\"wp-block-spacer\"><\/div>\n\n\n\n<p>Por \u00faltimo, crear una<strong> fuerte cultura empresarial.<\/strong> Todo gira en torno a esto, a <strong>crear espacios de trabajo<\/strong> donde valores como la <strong>empat\u00eda y el compa\u00f1erismo<\/strong> sean lo principal, <strong>por encima de competitividad y resultados.<\/strong> Si cuentas con un grupo de <strong>personas llenas de talento<\/strong>, quieres que remen en la misma direcci\u00f3n y esa direcci\u00f3n es lo que marca la <strong>cultura de tu empresa.<\/strong><\/p>\n\n\n\n<p><\/p>\n\n\n\n<p> Doy por hecho que la salud de todos se ha resentido <strong>pero la productividad ha sido la misma<\/strong> incluso mayor. Tenemos <strong>un equipo de personas incre\u00edble<\/strong>, siempre al pie del ca\u00f1\u00f3n y con mucho talento, hay mucho trabajo <strong>pero la misi\u00f3n de la empresa nos motiva<\/strong> y <strong>la cultura de la compa\u00f1\u00eda nos invita a gestionar el estr\u00e9s<\/strong> que pueda surgir con <strong>herramientas \u00fatiles basadas en el respeto y la flexibilidad.<\/strong><\/p>\n\n\n\n<div style=\"height:30px\" aria-hidden=\"true\" class=\"wp-block-spacer\"><\/div>\n\n\n\n<h3 class=\"wp-block-heading\">\u00bf<strong>C\u00f3mo llev\u00e1is a cabo un proceso de onboarding adecuado,<\/strong> <strong>aplicable a todos vuestros nuevos empleados, pero personalizado en funci\u00f3n de sus necesidades?<\/strong><\/h3>\n\n\n\n<div style=\"height:30px\" aria-hidden=\"true\" class=\"wp-block-spacer\"><\/div>\n\n\n\n<p>Ahora mismo <strong>contamos con veintid\u00f3s <em>items<\/em> en nuestro <em><a href=\"https:\/\/ifeelonline.com\/ebooks\/descargar-guia-onboarding-ifeel\/\" data-type=\"page\" data-id=\"9200\">onboarding<\/a><\/em><\/strong>, a los que hemos llegado a medida que <strong>la afluencia de incorporaciones ha ido creciendo<\/strong>. Al principio en diez minutos <strong>se presentaba toda la plantilla y se creaban din\u00e1micas para conocernos entre todos<\/strong>. Ahora la cosa est\u00e1 m\u00e1s complicada, somos tantos que a veces no vemos las caras de algunas personas durante d\u00edas. Por lo que han habido partes del proceso que se han tenido que adaptar y <strong>hemos tenido que incluir personas y roles<\/strong> en \u00e9l para que la persona que se incorpore encuentre todo lo que necesita para realizar su trabajo desde el primer d\u00eda.&nbsp;<\/p>\n\n\n\n<p>Existen unos b\u00e1sicos que todas las personas reciben: <strong>informaci\u00f3n transparente<\/strong> de c\u00f3mo funciona la empresa, de <strong>qu\u00e9 se encontrar\u00e1 los primeros d\u00edas, <\/strong>un paquete de <strong><em>merchan<\/em> <\/strong>para que se sienta parte del equipo -esto siempre es lo que m\u00e1s ilusi\u00f3n hace, ser\u00e1 por las golosinas-, una <strong>agenda con reuniones<\/strong> establecidas con los departamentos y<strong> roles con los que tendr\u00e1 m\u00e1s contacto<\/strong>. Todo un paquete que nos asegure que cualquier duda o necesidad que la nueva incorporaci\u00f3n pueda tener, estar\u00e1 cubierta.&nbsp;<\/p>\n\n\n\n<p>A partir de este momento, ya solo queda otorgar a todas las personas el<strong> espacio y el tiempo <\/strong>de hacerse con el cargo, con las responsabilidades y la oficina. Para seguir este proceso, se presta especial atenci\u00f3n al <strong>feedback que podamos recibir de <em>managers<\/em><\/strong> y compa\u00f1eros, quienes vivir\u00e1n c\u00f3mo se desenvuelve la persona y qu\u00e9 aspectos podr\u00edamos mejorar o tener en cuenta en el futuro.&nbsp;<\/p>\n\n\n\n<div style=\"height:17px\" aria-hidden=\"true\" class=\"wp-block-spacer\"><\/div>\n\n\n\n<div style=\"height:17px\" aria-hidden=\"true\" class=\"wp-block-spacer\"><\/div>\n\n\n\n<h3 class=\"wp-block-heading\">Para finalizar, nos encantar\u00eda conocer <strong>tu visi\u00f3n sobre las <a href=\"https:\/\/ifeelonline.com\/tendencias-recursos-humanos-2022\/\" data-type=\"post\" data-id=\"8198\">tendencias actuales en RRHH<\/a> y la influencia que el bienestar emocional de los trabajadores tiene sobre ellas.<\/strong><\/h3>\n\n\n\n<div style=\"height:30px\" aria-hidden=\"true\" class=\"wp-block-spacer\"><\/div>\n\n\n\n<p>Como hemos comentado, todo est\u00e1 cambiando a una velocidad de v\u00e9rtigo.<\/p>\n\n\n\n<p>Ya no se buscan trabajos para toda la vida, se buscan trabajos que nos den vida, que nos permitan crecer y desarrollarnos como personas y como profesionales. El contexto actual h<strong>a propiciado la creaci\u00f3n de nuevas formas de trabajo<\/strong> (totalmente remoto, h\u00edbrido, horarios flexibles\u2026) y nos ha hecho entender que las cosas se pueden hacer mejor y m\u00e1s personales, que no todo el mundo necesita lo mismo.&nbsp;<\/p>\n\n\n\n<figure class=\"wp-block-pullquote quote\"><blockquote><p>&#8220;La postpandemia nos ha tra\u00eddo muchas lecciones pero la m\u00e1s importante, sin duda, <strong>es que el bienestar de las personas es lo primero.<\/strong>&#8220;<\/p><\/blockquote><\/figure>\n\n\n\n<p>Esta premisa ha cambiado radicalmente las preferencias de las personas, sobre todo desde el punto de vista laboral.&nbsp; Las preferencias ya estaban cambiando en la \u00e9poca pre-pandemia, las nuevas generaciones est\u00e1n muy involucradas con la salud mental y reh\u00fasan realizar trabajos en los que las condiciones no sean favorables. Se puede decir que las tendencias actuales iban a llegar igualmente, solo que han llegado inesperadamente y con la exigencia de tener que actuar a gran velocidad.<\/p>\n\n    <div class=\"xs_social_share_widget xs_share_url after_content \t\tmain_content  wslu-style-1 wslu-share-box-shaped wslu-fill-colored wslu-none wslu-share-horizontal wslu-theme-font-no wslu-main_content\">\n\n\t\t\n        <ul>\n\t\t\t        <\/ul>\n    <\/div> \n","protected":false},"excerpt":{"rendered":"<p>Cristina Mart\u00edn, Head of People and Talent de Sesame HR Soy Cristina Martin, People and Talent Director en Sesame y Zeus desde hace cuatro a\u00f1os. Cuando me top\u00e9 con este proyecto llevaba siete a\u00f1os trabajando en la misma empresa. Conoc\u00ed Sesame a trav\u00e9s de su cultura, de ese compa\u00f1erismo, de esas ganas de avanzar y [&hellip;]<\/p>\n","protected":false},"author":48,"featured_media":10267,"comment_status":"closed","ping_status":"open","sticky":false,"template":"","format":"standard","meta":{"content-type":"","postBodyCss":"","postBodyMargin":[],"postBodyPadding":[],"postBodyBackground":{"backgroundType":"classic","gradient":""},"footnotes":""},"categories":[494],"tags":[],"class_list":["post-9324","post","type-post","status-publish","format-standard","has-post-thumbnail","hentry","category-entrevistas-ifeel"],"_links":{"self":[{"href":"https:\/\/ifeelonline.com\/es\/wp-json\/wp\/v2\/posts\/9324","targetHints":{"allow":["GET"]}}],"collection":[{"href":"https:\/\/ifeelonline.com\/es\/wp-json\/wp\/v2\/posts"}],"about":[{"href":"https:\/\/ifeelonline.com\/es\/wp-json\/wp\/v2\/types\/post"}],"author":[{"embeddable":true,"href":"https:\/\/ifeelonline.com\/es\/wp-json\/wp\/v2\/users\/48"}],"replies":[{"embeddable":true,"href":"https:\/\/ifeelonline.com\/es\/wp-json\/wp\/v2\/comments?post=9324"}],"version-history":[{"count":0,"href":"https:\/\/ifeelonline.com\/es\/wp-json\/wp\/v2\/posts\/9324\/revisions"}],"wp:featuredmedia":[{"embeddable":true,"href":"https:\/\/ifeelonline.com\/es\/wp-json\/wp\/v2\/media\/10267"}],"wp:attachment":[{"href":"https:\/\/ifeelonline.com\/es\/wp-json\/wp\/v2\/media?parent=9324"}],"wp:term":[{"taxonomy":"category","embeddable":true,"href":"https:\/\/ifeelonline.com\/es\/wp-json\/wp\/v2\/categories?post=9324"},{"taxonomy":"post_tag","embeddable":true,"href":"https:\/\/ifeelonline.com\/es\/wp-json\/wp\/v2\/tags?post=9324"}],"curies":[{"name":"wp","href":"https:\/\/api.w.org\/{rel}","templated":true}]}}