{"id":8760,"date":"2022-03-15T11:18:15","date_gmt":"2022-03-15T10:18:15","guid":{"rendered":"https:\/\/ifeelonline.com\/?p=8760"},"modified":"2024-10-24T12:39:48","modified_gmt":"2024-10-24T11:39:48","slug":"programas-de-corporate-wellness","status":"publish","type":"post","link":"https:\/\/ifeelonline.com\/es\/salud-laboral\/programas-de-corporate-wellness\/","title":{"rendered":"C\u00f3mo dise\u00f1ar buenos programas de corporate wellness"},"content":{"rendered":"<div id=\"ez-toc-container\" class=\"ez-toc-v2_0_81 counter-hierarchy ez-toc-counter ez-toc-custom ez-toc-container-direction\">\n<div class=\"ez-toc-title-container\">\n<p class=\"ez-toc-title\" style=\"cursor:inherit\">Contenidos<\/p>\n<span class=\"ez-toc-title-toggle\"><a href=\"#\" class=\"ez-toc-pull-right ez-toc-btn ez-toc-btn-xs ez-toc-btn-default ez-toc-toggle\" aria-label=\"Toggle Table of Content\"><span class=\"ez-toc-js-icon-con\"><span class=\"\"><span class=\"eztoc-hide\" style=\"display:none;\">Toggle<\/span><span class=\"ez-toc-icon-toggle-span\"><svg style=\"fill: #51607e;color:#51607e\" xmlns=\"http:\/\/www.w3.org\/2000\/svg\" class=\"list-377408\" width=\"20px\" height=\"20px\" viewBox=\"0 0 24 24\" fill=\"none\"><path d=\"M6 6H4v2h2V6zm14 0H8v2h12V6zM4 11h2v2H4v-2zm16 0H8v2h12v-2zM4 16h2v2H4v-2zm16 0H8v2h12v-2z\" fill=\"currentColor\"><\/path><\/svg><svg style=\"fill: #51607e;color:#51607e\" class=\"arrow-unsorted-368013\" xmlns=\"http:\/\/www.w3.org\/2000\/svg\" width=\"10px\" height=\"10px\" viewBox=\"0 0 24 24\" version=\"1.2\" baseProfile=\"tiny\"><path d=\"M18.2 9.3l-6.2-6.3-6.2 6.3c-.2.2-.3.4-.3.7s.1.5.3.7c.2.2.4.3.7.3h11c.3 0 .5-.1.7-.3.2-.2.3-.5.3-.7s-.1-.5-.3-.7zM5.8 14.7l6.2 6.3 6.2-6.3c.2-.2.3-.5.3-.7s-.1-.5-.3-.7c-.2-.2-.4-.3-.7-.3h-11c-.3 0-.5.1-.7.3-.2.2-.3.5-.3.7s.1.5.3.7z\"\/><\/svg><\/span><\/span><\/span><\/a><\/span><\/div>\n<nav><ul class='ez-toc-list ez-toc-list-level-1 eztoc-toggle-hide-by-default' ><li class='ez-toc-page-1 ez-toc-heading-level-2'><a class=\"ez-toc-link ez-toc-heading-1\" href=\"https:\/\/ifeelonline.com\/es\/salud-laboral\/programas-de-corporate-wellness\/#%C2%BFQue_son_los_programas_de_corporate_wellness\" >\u00bfQu\u00e9 son los programas de corporate wellness?<\/a><\/li><li class='ez-toc-page-1 ez-toc-heading-level-2'><a class=\"ez-toc-link ez-toc-heading-2\" href=\"https:\/\/ifeelonline.com\/es\/salud-laboral\/programas-de-corporate-wellness\/#%C2%BFQue_deben_tener_en_cuenta_los_programas_de_corporate_wellness\" >\u00bfQu\u00e9 deben tener en cuenta los programas de corporate wellness?<\/a><\/li><li class='ez-toc-page-1 ez-toc-heading-level-2'><a class=\"ez-toc-link ez-toc-heading-3\" href=\"https:\/\/ifeelonline.com\/es\/salud-laboral\/programas-de-corporate-wellness\/#Wellness_corporativo\" >Wellness corporativo<\/a><\/li><li class='ez-toc-page-1 ez-toc-heading-level-2'><a class=\"ez-toc-link ez-toc-heading-4\" href=\"https:\/\/ifeelonline.com\/es\/salud-laboral\/programas-de-corporate-wellness\/#Programa_de_bienestar_emocional_para_empresas\" >Programa de bienestar emocional para empresas<\/a><\/li><\/ul><\/nav><\/div>\n\n<p>Los <strong>programas de corporate wellness<\/strong> son estrategias llevadas a cabo de forma deliberada por parte de las empresas para fomentar h\u00e1bitos de vida saludable en sus trabajadores. Por supuesto, en funci\u00f3n del tama\u00f1o de la empresa, sus recursos, objetivos, tareas y caracter\u00edsticas de la empresa ir\u00e1n variando las medidas a tomar dentro de esta <strong>estrategia de <a href=\"https:\/\/ifeelonline.com\/bienestar-laboral\/\" data-type=\"post\" data-id=\"5134\">bienestar corporativo<\/a><\/strong>. En este post hablamos sobre ello.&nbsp;<\/p>\n\n\n\n\n\n<h2 class=\"wp-block-heading\"><span class=\"ez-toc-section\" id=\"%C2%BFQue_son_los_programas_de_corporate_wellness\"><\/span>\u00bfQu\u00e9 son los programas de corporate wellness?<span class=\"ez-toc-section-end\"><\/span><\/h2>\n\n\n\n<p>Como acabamos de mencionar, <strong>son una de las herramientas m\u00e1s poderosas con las que cuenta una organizaci\u00f3n para funcionar de forma saludable<\/strong> y, por tanto, tener una productividad sostenible y diferenciarse de sus principales competidoras. <\/p>\n\n\n\n<p>Por supuesto, estos <a href=\"https:\/\/ifeelonline.com\/salud-laboral\/programas-de-salud-mental-para-empresas\/\">programas de salud mental para empresas<\/a> se llevan a cabo en funci\u00f3n de las necesidades detectadas en la plantilla, as\u00ed como de los objetivos planteados respecto a su salud y tambi\u00e9n <strong>los objetivos planteados respecto al tipo de vinculaci\u00f3n que se desea que los empleados establezcan con la compa\u00f1\u00eda<\/strong>.<\/p>\n\n\n\n<blockquote class=\"wp-block-quote has-text-align-center is-layout-flow wp-block-quote-is-layout-flow\">\n<p>Descarga nuestro <a href=\"https:\/\/ifeelonline.com\/ebooks\/wellness-action-plan\/?partner=ifeel_internLinkPost\"><strong>Wellnes Action Plan<\/strong><\/a> para que aprendas a cuidar el bienestar mental de tus empleados de forma estrat\u00e9gica y planificada<\/p>\n<\/blockquote>\n\n\n\n\n\n<h3 class=\"wp-block-heading\">\u00bfCu\u00e1l es la raz\u00f3n de ser de los programas de corporate wellness?&nbsp;<\/h3>\n\n\n\n<p>Facilitar la vida de los empleados, <strong>dot\u00e1ndoles de herramientas para solucionar problemas, satisfacer sus necesidades y proporcionarles experiencias agradables<\/strong>. De este modo, la expectativa es que su capacidad de trabajo mejore y tambi\u00e9n aumente su <a href=\"https:\/\/ifeelonline.com\/compromiso-laboral-con-la-empresa\/\" data-type=\"post\" data-id=\"5716\">compromiso con la empresa<\/a>, favoreciendo as\u00ed para la compa\u00f1\u00eda un adecuado retorno de la inversi\u00f3n que realiza en bienestar corporativo.&nbsp;<br><br> <br>Descubre todo lo que la metodolog\u00eda <a href=\"https:\/\/ifeelonline.com\/people-analytics\/\" data-type=\"post\" data-id=\"7956\">People Analytics<\/a> puede aportar a tu empresa. <\/p>\n\n\n\n<figure class=\"wp-block-image size-full is-resized\"><img loading=\"lazy\" decoding=\"async\" width=\"708\" height=\"380\" src=\"https:\/\/ifeelonline.com\/wp-content\/uploads\/2022\/03\/redd-5U_28ojjgms-unsplash-1.jpg\" alt=\"programas de corporate wellness\n\" class=\"wp-image-8762\" style=\"width:840px;height:auto\" srcset=\"https:\/\/ifeelonline.com\/es\/wp-content\/uploads\/2022\/03\/redd-5U_28ojjgms-unsplash-1.jpg 708w, https:\/\/ifeelonline.com\/es\/wp-content\/uploads\/2022\/03\/redd-5U_28ojjgms-unsplash-1-300x161.jpg 300w\" sizes=\"auto, (max-width: 708px) 100vw, 708px\" \/><\/figure>\n\n\n\n<p>Todos los<strong> programas de corporate wellness<\/strong> deben partir, entre otras, de dos preguntas generales pero necesarias: <strong>\u00bfqu\u00e9 motiva a las personas? y \u00bfqu\u00e9 les aporta bienestar?<\/strong>&nbsp;<\/p>\n\n\n\n<p>No es complicado encontrar respuestas preliminares a estos cuestionamientos. <strong>Lo que <a href=\"https:\/\/ifeelonline.com\/motivacion-laboral-sabes-que-significa\/\" data-type=\"post\" data-id=\"8797\">motiva<\/a> a las personas y hace que se sientan bien en el trabajo <\/strong>es la satisfacci\u00f3n de necesidades b\u00e1sicas y no tan b\u00e1sicas, as\u00ed como recibir algo m\u00e1s: ese extra de afecto que es tan necesario poner en las relaciones para que estas sean satisfactorias y no se queden vac\u00edas. Tambi\u00e9n <strong>la relaci\u00f3n entre una empresa y cada uno de sus empleados<\/strong>.&nbsp;<\/p>\n\n\n\n<p>Por eso es tan importante encontrar la manera de <strong>aportarles una experiencia de bienestar<\/strong> que vaya m\u00e1s all\u00e1 de los m\u00ednimos de correcci\u00f3n que se exigir\u00edan en cualquier trabajo y tambi\u00e9n m\u00e1s all\u00e1 del salario econ\u00f3mico estipulado en el contrato con los trabajadores.<\/p>\n\n\n\n<h2 class=\"wp-block-heading\"><span class=\"ez-toc-section\" id=\"%C2%BFQue_deben_tener_en_cuenta_los_programas_de_corporate_wellness\"><\/span>\u00bfQu\u00e9 deben tener en cuenta los programas de corporate wellness?<span class=\"ez-toc-section-end\"><\/span><\/h2>\n\n\n\n<h3 class=\"wp-block-heading\">1. La complejidad de las personas&nbsp;<\/h3>\n\n\n\n<p>Los <strong>programas de corporate wellness <\/strong>tienen que tener en cuenta la complejidad de cualquier individuo. Aunque haya personas que podamos considerar m\u00e1s bien b\u00e1sicas o primarias,<strong> todos los seres humanos tenemos diferentes facetas que influyen en nuestro bienestar f\u00edsico y psicol\u00f3gico<\/strong>.&nbsp;<\/p>\n\n\n\n<p>Nuestras necesidades, gustos, circunstancias vitales, est\u00e1n <strong>influidas por multitud de factores <\/strong>y por eso van cambiando con el tiempo. Siempre estamos vivos como trabajadores porque siempre estamos vivos como personas, lo importante es que esa vida profesional sea una vida que merezca la pena ser vivida, que no est\u00e9 a medio gas.&nbsp;<\/p>\n\n\n\n<p>Los <strong>programas de corporate wellness<\/strong> tienen una enorme importancia en insuflar ese soplo de energ\u00eda que nos empuja hacia delante y<strong> nos ayuda a empujar hacia delante a nuestras empresas<\/strong>.<\/p>\n\n\n\n<h3 class=\"wp-block-heading\">2. La especificidad de las personas<\/h3>\n\n\n\n<p>Los <strong>programas de corporate wellness<\/strong> tienen que tener en cuenta la especificidad de los trabajadores, es decir, aquello que los diferencia del resto de sus compa\u00f1eros. Siempre es un error sobreentender que lo que motiva o ayuda a una persona a tener una vida m\u00e1s f\u00e1cil (y esto es pr\u00e1cticamente como decir <strong>\u201clo que la ayuda a tener una<a href=\"https:\/\/ifeelonline.com\/que-es-la-experiencia-de-los-empleados\/\" data-type=\"post\" data-id=\"5615\"> experiencia del empleado<\/a> m\u00e1s satisfactoria\u201d<\/strong>) es justo lo que nosotros imaginamos y\/o lo mismo que ayuda al resto de sus compa\u00f1eros.&nbsp;<\/p>\n\n\n\n<p>Para hacer diana en estos aspectos es fundamental contar con <strong>una estrategia eficaz de <a href=\"https:\/\/ifeelonline.com\/tipos-de-comunicacion-interna\/\" data-type=\"post\" data-id=\"6612\">comunicaci\u00f3n interna<\/a><\/strong>, prestar atenci\u00f3n a las personas, escucharlas, dedicarles tiempo y emplear herramientas \u00fatiles para medir el clima laboral de la compa\u00f1\u00eda, la motivaci\u00f3n dentro de los equipos y la posible influencia de <a href=\"https:\/\/ifeelonline.com\/riesgos-psicosociales-en-el-trabajo\/\"><strong>factores de riesgo psicosocial<\/strong> <\/a>que puedan estar afectando al bienestar psicol\u00f3gico de los empleados.&nbsp;<\/p>\n\n\n\n<h3 class=\"wp-block-heading\">3. La combinaci\u00f3n de lo f\u00edsico y lo psicol\u00f3gico<\/h3>\n\n\n\n<p>Los <strong>programas de corporate wellness<\/strong> tienen que tener en cuenta los<strong> aspectos f\u00edsicos y psicol\u00f3gicos de la salud<\/strong>. Las personas tenemos un cuerpo que nos permite estar en la vida y experimentarla, pero tambi\u00e9n unos pensamientos, emociones, motivaciones y necesidades que dan vida a ese cuerpo y ofrecen un contenido a nuestra experiencia como personas y como empleados.&nbsp;<\/p>\n\n\n\n<p>Los <strong>programas de corporate wellness<\/strong> que solo atienden a la parte f\u00edsica del bienestar (alimentaci\u00f3n, sue\u00f1o, actividad f\u00edsica y deporte, fundamentalmente) son \u00fatiles y beneficiosos pero no son m\u00e1ximamente eficientes: est\u00e1n incompletos.&nbsp;<\/p>\n\n\n\n<p>Ahora m\u00e1s que nunca es necesario que las empresas se preocupen por<strong> implementar programas de corporate wellness <\/strong>que est\u00e9n orientados tambi\u00e9n a los m\u00faltiples factores que influyen en el bienestar psicol\u00f3gico de las personas que forman parte de la compa\u00f1\u00eda y hacen posible su misi\u00f3n cada d\u00eda.&nbsp;<\/p>\n\n\n\n<h2 class=\"wp-block-heading\"><span class=\"ez-toc-section\" id=\"Wellness_corporativo\"><\/span>Wellness corporativo<span class=\"ez-toc-section-end\"><\/span><\/h2>\n\n\n\n<p>Tal y como hemos explicado en este art\u00edculo, el wellness corporativo es una idea que conviene que las compa\u00f1\u00edas incorporen a su cultura empresarial, entendi\u00e9ndola de forma amplia y aplic\u00e1ndola de forma concreta. \u00bfC\u00f3mo? A trav\u00e9s de programas de wellness corporativo para empresas que partan de una adecuada prospecci\u00f3n de necesidades entre los miembros de la plantilla y est\u00e9n convenientemente evaluados para ir maximizando su eficiencia con el tiempo.<\/p>\n\n\n\n<h3 class=\"wp-block-heading\">Beneficios del wellness corporativo&nbsp;<\/h3>\n\n\n\n<p><strong>Mejora la experiencia del empleado.<\/strong> De este modo, la eficiencia de esos programas de wellness corporativo para empresas se reflejar\u00e1 a corto, medio y largo plazo con una mayor satisfacci\u00f3n de los empleados, es decir, con una mejora generalizada en su experiencia dentro de la organizaci\u00f3n.&nbsp;<\/p>\n\n\n\n<p><strong>Aumenta la motivaci\u00f3n y el compromiso<\/strong>. Esta relevancia real que se le d\u00e9 al wellness corporativo se trasladar\u00e1 a su vez en una mejora de la motivaci\u00f3n con las tareas asignadasy el compromiso de los empleados con sus funciones y con la misi\u00f3n de la empresa.&nbsp;<strong>Disminuyen las bajas debidas a problemas psicol\u00f3gicos<\/strong>. Los programas de wellness corporativo para empresas tambi\u00e9n contribuyen a reducir las bajas m\u00e9dicas debidas a problemas de salud mental, como el estr\u00e9s, la ansiedad o la depresi\u00f3n.<\/p>\n\n\n\n<figure class=\"wp-block-image size-full is-resized\"><img loading=\"lazy\" decoding=\"async\" width=\"708\" height=\"380\" src=\"https:\/\/ifeelonline.com\/wp-content\/uploads\/2022\/03\/gabin-vallet-J154nEkpzlQ-unsplash-1.jpg\" alt=\"programas de corporate wellness\n\" class=\"wp-image-8763\" style=\"width:840px;height:auto\" srcset=\"https:\/\/ifeelonline.com\/es\/wp-content\/uploads\/2022\/03\/gabin-vallet-J154nEkpzlQ-unsplash-1.jpg 708w, https:\/\/ifeelonline.com\/es\/wp-content\/uploads\/2022\/03\/gabin-vallet-J154nEkpzlQ-unsplash-1-300x161.jpg 300w\" sizes=\"auto, (max-width: 708px) 100vw, 708px\" \/><\/figure>\n\n\n\n<h2 class=\"wp-block-heading\"><span class=\"ez-toc-section\" id=\"Programa_de_bienestar_emocional_para_empresas\"><\/span>Programa de bienestar emocional para empresas<span class=\"ez-toc-section-end\"><\/span><\/h2>\n\n\n\n<p>En ifeel sabemos que el trabajo no debe suponer una interrupci\u00f3n en el bienestar de las personas. Por eso,<a href=\"https:\/\/ifeelonline.com\/psicologos-online\/\"> nuestro equipo de psic\u00f3logos<\/a> expertos en<a href=\"https:\/\/ifeelonline.com\/bienestar-laboral\/\"> bienestar laboral<\/a> ha creado una<a href=\"https:\/\/ifeelonline.com\/mejorar-el-bienestar-emocional-en-el-trabajo\/\"> soluci\u00f3n de bienestar emocional para empresas<\/a>. que mejora la retenci\u00f3n del talento, reduce el absentismo laboral y combate el estr\u00e9s de los trabajadores.\u00a0<\/p>\n\n\n\n<p>En nuestra secci\u00f3n de Recursos encontrar\u00e1s material valioso, como Podcast, Gu\u00edas para Recursos Humanos o Entrevistas con cargos importantes de RRHH. Adem\u00e1s, tenemos una Plantilla de Factores de Riesgo Psicosocial, que puedes utilizar para cumplir con los requisitos de la Inspecci\u00f3n de Trabajo.&nbsp;&nbsp;<\/p>\n\n\n\n<p>Gracias a nuestro programa de bienestar emocional, los responsables de<a href=\"https:\/\/ifeelonline.com\/en-que-consiste-el-trabajo-de-recursos-humanos\/\"> recursos humanos<\/a> de tu empresa pueden recibir asesoramiento personalizado y basado en datos sobre c\u00f3mo mejorar el bienestar psicol\u00f3gico de sus equipos. Adem\u00e1s, este<a href=\"https:\/\/ifeelonline.com\/app-programa-de-bienestar-laboral-para-empresas\/\"> programa<\/a> ofrece a los empleados un servicio 360\u00ba de cuidado de su<a href=\"https:\/\/ifeelonline.com\/salud-mental-en-el-trabajo\/\"> salud mental<\/a> estructurado en diferentes niveles en funci\u00f3n de sus necesidades.<a href=\"https:\/\/ifeelonline.com\/solicitar-demo\/\"> Prueba ahora nuestro programa<\/a> para que puedas ver c\u00f3mo podr\u00eda ayudaros.<\/p>\n\n\n\n<p>Esperamos que este post sobre los<strong> programas de corporate wellness <\/strong>te haya resultado interesante. Si quieres m\u00e1s informaci\u00f3n sobre nuestro programa de bienestar emocional para empresas<a href=\"https:\/\/ifeelonline.com\/como-funciona-ifeel-bienestar-laboral\/\"> solo tienes que solicitarla<\/a> y nos pondremos en contacto con tu equipo lo antes posible.<\/p>\n\n    <div class=\"xs_social_share_widget xs_share_url after_content \t\tmain_content  wslu-style-1 wslu-share-box-shaped wslu-fill-colored wslu-none wslu-share-horizontal wslu-theme-font-no wslu-main_content\">\n\n\t\t\n        <ul>\n\t\t\t        <\/ul>\n    <\/div> \n","protected":false},"excerpt":{"rendered":"<p>Los programas de corporate wellness son estrategias llevadas a cabo de forma deliberada por parte de las empresas para fomentar h\u00e1bitos de vida saludable en sus trabajadores. Por supuesto, en funci\u00f3n del tama\u00f1o de la empresa, sus recursos, objetivos, tareas y caracter\u00edsticas de la empresa ir\u00e1n variando las medidas a tomar dentro de esta estrategia [&hellip;]<\/p>\n","protected":false},"author":8,"featured_media":8761,"comment_status":"closed","ping_status":"open","sticky":false,"template":"","format":"standard","meta":{"content-type":"","postBodyCss":"","postBodyMargin":[],"postBodyPadding":[],"postBodyBackground":{"backgroundType":"classic","gradient":""},"footnotes":""},"categories":[311,472],"tags":[],"class_list":["post-8760","post","type-post","status-publish","format-standard","has-post-thumbnail","hentry","category-salud-laboral","category-motivacion-laboral"],"_links":{"self":[{"href":"https:\/\/ifeelonline.com\/es\/wp-json\/wp\/v2\/posts\/8760","targetHints":{"allow":["GET"]}}],"collection":[{"href":"https:\/\/ifeelonline.com\/es\/wp-json\/wp\/v2\/posts"}],"about":[{"href":"https:\/\/ifeelonline.com\/es\/wp-json\/wp\/v2\/types\/post"}],"author":[{"embeddable":true,"href":"https:\/\/ifeelonline.com\/es\/wp-json\/wp\/v2\/users\/8"}],"replies":[{"embeddable":true,"href":"https:\/\/ifeelonline.com\/es\/wp-json\/wp\/v2\/comments?post=8760"}],"version-history":[{"count":0,"href":"https:\/\/ifeelonline.com\/es\/wp-json\/wp\/v2\/posts\/8760\/revisions"}],"wp:featuredmedia":[{"embeddable":true,"href":"https:\/\/ifeelonline.com\/es\/wp-json\/wp\/v2\/media\/8761"}],"wp:attachment":[{"href":"https:\/\/ifeelonline.com\/es\/wp-json\/wp\/v2\/media?parent=8760"}],"wp:term":[{"taxonomy":"category","embeddable":true,"href":"https:\/\/ifeelonline.com\/es\/wp-json\/wp\/v2\/categories?post=8760"},{"taxonomy":"post_tag","embeddable":true,"href":"https:\/\/ifeelonline.com\/es\/wp-json\/wp\/v2\/tags?post=8760"}],"curies":[{"name":"wp","href":"https:\/\/api.w.org\/{rel}","templated":true}]}}