{"id":8032,"date":"2021-11-24T15:22:17","date_gmt":"2021-11-24T14:22:17","guid":{"rendered":"https:\/\/ifeelonline.com\/?p=8032"},"modified":"2021-11-24T15:22:24","modified_gmt":"2021-11-24T14:22:24","slug":"sintomas-de-la-depresion","status":"publish","type":"post","link":"https:\/\/ifeelonline.com\/es\/terapias-ifeel\/depresion\/sintomas-de-la-depresion\/","title":{"rendered":"S\u00edntomas de la depresi\u00f3n: m\u00e1s que una lista de items"},"content":{"rendered":"\n<p>Probablemente por desconocer<strong> los verdaderos s\u00edntomas de la depresi\u00f3n<\/strong>, a menudo hablamos de este conjunto de trastornos mentales de un modo superficial o inadecuado. Esto lleva a <strong>confundir la depresi\u00f3n con otras situaciones diferentes<\/strong> o menos graves y tambi\u00e9n hace que, en la vida en general y en el trabajo en particular, no tengamos en cuenta la importancia de los verdaderos cuadros depresivos hasta que son verdaderamente graves y <strong><a href=\"https:\/\/ifeelonline.com\/baja-por-depresion-una-herramienta-al-servicio-de-la-salud\/\">requieren una baja laboral por depresi\u00f3n<\/a><\/strong>. Por eso en este post queremos aclararte lo m\u00e1s importante que debes saber sobre la depresi\u00f3n y sus s\u00edntomas.&nbsp;<\/p>\n\n\n\n<h2 class=\"wp-block-heading\">\u00bfQu\u00e9 es la depresi\u00f3n?<\/h2>\n\n\n\n<p>Un trastorno tan complejo como la depresi\u00f3n puede tener diferentes causas. Para determinarlas es importante consultar con un profesional de salud mental que, junto a la persona en cuesti\u00f3n, realice <strong>una exploraci\u00f3n detallada de sus s\u00edntomas<\/strong> y de las consecuencias que tienen en su vida diaria y sus relaciones.<\/p>\n\n\n\n<h3 class=\"wp-block-heading\">S\u00edntomas de la depresi\u00f3n&nbsp;&nbsp;<\/h3>\n\n\n\n<p>Es caracter\u00edstico observar en las personas que padecen depresi\u00f3n <strong>una gran sensaci\u00f3n de abatimiento, falta de energ\u00eda y desmotivaci\u00f3n para cualquier actividad<\/strong> a la que tengan que enfrentarse. De hecho, uno de los s\u00edntomas de la depresi\u00f3n m\u00e1s relevantes suele ser la dificultad o incapacidad para disfrutar de las cosas y situaciones de la vida, incluyendo aquellas situaciones en las que antes s\u00ed se hallaba placer o ilusi\u00f3n.&nbsp;<\/p>\n\n\n\n<p>Junto a lo que ya hemos mencionado, en ciertos tipos de depresi\u00f3n <strong>es frecuente encontrar una autoestima baja <\/strong>y una falta de confianza en las propias capacidades para desarrollar una vida satisfactoria tanto en el presente como en el futuro.&nbsp;<\/p>\n\n\n\n<h2 class=\"wp-block-heading\">Entender la depresi\u00f3n para empezar a manejarla<\/h2>\n\n\n\n<p>Para conocer en profundidad los verdaderos s\u00edntomas de la depresi\u00f3n puedes consultar el <strong><a href=\"https:\/\/www.eafit.edu.co\/ninos\/reddelaspreguntas\/Documents\/dsm-v-guia-consulta-manual-diagnostico-estadistico-trastornos-mentales.pdf\" target=\"_blank\" data-type=\"URL\" data-id=\"https:\/\/www.eafit.edu.co\/ninos\/reddelaspreguntas\/Documents\/dsm-v-guia-consulta-manual-diagnostico-estadistico-trastornos-mentales.pdf\" rel=\"noreferrer noopener\">DSM-V<\/a><\/strong>, que es el manual diagn\u00f3stico oficial que empleamos los psic\u00f3logos. No obstante, por si ahora mismo no lo tienes a tu alcance, aqu\u00ed te detallamos tres aspectos importantes a tener en cuenta para poder enfocar el tema de los s\u00edntomas de la depresi\u00f3n de una manera m\u00e1s rigurosa.<\/p>\n\n\n\n<h3 class=\"wp-block-heading\">1. M\u00e1s all\u00e1 de la tristeza<\/h3>\n\n\n\n<p>Aunque a menudo se habla de los s\u00edntomas de la depresi\u00f3n como de padecer un estado de \u201ctristeza profunda\u201d, poniendo el acento en su faceta meramente melanc\u00f3lica, lo cierto es que <strong>el <a href=\"https:\/\/ifeelonline.com\/areas-de-mejora\/terapia-online-depresion\/\" data-type=\"URL\" data-id=\"https:\/\/ifeelonline.com\/areas-de-mejora\/terapia-online-depresion\/\">espectro de la depresi\u00f3n<\/a> es mucho m\u00e1s complejo<\/strong>.<\/p>\n\n\n\n<p>Este trastorno mental tampoco se limita a un \u00fanico estado de des\u00e1nimo puntual, relacionado con algo concreto que ha ocurrido o que va a ocurrir. De hecho,<strong> la tristeza es una emoci\u00f3n normal, incluso cuando es muy intensa, igual que la frustraci\u00f3n o la desilusi\u00f3n<\/strong>, siempre que sean coherentes con las causas que las provocan y que vayan evolucionando de manera productiva en lugar de quedarse estancadas.<\/p>\n\n\n\n<p>La tristeza normal promueve en quien la siente un estado introspectivo, de relativo retraimiento, pero tambi\u00e9n <strong>sirve para avisar a los dem\u00e1s de que tenemos un problema y estimular su ayuda<\/strong> compasiva. Por el contrario, la depresi\u00f3n no es una emoci\u00f3n normal, sino un trastorno en el que la persona tiende a aislarse y a tener dificultades para conectar con el apoyo prestado por otros.<\/p>\n\n\n\n<figure class=\"wp-block-image size-full\"><img loading=\"lazy\" decoding=\"async\" width=\"708\" height=\"380\" src=\"https:\/\/ifeelonline.com\/wp-content\/uploads\/2021\/11\/paola-chaaya-eAkjzXCU0p0-unsplash-1.jpeg\" alt=\"s\u00edntomas de la depresi\u00f3n\" class=\"wp-image-8034\" srcset=\"https:\/\/ifeelonline.com\/es\/wp-content\/uploads\/2021\/11\/paola-chaaya-eAkjzXCU0p0-unsplash-1.jpeg 708w, https:\/\/ifeelonline.com\/es\/wp-content\/uploads\/2021\/11\/paola-chaaya-eAkjzXCU0p0-unsplash-1-300x161.jpeg 300w\" sizes=\"auto, (max-width: 708px) 100vw, 708px\" \/><\/figure>\n\n\n\n<p>En realidad, cuando hablamos de s\u00edntomas depresivos nos referimos a <strong>un estado m\u00e1s o menos profundo de desmotivaci\u00f3n, desesperanza y apat\u00eda <\/strong>a trav\u00e9s del cual el individuo va desconect\u00e1ndose poco a poco de su red social, sus actividades y su compromiso con la vida. Por otro lado, la falta de energ\u00eda que acompa\u00f1a a la depresi\u00f3n tambi\u00e9n puede ir unida a <a href=\"https:\/\/ifeelonline.com\/ansiedad-y-depresion-comprender-el-monstruo-para-vencerlo\/\">una gran activaci\u00f3n en forma de ansiedad<\/a>.&nbsp;<\/p>\n\n\n\n<p>A nivel cognitivo la depresi\u00f3n genera <strong>una importante dificultad para encontrar soluciones a los problemas o encontrar interpretaciones alternativas <\/strong>a la propia visi\u00f3n pesimista de la realidad. El des\u00e1nimo puntual es un sentimiento humano normal, mientras que la depresi\u00f3n es una enfermedad y no se remonta con consejos superficiales o con arengas motivadoras.<\/p>\n\n\n\n<h3 class=\"wp-block-heading\">2. Relacionarnos con alguien que tiene depresi\u00f3n<\/h3>\n\n\n\n<p>Cuando tenemos que convivir o <strong>relacionarnos con alguien que tiene depresi\u00f3n<\/strong>, no debemos confundir nuestro cuidado, compa\u00f1\u00eda y apoyo con responsabilizarnos de la soluci\u00f3n de su problema. Son cruciales y no tienen nada de malo, pero <strong>no debemos confiar en que nuestro amor, simpat\u00eda o cuidados son suficientes por s\u00ed mismos para revertir el curso de una enfermedad mental<\/strong>, sobre todo si esta es grave. Tambi\u00e9n existen enfermedades mentales relativamente leves, incluyendo algunas depresiones, pero si la cosa es grave hace falta algo m\u00e1s.<\/p>\n\n\n\n<p>Podemos contribuir al bienestar de una persona con depresi\u00f3n pero es un error cargar con la responsabilidad de revertir su estado. Como hemos indicado antes, la persona con depresi\u00f3n no solo es alguien que est\u00e1 \u00abmuy triste\u00bb, sino <strong>alguien que interpreta que sus capacidades y su vida no tienen demasiado valor o importancia<\/strong>. A menudo estas personas tambi\u00e9n piensan que nadie les comprende o les trata como merecen o que no hay soluci\u00f3n posible a sus problemas.<\/p>\n\n\n\n<p>Es frecuente que los s\u00edntomas de la depresi\u00f3n hagan que <strong>la persona se aleje de los dem\u00e1s y no encuentre comprensi\u00f3n en ellos ni alternativas v\u00e1lidas en sus propuestas<\/strong>. Esto resulta muy frustrante y desolador para quienes tratan de acompa\u00f1arla. Es crucial tener paciencia y no dejarnos atrapar por esa din\u00e1mica.<\/p>\n\n\n\n<p>No hay una manera concreta de tratar a las personas que padecen una depresi\u00f3n cl\u00ednica establecida, porque las caracter\u00edsticas de este trastorno se manifiestan de manera diferente de un individuo a otro. Es importante escuchar y tratar de comprender, pero <strong>sin dejarse arrastrar por su intenso nivel de apat\u00eda o abatimiento<\/strong>. Podemos mostrar empat\u00eda, calidez y apoyo, pero no reforzar la victimizaci\u00f3n que la persona experimenta. Si el caso es grave no basta con nuestras buenas intenciones: <strong>es necesaria la ayuda psicol\u00f3gica e incluso psiqui\u00e1trica<\/strong>.<\/p>\n\n\n\n<h3 class=\"wp-block-heading\">3. Tratamiento, \u00bfs\u00ed o no?<\/h3>\n\n\n\n<p>Ante la duda sobre la relevancia de los s\u00edntomas de la depresi\u00f3n en nosotros mismos o en un ser querido, <strong>ninguna consulta con un especialista en salud mental est\u00e1 de m\u00e1s<\/strong> llegado el momento.&nbsp;<\/p>\n\n\n\n<figure class=\"wp-block-image size-full\"><img loading=\"lazy\" decoding=\"async\" width=\"708\" height=\"380\" src=\"https:\/\/ifeelonline.com\/wp-content\/uploads\/2021\/11\/eric-ward-akT1bnnuMMk-unsplash-1.jpg\" alt=\"s\u00edntomas de la depresi\u00f3n\" class=\"wp-image-8035\" srcset=\"https:\/\/ifeelonline.com\/es\/wp-content\/uploads\/2021\/11\/eric-ward-akT1bnnuMMk-unsplash-1.jpg 708w, https:\/\/ifeelonline.com\/es\/wp-content\/uploads\/2021\/11\/eric-ward-akT1bnnuMMk-unsplash-1-300x161.jpg 300w\" sizes=\"auto, (max-width: 708px) 100vw, 708px\" \/><\/figure>\n\n\n\n<p>Si preferimos esperar, debemos plantearnos con seriedad el realizar esa consulta sobre los s\u00edntomas de la depresi\u00f3n <strong>cuando veamos que la situaci\u00f3n persiste en el tiempo<\/strong>. Sobre todo debemos consultar cuando aparecen dificultades para responder a las obligaciones y ocupaciones del d\u00eda a d\u00eda, cuando el aislamiento se hace muy pronunciado y existen dificultades para llevar una vida normal y cuando hay <strong>verbalizaciones sobre la muerte, la falta de sentido de la vida o un deseo expl\u00edcito de no vivir<\/strong>.<\/p>\n\n\n\n<p>Esperamos que este post sobre<strong> los s\u00edntomas de la depresi\u00f3n <\/strong>y la importancia de contextualizarlos adecuadamente te haya resultado interesante. Tanto si tienes una depresi\u00f3n como si no tienes claro si la tienes o no, o si alguien cercano a ti presenta este problema es fundamental que manteng\u00e1is la esperanza y que, si ten\u00e9is la oportunidad, consult\u00e9is con un psic\u00f3logo que pueda orientaros sobre la mejor manera de hacer frente a esta situaci\u00f3n. Puedes hacerlo con uno de los <a href=\"https:\/\/ifeelonline.com\/psicologos-online\/\">psic\u00f3logos profesionales especializados en depresi\u00f3n <\/a>que trabajan en nuestra plataforma. Merece la pena intentarlo.&nbsp;<\/p>\n\n    <div class=\"xs_social_share_widget xs_share_url after_content \t\tmain_content  wslu-style-1 wslu-share-box-shaped wslu-fill-colored wslu-none wslu-share-horizontal wslu-theme-font-no wslu-main_content\">\n\n\t\t\n        <ul>\n\t\t\t        <\/ul>\n    <\/div> \n","protected":false},"excerpt":{"rendered":"<p>Probablemente por desconocer los verdaderos s\u00edntomas de la depresi\u00f3n, a menudo hablamos de este conjunto de trastornos mentales de un modo superficial o inadecuado. Esto lleva a confundir la depresi\u00f3n con otras situaciones diferentes o menos graves y tambi\u00e9n hace que, en la vida en general y en el trabajo en particular, no tengamos en [&hellip;]<\/p>\n","protected":false},"author":8,"featured_media":8033,"comment_status":"closed","ping_status":"open","sticky":false,"template":"","format":"standard","meta":{"content-type":"","postBodyCss":"","postBodyMargin":[],"postBodyPadding":[],"postBodyBackground":{"backgroundType":"classic","gradient":""},"footnotes":""},"categories":[87,479],"tags":[],"class_list":["post-8032","post","type-post","status-publish","format-standard","has-post-thumbnail","hentry","category-depresion","category-terapias-ifeel"],"_links":{"self":[{"href":"https:\/\/ifeelonline.com\/es\/wp-json\/wp\/v2\/posts\/8032","targetHints":{"allow":["GET"]}}],"collection":[{"href":"https:\/\/ifeelonline.com\/es\/wp-json\/wp\/v2\/posts"}],"about":[{"href":"https:\/\/ifeelonline.com\/es\/wp-json\/wp\/v2\/types\/post"}],"author":[{"embeddable":true,"href":"https:\/\/ifeelonline.com\/es\/wp-json\/wp\/v2\/users\/8"}],"replies":[{"embeddable":true,"href":"https:\/\/ifeelonline.com\/es\/wp-json\/wp\/v2\/comments?post=8032"}],"version-history":[{"count":0,"href":"https:\/\/ifeelonline.com\/es\/wp-json\/wp\/v2\/posts\/8032\/revisions"}],"wp:featuredmedia":[{"embeddable":true,"href":"https:\/\/ifeelonline.com\/es\/wp-json\/wp\/v2\/media\/8033"}],"wp:attachment":[{"href":"https:\/\/ifeelonline.com\/es\/wp-json\/wp\/v2\/media?parent=8032"}],"wp:term":[{"taxonomy":"category","embeddable":true,"href":"https:\/\/ifeelonline.com\/es\/wp-json\/wp\/v2\/categories?post=8032"},{"taxonomy":"post_tag","embeddable":true,"href":"https:\/\/ifeelonline.com\/es\/wp-json\/wp\/v2\/tags?post=8032"}],"curies":[{"name":"wp","href":"https:\/\/api.w.org\/{rel}","templated":true}]}}