{"id":5199,"date":"2021-10-25T09:56:00","date_gmt":"2021-10-25T08:56:00","guid":{"rendered":"https:\/\/ifeelonline.com\/?p=5199"},"modified":"2021-12-30T14:00:43","modified_gmt":"2021-12-30T13:00:43","slug":"como-afecta-el-paro-a-la-salud-mental","status":"publish","type":"post","link":"https:\/\/ifeelonline.com\/es\/salud-laboral\/como-afecta-el-paro-a-la-salud-mental\/","title":{"rendered":"\u00bfC\u00f3mo afecta el paro a la salud mental?"},"content":{"rendered":"\n<p><strong>\u00bfAlguna vez has estado desempleado mucho tiempo y has sentido c\u00f3mo afecta el paro a la salud mental?<\/strong> Como <strong>no es lo mismo contarlo que vivirlo<\/strong>, quienes lo han vivido lo saben bien: paro y salud mental son dos aspectos de la vida que a veces cuesta mucho esfuerzo armonizar. \u00a0<\/p>\n\n\n\n<p>Las personas que no lo han experimentado nunca o<strong> solo durante muy poco tiempo<\/strong>, tienden a interpretarlo err\u00f3neamente: creen que estar en paro es <strong>una especie de periodo de vacaciones <\/strong>en el que el individuo est\u00e1 <strong>libre del <a href=\"https:\/\/ifeelonline.com\/baja-por-estres-laboral-2\/\" data-type=\"post\" data-id=\"7508\">estr\u00e9s que provoca trabajar<\/a><\/strong>, est\u00e1 descansado y dispone de mucho tiempo libre que disfrutar solo por el hecho de que no trabaja. Sin embargo, quienes han pasado por <strong>periodos largos de paro<\/strong> o est\u00e1n haci\u00e9ndolo ahora mismo saben que el paro y las vacaciones tienen muy pocas cosas en com\u00fan.&nbsp;<\/p>\n\n\n\n<p>Cada parado vive la experiencia a su manera y <strong>puede haber grandes diferencias en funci\u00f3n de las circunstancias de cada uno<\/strong>. La edad, las cargas familiares o econ\u00f3micas, el nivel de formaci\u00f3n, entre otros, son factores que <strong>pueden influir negativa o positivamente <\/strong>en la ya de por s\u00ed dif\u00edcil experiencia de estar sin trabajo.&nbsp;<\/p>\n\n\n\n<p>Por supuesto, tambi\u00e9n est\u00e1n<strong> las caracter\u00edsticas psicol\u00f3gicas de cada uno<\/strong>: si somos m\u00e1s pesimistas y ansiosos tendremos menos perspectivas de encontrar pronto un nuevo empleo y eso har\u00e1 que nos encontremos peor. Por otro lado, si el trabajo que hemos perdido nos importaba o gustaba mucho <strong>el proceso de duelo posterior ser\u00e1 m\u00e1s \u00e1rido <\/strong>que si detest\u00e1bamos aquel empleo.&nbsp;<\/p>\n\n\n\n<figure class=\"wp-block-image size-large\"><img loading=\"lazy\" decoding=\"async\" width=\"708\" height=\"380\" src=\"https:\/\/ifeelonline.com\/wp-content\/uploads\/2021\/03\/magnet-me-hZWK1jcYy8g-unsplash-1.jpg\" alt=\"c\u00f3mo afecta el paro a la salud mental\" class=\"wp-image-5201\" srcset=\"https:\/\/ifeelonline.com\/es\/wp-content\/uploads\/2021\/03\/magnet-me-hZWK1jcYy8g-unsplash-1.jpg 708w, https:\/\/ifeelonline.com\/es\/wp-content\/uploads\/2021\/03\/magnet-me-hZWK1jcYy8g-unsplash-1-300x161.jpg 300w\" sizes=\"auto, (max-width: 708px) 100vw, 708px\" \/><\/figure>\n\n\n\n<p>Como decimos, <strong>el proceso de b\u00fasqueda de empleo puede ser realmente largo<\/strong>, por lo que es imprescindible no quemarse imprimiendo un ritmo atolondrado a esa b\u00fasqueda y, sobre todo, ser muy sistem\u00e1ticos y ordenados con los pasos que vamos dando para ejecutarla. La b\u00fasqueda activa de empleo no es algo que se improvisa sobre la marcha, no es \u201cvoy haciendo, voy viendo, a ver qu\u00e9 sale\u201d. En la medida de lo posible <strong>hay que plantearla como una estrategia que parte de un objetivo y que plantea una serie de acciones concretas para lograrlo <\/strong>y de las cuales se va tomando nota para poder evaluar los resultados peri\u00f3dicamente.<\/p>\n\n\n\n<p>No obstante, cuando pasan los meses, incluso<strong> los a\u00f1os sin poder reincorporarse a la carrera profesional<\/strong> en absoluto o solo a trav\u00e9s de empleos menores y satisfactorios, la <strong><a href=\"https:\/\/ifeelonline.com\/cuidar-la-salud-mental-de-los-trabajadores\/\" data-type=\"post\" data-id=\"7510\">salud mental<\/a><\/strong> de la persona que est\u00e1 en paro acaba resinti\u00e9ndose.&nbsp;La persona que busca empleo necesita poner en marcha <strong>una serie de mecanismos de defensa<\/strong>, completamente sanos y necesarios, para poder amortiguar la cantidad de negativas, frustraciones o preocupaciones que va a experimentar durante el proceso.<\/p>\n\n\n\n<p>A continuaci\u00f3n te explicamos c\u00f3mo afecta el paro a la salud mental y <strong>los principales efectos que puede tener un proceso de paro prolongado sobre el bienestar psicol\u00f3gico <\/strong>de las personas, especialmente en una situaci\u00f3n de crisis econ\u00f3mica.<\/p>\n\n\n\n<h2>C\u00f3mo afecta el paro a la salud mental<\/h2>\n\n\n\n<h3 class=\"wp-block-heading\">1. Deterioro de la autoestima<\/h3>\n\n\n\n<p>El trabajo estructura nuestro d\u00eda a d\u00eda, <strong>nos mantiene activos e integrados socialmente <\/strong>y nos aporta un medio de vida, un proyecto y un cierto estatus.&nbsp;<\/p>\n\n\n\n<p>Perder el trabajo y tardar mucho tiempo en recuperarlo <strong>impacta negativamente en nuestra <a href=\"https:\/\/ifeelonline.com\/como-mejorar-la-autoestima-en-el-trabajo\/\" data-type=\"post\" data-id=\"5195\">autoestima<\/a> <\/strong>porque llegamos a la conclusi\u00f3n de que no somos v\u00e1lidos: <strong>no somos lo suficientemente buenos <\/strong>como para optar a un trabajo considerado \u201cde calidad\u201d para nosotros.&nbsp;La autoestima es, por tanto, uno de los espacios donde la combinaci\u00f3n paro y salud mental se vuelve explosiva.<\/p>\n\n\n\n<p>Durante las primeras semanas y meses <strong>es posible que interpretemos nuestra situaci\u00f3n en t\u00e9rminos de las circunstancias<\/strong>: no es mi culpa, es que hay mucha crisis; yo soy bueno, pero tambi\u00e9n hay mucha competencia; no es mala suerte, es que hace falta que pasen las vacaciones, que empiece el curso, que aprueben tal o cual ley\u2026&nbsp;<\/p>\n\n\n\n<p>Desafortunadamente, <strong>conforme va pasando el tiempo la balanza empieza a pesar m\u00e1s del lado de lo personal<\/strong>: no soy un buen candidato, me he quedado desfasado, no s\u00e9 buscar empleo, carezco de cualidades\u2026&nbsp;<\/p>\n\n\n\n<p>A nadie le gusta recibir un no por respuesta. Supone frustraci\u00f3n, al no ver cumplidos los deseos, o las expectativas. En el caso de las personas que buscan empleo,<strong> las negativas son directamente interpretadas como una enmienda a la totalidad<\/strong>: \u201cNo he sido un candidato lo suficientemente bueno como para ser elegido o considerado para el puesto. Mis cualidades han sido consideradas como insuficientes al compararlas con las de los otros candidatos\u201d.&nbsp;<\/p>\n\n\n\n<p>Estas afirmaciones son muy realistas, son un hecho cierto, pero hay que contextualizarlas junto a otras consideraciones del tipo: \u201cEn realidad no s\u00e9 qu\u00e9 estaban buscando. <strong>Que ellos hayan rechazado mi candidatura no quiere decir que esta fuera completamente mala<\/strong>, simplemente no se ha ajustado a esta oferta en concreto. Hay muchos factores que explican su decisi\u00f3n y que se me est\u00e1n escapando\u201d.&nbsp;<\/p>\n\n\n\n<p>Obviamente, cuando recibimos una o dos negativas no pasa nada, <strong>el problema para la autoestima viene cuando somos rechazados una y otra vez<\/strong>, en ofertas de diferente tipo. Entonces empieza a cobrar relevancia la interpretaci\u00f3n de que el problema soy yo, que soy insuficiente, o que no soy capaz de sacarme a relucir.&nbsp;<\/p>\n\n\n\n<p>&nbsp;<\/p>\n\n\n\n<h3 class=\"wp-block-heading\">2. Estado de \u00e1nimo negativo<\/h3>\n\n\n\n<p>El paso de los meses <strong>sin encontrar una sola se\u00f1al de que la b\u00fasqueda se est\u00e1 haciendo correctamente <\/strong>o de que \u201calgo se mueve\u201d en el mercado laboral hace que, poco a poco, vayamos cayendo en un estado de <strong>desesperanza, pesimismo y desmotivaci\u00f3n<\/strong> que pueden llegar a complicarse en forma de <a href=\"https:\/\/ifeelonline.com\/depresion-y-tristeza-una-sutil-diferencia\/\">una verdadera <strong>depresi\u00f3n cl\u00ednica<\/strong><\/a>.&nbsp;<\/p>\n\n\n\n<p>Adem\u00e1s del natural <strong>sentimiento de des\u00e1nimo y frustraci\u00f3n<\/strong> es muy com\u00fan en los parados de larga duraci\u00f3n la experiencia de <strong>indefensi\u00f3n aprendida<\/strong>. Se trata de un estado de <strong>impotencia<\/strong> al que la persona llega tras concluir que, haga lo que haga, <strong>no tiene ninguna influencia en su capacidad para encontrar un trabajo<\/strong> y est\u00e1 a expensas exclusivamente de lo que las circunstancias quieran depararle.&nbsp;&nbsp;&nbsp;<\/p>\n\n\n\n<h3 class=\"wp-block-heading\">3. Aumento de la ansiedad<\/h3>\n\n\n\n<p>Aunque var\u00eda mucho de persona a persona, es probable que <strong>cuando alguien lleva mucho tiempo en paro experimente un aumento de la <a href=\"https:\/\/ifeelonline.com\/areas-de-mejora\/terapia-online-ansiedad\/\" data-type=\"page\" data-id=\"6539\">ansiedad<\/a><\/strong>, especialmente si ya de por s\u00ed la l\u00ednea base de su activaci\u00f3n fisiol\u00f3gica tend\u00eda a ser alta.&nbsp;<\/p>\n\n\n\n<p>Cuando hablamos de un aumento de la ansiedad, que <strong>suele ir muy unida al estado de \u00e1nimo negativo<\/strong>, nos referimos a un estado de inquietud f\u00edsica, dificultad para descansar y relajarse, <strong>miedos anticipatorios<\/strong>, angustia ante la <strong>incertidumbre<\/strong> y la falta de se\u00f1ales favorables, etc.&nbsp;<\/p>\n\n\n\n<p>No podemos olvidar que <strong>el paro es, entre otras cosas, un periodo en el que la persona pasa mucho tiempo sola <\/strong>o \u201creconcentrada\u201d en sus pensamientos haci\u00e9ndose preguntas respecto al futuro que no son nada relajantes: \u00bfvolver\u00e9 a trabajar alg\u00fan d\u00eda?, <strong>\u00bfcu\u00e1ndo encontrar\u00e9 trabajo?<\/strong>, \u00bfconservar\u00e9 mi puesto <strong>despu\u00e9s del ERTE<\/strong>?, \u00bfempeorar\u00e1n mis condiciones laborales en el futuro?<\/p>\n\n\n\n<h3 class=\"wp-block-heading\">4. Confusi\u00f3n respecto a la identidad<\/h3>\n\n\n\n<p>No es que cuando estamos mucho tiempo en paro vivamos completamente despersonalizados, sino que <strong>la p\u00e9rdida del trabajo impacta negativamente en nuestra identidad <\/strong>precisamente porque, cuando lo ten\u00edamos, nuestro empleo aportaba mucho contenido a nuestra identidad.&nbsp;El asunto del paro y la salud mental tambi\u00e9n tiene que ver, literalmente, con <em>qui\u00e9nes<\/em> somos. <\/p>\n\n\n\n<p>Siempre<strong> tendemos a definirnos en primer lugar por la labor<\/strong> que hacemos, por el trabajo que tenemos. Si te fijas, es de las primeras cosas que les comunicamos a los otros que \u201csomos\u201d y<strong> es de lo primero que sale en las conversaciones<\/strong> cuando nos encontramos con nuestros amigos.&nbsp;<\/p>\n\n\n\n<figure class=\"wp-block-image size-large\"><img loading=\"lazy\" decoding=\"async\" width=\"708\" height=\"380\" src=\"https:\/\/ifeelonline.com\/wp-content\/uploads\/2021\/03\/allgo-an-app-for-plus-size-people-OGXhWwN6PnI-unsplash-1.jpg\" alt=\"c\u00f3mo afecta el paro a la salud mental\" class=\"wp-image-5202\" srcset=\"https:\/\/ifeelonline.com\/es\/wp-content\/uploads\/2021\/03\/allgo-an-app-for-plus-size-people-OGXhWwN6PnI-unsplash-1.jpg 708w, https:\/\/ifeelonline.com\/es\/wp-content\/uploads\/2021\/03\/allgo-an-app-for-plus-size-people-OGXhWwN6PnI-unsplash-1-300x161.jpg 300w\" sizes=\"auto, (max-width: 708px) 100vw, 708px\" \/><\/figure>\n\n\n\n<p>Cuando perdemos nuestro trabajo<strong> se produce una fractura en esa etiqueta que nos define <\/strong>y tenemos que encontrar una nueva que no nos resulte inc\u00f3moda, dolorosa o vergonzante. S\u00ed, <strong>a muchas personas que llevan mucho tiempo en paro les da verg\u00fcenza decirlo delante de otras<\/strong>, as\u00ed que tienen que ocultarlo para seguir resultando \u201cpresentables\u201d, incluso aunque sea a un nivel estrictamente de <strong>inserci\u00f3n laboral<\/strong>, ya que al buscar trabajo no queda bien decir que llevas mucho tiempo sin trabajar.&nbsp;<\/p>\n\n\n\n<h3 class=\"wp-block-heading\">5. Exclusi\u00f3n social<\/h3>\n\n\n\n<p>Aunque muchas veces decimos que <strong>nuestros compa\u00f1eros de trabajo no son nuestros amigos<\/strong>, otras veces la gente con la que trabajamos s\u00ed forma una parte importante de nuestro c\u00edrculo afectivo cercano.&nbsp;<\/p>\n\n\n\n<p>Incluso cuando no es as\u00ed, <strong>son las personas con las que m\u00e1s tiempo pasamos y m\u00e1s interacciones compartimos <\/strong>en nuestro d\u00eda a d\u00eda. Adem\u00e1s, <a href=\"https:\/\/ifeelonline.com\/efectos-toxicos-del-teletrabajo-en-la-salud-mental\/\">aunque <strong>hagamos teletrabajo<\/strong><\/a>, el empleo nos hace salir literal o simb\u00f3licamente de la soledad de nuestra realidad dom\u00e9stica, <strong>nos conecta con otras personas<\/strong> y otras realidades, <strong>nos mantiene activos <\/strong>en muchos sentidos.&nbsp;<\/p>\n\n\n\n<p>El trabajo y lo que nos ocurre trabajando es lo que les contamos a nuestros amigos y familiares cuando les vemos. El trabajo es lo que nos ofrece <strong>un sueldo que luego podemos emplear en participar de m\u00faltiples facetas<\/strong> de la vida. Cuando todo eso desaparece durante un periodo largo de tiempo la persona pierde <strong>gran parte de sus v\u00ednculos con el \u201cmundo exterior\u201d <\/strong>y puede aparecer una gran sensaci\u00f3n de <strong>desconexi\u00f3n<\/strong>, soledad e incapacidad para participar de la vida en la que s\u00ed participan los dem\u00e1s.&nbsp;<\/p>\n\n\n\n<h2>C\u00f3mo cuidar de tu salud mental estando en paro<\/h2>\n\n\n\n<p>En algunas situaciones la cosa se complica tanto que armonizar paro y salud mental parece una tarea imposible. No obstante, dentro de la circunstancia particular de cada cual, es imprescindible incorporar algunos elementos que permitan amortiguar el impacto que una situaci\u00f3n de desempleo, sobre todo prolongada, puede tener sobre el bienestar psicol\u00f3gico del individuo. A continuaci\u00f3n te ofrecemos diez sugerencias por si te sirven de ayuda. <\/p>\n\n\n\n<p>-Encuentra una nueva forma de definirte que no te averg\u00fcence delante de tu entorno.<\/p>\n\n\n\n<p>-Ten esperanza en el futuro.<\/p>\n\n\n\n<p>-Intenta que tu entorno comprenda tu situaci\u00f3n.<\/p>\n\n\n\n<p>-Dentro de tus posibilidades, ot\u00f3rgate gratificaciones sin sentirte culpable.<\/p>\n\n\n\n<p>-Si puedes, toma el control permiti\u00e9ndote decir que no a las ofertas que sientas que no te van bien.<\/p>\n\n\n\n<p>-Incluye la integraci\u00f3n social como una tarea de autocuidado.<\/p>\n\n\n\n<p>-Ases\u00f3rate sobre c\u00f3mo realizar una b\u00fasqueda activa de empleo a\u00fan m\u00e1s eficiente.<\/p>\n\n\n\n<p>-Distribuye bien tus fuerzas y no te quemes a las pocas semanas.<\/p>\n\n\n\n<p>-Selecciona bien la informaci\u00f3n a la que accedes para no \u201cintoxicarte\u201d con un exceso de malas noticias.<\/p>\n\n\n\n<p>-Cuida de ti, no te abandones, estructura tus rutinas.<\/p>\n\n\n\n<p>Como acabamos de explicar, <strong>la<\/strong> <strong>del paro y salud mental es una combinaci\u00f3n complicada, ya que el desempleo es una experiencia muy desafiante para la salud psicol\u00f3gica<\/strong> de cualquier persona. Si est\u00e1s en esta situaci\u00f3n ahora mismo es importante que <strong>mantengas la esperanza en el futuro<\/strong> y la conexi\u00f3n con tus <strong>redes sociales<\/strong> de apoyo, adem\u00e1s de llevar a cabo una correcta b\u00fasqueda activa de empleo. Si ves que no es suficiente y tu bienestar empieza a peligrar entonces<strong> quiz\u00e1 es el momento de buscar <a href=\"https:\/\/ifeelonline.com\/como-funciona-terapia-online\/\" data-type=\"page\" data-id=\"5952\">ayuda especializada<\/a><\/strong>. <a href=\"https:\/\/ifeelonline.com\/conoce-a-nuestro-equipo-de-psicologos\/\">Los psic\u00f3logos<\/a> estamos preparados para acompa\u00f1arte en este proceso.&nbsp;<\/p>\n\n    <div class=\"xs_social_share_widget xs_share_url after_content \t\tmain_content  wslu-style-1 wslu-share-box-shaped wslu-fill-colored wslu-none wslu-share-horizontal wslu-theme-font-no wslu-main_content\">\n\n\t\t\n        <ul>\n\t\t\t        <\/ul>\n    <\/div> \n","protected":false},"excerpt":{"rendered":"<p>\u00bfAlguna vez has estado desempleado mucho tiempo y has sentido c\u00f3mo afecta el paro a la salud mental? Como no es lo mismo contarlo que vivirlo, quienes lo han vivido lo saben bien: paro y salud mental son dos aspectos de la vida que a veces cuesta mucho esfuerzo armonizar. \u00a0 Las personas que no [&hellip;]<\/p>\n","protected":false},"author":8,"featured_media":5200,"comment_status":"closed","ping_status":"open","sticky":false,"template":"","format":"standard","meta":{"content-type":"","postBodyCss":"","postBodyMargin":[],"postBodyPadding":[],"postBodyBackground":{"backgroundType":"classic","gradient":""},"footnotes":""},"categories":[311,473],"tags":[320],"class_list":["post-5199","post","type-post","status-publish","format-standard","has-post-thumbnail","hentry","category-salud-laboral","category-desarrollo-profesional","tag-duelo"],"_links":{"self":[{"href":"https:\/\/ifeelonline.com\/es\/wp-json\/wp\/v2\/posts\/5199","targetHints":{"allow":["GET"]}}],"collection":[{"href":"https:\/\/ifeelonline.com\/es\/wp-json\/wp\/v2\/posts"}],"about":[{"href":"https:\/\/ifeelonline.com\/es\/wp-json\/wp\/v2\/types\/post"}],"author":[{"embeddable":true,"href":"https:\/\/ifeelonline.com\/es\/wp-json\/wp\/v2\/users\/8"}],"replies":[{"embeddable":true,"href":"https:\/\/ifeelonline.com\/es\/wp-json\/wp\/v2\/comments?post=5199"}],"version-history":[{"count":0,"href":"https:\/\/ifeelonline.com\/es\/wp-json\/wp\/v2\/posts\/5199\/revisions"}],"wp:featuredmedia":[{"embeddable":true,"href":"https:\/\/ifeelonline.com\/es\/wp-json\/wp\/v2\/media\/5200"}],"wp:attachment":[{"href":"https:\/\/ifeelonline.com\/es\/wp-json\/wp\/v2\/media?parent=5199"}],"wp:term":[{"taxonomy":"category","embeddable":true,"href":"https:\/\/ifeelonline.com\/es\/wp-json\/wp\/v2\/categories?post=5199"},{"taxonomy":"post_tag","embeddable":true,"href":"https:\/\/ifeelonline.com\/es\/wp-json\/wp\/v2\/tags?post=5199"}],"curies":[{"name":"wp","href":"https:\/\/api.w.org\/{rel}","templated":true}]}}