{"id":5182,"date":"2021-03-03T12:52:23","date_gmt":"2021-03-03T11:52:23","guid":{"rendered":"https:\/\/ifeelonline.com\/?p=5182"},"modified":"2021-08-30T15:05:34","modified_gmt":"2021-08-30T14:05:34","slug":"muerte-repentina-mas-dificil-de-afrontar","status":"publish","type":"post","link":"https:\/\/ifeelonline.com\/es\/terapias-ifeel\/duelo\/muerte-repentina-mas-dificil-de-afrontar\/","title":{"rendered":"Afrontar una muerte repentina: \u00bfc\u00f3mo hacerlo?"},"content":{"rendered":"\n<p>Afrontar la muerte repentina de alguien a quien queremos<strong> nunca es f\u00e1cil ya que, por definici\u00f3n, esa muerte nunca llega en el momento adecuado<\/strong>. Una vez que sucede, comienza un proceso psicol\u00f3gico complejo y dif\u00edcil, pero completamente saludable, al que llamamos <strong>duelo<\/strong>.&nbsp;<\/p>\n\n\n\n<p>Cada duelo es \u00fanico y <strong>todos se ven condicionados por diferentes factores<\/strong>. El m\u00e1s importante de todos es la relaci\u00f3n que hab\u00eda con la persona que ha fallecido. Por otro lado, <strong>est\u00e1n las caracter\u00edsticas personales del doliente<\/strong>, tambi\u00e9n conocidas como \u201cintraps\u00edquicas\u201d, porque hablan de c\u00f3mo es a nivel psicol\u00f3gico la persona que se queda. Tambi\u00e9n son fundamentales <strong>las caracter\u00edsticas en las que se produce la muerte<\/strong> del ser querido.&nbsp;<\/p>\n\n\n\n<p>A veces las personas enferman y <strong>pasan d\u00edas, semanas o meses batallando con su salud<\/strong> hasta que finalmente fallecen. Son procesos muy dif\u00edciles, a veces incluso <strong>traum\u00e1ticos<\/strong>, para todos los implicados. No obstante, a menudo ofrecen la oportunidad de que <strong>la idea de la muerte pueda asimilarse de manera progresiva<\/strong>, aunque no por ello sea menos dolorosa.&nbsp;<\/p>\n\n\n\n<p>En otras ocasiones <strong>la muerte aparece de manera repentina<\/strong>: una enfermedad fulminante, un accidente, un asesinato, un atentado, un <a href=\"https:\/\/ifeelonline.com\/suicidio-el-tabu-dentro-del-tabu\/\">suicidio<\/a>\u2026 Entonces se produce <strong>un corte brusco y completamente inesperado <\/strong>no solo en nuestra vida cotidiana, sino en nuestro mundo ps\u00edquico, que es golpeado por un fuerte impacto del que hay que reponerse poco a poco.&nbsp;<\/p>\n\n\n\n<figure class=\"wp-block-image size-large\"><img loading=\"lazy\" decoding=\"async\" width=\"708\" height=\"380\" src=\"https:\/\/ifeelonline.com\/wp-content\/uploads\/2021\/03\/shane-IZxK19WTK1A-unsplash-1.jpg\" alt=\"afrontar una muerte repentina\" class=\"wp-image-5184\" srcset=\"https:\/\/ifeelonline.com\/es\/wp-content\/uploads\/2021\/03\/shane-IZxK19WTK1A-unsplash-1.jpg 708w, https:\/\/ifeelonline.com\/es\/wp-content\/uploads\/2021\/03\/shane-IZxK19WTK1A-unsplash-1-300x161.jpg 300w\" sizes=\"auto, (max-width: 708px) 100vw, 708px\" \/><\/figure>\n\n\n\n<p>Como dec\u00edamos, la muerte nunca es f\u00e1cil y no es posible determinar con car\u00e1cter general <strong>qu\u00e9 manera de morir provocar\u00e1 un duelo m\u00e1s \u201csencillo\u201d<\/strong> que otros. Es un asunto muy personal.<\/p>\n\n\n\n<p>Cuando pensamos en las personas a las que queremos, podemos decir: \u201cOjal\u00e1, cuando llegue el momento, sea <strong>algo tan r\u00e1pido que nos permita vivir con normalidad <\/strong>hasta el \u00faltimo momento\u201d. Tambi\u00e9n podr\u00edamos pensar: \u201cNo soportar\u00eda la idea de una muerte repentina de mis seres queridos: aunque la enfermedad es dolorosa, ojal\u00e1 cuando llegue el momento podamos ir <strong>haci\u00e9ndonos a la idea poco a poco <\/strong>y tengamos tiempo para arreglar nuestros asuntos y despedirnos\u201d.&nbsp;<\/p>\n\n\n\n<p>Es importante insistir en que <strong>nada es lo ideal para todo el mundo<\/strong>. Cuando la muerte se produce tras una convalecencia<a href=\"https:\/\/ifeelonline.com\/vivir-el-duelo-en-mitad-de-la-emergencia\/\"> <\/a>(ya sea corta o larga) pueden producirse situaciones tan dif\u00edciles de manejar para los dolientes que se conviertan en<strong> factores de riesgo para un duelo complicado<\/strong> y que no se habr\u00edan producido si la muerte hubiera aparecido de repente.&nbsp;<\/p>\n\n\n\n<p>Lo mismo ocurre <strong>cuando la p\u00e9rdida es repentina<\/strong>. \u00bfQu\u00e9 elementos debemos tener en cuenta en ese caso?<\/p>\n\n\n\n<h2 class=\"wp-block-heading\">Factores a tener en cuenta al afrontar una muerte repentina<\/h2>\n\n\n\n<p>Aunque no son elementos totalmente espec\u00edficos de las muertes repentinas, en esas situaciones se ven muy claramente. Examin\u00e9moslos con un poco m\u00e1s de detalle.<\/p>\n\n\n\n<h3 class=\"wp-block-heading\">1. La fuerza del impacto emocional&nbsp;<\/h3>\n\n\n\n<p>En primer lugar, el impacto psicol\u00f3gico, que puede <strong>generar una reacci\u00f3n de <em>shock<\/em> <\/strong>m\u00e1s o menos duradera. Las noticias muy impactantes, por ejemplo <strong>la muerte completamente inesperada de un ser querido<\/strong>, pueden dejarnos en un estado de entumecimiento o frialdad que nos impide analizar con claridad <strong>el verdadero significado de lo que ha ocurrido<\/strong> y conectar con nuestras emociones. Es una reacci\u00f3n normal para <strong>adaptarnos a la situaci\u00f3n<\/strong> y suele disolverse por s\u00ed sola de manera progresiva.&nbsp;<\/p>\n\n\n\n<h3 class=\"wp-block-heading\">2. Imposibilidad para la despedida<\/h3>\n\n\n\n<p>Contar con<strong> tiempo suficiente para \u201ccerrar\u201d una relaci\u00f3n<\/strong>, por ejemplo durante una enfermedad, no garantiza que las personas lo utilicen. Sin embargo, la muerte repentina de un ser querido imposibilita por definici\u00f3n el <strong>poder comunicarnos por \u00faltima vez de manera consciente con la persona a la que queremos<\/strong> y despedirnos de ella. Es uno de los ejemplos m\u00e1s habituales de <strong>\u201casuntos inconclusos\u201d<\/strong> que la persona tendr\u00e1 que abordar durante su proceso de duelo.&nbsp;<\/p>\n\n\n\n<h3 class=\"wp-block-heading\">3. Interrupci\u00f3n brusca de la relaci\u00f3n<\/h3>\n\n\n\n<p>Especialmente con aquellas personas a las que m\u00e1s queremos, que forman parte de manera m\u00e1s habitual de nuestro c\u00edrculo y con quienes compartimos proyectos, <strong>afrontar la muerte repentina implica afrontar un corte totalmente dr\u00e1stico en todos estos aspectos de la relaci\u00f3n<\/strong>. Adem\u00e1s de ser impactante y doloroso, eso da lugar a diversos \u201casuntos inconclusos\u201d como los que hemos mencionado en el apartado anterior, entre otras<strong> tareas psicol\u00f3gicas<\/strong> que habr\u00e1 que abordar durante el proceso de duelo.&nbsp;<\/p>\n\n\n\n<h3 class=\"wp-block-heading\">4. Preocupaci\u00f3n por las circunstancias de la muerte<\/h3>\n\n\n\n<p>En caso de que el fallecimiento no sea estrictamente fulminante, sino que tarda unos minutos u horas en producirse, pueden despertarse <strong>preocupaciones sobre si la persona sufri\u00f3 mucho, si estaba sola, si se la pudo haber ayudado\u2026<\/strong> Esta preocupaci\u00f3n puede llegar a ser muy angustiosa y no siempre hay respuestas fehacientes que puedan contrarrestarla. Por eso puede ser <strong>un factor a tener en cuenta<\/strong> para que el duelo no se complique.&nbsp;<\/p>\n\n\n\n<figure class=\"wp-block-image size-large\"><img loading=\"lazy\" decoding=\"async\" width=\"708\" height=\"380\" src=\"https:\/\/ifeelonline.com\/wp-content\/uploads\/2021\/03\/mitchell-hollander-_zBxc8T-Y1Y-unsplash-1.jpg\" alt=\"afrontar una muerte repentina\" class=\"wp-image-5185\" srcset=\"https:\/\/ifeelonline.com\/es\/wp-content\/uploads\/2021\/03\/mitchell-hollander-_zBxc8T-Y1Y-unsplash-1.jpg 708w, https:\/\/ifeelonline.com\/es\/wp-content\/uploads\/2021\/03\/mitchell-hollander-_zBxc8T-Y1Y-unsplash-1-300x161.jpg 300w\" sizes=\"auto, (max-width: 708px) 100vw, 708px\" \/><\/figure>\n\n\n\n<h3 class=\"wp-block-heading\">La importancia de recibir ayuda especializada<\/h3>\n\n\n\n<p>Estas son solo algunas de las peculiaridades a las que hay que prestar atenci\u00f3n <strong>cuando hay que afrontar una muerte repentina de alguien a quien queremos<\/strong>. No obstante, como en cualquier proceso de duelo, existen m\u00e1s aspectos a tener en cuenta e ir\u00e1n apareciendo a lo largo del tiempo.&nbsp;<\/p>\n\n\n\n<p>Puede que actualmente est\u00e9s atravesando <strong>un proceso de duelo relativo a una p\u00e9rdida significativa<\/strong>. En ese caso, es importante que sepas que se trata de una reacci\u00f3n natural de tu organismo y que<strong> no es algo que est\u00e9s haciendo bien o mal<\/strong>: no es algo en lo que tengas que acertar o equivocarte.&nbsp;<\/p>\n\n\n\n<p>No obstante, si sientes que el proceso se est\u00e1 poniendo m\u00e1s cuesta arriba de lo que puedes tolerar, no lo vivas en soledad: existen psic\u00f3logos especializados<strong> que pueden acompa\u00f1arte y orientarte en este camino<\/strong>, al menos a trav\u00e9s de <a href=\"https:\/\/ifeelonline.com\/recomendaciones-basicas-para-atender-a-personas-en-duelo\/\">unas recomendaciones b\u00e1sicas<\/a>. Conf\u00eda en ti y perm\u00edtete tirar de los recursos que necesites, incluyendo la terapia psicol\u00f3gica. Estamos aqu\u00ed para ayudarte.&nbsp;<\/p>\n\n    <div class=\"xs_social_share_widget xs_share_url after_content \t\tmain_content  wslu-style-1 wslu-share-box-shaped wslu-fill-colored wslu-none wslu-share-horizontal wslu-theme-font-no wslu-main_content\">\n\n\t\t\n        <ul>\n\t\t\t        <\/ul>\n    <\/div> \n","protected":false},"excerpt":{"rendered":"<p>afrontar una muerte repentina<\/p>\n","protected":false},"author":8,"featured_media":5183,"comment_status":"closed","ping_status":"open","sticky":false,"template":"","format":"standard","meta":{"content-type":"","postBodyCss":"","postBodyMargin":[],"postBodyPadding":[],"postBodyBackground":{"backgroundType":"classic","gradient":""},"footnotes":""},"categories":[372],"tags":[320],"class_list":["post-5182","post","type-post","status-publish","format-standard","has-post-thumbnail","hentry","category-duelo","tag-duelo"],"_links":{"self":[{"href":"https:\/\/ifeelonline.com\/es\/wp-json\/wp\/v2\/posts\/5182","targetHints":{"allow":["GET"]}}],"collection":[{"href":"https:\/\/ifeelonline.com\/es\/wp-json\/wp\/v2\/posts"}],"about":[{"href":"https:\/\/ifeelonline.com\/es\/wp-json\/wp\/v2\/types\/post"}],"author":[{"embeddable":true,"href":"https:\/\/ifeelonline.com\/es\/wp-json\/wp\/v2\/users\/8"}],"replies":[{"embeddable":true,"href":"https:\/\/ifeelonline.com\/es\/wp-json\/wp\/v2\/comments?post=5182"}],"version-history":[{"count":0,"href":"https:\/\/ifeelonline.com\/es\/wp-json\/wp\/v2\/posts\/5182\/revisions"}],"wp:featuredmedia":[{"embeddable":true,"href":"https:\/\/ifeelonline.com\/es\/wp-json\/wp\/v2\/media\/5183"}],"wp:attachment":[{"href":"https:\/\/ifeelonline.com\/es\/wp-json\/wp\/v2\/media?parent=5182"}],"wp:term":[{"taxonomy":"category","embeddable":true,"href":"https:\/\/ifeelonline.com\/es\/wp-json\/wp\/v2\/categories?post=5182"},{"taxonomy":"post_tag","embeddable":true,"href":"https:\/\/ifeelonline.com\/es\/wp-json\/wp\/v2\/tags?post=5182"}],"curies":[{"name":"wp","href":"https:\/\/api.w.org\/{rel}","templated":true}]}}